{"id":37885,"date":"2026-04-27T15:33:03","date_gmt":"2026-04-27T18:33:03","guid":{"rendered":"https:\/\/crusoe.audiencelabs.com.br\/?p=37885"},"modified":"2026-04-27T12:58:26","modified_gmt":"2026-04-27T15:58:26","slug":"descoberta-em-mar-da-europa-ressignifica-muito-do-que-se-conhecia-da-engenharia-na-pre-historia","status":"publish","type":"post","link":"https:\/\/crusoe.audiencelabs.com.br\/descoberta-em-mar-da-europa-ressignifica-muito-do-que-se-conhecia-da-engenharia-na-pre-historia\/","title":{"rendered":"Descoberta em mar da Europa ressignifica muito do que se conhecia da engenharia na pr\u00e9-hist\u00f3ria"},"content":{"rendered":"<p>Arque\u00f3logos descobriram uma fileira de pedras no <strong>Mar B\u00e1ltico<\/strong> que est\u00e1 mudando o que se sabia sobre a capacidade de organiza\u00e7\u00e3o de grupos humanos da <strong>Idade da Pedra<\/strong>. A estrutura, chamada de <strong>Blinkerwall<\/strong>, fica na Ba\u00eda de Mecklenburg, pr\u00f3xima \u00e0 cidade alem\u00e3 de Rerik, e tem cerca de 970 metros de extens\u00e3o com aproximadamente 1.500 pedras.<\/p>\n<p>Pesquisadores da Universidade de Kiel identificaram a forma\u00e7\u00e3o e publicaram os resultados na revista cient\u00edfica <em>Proceedings of the National Academy of Sciences<\/em> (PNAS). Para a equipe, o padr\u00e3o de alinhamento dos blocos n\u00e3o corresponde a nenhuma forma\u00e7\u00e3o natural conhecida naquela regi\u00e3o do fundo do mar.<\/p>\n<h2>Como foi descoberta<\/h2>\n<p class=\"font-claude-response-body break-words whitespace-normal leading-[1.7]\">A descoberta aconteceu no outono de 2021, durante uma expedi\u00e7\u00e3o de pesquisadores e estudantes. O grupo investigava crostas de mangan\u00eas quando o sonar registrou uma sequ\u00eancia linear de pedras no fundo do mar, a cerca de 10 quil\u00f4metros de Rerik, no estado de Mecklemburgo-Pomer\u00e2nia Ocidental.<\/p>\n<p class=\"font-claude-response-body break-words whitespace-normal leading-[1.7]\">Depois do primeiro registro, novas an\u00e1lises foram feitas com ve\u00edculos subaqu\u00e1ticos. Os dados mostraram que pedras menores conectam blocos maiores ao longo de quase toda a extens\u00e3o da estrutura, o que indica uma combina\u00e7\u00e3o de elementos naturais e posicionamento intencional.<\/p>\n<h2>Muralha para ca\u00e7ar renas<\/h2>\n<p class=\"font-claude-response-body break-words whitespace-normal leading-[1.7]\">A principal hip\u00f3tese dos pesquisadores \u00e9 que o Blinkerwall funcionava como uma estrutura de ca\u00e7a. Quando foi constru\u00edda, h\u00e1 cerca de 11 mil anos, aquela \u00e1rea ainda n\u00e3o estava submersa. Era uma paisagem terrestre com margens de lagos e corredores usados por animais como as renas<\/p>\n<p class=\"font-claude-response-body break-words whitespace-normal leading-[1.7]\">De acordo com historiadores, as renas eram fundamentais para a subsist\u00eancia dos grupos que ocupavam o norte da Europa ap\u00f3s a \u00faltima glacia\u00e7\u00e3o. Os animais eram ca\u00e7ados pela sua carne e tamb\u00e9m pelo couro, que eram usados para a cria\u00e7\u00e3o de trajes e cabanas aquecidas.<\/p>\n<p class=\"font-claude-response-body break-words whitespace-normal leading-[1.7]\">Segundo a Universidade de Kiel, a fileira de pedras teria conduzido manadas de renas para pontos de passagem mais estreitos, tornando os animais mais vulner\u00e1veis durante deslocamentos. O alinhamento fica pr\u00f3ximo \u00e0 margem de um antigo lago ou \u00e1rea alagada hoje soterrada.<\/p>\n<p class=\"font-claude-response-body break-words whitespace-normal leading-[1.7]\">Os pesquisadores tamb\u00e9m comparam o caso com estruturas semelhantes j\u00e1 documentadas em outros contextos. No Lago Huron, na Am\u00e9rica do Norte, forma\u00e7\u00f5es submersas de pedra foram associadas \u00e0 captura de caribus, animais pr\u00f3ximos das renas.<\/p>\n<p class=\"font-claude-response-body break-words whitespace-normal leading-[1.7]\">J\u00e1 ao explicar por que a muralha estava submersa, especialistas teorizam que mudan\u00e7as ambientais ocorreram ap\u00f3s o fim da \u00faltima Era Glacial. Com o aquecimento do clima e o derretimento das geleiras, o n\u00edvel do mar subiu gradualmente e cobriu trechos da antiga paisagem costeira.<\/p>\n<p class=\"font-claude-response-body break-words whitespace-normal leading-[1.7]\">O estudo aponta que a estrutura \u00e9 anterior ao avan\u00e7o das \u00e1guas sobre aquela \u00e1rea e pode ter sido constru\u00edda num intervalo associado ao fim do <strong>Pleistoceno<\/strong> e ao in\u00edcio do <strong>Holoceno<\/strong>.<\/p>\n<p class=\"font-claude-response-body break-words whitespace-normal leading-[1.7]\">Outro fator que ajuda a situar o achado nesse per\u00edodo \u00e9 a pr\u00f3pria presen\u00e7a das renas. Esses animais deixaram a regi\u00e3o quando o clima ficou mais quente e as florestas se expandiram, o que indica que a muralha foi usada antes dessa mudan\u00e7a.<\/p>\n<h2>O que isso diz sobre a pr\u00e9-hist\u00f3ria?<\/h2>\n<p class=\"font-claude-response-body break-words whitespace-normal leading-[1.7]\">Para os autores do estudo, o Blinkerwall demonstra que grupos ca\u00e7adores-coletores eram capazes de modificar a paisagem de forma planejada, mostrando um alto n\u00edvel de intelig\u00eancia primitiva. Construir uma linha de pedras desse tamanho exigia observa\u00e7\u00e3o do terreno, conhecimento do comportamento animal e engenharia primitiva.<\/p>\n<p class=\"font-claude-response-body break-words whitespace-normal leading-[1.7]\">A Universidade de Kiel classifica o achado como uma das maiores estruturas conhecidas da Idade da Pedra na Europa e uma das evid\u00eancias mais antigas de arquitetura de ca\u00e7a associada a grupos humanos no continente.<\/p>\n<p class=\"font-claude-response-body break-words whitespace-normal leading-[1.7]\">A descoberta \u00e9 relevante porque boa parte das grandes obras pr\u00e9-hist\u00f3ricas conhecidas costuma ser associada a sociedades sedent\u00e1rias. No caso do Blinkerwall, a interpreta\u00e7\u00e3o dos pesquisadores aponta para uma infraestrutura ligada \u00e0 mobilidade, \u00e0 ca\u00e7a e ao uso sazonal da paisagem.<\/p>\n","protected":false},"excerpt":{"rendered":"<p>Arque\u00f3logos descobriram uma fileira de pedras no Mar B\u00e1ltico que est\u00e1 mudando o que se sabia sobre a capacidade de organiza\u00e7\u00e3o de grupos humanos da Idade da Pedra. A estrutura, chamada de Blinkerwall, fica na Ba\u00eda de Mecklenburg, pr\u00f3xima \u00e0 cidade alem\u00e3 de Rerik, e tem cerca de 970 metros de extens\u00e3o com aproximadamente 1.500 [&hellip;]<\/p>\n","protected":false},"author":15,"featured_media":37889,"comment_status":"open","ping_status":"open","sticky":false,"template":"","format":"standard","meta":{"jnews-multi-image_gallery":[],"jnews_single_post":{"format":"standard","jnews_video_option_group":[[]],"override":[{"template":"2","parallax":"1","fullscreen":"1","layout":"right-sidebar","sidebar":"default-sidebar","second_sidebar":"default-sidebar","sticky_sidebar":"1","share_position":"hide","share_float_style":"share-monocrhome","show_featured":"1","show_post_meta":"1","show_post_author":"1","show_post_date":"1","post_date_format":"default","post_date_format_custom":"Y\/m\/d","show_post_category":"1","show_post_reading_time":"0","post_reading_time_wpm":"300","post_calculate_word_method":"str_word_count","show_zoom_button":"0","zoom_button_out_step":"2","zoom_button_in_step":"3","show_post_tag":"1","show_popup_post":"1","number_popup_post":"1","show_author_box":"1","show_post_related":"0"}],"image_override":[{"single_post_thumbnail_size":"crop-500","single_post_gallery_size":"crop-500"}],"trending_post_position":"meta","trending_post_label":"Trending","sponsored_post_label":"Sponsored by","disable_ad":"0","subtitle":"Para os pesquisadores, Blinkerwall representa um dos registros mais relevantes da ingenuidade humana na pr\u00e9-hist\u00f3ria"},"jnews_primary_category":[],"jnews_override_counter":{"view_counter_number":"0","share_counter_number":"0","like_counter_number":"0","dislike_counter_number":"0"},"jnews_post_split":{"post_split":[{"template":"1","tag":"h2","numbering":"asc","mode":"normal","first":"0","enable_toc":"0","toc_type":"normal"}]},"footnotes":""},"categories":[1],"tags":[361,7723,205,7721,7719,7722,7720,6820],"class_list":["post-37885","post","type-post","status-publish","format-standard","has-post-thumbnail","hentry","category-geral","tag-arqueologia","tag-blinkerwall","tag-europa","tag-holoceno","tag-idade-da-pedra","tag-mar-baltico","tag-pleistoceno","tag-pre-historia"],"yoast_head":"<!-- This site is optimized with the Yoast SEO plugin v25.0 - https:\/\/yoast.com\/wordpress\/plugins\/seo\/ -->\n<title>Descoberta em mar da Europa ressignifica muito do que se conhecia da engenharia na pr\u00e9-hist\u00f3ria<\/title>\n<meta name=\"robots\" content=\"index, follow, max-snippet:-1, max-image-preview:large, max-video-preview:-1\" \/>\n<link rel=\"canonical\" href=\"https:\/\/crusoe.audiencelabs.com.br\/descoberta-em-mar-da-europa-ressignifica-muito-do-que-se-conhecia-da-engenharia-na-pre-historia\/\" \/>\n<meta property=\"og:locale\" content=\"pt_BR\" \/>\n<meta property=\"og:type\" content=\"article\" \/>\n<meta property=\"og:title\" content=\"Descoberta em mar da Europa ressignifica muito do que se conhecia da engenharia na pr\u00e9-hist\u00f3ria\" \/>\n<meta property=\"og:description\" content=\"Arque\u00f3logos descobriram uma fileira de pedras no Mar B\u00e1ltico que est\u00e1 mudando o que se sabia sobre a capacidade de organiza\u00e7\u00e3o de grupos humanos da Idade da Pedra. A estrutura, chamada de Blinkerwall, fica na Ba\u00eda de Mecklenburg, pr\u00f3xima \u00e0 cidade alem\u00e3 de Rerik, e tem cerca de 970 metros de extens\u00e3o com aproximadamente 1.500 [&hellip;]\" \/>\n<meta property=\"og:url\" content=\"https:\/\/crusoe.audiencelabs.com.br\/descoberta-em-mar-da-europa-ressignifica-muito-do-que-se-conhecia-da-engenharia-na-pre-historia\/\" \/>\n<meta property=\"og:site_name\" content=\"Variedades - Cruso\u00e9\" \/>\n<meta property=\"article:published_time\" content=\"2026-04-27T18:33:03+00:00\" \/>\n<meta property=\"og:image\" content=\"https:\/\/cdn.crusoe.com.br\/uploads\/2026\/04\/1096px-Karte_Mecklenburger_Bucht-700x460-1.jpg\" \/>\n\t<meta property=\"og:image:width\" content=\"700\" \/>\n\t<meta property=\"og:image:height\" content=\"460\" \/>\n\t<meta property=\"og:image:type\" content=\"image\/jpeg\" \/>\n<meta name=\"author\" content=\"J\u00falio Nesi\" \/>\n<meta name=\"twitter:card\" content=\"summary_large_image\" \/>\n<meta name=\"twitter:label1\" content=\"Escrito por\" \/>\n\t<meta name=\"twitter:data1\" content=\"J\u00falio Nesi\" \/>\n\t<meta name=\"twitter:label2\" content=\"Est. tempo de leitura\" \/>\n\t<meta name=\"twitter:data2\" content=\"4 minutos\" \/>\n<script type=\"application\/ld+json\" class=\"yoast-schema-graph\">{\"@context\":\"https:\/\/schema.org\",\"@graph\":[{\"@type\":\"WebPage\",\"@id\":\"https:\/\/crusoe.audiencelabs.com.br\/descoberta-em-mar-da-europa-ressignifica-muito-do-que-se-conhecia-da-engenharia-na-pre-historia\/\",\"url\":\"https:\/\/crusoe.audiencelabs.com.br\/descoberta-em-mar-da-europa-ressignifica-muito-do-que-se-conhecia-da-engenharia-na-pre-historia\/\",\"name\":\"Descoberta em mar da Europa ressignifica muito do que se conhecia da engenharia na pr\u00e9-hist\u00f3ria\",\"isPartOf\":{\"@id\":\"https:\/\/crusoe.audiencelabs.com.br\/#website\"},\"primaryImageOfPage\":{\"@id\":\"https:\/\/crusoe.audiencelabs.com.br\/descoberta-em-mar-da-europa-ressignifica-muito-do-que-se-conhecia-da-engenharia-na-pre-historia\/#primaryimage\"},\"image\":{\"@id\":\"https:\/\/crusoe.audiencelabs.com.br\/descoberta-em-mar-da-europa-ressignifica-muito-do-que-se-conhecia-da-engenharia-na-pre-historia\/#primaryimage\"},\"thumbnailUrl\":\"https:\/\/cdn.crusoe.com.br\/uploads\/2026\/04\/1096px-Karte_Mecklenburger_Bucht-700x460-1.jpg\",\"datePublished\":\"2026-04-27T18:33:03+00:00\",\"author\":{\"@id\":\"https:\/\/crusoe.audiencelabs.com.br\/#\/schema\/person\/0cca5874eda7d72cef71e77a9a9c2143\"},\"breadcrumb\":{\"@id\":\"https:\/\/crusoe.audiencelabs.com.br\/descoberta-em-mar-da-europa-ressignifica-muito-do-que-se-conhecia-da-engenharia-na-pre-historia\/#breadcrumb\"},\"inLanguage\":\"pt-BR\",\"potentialAction\":[{\"@type\":\"ReadAction\",\"target\":[\"https:\/\/crusoe.audiencelabs.com.br\/descoberta-em-mar-da-europa-ressignifica-muito-do-que-se-conhecia-da-engenharia-na-pre-historia\/\"]}]},{\"@type\":\"ImageObject\",\"inLanguage\":\"pt-BR\",\"@id\":\"https:\/\/crusoe.audiencelabs.com.br\/descoberta-em-mar-da-europa-ressignifica-muito-do-que-se-conhecia-da-engenharia-na-pre-historia\/#primaryimage\",\"url\":\"https:\/\/cdn.crusoe.com.br\/uploads\/2026\/04\/1096px-Karte_Mecklenburger_Bucht-700x460-1.jpg\",\"contentUrl\":\"https:\/\/cdn.crusoe.com.br\/uploads\/2026\/04\/1096px-Karte_Mecklenburger_Bucht-700x460-1.jpg\",\"width\":700,\"height\":460},{\"@type\":\"BreadcrumbList\",\"@id\":\"https:\/\/crusoe.audiencelabs.com.br\/descoberta-em-mar-da-europa-ressignifica-muito-do-que-se-conhecia-da-engenharia-na-pre-historia\/#breadcrumb\",\"itemListElement\":[{\"@type\":\"ListItem\",\"position\":1,\"name\":\"Home\",\"item\":\"https:\/\/crusoe.audiencelabs.com.br\/\"},{\"@type\":\"ListItem\",\"position\":2,\"name\":\"Descoberta em mar da Europa ressignifica muito do que se conhecia da engenharia na pr\u00e9-hist\u00f3ria\"}]},{\"@type\":\"WebSite\",\"@id\":\"https:\/\/crusoe.audiencelabs.com.br\/#website\",\"url\":\"https:\/\/crusoe.audiencelabs.com.br\/\",\"name\":\"Variedades - Cruso\u00e9\",\"description\":\"\",\"potentialAction\":[{\"@type\":\"SearchAction\",\"target\":{\"@type\":\"EntryPoint\",\"urlTemplate\":\"https:\/\/crusoe.audiencelabs.com.br\/?s={search_term_string}\"},\"query-input\":{\"@type\":\"PropertyValueSpecification\",\"valueRequired\":true,\"valueName\":\"search_term_string\"}}],\"inLanguage\":\"pt-BR\"},{\"@type\":\"Person\",\"@id\":\"https:\/\/crusoe.audiencelabs.com.br\/#\/schema\/person\/0cca5874eda7d72cef71e77a9a9c2143\",\"name\":\"J\u00falio Nesi\",\"image\":{\"@type\":\"ImageObject\",\"inLanguage\":\"pt-BR\",\"@id\":\"https:\/\/crusoe.audiencelabs.com.br\/#\/schema\/person\/image\/\",\"url\":\"https:\/\/secure.gravatar.com\/avatar\/c22eb47c3e2320e71637346b980e09f63de9f75742d3335f94a26b83dff70473?s=96&d=mm&r=g\",\"contentUrl\":\"https:\/\/secure.gravatar.com\/avatar\/c22eb47c3e2320e71637346b980e09f63de9f75742d3335f94a26b83dff70473?s=96&d=mm&r=g\",\"caption\":\"J\u00falio Nesi\"},\"description\":\"Jornalista alagoano formado pela UFAL, j\u00e1 atuei em produ\u00e7\u00e3o de conte\u00fado digital para portais, r\u00e1dio e redes sociais.\",\"sameAs\":[\"www.linkedin.com\/in\/j\u00falio-nesi\"],\"url\":\"https:\/\/crusoe.audiencelabs.com.br\/author\/julionesi\/\"}]}<\/script>\n<!-- \/ Yoast SEO plugin. -->","yoast_head_json":{"title":"Descoberta em mar da Europa ressignifica muito do que se conhecia da engenharia na pr\u00e9-hist\u00f3ria","robots":{"index":"index","follow":"follow","max-snippet":"max-snippet:-1","max-image-preview":"max-image-preview:large","max-video-preview":"max-video-preview:-1"},"canonical":"https:\/\/crusoe.audiencelabs.com.br\/descoberta-em-mar-da-europa-ressignifica-muito-do-que-se-conhecia-da-engenharia-na-pre-historia\/","og_locale":"pt_BR","og_type":"article","og_title":"Descoberta em mar da Europa ressignifica muito do que se conhecia da engenharia na pr\u00e9-hist\u00f3ria","og_description":"Arque\u00f3logos descobriram uma fileira de pedras no Mar B\u00e1ltico que est\u00e1 mudando o que se sabia sobre a capacidade de organiza\u00e7\u00e3o de grupos humanos da Idade da Pedra. A estrutura, chamada de Blinkerwall, fica na Ba\u00eda de Mecklenburg, pr\u00f3xima \u00e0 cidade alem\u00e3 de Rerik, e tem cerca de 970 metros de extens\u00e3o com aproximadamente 1.500 [&hellip;]","og_url":"https:\/\/crusoe.audiencelabs.com.br\/descoberta-em-mar-da-europa-ressignifica-muito-do-que-se-conhecia-da-engenharia-na-pre-historia\/","og_site_name":"Variedades - Cruso\u00e9","article_published_time":"2026-04-27T18:33:03+00:00","og_image":[{"width":700,"height":460,"url":"https:\/\/cdn.crusoe.com.br\/uploads\/2026\/04\/1096px-Karte_Mecklenburger_Bucht-700x460-1.jpg","type":"image\/jpeg"}],"author":"J\u00falio Nesi","twitter_card":"summary_large_image","twitter_misc":{"Escrito por":"J\u00falio Nesi","Est. tempo de leitura":"4 minutos"},"schema":{"@context":"https:\/\/schema.org","@graph":[{"@type":"WebPage","@id":"https:\/\/crusoe.audiencelabs.com.br\/descoberta-em-mar-da-europa-ressignifica-muito-do-que-se-conhecia-da-engenharia-na-pre-historia\/","url":"https:\/\/crusoe.audiencelabs.com.br\/descoberta-em-mar-da-europa-ressignifica-muito-do-que-se-conhecia-da-engenharia-na-pre-historia\/","name":"Descoberta em mar da Europa ressignifica muito do que se conhecia da engenharia na pr\u00e9-hist\u00f3ria","isPartOf":{"@id":"https:\/\/crusoe.audiencelabs.com.br\/#website"},"primaryImageOfPage":{"@id":"https:\/\/crusoe.audiencelabs.com.br\/descoberta-em-mar-da-europa-ressignifica-muito-do-que-se-conhecia-da-engenharia-na-pre-historia\/#primaryimage"},"image":{"@id":"https:\/\/crusoe.audiencelabs.com.br\/descoberta-em-mar-da-europa-ressignifica-muito-do-que-se-conhecia-da-engenharia-na-pre-historia\/#primaryimage"},"thumbnailUrl":"https:\/\/cdn.crusoe.com.br\/uploads\/2026\/04\/1096px-Karte_Mecklenburger_Bucht-700x460-1.jpg","datePublished":"2026-04-27T18:33:03+00:00","author":{"@id":"https:\/\/crusoe.audiencelabs.com.br\/#\/schema\/person\/0cca5874eda7d72cef71e77a9a9c2143"},"breadcrumb":{"@id":"https:\/\/crusoe.audiencelabs.com.br\/descoberta-em-mar-da-europa-ressignifica-muito-do-que-se-conhecia-da-engenharia-na-pre-historia\/#breadcrumb"},"inLanguage":"pt-BR","potentialAction":[{"@type":"ReadAction","target":["https:\/\/crusoe.audiencelabs.com.br\/descoberta-em-mar-da-europa-ressignifica-muito-do-que-se-conhecia-da-engenharia-na-pre-historia\/"]}]},{"@type":"ImageObject","inLanguage":"pt-BR","@id":"https:\/\/crusoe.audiencelabs.com.br\/descoberta-em-mar-da-europa-ressignifica-muito-do-que-se-conhecia-da-engenharia-na-pre-historia\/#primaryimage","url":"https:\/\/cdn.crusoe.com.br\/uploads\/2026\/04\/1096px-Karte_Mecklenburger_Bucht-700x460-1.jpg","contentUrl":"https:\/\/cdn.crusoe.com.br\/uploads\/2026\/04\/1096px-Karte_Mecklenburger_Bucht-700x460-1.jpg","width":700,"height":460},{"@type":"BreadcrumbList","@id":"https:\/\/crusoe.audiencelabs.com.br\/descoberta-em-mar-da-europa-ressignifica-muito-do-que-se-conhecia-da-engenharia-na-pre-historia\/#breadcrumb","itemListElement":[{"@type":"ListItem","position":1,"name":"Home","item":"https:\/\/crusoe.audiencelabs.com.br\/"},{"@type":"ListItem","position":2,"name":"Descoberta em mar da Europa ressignifica muito do que se conhecia da engenharia na pr\u00e9-hist\u00f3ria"}]},{"@type":"WebSite","@id":"https:\/\/crusoe.audiencelabs.com.br\/#website","url":"https:\/\/crusoe.audiencelabs.com.br\/","name":"Variedades - Cruso\u00e9","description":"","potentialAction":[{"@type":"SearchAction","target":{"@type":"EntryPoint","urlTemplate":"https:\/\/crusoe.audiencelabs.com.br\/?s={search_term_string}"},"query-input":{"@type":"PropertyValueSpecification","valueRequired":true,"valueName":"search_term_string"}}],"inLanguage":"pt-BR"},{"@type":"Person","@id":"https:\/\/crusoe.audiencelabs.com.br\/#\/schema\/person\/0cca5874eda7d72cef71e77a9a9c2143","name":"J\u00falio Nesi","image":{"@type":"ImageObject","inLanguage":"pt-BR","@id":"https:\/\/crusoe.audiencelabs.com.br\/#\/schema\/person\/image\/","url":"https:\/\/secure.gravatar.com\/avatar\/c22eb47c3e2320e71637346b980e09f63de9f75742d3335f94a26b83dff70473?s=96&d=mm&r=g","contentUrl":"https:\/\/secure.gravatar.com\/avatar\/c22eb47c3e2320e71637346b980e09f63de9f75742d3335f94a26b83dff70473?s=96&d=mm&r=g","caption":"J\u00falio Nesi"},"description":"Jornalista alagoano formado pela UFAL, j\u00e1 atuei em produ\u00e7\u00e3o de conte\u00fado digital para portais, r\u00e1dio e redes sociais.","sameAs":["www.linkedin.com\/in\/j\u00falio-nesi"],"url":"https:\/\/crusoe.audiencelabs.com.br\/author\/julionesi\/"}]}},"_links":{"self":[{"href":"https:\/\/crusoe.audiencelabs.com.br\/wp-json\/wp\/v2\/posts\/37885","targetHints":{"allow":["GET"]}}],"collection":[{"href":"https:\/\/crusoe.audiencelabs.com.br\/wp-json\/wp\/v2\/posts"}],"about":[{"href":"https:\/\/crusoe.audiencelabs.com.br\/wp-json\/wp\/v2\/types\/post"}],"author":[{"embeddable":true,"href":"https:\/\/crusoe.audiencelabs.com.br\/wp-json\/wp\/v2\/users\/15"}],"replies":[{"embeddable":true,"href":"https:\/\/crusoe.audiencelabs.com.br\/wp-json\/wp\/v2\/comments?post=37885"}],"version-history":[{"count":1,"href":"https:\/\/crusoe.audiencelabs.com.br\/wp-json\/wp\/v2\/posts\/37885\/revisions"}],"predecessor-version":[{"id":37890,"href":"https:\/\/crusoe.audiencelabs.com.br\/wp-json\/wp\/v2\/posts\/37885\/revisions\/37890"}],"wp:featuredmedia":[{"embeddable":true,"href":"https:\/\/crusoe.audiencelabs.com.br\/wp-json\/wp\/v2\/media\/37889"}],"wp:attachment":[{"href":"https:\/\/crusoe.audiencelabs.com.br\/wp-json\/wp\/v2\/media?parent=37885"}],"wp:term":[{"taxonomy":"category","embeddable":true,"href":"https:\/\/crusoe.audiencelabs.com.br\/wp-json\/wp\/v2\/categories?post=37885"},{"taxonomy":"post_tag","embeddable":true,"href":"https:\/\/crusoe.audiencelabs.com.br\/wp-json\/wp\/v2\/tags?post=37885"}],"curies":[{"name":"wp","href":"https:\/\/api.w.org\/{rel}","templated":true}]}}