{"id":37881,"date":"2026-05-01T09:32:24","date_gmt":"2026-05-01T12:32:24","guid":{"rendered":"https:\/\/crusoe.audiencelabs.com.br\/?p=37881"},"modified":"2026-04-27T11:24:25","modified_gmt":"2026-04-27T14:24:25","slug":"restricoes-para-brasileiros-na-europa-saiba-as-novas-regras-de-visto-que-comecam-a-vigorar-em-julho","status":"publish","type":"post","link":"https:\/\/crusoe.audiencelabs.com.br\/restricoes-para-brasileiros-na-europa-saiba-as-novas-regras-de-visto-que-comecam-a-vigorar-em-julho\/","title":{"rendered":"Restri\u00e7\u00f5es para brasileiros na Europa: saiba as novas regras de visto que come\u00e7am a vigorar em julho"},"content":{"rendered":"<p><span style=\"font-weight: 400\">Brasileiros que pretendem viajar para a Europa precisar\u00e3o cumprir novas regras a partir de <\/span><b>julho de 2026<\/b><span style=\"font-weight: 400\">. A principal mudan\u00e7a \u00e9 a implementa\u00e7\u00e3o do <\/span><b>ETIAS (Sistema Europeu de Informa\u00e7\u00e3o e Autoriza\u00e7\u00e3o de Viagem)<\/b><span style=\"font-weight: 400\">.<\/span><\/p>\n<p><span style=\"font-weight: 400\">O sistema exigir\u00e1 uma autoriza\u00e7\u00e3o pr\u00e9via para entrada em pa\u00edses do <\/span><b>Espa\u00e7o Schengen<\/b><span style=\"font-weight: 400\">, mesmo em viagens de turismo de at\u00e9 90 dias.<\/span><\/p>\n<p><span style=\"font-weight: 400\">Na pr\u00e1tica, o modelo funciona como um cadastro eletr\u00f4nico. Antes de embarcar, o viajante dever\u00e1 preencher dados pessoais, informar o motivo da viagem e pagar uma taxa.<\/span><\/p>\n<p><b>Quais pa\u00edses adotam as novas regras<\/b><\/p>\n<p><span style=\"font-weight: 400\">O ETIAS ser\u00e1 aplicado em diversos pa\u00edses europeus. Entre eles:<\/span><\/p>\n<ul>\n<li style=\"font-weight: 400\"><span style=\"font-weight: 400\">Portugal<\/span><\/li>\n<li style=\"font-weight: 400\"><span style=\"font-weight: 400\">Espanha<\/span><\/li>\n<li style=\"font-weight: 400\"><span style=\"font-weight: 400\">Fran\u00e7a<\/span><\/li>\n<li style=\"font-weight: 400\"><span style=\"font-weight: 400\">Alemanha<\/span><\/li>\n<li style=\"font-weight: 400\"><span style=\"font-weight: 400\">It\u00e1lia<\/span><\/li>\n<li style=\"font-weight: 400\"><span style=\"font-weight: 400\">Holanda<\/span><\/li>\n<\/ul>\n<p><span style=\"font-weight: 400\">Esses pa\u00edses fazem parte da \u00e1rea Schengen, que permite livre circula\u00e7\u00e3o entre as na\u00e7\u00f5es participantes.<\/span><\/p>\n<h2>O que muda na pr\u00e1tica<\/h2>\n<p><span style=\"font-weight: 400\">A autoriza\u00e7\u00e3o n\u00e3o substitui o passaporte. O documento continua obrigat\u00f3rio para entrada na Europa.<\/span><\/p>\n<p><span style=\"font-weight: 400\">Al\u00e9m disso, o viajante pode ter o pedido negado caso haja inconsist\u00eancias nos dados ou restri\u00e7\u00f5es registradas no sistema.<\/span><\/p>\n<p><span style=\"font-weight: 400\">Outro ponto importante envolve o prazo. A autoriza\u00e7\u00e3o deve ser solicitada antes da viagem, o que exige planejamento maior por parte dos turistas.<\/span><\/p>\n<h2>Impacto para brasileiros<\/h2>\n<p><span style=\"font-weight: 400\">A nova regra n\u00e3o impede a entrada de brasileiros, mas cria uma etapa adicional no processo de viagem.<\/span><\/p>\n<p><span style=\"font-weight: 400\">Por isso, quem pretende viajar a turismo, visitar familiares ou fazer conex\u00f5es na Europa deve se adaptar ao novo modelo.<\/span><\/p>\n<p><span style=\"font-weight: 400\">A medida segue uma tend\u00eancia global de maior controle migrat\u00f3rio. Ao mesmo tempo, mant\u00e9m a possibilidade de entrada sem visto tradicional para estadias de curta dura\u00e7\u00e3o.<\/span><\/p>\n","protected":false},"excerpt":{"rendered":"<p>Brasileiros que pretendem viajar para a Europa precisar\u00e3o cumprir novas regras a partir de julho de 2026. A principal mudan\u00e7a \u00e9 a implementa\u00e7\u00e3o do ETIAS (Sistema Europeu de Informa\u00e7\u00e3o e Autoriza\u00e7\u00e3o de Viagem). O sistema exigir\u00e1 uma autoriza\u00e7\u00e3o pr\u00e9via para entrada em pa\u00edses do Espa\u00e7o Schengen, mesmo em viagens de turismo de at\u00e9 90 dias. [&hellip;]<\/p>\n","protected":false},"author":17,"featured_media":37882,"comment_status":"open","ping_status":"open","sticky":false,"template":"","format":"standard","meta":{"jnews-multi-image_gallery":[],"jnews_single_post":{"format":"standard","jnews_video_option_group":[[]],"override":[{"template":"2","parallax":"1","fullscreen":"1","layout":"right-sidebar","sidebar":"default-sidebar","second_sidebar":"default-sidebar","sticky_sidebar":"1","share_position":"hide","share_float_style":"share-monocrhome","show_featured":"1","show_post_meta":"1","show_post_author":"1","show_post_date":"1","post_date_format":"default","post_date_format_custom":"Y\/m\/d","show_post_category":"1","show_post_reading_time":"0","post_reading_time_wpm":"300","post_calculate_word_method":"str_word_count","show_zoom_button":"0","zoom_button_out_step":"2","zoom_button_in_step":"3","show_post_tag":"1","show_popup_post":"1","number_popup_post":"1","show_author_box":"1","show_post_related":"0"}],"image_override":[{"single_post_thumbnail_size":"crop-500","single_post_gallery_size":"crop-500"}],"trending_post_position":"meta","trending_post_label":"Trending","sponsored_post_label":"Sponsored by","disable_ad":"0","subtitle":"Sistema de autoriza\u00e7\u00e3o eletr\u00f4nica passa a ser exigido para viagens de curta dura\u00e7\u00e3o no Espa\u00e7o Schengen"},"jnews_primary_category":[],"jnews_override_counter":{"view_counter_number":"0","share_counter_number":"0","like_counter_number":"0","dislike_counter_number":"0"},"jnews_post_split":{"post_split":[{"template":"1","tag":"h2","numbering":"asc","mode":"normal","first":"0","enable_toc":"0","toc_type":"normal"}]},"footnotes":""},"categories":[1],"tags":[],"class_list":["post-37881","post","type-post","status-publish","format-standard","has-post-thumbnail","hentry","category-geral"],"yoast_head":"<!-- This site is optimized with the Yoast SEO plugin v25.0 - https:\/\/yoast.com\/wordpress\/plugins\/seo\/ -->\n<title>Restri\u00e7\u00f5es para brasileiros na Europa: saiba as novas regras de visto que come\u00e7am a vigorar em julho<\/title>\n<meta name=\"robots\" content=\"index, follow, max-snippet:-1, max-image-preview:large, max-video-preview:-1\" \/>\n<link rel=\"canonical\" href=\"https:\/\/crusoe.audiencelabs.com.br\/restricoes-para-brasileiros-na-europa-saiba-as-novas-regras-de-visto-que-comecam-a-vigorar-em-julho\/\" \/>\n<meta property=\"og:locale\" content=\"pt_BR\" \/>\n<meta property=\"og:type\" content=\"article\" \/>\n<meta property=\"og:title\" content=\"Restri\u00e7\u00f5es para brasileiros na Europa: saiba as novas regras de visto que come\u00e7am a vigorar em julho\" \/>\n<meta property=\"og:description\" content=\"Brasileiros que pretendem viajar para a Europa precisar\u00e3o cumprir novas regras a partir de julho de 2026. A principal mudan\u00e7a \u00e9 a implementa\u00e7\u00e3o do ETIAS (Sistema Europeu de Informa\u00e7\u00e3o e Autoriza\u00e7\u00e3o de Viagem). O sistema exigir\u00e1 uma autoriza\u00e7\u00e3o pr\u00e9via para entrada em pa\u00edses do Espa\u00e7o Schengen, mesmo em viagens de turismo de at\u00e9 90 dias. [&hellip;]\" \/>\n<meta property=\"og:url\" content=\"https:\/\/crusoe.audiencelabs.com.br\/restricoes-para-brasileiros-na-europa-saiba-as-novas-regras-de-visto-que-comecam-a-vigorar-em-julho\/\" \/>\n<meta property=\"og:site_name\" content=\"Variedades - Cruso\u00e9\" \/>\n<meta property=\"article:published_time\" content=\"2026-05-01T12:32:24+00:00\" \/>\n<meta property=\"og:image\" content=\"https:\/\/cdn.crusoe.com.br\/uploads\/2026\/04\/1735225402.jpg\" \/>\n\t<meta property=\"og:image:width\" content=\"940\" \/>\n\t<meta property=\"og:image:height\" content=\"627\" \/>\n\t<meta property=\"og:image:type\" content=\"image\/jpeg\" \/>\n<meta name=\"author\" content=\"Sofia Volpi\" \/>\n<meta name=\"twitter:card\" content=\"summary_large_image\" \/>\n<meta name=\"twitter:label1\" content=\"Escrito por\" \/>\n\t<meta name=\"twitter:data1\" content=\"Sofia Volpi\" \/>\n\t<meta name=\"twitter:label2\" content=\"Est. tempo de leitura\" \/>\n\t<meta name=\"twitter:data2\" content=\"2 minutos\" \/>\n<script type=\"application\/ld+json\" class=\"yoast-schema-graph\">{\"@context\":\"https:\/\/schema.org\",\"@graph\":[{\"@type\":\"WebPage\",\"@id\":\"https:\/\/crusoe.audiencelabs.com.br\/restricoes-para-brasileiros-na-europa-saiba-as-novas-regras-de-visto-que-comecam-a-vigorar-em-julho\/\",\"url\":\"https:\/\/crusoe.audiencelabs.com.br\/restricoes-para-brasileiros-na-europa-saiba-as-novas-regras-de-visto-que-comecam-a-vigorar-em-julho\/\",\"name\":\"Restri\u00e7\u00f5es para brasileiros na Europa: saiba as novas regras de visto que come\u00e7am a vigorar em julho\",\"isPartOf\":{\"@id\":\"https:\/\/crusoe.audiencelabs.com.br\/#website\"},\"primaryImageOfPage\":{\"@id\":\"https:\/\/crusoe.audiencelabs.com.br\/restricoes-para-brasileiros-na-europa-saiba-as-novas-regras-de-visto-que-comecam-a-vigorar-em-julho\/#primaryimage\"},\"image\":{\"@id\":\"https:\/\/crusoe.audiencelabs.com.br\/restricoes-para-brasileiros-na-europa-saiba-as-novas-regras-de-visto-que-comecam-a-vigorar-em-julho\/#primaryimage\"},\"thumbnailUrl\":\"https:\/\/cdn.crusoe.com.br\/uploads\/2026\/04\/1735225402.jpg\",\"datePublished\":\"2026-05-01T12:32:24+00:00\",\"author\":{\"@id\":\"https:\/\/crusoe.audiencelabs.com.br\/#\/schema\/person\/9d0fb7a15db57f24b87bef41d034cb04\"},\"breadcrumb\":{\"@id\":\"https:\/\/crusoe.audiencelabs.com.br\/restricoes-para-brasileiros-na-europa-saiba-as-novas-regras-de-visto-que-comecam-a-vigorar-em-julho\/#breadcrumb\"},\"inLanguage\":\"pt-BR\",\"potentialAction\":[{\"@type\":\"ReadAction\",\"target\":[\"https:\/\/crusoe.audiencelabs.com.br\/restricoes-para-brasileiros-na-europa-saiba-as-novas-regras-de-visto-que-comecam-a-vigorar-em-julho\/\"]}]},{\"@type\":\"ImageObject\",\"inLanguage\":\"pt-BR\",\"@id\":\"https:\/\/crusoe.audiencelabs.com.br\/restricoes-para-brasileiros-na-europa-saiba-as-novas-regras-de-visto-que-comecam-a-vigorar-em-julho\/#primaryimage\",\"url\":\"https:\/\/cdn.crusoe.com.br\/uploads\/2026\/04\/1735225402.jpg\",\"contentUrl\":\"https:\/\/cdn.crusoe.com.br\/uploads\/2026\/04\/1735225402.jpg\",\"width\":940,\"height\":627,\"caption\":\"Foto: Freepik\"},{\"@type\":\"BreadcrumbList\",\"@id\":\"https:\/\/crusoe.audiencelabs.com.br\/restricoes-para-brasileiros-na-europa-saiba-as-novas-regras-de-visto-que-comecam-a-vigorar-em-julho\/#breadcrumb\",\"itemListElement\":[{\"@type\":\"ListItem\",\"position\":1,\"name\":\"Home\",\"item\":\"https:\/\/crusoe.audiencelabs.com.br\/\"},{\"@type\":\"ListItem\",\"position\":2,\"name\":\"Restri\u00e7\u00f5es para brasileiros na Europa: saiba as novas regras de visto que come\u00e7am a vigorar em julho\"}]},{\"@type\":\"WebSite\",\"@id\":\"https:\/\/crusoe.audiencelabs.com.br\/#website\",\"url\":\"https:\/\/crusoe.audiencelabs.com.br\/\",\"name\":\"Variedades - Cruso\u00e9\",\"description\":\"\",\"potentialAction\":[{\"@type\":\"SearchAction\",\"target\":{\"@type\":\"EntryPoint\",\"urlTemplate\":\"https:\/\/crusoe.audiencelabs.com.br\/?s={search_term_string}\"},\"query-input\":{\"@type\":\"PropertyValueSpecification\",\"valueRequired\":true,\"valueName\":\"search_term_string\"}}],\"inLanguage\":\"pt-BR\"},{\"@type\":\"Person\",\"@id\":\"https:\/\/crusoe.audiencelabs.com.br\/#\/schema\/person\/9d0fb7a15db57f24b87bef41d034cb04\",\"name\":\"Sofia Volpi\",\"image\":{\"@type\":\"ImageObject\",\"inLanguage\":\"pt-BR\",\"@id\":\"https:\/\/crusoe.audiencelabs.com.br\/#\/schema\/person\/image\/\",\"url\":\"https:\/\/secure.gravatar.com\/avatar\/a34b676379e5491536434fe5f7a9c49c2efbf9be83b707fa9e74568d45d559f8?s=96&d=mm&r=g\",\"contentUrl\":\"https:\/\/secure.gravatar.com\/avatar\/a34b676379e5491536434fe5f7a9c49c2efbf9be83b707fa9e74568d45d559f8?s=96&d=mm&r=g\",\"caption\":\"Sofia Volpi\"},\"description\":\"Comunicadora, jornalista em forma\u00e7\u00e3o. Apaixonada por esportes e cultura, colunista.\",\"url\":\"https:\/\/crusoe.audiencelabs.com.br\/author\/sofiavolpi\/\"}]}<\/script>\n<!-- \/ Yoast SEO plugin. -->","yoast_head_json":{"title":"Restri\u00e7\u00f5es para brasileiros na Europa: saiba as novas regras de visto que come\u00e7am a vigorar em julho","robots":{"index":"index","follow":"follow","max-snippet":"max-snippet:-1","max-image-preview":"max-image-preview:large","max-video-preview":"max-video-preview:-1"},"canonical":"https:\/\/crusoe.audiencelabs.com.br\/restricoes-para-brasileiros-na-europa-saiba-as-novas-regras-de-visto-que-comecam-a-vigorar-em-julho\/","og_locale":"pt_BR","og_type":"article","og_title":"Restri\u00e7\u00f5es para brasileiros na Europa: saiba as novas regras de visto que come\u00e7am a vigorar em julho","og_description":"Brasileiros que pretendem viajar para a Europa precisar\u00e3o cumprir novas regras a partir de julho de 2026. A principal mudan\u00e7a \u00e9 a implementa\u00e7\u00e3o do ETIAS (Sistema Europeu de Informa\u00e7\u00e3o e Autoriza\u00e7\u00e3o de Viagem). O sistema exigir\u00e1 uma autoriza\u00e7\u00e3o pr\u00e9via para entrada em pa\u00edses do Espa\u00e7o Schengen, mesmo em viagens de turismo de at\u00e9 90 dias. [&hellip;]","og_url":"https:\/\/crusoe.audiencelabs.com.br\/restricoes-para-brasileiros-na-europa-saiba-as-novas-regras-de-visto-que-comecam-a-vigorar-em-julho\/","og_site_name":"Variedades - Cruso\u00e9","article_published_time":"2026-05-01T12:32:24+00:00","og_image":[{"width":940,"height":627,"url":"https:\/\/cdn.crusoe.com.br\/uploads\/2026\/04\/1735225402.jpg","type":"image\/jpeg"}],"author":"Sofia Volpi","twitter_card":"summary_large_image","twitter_misc":{"Escrito por":"Sofia Volpi","Est. tempo de leitura":"2 minutos"},"schema":{"@context":"https:\/\/schema.org","@graph":[{"@type":"WebPage","@id":"https:\/\/crusoe.audiencelabs.com.br\/restricoes-para-brasileiros-na-europa-saiba-as-novas-regras-de-visto-que-comecam-a-vigorar-em-julho\/","url":"https:\/\/crusoe.audiencelabs.com.br\/restricoes-para-brasileiros-na-europa-saiba-as-novas-regras-de-visto-que-comecam-a-vigorar-em-julho\/","name":"Restri\u00e7\u00f5es para brasileiros na Europa: saiba as novas regras de visto que come\u00e7am a vigorar em julho","isPartOf":{"@id":"https:\/\/crusoe.audiencelabs.com.br\/#website"},"primaryImageOfPage":{"@id":"https:\/\/crusoe.audiencelabs.com.br\/restricoes-para-brasileiros-na-europa-saiba-as-novas-regras-de-visto-que-comecam-a-vigorar-em-julho\/#primaryimage"},"image":{"@id":"https:\/\/crusoe.audiencelabs.com.br\/restricoes-para-brasileiros-na-europa-saiba-as-novas-regras-de-visto-que-comecam-a-vigorar-em-julho\/#primaryimage"},"thumbnailUrl":"https:\/\/cdn.crusoe.com.br\/uploads\/2026\/04\/1735225402.jpg","datePublished":"2026-05-01T12:32:24+00:00","author":{"@id":"https:\/\/crusoe.audiencelabs.com.br\/#\/schema\/person\/9d0fb7a15db57f24b87bef41d034cb04"},"breadcrumb":{"@id":"https:\/\/crusoe.audiencelabs.com.br\/restricoes-para-brasileiros-na-europa-saiba-as-novas-regras-de-visto-que-comecam-a-vigorar-em-julho\/#breadcrumb"},"inLanguage":"pt-BR","potentialAction":[{"@type":"ReadAction","target":["https:\/\/crusoe.audiencelabs.com.br\/restricoes-para-brasileiros-na-europa-saiba-as-novas-regras-de-visto-que-comecam-a-vigorar-em-julho\/"]}]},{"@type":"ImageObject","inLanguage":"pt-BR","@id":"https:\/\/crusoe.audiencelabs.com.br\/restricoes-para-brasileiros-na-europa-saiba-as-novas-regras-de-visto-que-comecam-a-vigorar-em-julho\/#primaryimage","url":"https:\/\/cdn.crusoe.com.br\/uploads\/2026\/04\/1735225402.jpg","contentUrl":"https:\/\/cdn.crusoe.com.br\/uploads\/2026\/04\/1735225402.jpg","width":940,"height":627,"caption":"Foto: Freepik"},{"@type":"BreadcrumbList","@id":"https:\/\/crusoe.audiencelabs.com.br\/restricoes-para-brasileiros-na-europa-saiba-as-novas-regras-de-visto-que-comecam-a-vigorar-em-julho\/#breadcrumb","itemListElement":[{"@type":"ListItem","position":1,"name":"Home","item":"https:\/\/crusoe.audiencelabs.com.br\/"},{"@type":"ListItem","position":2,"name":"Restri\u00e7\u00f5es para brasileiros na Europa: saiba as novas regras de visto que come\u00e7am a vigorar em julho"}]},{"@type":"WebSite","@id":"https:\/\/crusoe.audiencelabs.com.br\/#website","url":"https:\/\/crusoe.audiencelabs.com.br\/","name":"Variedades - Cruso\u00e9","description":"","potentialAction":[{"@type":"SearchAction","target":{"@type":"EntryPoint","urlTemplate":"https:\/\/crusoe.audiencelabs.com.br\/?s={search_term_string}"},"query-input":{"@type":"PropertyValueSpecification","valueRequired":true,"valueName":"search_term_string"}}],"inLanguage":"pt-BR"},{"@type":"Person","@id":"https:\/\/crusoe.audiencelabs.com.br\/#\/schema\/person\/9d0fb7a15db57f24b87bef41d034cb04","name":"Sofia Volpi","image":{"@type":"ImageObject","inLanguage":"pt-BR","@id":"https:\/\/crusoe.audiencelabs.com.br\/#\/schema\/person\/image\/","url":"https:\/\/secure.gravatar.com\/avatar\/a34b676379e5491536434fe5f7a9c49c2efbf9be83b707fa9e74568d45d559f8?s=96&d=mm&r=g","contentUrl":"https:\/\/secure.gravatar.com\/avatar\/a34b676379e5491536434fe5f7a9c49c2efbf9be83b707fa9e74568d45d559f8?s=96&d=mm&r=g","caption":"Sofia Volpi"},"description":"Comunicadora, jornalista em forma\u00e7\u00e3o. Apaixonada por esportes e cultura, colunista.","url":"https:\/\/crusoe.audiencelabs.com.br\/author\/sofiavolpi\/"}]}},"_links":{"self":[{"href":"https:\/\/crusoe.audiencelabs.com.br\/wp-json\/wp\/v2\/posts\/37881","targetHints":{"allow":["GET"]}}],"collection":[{"href":"https:\/\/crusoe.audiencelabs.com.br\/wp-json\/wp\/v2\/posts"}],"about":[{"href":"https:\/\/crusoe.audiencelabs.com.br\/wp-json\/wp\/v2\/types\/post"}],"author":[{"embeddable":true,"href":"https:\/\/crusoe.audiencelabs.com.br\/wp-json\/wp\/v2\/users\/17"}],"replies":[{"embeddable":true,"href":"https:\/\/crusoe.audiencelabs.com.br\/wp-json\/wp\/v2\/comments?post=37881"}],"version-history":[{"count":1,"href":"https:\/\/crusoe.audiencelabs.com.br\/wp-json\/wp\/v2\/posts\/37881\/revisions"}],"predecessor-version":[{"id":37883,"href":"https:\/\/crusoe.audiencelabs.com.br\/wp-json\/wp\/v2\/posts\/37881\/revisions\/37883"}],"wp:featuredmedia":[{"embeddable":true,"href":"https:\/\/crusoe.audiencelabs.com.br\/wp-json\/wp\/v2\/media\/37882"}],"wp:attachment":[{"href":"https:\/\/crusoe.audiencelabs.com.br\/wp-json\/wp\/v2\/media?parent=37881"}],"wp:term":[{"taxonomy":"category","embeddable":true,"href":"https:\/\/crusoe.audiencelabs.com.br\/wp-json\/wp\/v2\/categories?post=37881"},{"taxonomy":"post_tag","embeddable":true,"href":"https:\/\/crusoe.audiencelabs.com.br\/wp-json\/wp\/v2\/tags?post=37881"}],"curies":[{"name":"wp","href":"https:\/\/api.w.org\/{rel}","templated":true}]}}