{"id":37871,"date":"2026-04-27T18:38:50","date_gmt":"2026-04-27T21:38:50","guid":{"rendered":"https:\/\/crusoe.audiencelabs.com.br\/?p=37871"},"modified":"2026-04-27T10:34:41","modified_gmt":"2026-04-27T13:34:41","slug":"viagens-do-aviao-de-neymar-chamam-atencao-em-litoral-brasileiro","status":"publish","type":"post","link":"https:\/\/crusoe.audiencelabs.com.br\/viagens-do-aviao-de-neymar-chamam-atencao-em-litoral-brasileiro\/","title":{"rendered":"Viagens do avi\u00e3o de Neymar chamam aten\u00e7\u00e3o em litoral brasileiro"},"content":{"rendered":"<p><span style=\"font-weight: 400\">O avi\u00e3o particular de Neymar virou assunto no Litoral Norte de Santa Catarina. O jato modelo Dassault Falcon 900LX, avaliado em cerca de R$250 milh\u00f5es, tem presen\u00e7a frequente no Aeroporto Costa Esmeralda, em Porto Belo.<\/span><\/p>\n<p><span style=\"font-weight: 400\">O motivo da aten\u00e7\u00e3o \u00e9 incomum: a aeronave \u00e9 grande demais para os hangares dispon\u00edveis no terminal. Com 20,2 metros de comprimento e envergadura de 21,4 metros, o jato precisa permanecer estacionado no p\u00e1tio a c\u00e9u aberto sempre que pousa na regi\u00e3o.<\/span><\/p>\n<p><span style=\"font-weight: 400\">A movimenta\u00e7\u00e3o est\u00e1 ligada \u00e0 atua\u00e7\u00e3o da fam\u00edlia do jogador no mercado imobili\u00e1rio local, com participa\u00e7\u00e3o em empreendimentos como o Yachthouse, em Balne\u00e1rio Cambori\u00fa, e o Edify One, em Itapema, segundo portal local.<\/span><\/p>\n<h2><span style=\"font-weight: 400\">O que torna o avi\u00e3o especial<\/span><\/h2>\n<p><span style=\"font-weight: 400\">Fabricado pela Dassault Aviation e produzido em 2010, o Falcon 900LX tem autonomia de aproximadamente 8.800 quil\u00f4metros. Isso permite voos intercontinentais sem escalas, conectando cidades como Genebra e Chicago ou Mumbai e Londres em voo direto.<\/span><\/p>\n<p><span style=\"font-weight: 400\">Al\u00e9m disso, a configura\u00e7\u00e3o com tr\u00eas motores Honeywell TFE731-60 permite rotas mais diretas sobre grandes \u00e1reas oce\u00e2nicas, reduzindo o tempo de viagem e aumentando a seguran\u00e7a operacional. A aeronave pode atingir velocidade m\u00e1xima de Mach 0,87, cerca de 1.060 km\/h.<\/span><\/p>\n<p><span style=\"font-weight: 400\">A cabine, com mais de 1.200 p\u00e9s c\u00fabicos de volume, divide-se em tr\u00eas ambientes com isolamento ac\u00fastico avan\u00e7ado. O jato opera a at\u00e9 51 mil p\u00e9s de altitude e precisa de apenas 700 metros de pista para pouso, o que facilita o acesso a aeroportos regionais.<\/span><\/p>\n<h2><span style=\"font-weight: 400\">Infraestrutura que n\u00e3o acompanhou o crescimento<\/span><\/h2>\n<p><span style=\"font-weight: 400\">O Aeroporto Costa Esmeralda foi projetado para aeronaves de menor porte. O Falcon 900LX, contudo, supera a capacidade dos hangares do terminal em comprimento, envergadura e altura, expondo o descompasso entre a demanda e a infraestrutura local.<\/span><\/p>\n<p><span style=\"font-weight: 400\">O jato tamb\u00e9m transporta o pai do jogador, Neymar da Silva Santos, al\u00e9m do pr\u00f3prio atleta. A manuten\u00e7\u00e3o mensal de uma aeronave desse porte, segundo estimativas do setor, pode custar entre R$1 milh\u00e3o e R$1,6 milh\u00e3o por m\u00eas.<\/span><\/p>\n","protected":false},"excerpt":{"rendered":"<p>O avi\u00e3o particular de Neymar virou assunto no Litoral Norte de Santa Catarina. O jato modelo Dassault Falcon 900LX, avaliado em cerca de R$250 milh\u00f5es, tem presen\u00e7a frequente no Aeroporto Costa Esmeralda, em Porto Belo. O motivo da aten\u00e7\u00e3o \u00e9 incomum: a aeronave \u00e9 grande demais para os hangares dispon\u00edveis no terminal. Com 20,2 metros [&hellip;]<\/p>\n","protected":false},"author":17,"featured_media":37872,"comment_status":"open","ping_status":"open","sticky":false,"template":"","format":"standard","meta":{"jnews-multi-image_gallery":[],"jnews_single_post":{"format":"standard","jnews_video_option_group":[[]],"override":[{"template":"2","parallax":"1","fullscreen":"1","layout":"right-sidebar","sidebar":"default-sidebar","second_sidebar":"default-sidebar","sticky_sidebar":"1","share_position":"hide","share_float_style":"share-monocrhome","show_featured":"1","show_post_meta":"1","show_post_author":"1","show_post_date":"1","post_date_format":"default","post_date_format_custom":"Y\/m\/d","show_post_category":"1","show_post_reading_time":"0","post_reading_time_wpm":"300","post_calculate_word_method":"str_word_count","show_zoom_button":"0","zoom_button_out_step":"2","zoom_button_in_step":"3","show_post_tag":"1","show_popup_post":"1","number_popup_post":"1","show_author_box":"1","show_post_related":"0"}],"image_override":[{"single_post_thumbnail_size":"crop-500","single_post_gallery_size":"crop-500"}],"trending_post_position":"meta","trending_post_label":"Trending","sponsored_post_label":"Sponsored by","disable_ad":"0","subtitle":"Dassault Falcon 900LX, avaliado em R$ 250 milh\u00f5es, \u00e9 grande demais para os hangares do Aeroporto Costa Esmeralda, em Porto Belo (SC)"},"jnews_primary_category":[],"jnews_override_counter":{"view_counter_number":"0","share_counter_number":"0","like_counter_number":"0","dislike_counter_number":"0"},"jnews_post_split":{"post_split":[{"template":"1","tag":"h2","numbering":"asc","mode":"normal","first":"0","enable_toc":"0","toc_type":"normal"}]},"footnotes":""},"categories":[1],"tags":[],"class_list":["post-37871","post","type-post","status-publish","format-standard","has-post-thumbnail","hentry","category-geral"],"yoast_head":"<!-- This site is optimized with the Yoast SEO plugin v25.0 - https:\/\/yoast.com\/wordpress\/plugins\/seo\/ -->\n<title>Viagens do avi\u00e3o de Neymar chamam aten\u00e7\u00e3o em litoral brasileiro<\/title>\n<meta name=\"robots\" content=\"index, follow, max-snippet:-1, max-image-preview:large, max-video-preview:-1\" \/>\n<link rel=\"canonical\" href=\"https:\/\/crusoe.audiencelabs.com.br\/viagens-do-aviao-de-neymar-chamam-atencao-em-litoral-brasileiro\/\" \/>\n<meta property=\"og:locale\" content=\"pt_BR\" \/>\n<meta property=\"og:type\" content=\"article\" \/>\n<meta property=\"og:title\" content=\"Viagens do avi\u00e3o de Neymar chamam aten\u00e7\u00e3o em litoral brasileiro\" \/>\n<meta property=\"og:description\" content=\"O avi\u00e3o particular de Neymar virou assunto no Litoral Norte de Santa Catarina. O jato modelo Dassault Falcon 900LX, avaliado em cerca de R$250 milh\u00f5es, tem presen\u00e7a frequente no Aeroporto Costa Esmeralda, em Porto Belo. O motivo da aten\u00e7\u00e3o \u00e9 incomum: a aeronave \u00e9 grande demais para os hangares dispon\u00edveis no terminal. Com 20,2 metros [&hellip;]\" \/>\n<meta property=\"og:url\" content=\"https:\/\/crusoe.audiencelabs.com.br\/viagens-do-aviao-de-neymar-chamam-atencao-em-litoral-brasileiro\/\" \/>\n<meta property=\"og:site_name\" content=\"Variedades - Cruso\u00e9\" \/>\n<meta property=\"article:published_time\" content=\"2026-04-27T21:38:50+00:00\" \/>\n<meta property=\"og:image\" content=\"https:\/\/cdn.crusoe.com.br\/uploads\/2026\/04\/Reproducao@raonijacobson.png\" \/>\n\t<meta property=\"og:image:width\" content=\"2000\" \/>\n\t<meta property=\"og:image:height\" content=\"1414\" \/>\n\t<meta property=\"og:image:type\" content=\"image\/png\" \/>\n<meta name=\"author\" content=\"Sofia Volpi\" \/>\n<meta name=\"twitter:card\" content=\"summary_large_image\" \/>\n<meta name=\"twitter:label1\" content=\"Escrito por\" \/>\n\t<meta name=\"twitter:data1\" content=\"Sofia Volpi\" \/>\n\t<meta name=\"twitter:label2\" content=\"Est. tempo de leitura\" \/>\n\t<meta name=\"twitter:data2\" content=\"2 minutos\" \/>\n<script type=\"application\/ld+json\" class=\"yoast-schema-graph\">{\"@context\":\"https:\/\/schema.org\",\"@graph\":[{\"@type\":\"WebPage\",\"@id\":\"https:\/\/crusoe.audiencelabs.com.br\/viagens-do-aviao-de-neymar-chamam-atencao-em-litoral-brasileiro\/\",\"url\":\"https:\/\/crusoe.audiencelabs.com.br\/viagens-do-aviao-de-neymar-chamam-atencao-em-litoral-brasileiro\/\",\"name\":\"Viagens do avi\u00e3o de Neymar chamam aten\u00e7\u00e3o em litoral brasileiro\",\"isPartOf\":{\"@id\":\"https:\/\/crusoe.audiencelabs.com.br\/#website\"},\"primaryImageOfPage\":{\"@id\":\"https:\/\/crusoe.audiencelabs.com.br\/viagens-do-aviao-de-neymar-chamam-atencao-em-litoral-brasileiro\/#primaryimage\"},\"image\":{\"@id\":\"https:\/\/crusoe.audiencelabs.com.br\/viagens-do-aviao-de-neymar-chamam-atencao-em-litoral-brasileiro\/#primaryimage\"},\"thumbnailUrl\":\"https:\/\/cdn.crusoe.com.br\/uploads\/2026\/04\/Reproducao@raonijacobson.png\",\"datePublished\":\"2026-04-27T21:38:50+00:00\",\"author\":{\"@id\":\"https:\/\/crusoe.audiencelabs.com.br\/#\/schema\/person\/9d0fb7a15db57f24b87bef41d034cb04\"},\"breadcrumb\":{\"@id\":\"https:\/\/crusoe.audiencelabs.com.br\/viagens-do-aviao-de-neymar-chamam-atencao-em-litoral-brasileiro\/#breadcrumb\"},\"inLanguage\":\"pt-BR\",\"potentialAction\":[{\"@type\":\"ReadAction\",\"target\":[\"https:\/\/crusoe.audiencelabs.com.br\/viagens-do-aviao-de-neymar-chamam-atencao-em-litoral-brasileiro\/\"]}]},{\"@type\":\"ImageObject\",\"inLanguage\":\"pt-BR\",\"@id\":\"https:\/\/crusoe.audiencelabs.com.br\/viagens-do-aviao-de-neymar-chamam-atencao-em-litoral-brasileiro\/#primaryimage\",\"url\":\"https:\/\/cdn.crusoe.com.br\/uploads\/2026\/04\/Reproducao@raonijacobson.png\",\"contentUrl\":\"https:\/\/cdn.crusoe.com.br\/uploads\/2026\/04\/Reproducao@raonijacobson.png\",\"width\":2000,\"height\":1414,\"caption\":\"Foto: Reprodu\u00e7\u00e3o\/@raonijacobson\"},{\"@type\":\"BreadcrumbList\",\"@id\":\"https:\/\/crusoe.audiencelabs.com.br\/viagens-do-aviao-de-neymar-chamam-atencao-em-litoral-brasileiro\/#breadcrumb\",\"itemListElement\":[{\"@type\":\"ListItem\",\"position\":1,\"name\":\"Home\",\"item\":\"https:\/\/crusoe.audiencelabs.com.br\/\"},{\"@type\":\"ListItem\",\"position\":2,\"name\":\"Viagens do avi\u00e3o de Neymar chamam aten\u00e7\u00e3o em litoral brasileiro\"}]},{\"@type\":\"WebSite\",\"@id\":\"https:\/\/crusoe.audiencelabs.com.br\/#website\",\"url\":\"https:\/\/crusoe.audiencelabs.com.br\/\",\"name\":\"Variedades - Cruso\u00e9\",\"description\":\"\",\"potentialAction\":[{\"@type\":\"SearchAction\",\"target\":{\"@type\":\"EntryPoint\",\"urlTemplate\":\"https:\/\/crusoe.audiencelabs.com.br\/?s={search_term_string}\"},\"query-input\":{\"@type\":\"PropertyValueSpecification\",\"valueRequired\":true,\"valueName\":\"search_term_string\"}}],\"inLanguage\":\"pt-BR\"},{\"@type\":\"Person\",\"@id\":\"https:\/\/crusoe.audiencelabs.com.br\/#\/schema\/person\/9d0fb7a15db57f24b87bef41d034cb04\",\"name\":\"Sofia Volpi\",\"image\":{\"@type\":\"ImageObject\",\"inLanguage\":\"pt-BR\",\"@id\":\"https:\/\/crusoe.audiencelabs.com.br\/#\/schema\/person\/image\/\",\"url\":\"https:\/\/secure.gravatar.com\/avatar\/a34b676379e5491536434fe5f7a9c49c2efbf9be83b707fa9e74568d45d559f8?s=96&d=mm&r=g\",\"contentUrl\":\"https:\/\/secure.gravatar.com\/avatar\/a34b676379e5491536434fe5f7a9c49c2efbf9be83b707fa9e74568d45d559f8?s=96&d=mm&r=g\",\"caption\":\"Sofia Volpi\"},\"description\":\"Comunicadora, jornalista em forma\u00e7\u00e3o. Apaixonada por esportes e cultura, colunista.\",\"url\":\"https:\/\/crusoe.audiencelabs.com.br\/author\/sofiavolpi\/\"}]}<\/script>\n<!-- \/ Yoast SEO plugin. -->","yoast_head_json":{"title":"Viagens do avi\u00e3o de Neymar chamam aten\u00e7\u00e3o em litoral brasileiro","robots":{"index":"index","follow":"follow","max-snippet":"max-snippet:-1","max-image-preview":"max-image-preview:large","max-video-preview":"max-video-preview:-1"},"canonical":"https:\/\/crusoe.audiencelabs.com.br\/viagens-do-aviao-de-neymar-chamam-atencao-em-litoral-brasileiro\/","og_locale":"pt_BR","og_type":"article","og_title":"Viagens do avi\u00e3o de Neymar chamam aten\u00e7\u00e3o em litoral brasileiro","og_description":"O avi\u00e3o particular de Neymar virou assunto no Litoral Norte de Santa Catarina. O jato modelo Dassault Falcon 900LX, avaliado em cerca de R$250 milh\u00f5es, tem presen\u00e7a frequente no Aeroporto Costa Esmeralda, em Porto Belo. O motivo da aten\u00e7\u00e3o \u00e9 incomum: a aeronave \u00e9 grande demais para os hangares dispon\u00edveis no terminal. Com 20,2 metros [&hellip;]","og_url":"https:\/\/crusoe.audiencelabs.com.br\/viagens-do-aviao-de-neymar-chamam-atencao-em-litoral-brasileiro\/","og_site_name":"Variedades - Cruso\u00e9","article_published_time":"2026-04-27T21:38:50+00:00","og_image":[{"width":2000,"height":1414,"url":"https:\/\/cdn.crusoe.com.br\/uploads\/2026\/04\/Reproducao@raonijacobson.png","type":"image\/png"}],"author":"Sofia Volpi","twitter_card":"summary_large_image","twitter_misc":{"Escrito por":"Sofia Volpi","Est. tempo de leitura":"2 minutos"},"schema":{"@context":"https:\/\/schema.org","@graph":[{"@type":"WebPage","@id":"https:\/\/crusoe.audiencelabs.com.br\/viagens-do-aviao-de-neymar-chamam-atencao-em-litoral-brasileiro\/","url":"https:\/\/crusoe.audiencelabs.com.br\/viagens-do-aviao-de-neymar-chamam-atencao-em-litoral-brasileiro\/","name":"Viagens do avi\u00e3o de Neymar chamam aten\u00e7\u00e3o em litoral brasileiro","isPartOf":{"@id":"https:\/\/crusoe.audiencelabs.com.br\/#website"},"primaryImageOfPage":{"@id":"https:\/\/crusoe.audiencelabs.com.br\/viagens-do-aviao-de-neymar-chamam-atencao-em-litoral-brasileiro\/#primaryimage"},"image":{"@id":"https:\/\/crusoe.audiencelabs.com.br\/viagens-do-aviao-de-neymar-chamam-atencao-em-litoral-brasileiro\/#primaryimage"},"thumbnailUrl":"https:\/\/cdn.crusoe.com.br\/uploads\/2026\/04\/Reproducao@raonijacobson.png","datePublished":"2026-04-27T21:38:50+00:00","author":{"@id":"https:\/\/crusoe.audiencelabs.com.br\/#\/schema\/person\/9d0fb7a15db57f24b87bef41d034cb04"},"breadcrumb":{"@id":"https:\/\/crusoe.audiencelabs.com.br\/viagens-do-aviao-de-neymar-chamam-atencao-em-litoral-brasileiro\/#breadcrumb"},"inLanguage":"pt-BR","potentialAction":[{"@type":"ReadAction","target":["https:\/\/crusoe.audiencelabs.com.br\/viagens-do-aviao-de-neymar-chamam-atencao-em-litoral-brasileiro\/"]}]},{"@type":"ImageObject","inLanguage":"pt-BR","@id":"https:\/\/crusoe.audiencelabs.com.br\/viagens-do-aviao-de-neymar-chamam-atencao-em-litoral-brasileiro\/#primaryimage","url":"https:\/\/cdn.crusoe.com.br\/uploads\/2026\/04\/Reproducao@raonijacobson.png","contentUrl":"https:\/\/cdn.crusoe.com.br\/uploads\/2026\/04\/Reproducao@raonijacobson.png","width":2000,"height":1414,"caption":"Foto: Reprodu\u00e7\u00e3o\/@raonijacobson"},{"@type":"BreadcrumbList","@id":"https:\/\/crusoe.audiencelabs.com.br\/viagens-do-aviao-de-neymar-chamam-atencao-em-litoral-brasileiro\/#breadcrumb","itemListElement":[{"@type":"ListItem","position":1,"name":"Home","item":"https:\/\/crusoe.audiencelabs.com.br\/"},{"@type":"ListItem","position":2,"name":"Viagens do avi\u00e3o de Neymar chamam aten\u00e7\u00e3o em litoral brasileiro"}]},{"@type":"WebSite","@id":"https:\/\/crusoe.audiencelabs.com.br\/#website","url":"https:\/\/crusoe.audiencelabs.com.br\/","name":"Variedades - Cruso\u00e9","description":"","potentialAction":[{"@type":"SearchAction","target":{"@type":"EntryPoint","urlTemplate":"https:\/\/crusoe.audiencelabs.com.br\/?s={search_term_string}"},"query-input":{"@type":"PropertyValueSpecification","valueRequired":true,"valueName":"search_term_string"}}],"inLanguage":"pt-BR"},{"@type":"Person","@id":"https:\/\/crusoe.audiencelabs.com.br\/#\/schema\/person\/9d0fb7a15db57f24b87bef41d034cb04","name":"Sofia Volpi","image":{"@type":"ImageObject","inLanguage":"pt-BR","@id":"https:\/\/crusoe.audiencelabs.com.br\/#\/schema\/person\/image\/","url":"https:\/\/secure.gravatar.com\/avatar\/a34b676379e5491536434fe5f7a9c49c2efbf9be83b707fa9e74568d45d559f8?s=96&d=mm&r=g","contentUrl":"https:\/\/secure.gravatar.com\/avatar\/a34b676379e5491536434fe5f7a9c49c2efbf9be83b707fa9e74568d45d559f8?s=96&d=mm&r=g","caption":"Sofia Volpi"},"description":"Comunicadora, jornalista em forma\u00e7\u00e3o. Apaixonada por esportes e cultura, colunista.","url":"https:\/\/crusoe.audiencelabs.com.br\/author\/sofiavolpi\/"}]}},"_links":{"self":[{"href":"https:\/\/crusoe.audiencelabs.com.br\/wp-json\/wp\/v2\/posts\/37871","targetHints":{"allow":["GET"]}}],"collection":[{"href":"https:\/\/crusoe.audiencelabs.com.br\/wp-json\/wp\/v2\/posts"}],"about":[{"href":"https:\/\/crusoe.audiencelabs.com.br\/wp-json\/wp\/v2\/types\/post"}],"author":[{"embeddable":true,"href":"https:\/\/crusoe.audiencelabs.com.br\/wp-json\/wp\/v2\/users\/17"}],"replies":[{"embeddable":true,"href":"https:\/\/crusoe.audiencelabs.com.br\/wp-json\/wp\/v2\/comments?post=37871"}],"version-history":[{"count":1,"href":"https:\/\/crusoe.audiencelabs.com.br\/wp-json\/wp\/v2\/posts\/37871\/revisions"}],"predecessor-version":[{"id":37873,"href":"https:\/\/crusoe.audiencelabs.com.br\/wp-json\/wp\/v2\/posts\/37871\/revisions\/37873"}],"wp:featuredmedia":[{"embeddable":true,"href":"https:\/\/crusoe.audiencelabs.com.br\/wp-json\/wp\/v2\/media\/37872"}],"wp:attachment":[{"href":"https:\/\/crusoe.audiencelabs.com.br\/wp-json\/wp\/v2\/media?parent=37871"}],"wp:term":[{"taxonomy":"category","embeddable":true,"href":"https:\/\/crusoe.audiencelabs.com.br\/wp-json\/wp\/v2\/categories?post=37871"},{"taxonomy":"post_tag","embeddable":true,"href":"https:\/\/crusoe.audiencelabs.com.br\/wp-json\/wp\/v2\/tags?post=37871"}],"curies":[{"name":"wp","href":"https:\/\/api.w.org\/{rel}","templated":true}]}}