{"id":37857,"date":"2026-04-27T14:37:43","date_gmt":"2026-04-27T17:37:43","guid":{"rendered":"https:\/\/crusoe.audiencelabs.com.br\/?p=37857"},"modified":"2026-04-27T10:13:19","modified_gmt":"2026-04-27T13:13:19","slug":"quase-um-ano-na-guerra-oficial-teve-chance-de-voltar-para-casa-e-negou-saiba-o-motivo","status":"publish","type":"post","link":"https:\/\/crusoe.audiencelabs.com.br\/quase-um-ano-na-guerra-oficial-teve-chance-de-voltar-para-casa-e-negou-saiba-o-motivo\/","title":{"rendered":"Quase um ano na guerra, oficial teve chance de voltar para casa e negou; saiba o motivo"},"content":{"rendered":"<p><span style=\"font-weight: 400\">Oleksiy, oficial de infantaria ucraniano de 37 anos, passou 343 dias consecutivos lutando numa zona florestal do leste da regi\u00e3o de Zapor\u00edjia. A miss\u00e3o prevista para durar alguns meses se prolongou por quase um ano, segundo reportagem da CNN Internacional.<\/span><\/p>\n<p><span style=\"font-weight: 400\">A decis\u00e3o de permanecer foi volunt\u00e1ria. Contudo, ela n\u00e3o reflete o hero\u00edsmo isolado: reflete a grave escassez de soldados que o ex\u00e9rcito ucraniano enfrenta ap\u00f3s mais de quatro anos de guerra contra as for\u00e7as russas numericamente superiores.<\/span><\/p>\n<p><span style=\"font-weight: 400\">Conhecido pelo nome de guerra &#8220;Botanik&#8221;, Oleksiy formou-se em biologia pela Universidade Nacional Karazin de Kharkiv antes de integrar as for\u00e7as armadas ap\u00f3s a invas\u00e3o russa de 2022. Como a maioria da sua unidade, ele era civil antes da guerra.<\/span><\/p>\n<h2><span style=\"font-weight: 400\">Por que ele n\u00e3o voltou para casa<\/span><\/h2>\n<p><span style=\"font-weight: 400\">&#8220;A minha companhia est\u00e1 subdimensionada, tal como todas as outras, e dos que c\u00e1 est\u00e3o cerca de metade tem mais de 50 anos&#8221;, explicou Oleksiy \u00e0 CNN. Abandonar a posi\u00e7\u00e3o, portanto, seria deixar a unidade ainda mais vulner\u00e1vel.<\/span><\/p>\n<p><span style=\"font-weight: 400\">O modelo previsto de rota\u00e7\u00e3o, um m\u00eas em combate seguido de outro em descanso, tornou-se invi\u00e1vel pela falta de substitutos. Na pr\u00e1tica, conforme o oficial, os per\u00edodos chegam a tr\u00eas ou quatro meses, dependendo da fun\u00e7\u00e3o de cada soldado.<\/span><\/p>\n<p><span style=\"font-weight: 400\">A infantaria, por estar diretamente exposta ao combate, permanece mais tempo do que soldados em fun\u00e7\u00f5es tecnol\u00f3gicas. Operadores de drones de reconhecimento ficam apenas tr\u00eas a quatro dias em posi\u00e7\u00e3o, enquanto pilotos pr\u00f3ximos \u00e0 linha ficam cerca de uma semana.<\/span><\/p>\n<p>&nbsp;<\/p>\n<figure id=\"attachment_37864\" aria-describedby=\"caption-attachment-37864\" style=\"width: 445px\" class=\"wp-caption aligncenter\"><img loading=\"lazy\" decoding=\"async\" class=\" wp-image-37864\" src=\"https:\/\/cdn.crusoe.com.br\/uploads\/2026\/04\/MUR4PY7XKBAGHJ3RZYXUXVGONM-300x200.avif\" alt=\"\" width=\"445\" height=\"296\" srcset=\"https:\/\/cdn.crusoe.com.br\/uploads\/2026\/04\/MUR4PY7XKBAGHJ3RZYXUXVGONM-300x200.avif 300w, https:\/\/cdn.crusoe.com.br\/uploads\/2026\/04\/MUR4PY7XKBAGHJ3RZYXUXVGONM-1024x682.avif 1024w, https:\/\/cdn.crusoe.com.br\/uploads\/2026\/04\/MUR4PY7XKBAGHJ3RZYXUXVGONM-768x512.avif 768w, https:\/\/cdn.crusoe.com.br\/uploads\/2026\/04\/MUR4PY7XKBAGHJ3RZYXUXVGONM-1536x1023.avif 1536w, https:\/\/cdn.crusoe.com.br\/uploads\/2026\/04\/MUR4PY7XKBAGHJ3RZYXUXVGONM-750x500.avif 750w, https:\/\/cdn.crusoe.com.br\/uploads\/2026\/04\/MUR4PY7XKBAGHJ3RZYXUXVGONM-1140x760.avif 1140w, https:\/\/cdn.crusoe.com.br\/uploads\/2026\/04\/MUR4PY7XKBAGHJ3RZYXUXVGONM.avif 1600w\" sizes=\"auto, (max-width: 445px) 100vw, 445px\" \/><figcaption id=\"caption-attachment-37864\" class=\"wp-caption-text\">Foto: 128th Mountain Assault Brigade via CNN Newsource<\/figcaption><\/figure>\n<h2><span style=\"font-weight: 400\">O cen\u00e1rio maior<\/span><\/h2>\n<p><span style=\"font-weight: 400\">Para compensar a escassez de pessoal, Kiev refor\u00e7a o uso de drones e rob\u00f4s terrestres operados \u00e0 dist\u00e2ncia no campo de batalha. Ainda assim, comandantes ucranianos apontam a falta de efetivo como um dos principais desafios da guerra.<\/span><\/p>\n<p><span style=\"font-weight: 400\">Oleksiy disse que sua prioridade como comandante \u00e9 minimizar perdas. Para manter o moral da tropa, garantiu que todos tivessem contato di\u00e1rio com as fam\u00edlias. &#8220;Isso ajuda muito&#8221;, afirmou ao canal, mesmo durante os per\u00edodos em que o Starlink falhou na linha de frente.<\/span><\/p>\n","protected":false},"excerpt":{"rendered":"<p>Oleksiy, oficial de infantaria ucraniano de 37 anos, passou 343 dias consecutivos lutando numa zona florestal do leste da regi\u00e3o de Zapor\u00edjia. A miss\u00e3o prevista para durar alguns meses se prolongou por quase um ano, segundo reportagem da CNN Internacional. A decis\u00e3o de permanecer foi volunt\u00e1ria. Contudo, ela n\u00e3o reflete o hero\u00edsmo isolado: reflete a [&hellip;]<\/p>\n","protected":false},"author":17,"featured_media":37858,"comment_status":"open","ping_status":"open","sticky":false,"template":"","format":"standard","meta":{"jnews-multi-image_gallery":[],"jnews_single_post":{"format":"standard","jnews_video_option_group":[[]],"override":[{"template":"2","parallax":"1","fullscreen":"1","layout":"right-sidebar","sidebar":"default-sidebar","second_sidebar":"default-sidebar","sticky_sidebar":"1","share_position":"hide","share_float_style":"share-monocrhome","show_featured":"1","show_post_meta":"1","show_post_author":"1","show_post_date":"1","post_date_format":"default","post_date_format_custom":"Y\/m\/d","show_post_category":"1","show_post_reading_time":"0","post_reading_time_wpm":"300","post_calculate_word_method":"str_word_count","show_zoom_button":"0","zoom_button_out_step":"2","zoom_button_in_step":"3","show_post_tag":"1","show_popup_post":"1","number_popup_post":"1","show_author_box":"1","show_post_related":"0"}],"image_override":[{"single_post_thumbnail_size":"crop-500","single_post_gallery_size":"crop-500"}],"trending_post_position":"meta","trending_post_label":"Trending","sponsored_post_label":"Sponsored by","disable_ad":"0","subtitle":"Falta de soldados na Ucr\u00e2nia faz rota\u00e7\u00e3o mensal ser \"completamente irrealista\", diz oficial \u00e0 CNN Internacional ap\u00f3s 343 dias em combate"},"jnews_primary_category":[],"jnews_override_counter":{"view_counter_number":"0","share_counter_number":"0","like_counter_number":"0","dislike_counter_number":"0"},"jnews_post_split":{"post_split":[{"template":"1","tag":"h2","numbering":"asc","mode":"normal","first":"0","enable_toc":"0","toc_type":"normal"}]},"footnotes":""},"categories":[1],"tags":[],"class_list":["post-37857","post","type-post","status-publish","format-standard","has-post-thumbnail","hentry","category-geral"],"yoast_head":"<!-- This site is optimized with the Yoast SEO plugin v25.0 - https:\/\/yoast.com\/wordpress\/plugins\/seo\/ -->\n<title>Quase um ano na guerra, oficial teve chance de voltar para casa e negou; saiba o motivo<\/title>\n<meta name=\"robots\" content=\"index, follow, max-snippet:-1, max-image-preview:large, max-video-preview:-1\" \/>\n<link rel=\"canonical\" href=\"https:\/\/crusoe.audiencelabs.com.br\/quase-um-ano-na-guerra-oficial-teve-chance-de-voltar-para-casa-e-negou-saiba-o-motivo\/\" \/>\n<meta property=\"og:locale\" content=\"pt_BR\" \/>\n<meta property=\"og:type\" content=\"article\" \/>\n<meta property=\"og:title\" content=\"Quase um ano na guerra, oficial teve chance de voltar para casa e negou; saiba o motivo\" \/>\n<meta property=\"og:description\" content=\"Oleksiy, oficial de infantaria ucraniano de 37 anos, passou 343 dias consecutivos lutando numa zona florestal do leste da regi\u00e3o de Zapor\u00edjia. A miss\u00e3o prevista para durar alguns meses se prolongou por quase um ano, segundo reportagem da CNN Internacional. A decis\u00e3o de permanecer foi volunt\u00e1ria. Contudo, ela n\u00e3o reflete o hero\u00edsmo isolado: reflete a [&hellip;]\" \/>\n<meta property=\"og:url\" content=\"https:\/\/crusoe.audiencelabs.com.br\/quase-um-ano-na-guerra-oficial-teve-chance-de-voltar-para-casa-e-negou-saiba-o-motivo\/\" \/>\n<meta property=\"og:site_name\" content=\"Variedades - Cruso\u00e9\" \/>\n<meta property=\"article:published_time\" content=\"2026-04-27T17:37:43+00:00\" \/>\n<meta name=\"author\" content=\"Sofia Volpi\" \/>\n<meta name=\"twitter:card\" content=\"summary_large_image\" \/>\n<meta name=\"twitter:label1\" content=\"Escrito por\" \/>\n\t<meta name=\"twitter:data1\" content=\"Sofia Volpi\" \/>\n\t<meta name=\"twitter:label2\" content=\"Est. tempo de leitura\" \/>\n\t<meta name=\"twitter:data2\" content=\"3 minutos\" \/>\n<script type=\"application\/ld+json\" class=\"yoast-schema-graph\">{\"@context\":\"https:\/\/schema.org\",\"@graph\":[{\"@type\":\"WebPage\",\"@id\":\"https:\/\/crusoe.audiencelabs.com.br\/quase-um-ano-na-guerra-oficial-teve-chance-de-voltar-para-casa-e-negou-saiba-o-motivo\/\",\"url\":\"https:\/\/crusoe.audiencelabs.com.br\/quase-um-ano-na-guerra-oficial-teve-chance-de-voltar-para-casa-e-negou-saiba-o-motivo\/\",\"name\":\"Quase um ano na guerra, oficial teve chance de voltar para casa e negou; saiba o motivo\",\"isPartOf\":{\"@id\":\"https:\/\/crusoe.audiencelabs.com.br\/#website\"},\"primaryImageOfPage\":{\"@id\":\"https:\/\/crusoe.audiencelabs.com.br\/quase-um-ano-na-guerra-oficial-teve-chance-de-voltar-para-casa-e-negou-saiba-o-motivo\/#primaryimage\"},\"image\":{\"@id\":\"https:\/\/crusoe.audiencelabs.com.br\/quase-um-ano-na-guerra-oficial-teve-chance-de-voltar-para-casa-e-negou-saiba-o-motivo\/#primaryimage\"},\"thumbnailUrl\":\"https:\/\/cdn.crusoe.com.br\/uploads\/2026\/04\/ap26115292248740.avif\",\"datePublished\":\"2026-04-27T17:37:43+00:00\",\"author\":{\"@id\":\"https:\/\/crusoe.audiencelabs.com.br\/#\/schema\/person\/9d0fb7a15db57f24b87bef41d034cb04\"},\"breadcrumb\":{\"@id\":\"https:\/\/crusoe.audiencelabs.com.br\/quase-um-ano-na-guerra-oficial-teve-chance-de-voltar-para-casa-e-negou-saiba-o-motivo\/#breadcrumb\"},\"inLanguage\":\"pt-BR\",\"potentialAction\":[{\"@type\":\"ReadAction\",\"target\":[\"https:\/\/crusoe.audiencelabs.com.br\/quase-um-ano-na-guerra-oficial-teve-chance-de-voltar-para-casa-e-negou-saiba-o-motivo\/\"]}]},{\"@type\":\"ImageObject\",\"inLanguage\":\"pt-BR\",\"@id\":\"https:\/\/crusoe.audiencelabs.com.br\/quase-um-ano-na-guerra-oficial-teve-chance-de-voltar-para-casa-e-negou-saiba-o-motivo\/#primaryimage\",\"url\":\"https:\/\/cdn.crusoe.com.br\/uploads\/2026\/04\/ap26115292248740.avif\",\"contentUrl\":\"https:\/\/cdn.crusoe.com.br\/uploads\/2026\/04\/ap26115292248740.avif\",\"width\":1000,\"height\":667,\"caption\":\"Foto: Mykola Synelnykov\/AP Photo\"},{\"@type\":\"BreadcrumbList\",\"@id\":\"https:\/\/crusoe.audiencelabs.com.br\/quase-um-ano-na-guerra-oficial-teve-chance-de-voltar-para-casa-e-negou-saiba-o-motivo\/#breadcrumb\",\"itemListElement\":[{\"@type\":\"ListItem\",\"position\":1,\"name\":\"Home\",\"item\":\"https:\/\/crusoe.audiencelabs.com.br\/\"},{\"@type\":\"ListItem\",\"position\":2,\"name\":\"Quase um ano na guerra, oficial teve chance de voltar para casa e negou; saiba o motivo\"}]},{\"@type\":\"WebSite\",\"@id\":\"https:\/\/crusoe.audiencelabs.com.br\/#website\",\"url\":\"https:\/\/crusoe.audiencelabs.com.br\/\",\"name\":\"Variedades - Cruso\u00e9\",\"description\":\"\",\"potentialAction\":[{\"@type\":\"SearchAction\",\"target\":{\"@type\":\"EntryPoint\",\"urlTemplate\":\"https:\/\/crusoe.audiencelabs.com.br\/?s={search_term_string}\"},\"query-input\":{\"@type\":\"PropertyValueSpecification\",\"valueRequired\":true,\"valueName\":\"search_term_string\"}}],\"inLanguage\":\"pt-BR\"},{\"@type\":\"Person\",\"@id\":\"https:\/\/crusoe.audiencelabs.com.br\/#\/schema\/person\/9d0fb7a15db57f24b87bef41d034cb04\",\"name\":\"Sofia Volpi\",\"image\":{\"@type\":\"ImageObject\",\"inLanguage\":\"pt-BR\",\"@id\":\"https:\/\/crusoe.audiencelabs.com.br\/#\/schema\/person\/image\/\",\"url\":\"https:\/\/secure.gravatar.com\/avatar\/a34b676379e5491536434fe5f7a9c49c2efbf9be83b707fa9e74568d45d559f8?s=96&d=mm&r=g\",\"contentUrl\":\"https:\/\/secure.gravatar.com\/avatar\/a34b676379e5491536434fe5f7a9c49c2efbf9be83b707fa9e74568d45d559f8?s=96&d=mm&r=g\",\"caption\":\"Sofia Volpi\"},\"description\":\"Comunicadora, jornalista em forma\u00e7\u00e3o. Apaixonada por esportes e cultura, colunista.\",\"url\":\"https:\/\/crusoe.audiencelabs.com.br\/author\/sofiavolpi\/\"}]}<\/script>\n<!-- \/ Yoast SEO plugin. -->","yoast_head_json":{"title":"Quase um ano na guerra, oficial teve chance de voltar para casa e negou; saiba o motivo","robots":{"index":"index","follow":"follow","max-snippet":"max-snippet:-1","max-image-preview":"max-image-preview:large","max-video-preview":"max-video-preview:-1"},"canonical":"https:\/\/crusoe.audiencelabs.com.br\/quase-um-ano-na-guerra-oficial-teve-chance-de-voltar-para-casa-e-negou-saiba-o-motivo\/","og_locale":"pt_BR","og_type":"article","og_title":"Quase um ano na guerra, oficial teve chance de voltar para casa e negou; saiba o motivo","og_description":"Oleksiy, oficial de infantaria ucraniano de 37 anos, passou 343 dias consecutivos lutando numa zona florestal do leste da regi\u00e3o de Zapor\u00edjia. A miss\u00e3o prevista para durar alguns meses se prolongou por quase um ano, segundo reportagem da CNN Internacional. A decis\u00e3o de permanecer foi volunt\u00e1ria. Contudo, ela n\u00e3o reflete o hero\u00edsmo isolado: reflete a [&hellip;]","og_url":"https:\/\/crusoe.audiencelabs.com.br\/quase-um-ano-na-guerra-oficial-teve-chance-de-voltar-para-casa-e-negou-saiba-o-motivo\/","og_site_name":"Variedades - Cruso\u00e9","article_published_time":"2026-04-27T17:37:43+00:00","author":"Sofia Volpi","twitter_card":"summary_large_image","twitter_misc":{"Escrito por":"Sofia Volpi","Est. tempo de leitura":"3 minutos"},"schema":{"@context":"https:\/\/schema.org","@graph":[{"@type":"WebPage","@id":"https:\/\/crusoe.audiencelabs.com.br\/quase-um-ano-na-guerra-oficial-teve-chance-de-voltar-para-casa-e-negou-saiba-o-motivo\/","url":"https:\/\/crusoe.audiencelabs.com.br\/quase-um-ano-na-guerra-oficial-teve-chance-de-voltar-para-casa-e-negou-saiba-o-motivo\/","name":"Quase um ano na guerra, oficial teve chance de voltar para casa e negou; saiba o motivo","isPartOf":{"@id":"https:\/\/crusoe.audiencelabs.com.br\/#website"},"primaryImageOfPage":{"@id":"https:\/\/crusoe.audiencelabs.com.br\/quase-um-ano-na-guerra-oficial-teve-chance-de-voltar-para-casa-e-negou-saiba-o-motivo\/#primaryimage"},"image":{"@id":"https:\/\/crusoe.audiencelabs.com.br\/quase-um-ano-na-guerra-oficial-teve-chance-de-voltar-para-casa-e-negou-saiba-o-motivo\/#primaryimage"},"thumbnailUrl":"https:\/\/cdn.crusoe.com.br\/uploads\/2026\/04\/ap26115292248740.avif","datePublished":"2026-04-27T17:37:43+00:00","author":{"@id":"https:\/\/crusoe.audiencelabs.com.br\/#\/schema\/person\/9d0fb7a15db57f24b87bef41d034cb04"},"breadcrumb":{"@id":"https:\/\/crusoe.audiencelabs.com.br\/quase-um-ano-na-guerra-oficial-teve-chance-de-voltar-para-casa-e-negou-saiba-o-motivo\/#breadcrumb"},"inLanguage":"pt-BR","potentialAction":[{"@type":"ReadAction","target":["https:\/\/crusoe.audiencelabs.com.br\/quase-um-ano-na-guerra-oficial-teve-chance-de-voltar-para-casa-e-negou-saiba-o-motivo\/"]}]},{"@type":"ImageObject","inLanguage":"pt-BR","@id":"https:\/\/crusoe.audiencelabs.com.br\/quase-um-ano-na-guerra-oficial-teve-chance-de-voltar-para-casa-e-negou-saiba-o-motivo\/#primaryimage","url":"https:\/\/cdn.crusoe.com.br\/uploads\/2026\/04\/ap26115292248740.avif","contentUrl":"https:\/\/cdn.crusoe.com.br\/uploads\/2026\/04\/ap26115292248740.avif","width":1000,"height":667,"caption":"Foto: Mykola Synelnykov\/AP Photo"},{"@type":"BreadcrumbList","@id":"https:\/\/crusoe.audiencelabs.com.br\/quase-um-ano-na-guerra-oficial-teve-chance-de-voltar-para-casa-e-negou-saiba-o-motivo\/#breadcrumb","itemListElement":[{"@type":"ListItem","position":1,"name":"Home","item":"https:\/\/crusoe.audiencelabs.com.br\/"},{"@type":"ListItem","position":2,"name":"Quase um ano na guerra, oficial teve chance de voltar para casa e negou; saiba o motivo"}]},{"@type":"WebSite","@id":"https:\/\/crusoe.audiencelabs.com.br\/#website","url":"https:\/\/crusoe.audiencelabs.com.br\/","name":"Variedades - Cruso\u00e9","description":"","potentialAction":[{"@type":"SearchAction","target":{"@type":"EntryPoint","urlTemplate":"https:\/\/crusoe.audiencelabs.com.br\/?s={search_term_string}"},"query-input":{"@type":"PropertyValueSpecification","valueRequired":true,"valueName":"search_term_string"}}],"inLanguage":"pt-BR"},{"@type":"Person","@id":"https:\/\/crusoe.audiencelabs.com.br\/#\/schema\/person\/9d0fb7a15db57f24b87bef41d034cb04","name":"Sofia Volpi","image":{"@type":"ImageObject","inLanguage":"pt-BR","@id":"https:\/\/crusoe.audiencelabs.com.br\/#\/schema\/person\/image\/","url":"https:\/\/secure.gravatar.com\/avatar\/a34b676379e5491536434fe5f7a9c49c2efbf9be83b707fa9e74568d45d559f8?s=96&d=mm&r=g","contentUrl":"https:\/\/secure.gravatar.com\/avatar\/a34b676379e5491536434fe5f7a9c49c2efbf9be83b707fa9e74568d45d559f8?s=96&d=mm&r=g","caption":"Sofia Volpi"},"description":"Comunicadora, jornalista em forma\u00e7\u00e3o. Apaixonada por esportes e cultura, colunista.","url":"https:\/\/crusoe.audiencelabs.com.br\/author\/sofiavolpi\/"}]}},"_links":{"self":[{"href":"https:\/\/crusoe.audiencelabs.com.br\/wp-json\/wp\/v2\/posts\/37857","targetHints":{"allow":["GET"]}}],"collection":[{"href":"https:\/\/crusoe.audiencelabs.com.br\/wp-json\/wp\/v2\/posts"}],"about":[{"href":"https:\/\/crusoe.audiencelabs.com.br\/wp-json\/wp\/v2\/types\/post"}],"author":[{"embeddable":true,"href":"https:\/\/crusoe.audiencelabs.com.br\/wp-json\/wp\/v2\/users\/17"}],"replies":[{"embeddable":true,"href":"https:\/\/crusoe.audiencelabs.com.br\/wp-json\/wp\/v2\/comments?post=37857"}],"version-history":[{"count":3,"href":"https:\/\/crusoe.audiencelabs.com.br\/wp-json\/wp\/v2\/posts\/37857\/revisions"}],"predecessor-version":[{"id":37866,"href":"https:\/\/crusoe.audiencelabs.com.br\/wp-json\/wp\/v2\/posts\/37857\/revisions\/37866"}],"wp:featuredmedia":[{"embeddable":true,"href":"https:\/\/crusoe.audiencelabs.com.br\/wp-json\/wp\/v2\/media\/37858"}],"wp:attachment":[{"href":"https:\/\/crusoe.audiencelabs.com.br\/wp-json\/wp\/v2\/media?parent=37857"}],"wp:term":[{"taxonomy":"category","embeddable":true,"href":"https:\/\/crusoe.audiencelabs.com.br\/wp-json\/wp\/v2\/categories?post=37857"},{"taxonomy":"post_tag","embeddable":true,"href":"https:\/\/crusoe.audiencelabs.com.br\/wp-json\/wp\/v2\/tags?post=37857"}],"curies":[{"name":"wp","href":"https:\/\/api.w.org\/{rel}","templated":true}]}}