{"id":37847,"date":"2026-04-27T11:31:41","date_gmt":"2026-04-27T14:31:41","guid":{"rendered":"https:\/\/crusoe.audiencelabs.com.br\/?p=37847"},"modified":"2026-04-27T08:53:16","modified_gmt":"2026-04-27T11:53:16","slug":"pensao-e-obrigatoria-mesmo-em-caso-de-desemprego-saiba-o-que-fazer-e-o-que-diz-a-lei","status":"publish","type":"post","link":"https:\/\/crusoe.audiencelabs.com.br\/pensao-e-obrigatoria-mesmo-em-caso-de-desemprego-saiba-o-que-fazer-e-o-que-diz-a-lei\/","title":{"rendered":"Pens\u00e3o \u00e9 obrigat\u00f3ria mesmo em caso de desemprego; saiba o que fazer e o que diz a lei"},"content":{"rendered":"<p><span style=\"font-weight: 400\">Perder o emprego n\u00e3o autoriza o pai a suspender o pagamento da pens\u00e3o aliment\u00edcia. O Superior Tribunal de Justi\u00e7a (STJ) j\u00e1 pacificou esse entendimento: a obriga\u00e7\u00e3o segue v\u00e1lida at\u00e9 que uma decis\u00e3o judicial determine sua revis\u00e3o ou extin\u00e7\u00e3o.<\/span><\/p>\n<p><span style=\"font-weight: 400\">O dever de pagar alimentos tem base no artigo 1.694 do C\u00f3digo Civil, que garante aos filhos o direito de receber sustento dos pais conforme a necessidade de quem recebe e a possibilidade de quem paga. O desemprego altera o segundo fator, mas n\u00e3o extingue o direito.<\/span><\/p>\n<p><span style=\"font-weight: 400\">O Estatuto da Crian\u00e7a e do Adolescente (ECA) refor\u00e7a essa prote\u00e7\u00e3o ao tratar o sustento como direito fundamental da crian\u00e7a. Portanto, a necessidade do filho continua existindo independentemente da situa\u00e7\u00e3o financeira do genitor no momento.<\/span><\/p>\n<h2><span style=\"font-weight: 400\">O que o STJ diz sobre o desemprego<\/span><\/h2>\n<p><span style=\"font-weight: 400\">Em decis\u00f5es reiteradas, o STJ consolidou que o desemprego, por si s\u00f3, n\u00e3o justifica o inadimplemento da pens\u00e3o. A corte entende que a condi\u00e7\u00e3o de desempregado \u00e9, em regra, tempor\u00e1ria, e que o dever de sustento dos filhos tem car\u00e1ter priorit\u00e1rio e incondicional.<\/span><\/p>\n<p><span style=\"font-weight: 400\">Al\u00e9m disso, o nascimento de outro filho tamb\u00e9m n\u00e3o representa, sozinho, motivo suficiente para parar de pagar. <\/span><\/p>\n<p><span style=\"font-weight: 400\">E<\/span><span style=\"font-weight: 400\">ssas situa\u00e7\u00f5es precisam, necessariamente, ser analisadas pelo Judici\u00e1rio antes de qualquer altera\u00e7\u00e3o no valor ou na regularidade dos dep\u00f3sitos.<\/span><\/p>\n<p><span style=\"font-weight: 400\">Quem interrompe os pagamentos por conta pr\u00f3pria acumula d\u00edvida e pode responder com pris\u00e3o civil de at\u00e9 tr\u00eas meses em regime fechado, conforme prev\u00ea o C\u00f3digo de Processo Civil. A penhora de bens e o bloqueio de contas tamb\u00e9m s\u00e3o medidas cab\u00edveis.<\/span><\/p>\n<h2><span style=\"font-weight: 400\">Como pedir a revis\u00e3o do valor<\/span><\/h2>\n<p><span style=\"font-weight: 400\">O caminho correto, conforme\u00a0 legisla\u00e7\u00e3o brasileira \u00e9 entrar com uma A\u00e7\u00e3o Revisional de Alimentos. O dispositivo permite que qualquer das partes pe\u00e7a ao juiz a redu\u00e7\u00e3o, o aumento ou a extin\u00e7\u00e3o da pens\u00e3o quando a situa\u00e7\u00e3o financeira mudar.<\/span><\/p>\n<p><span style=\"font-weight: 400\">A Lei de Alimentos refor\u00e7a esse direito ao afirmar que a decis\u00e3o sobre alimentos n\u00e3o produz coisa julgada material. Isso significa que o valor pode ser revisto a qualquer momento, desde que a nova situa\u00e7\u00e3o financeira seja devidamente comprovada.<\/span><\/p>\n<p><span style=\"font-weight: 400\">Na pr\u00e1tica, o juiz costuma fixar a pens\u00e3o em um percentual do sal\u00e1rio m\u00ednimo quando n\u00e3o h\u00e1 renda formal comprovada. <\/span><\/p>\n<p><span style=\"font-weight: 400\">Enquanto a a\u00e7\u00e3o tramita, contudo, o valor anterior segue vigente e deve ser pago normalmente para evitar a caracteriza\u00e7\u00e3o de inadimpl\u00eancia.<\/span><\/p>\n","protected":false},"excerpt":{"rendered":"<p>Perder o emprego n\u00e3o autoriza o pai a suspender o pagamento da pens\u00e3o aliment\u00edcia. O Superior Tribunal de Justi\u00e7a (STJ) j\u00e1 pacificou esse entendimento: a obriga\u00e7\u00e3o segue v\u00e1lida at\u00e9 que uma decis\u00e3o judicial determine sua revis\u00e3o ou extin\u00e7\u00e3o. O dever de pagar alimentos tem base no artigo 1.694 do C\u00f3digo Civil, que garante aos filhos [&hellip;]<\/p>\n","protected":false},"author":17,"featured_media":37849,"comment_status":"open","ping_status":"open","sticky":false,"template":"","format":"standard","meta":{"jnews-multi-image_gallery":[],"jnews_single_post":{"format":"standard","jnews_video_option_group":[[]],"override":[{"template":"2","parallax":"1","fullscreen":"1","layout":"right-sidebar","sidebar":"default-sidebar","second_sidebar":"default-sidebar","sticky_sidebar":"1","share_position":"hide","share_float_style":"share-monocrhome","show_featured":"1","show_post_meta":"1","show_post_author":"1","show_post_date":"1","post_date_format":"default","post_date_format_custom":"Y\/m\/d","show_post_category":"1","show_post_reading_time":"0","post_reading_time_wpm":"300","post_calculate_word_method":"str_word_count","show_zoom_button":"0","zoom_button_out_step":"2","zoom_button_in_step":"3","show_post_tag":"1","show_popup_post":"1","number_popup_post":"1","show_author_box":"1","show_post_related":"0"}],"image_override":[{"single_post_thumbnail_size":"crop-500","single_post_gallery_size":"crop-500"}],"trending_post_position":"meta","trending_post_label":"Trending","sponsored_post_label":"Sponsored by","disable_ad":"0","subtitle":"STJ reafirma que perda do emprego n\u00e3o extingue a obriga\u00e7\u00e3o alimentar; caminho correto \u00e9 entrar com a\u00e7\u00e3o revisional na Justi\u00e7a"},"jnews_primary_category":[],"jnews_override_counter":{"view_counter_number":"0","share_counter_number":"0","like_counter_number":"0","dislike_counter_number":"0"},"jnews_post_split":{"post_split":[{"template":"1","tag":"h2","numbering":"asc","mode":"normal","first":"0","enable_toc":"0","toc_type":"normal"}]},"footnotes":""},"categories":[1],"tags":[],"class_list":["post-37847","post","type-post","status-publish","format-standard","has-post-thumbnail","hentry","category-geral"],"yoast_head":"<!-- This site is optimized with the Yoast SEO plugin v25.0 - https:\/\/yoast.com\/wordpress\/plugins\/seo\/ -->\n<title>Pens\u00e3o \u00e9 obrigat\u00f3ria mesmo em caso de desemprego; saiba o que fazer e o que diz a lei<\/title>\n<meta name=\"robots\" content=\"index, follow, max-snippet:-1, max-image-preview:large, max-video-preview:-1\" \/>\n<link rel=\"canonical\" href=\"https:\/\/crusoe.audiencelabs.com.br\/pensao-e-obrigatoria-mesmo-em-caso-de-desemprego-saiba-o-que-fazer-e-o-que-diz-a-lei\/\" \/>\n<meta property=\"og:locale\" content=\"pt_BR\" \/>\n<meta property=\"og:type\" content=\"article\" \/>\n<meta property=\"og:title\" content=\"Pens\u00e3o \u00e9 obrigat\u00f3ria mesmo em caso de desemprego; saiba o que fazer e o que diz a lei\" \/>\n<meta property=\"og:description\" content=\"Perder o emprego n\u00e3o autoriza o pai a suspender o pagamento da pens\u00e3o aliment\u00edcia. O Superior Tribunal de Justi\u00e7a (STJ) j\u00e1 pacificou esse entendimento: a obriga\u00e7\u00e3o segue v\u00e1lida at\u00e9 que uma decis\u00e3o judicial determine sua revis\u00e3o ou extin\u00e7\u00e3o. O dever de pagar alimentos tem base no artigo 1.694 do C\u00f3digo Civil, que garante aos filhos [&hellip;]\" \/>\n<meta property=\"og:url\" content=\"https:\/\/crusoe.audiencelabs.com.br\/pensao-e-obrigatoria-mesmo-em-caso-de-desemprego-saiba-o-que-fazer-e-o-que-diz-a-lei\/\" \/>\n<meta property=\"og:site_name\" content=\"Variedades - Cruso\u00e9\" \/>\n<meta property=\"article:published_time\" content=\"2026-04-27T14:31:41+00:00\" \/>\n<meta property=\"og:image\" content=\"https:\/\/cdn.crusoe.com.br\/uploads\/2026\/04\/pexels-tkirkgoz-16509409-scaled.jpg\" \/>\n\t<meta property=\"og:image:width\" content=\"2560\" \/>\n\t<meta property=\"og:image:height\" content=\"1919\" \/>\n\t<meta property=\"og:image:type\" content=\"image\/jpeg\" \/>\n<meta name=\"author\" content=\"Sofia Volpi\" \/>\n<meta name=\"twitter:card\" content=\"summary_large_image\" \/>\n<meta name=\"twitter:label1\" content=\"Escrito por\" \/>\n\t<meta name=\"twitter:data1\" content=\"Sofia Volpi\" \/>\n\t<meta name=\"twitter:label2\" content=\"Est. tempo de leitura\" \/>\n\t<meta name=\"twitter:data2\" content=\"3 minutos\" \/>\n<script type=\"application\/ld+json\" class=\"yoast-schema-graph\">{\"@context\":\"https:\/\/schema.org\",\"@graph\":[{\"@type\":\"WebPage\",\"@id\":\"https:\/\/crusoe.audiencelabs.com.br\/pensao-e-obrigatoria-mesmo-em-caso-de-desemprego-saiba-o-que-fazer-e-o-que-diz-a-lei\/\",\"url\":\"https:\/\/crusoe.audiencelabs.com.br\/pensao-e-obrigatoria-mesmo-em-caso-de-desemprego-saiba-o-que-fazer-e-o-que-diz-a-lei\/\",\"name\":\"Pens\u00e3o \u00e9 obrigat\u00f3ria mesmo em caso de desemprego; saiba o que fazer e o que diz a lei\",\"isPartOf\":{\"@id\":\"https:\/\/crusoe.audiencelabs.com.br\/#website\"},\"primaryImageOfPage\":{\"@id\":\"https:\/\/crusoe.audiencelabs.com.br\/pensao-e-obrigatoria-mesmo-em-caso-de-desemprego-saiba-o-que-fazer-e-o-que-diz-a-lei\/#primaryimage\"},\"image\":{\"@id\":\"https:\/\/crusoe.audiencelabs.com.br\/pensao-e-obrigatoria-mesmo-em-caso-de-desemprego-saiba-o-que-fazer-e-o-que-diz-a-lei\/#primaryimage\"},\"thumbnailUrl\":\"https:\/\/cdn.crusoe.com.br\/uploads\/2026\/04\/pexels-tkirkgoz-16509409-scaled.jpg\",\"datePublished\":\"2026-04-27T14:31:41+00:00\",\"author\":{\"@id\":\"https:\/\/crusoe.audiencelabs.com.br\/#\/schema\/person\/9d0fb7a15db57f24b87bef41d034cb04\"},\"breadcrumb\":{\"@id\":\"https:\/\/crusoe.audiencelabs.com.br\/pensao-e-obrigatoria-mesmo-em-caso-de-desemprego-saiba-o-que-fazer-e-o-que-diz-a-lei\/#breadcrumb\"},\"inLanguage\":\"pt-BR\",\"potentialAction\":[{\"@type\":\"ReadAction\",\"target\":[\"https:\/\/crusoe.audiencelabs.com.br\/pensao-e-obrigatoria-mesmo-em-caso-de-desemprego-saiba-o-que-fazer-e-o-que-diz-a-lei\/\"]}]},{\"@type\":\"ImageObject\",\"inLanguage\":\"pt-BR\",\"@id\":\"https:\/\/crusoe.audiencelabs.com.br\/pensao-e-obrigatoria-mesmo-em-caso-de-desemprego-saiba-o-que-fazer-e-o-que-diz-a-lei\/#primaryimage\",\"url\":\"https:\/\/cdn.crusoe.com.br\/uploads\/2026\/04\/pexels-tkirkgoz-16509409-scaled.jpg\",\"contentUrl\":\"https:\/\/cdn.crusoe.com.br\/uploads\/2026\/04\/pexels-tkirkgoz-16509409-scaled.jpg\",\"width\":2560,\"height\":1919,\"caption\":\"Foto: Pexels\"},{\"@type\":\"BreadcrumbList\",\"@id\":\"https:\/\/crusoe.audiencelabs.com.br\/pensao-e-obrigatoria-mesmo-em-caso-de-desemprego-saiba-o-que-fazer-e-o-que-diz-a-lei\/#breadcrumb\",\"itemListElement\":[{\"@type\":\"ListItem\",\"position\":1,\"name\":\"Home\",\"item\":\"https:\/\/crusoe.audiencelabs.com.br\/\"},{\"@type\":\"ListItem\",\"position\":2,\"name\":\"Pens\u00e3o \u00e9 obrigat\u00f3ria mesmo em caso de desemprego; saiba o que fazer e o que diz a lei\"}]},{\"@type\":\"WebSite\",\"@id\":\"https:\/\/crusoe.audiencelabs.com.br\/#website\",\"url\":\"https:\/\/crusoe.audiencelabs.com.br\/\",\"name\":\"Variedades - Cruso\u00e9\",\"description\":\"\",\"potentialAction\":[{\"@type\":\"SearchAction\",\"target\":{\"@type\":\"EntryPoint\",\"urlTemplate\":\"https:\/\/crusoe.audiencelabs.com.br\/?s={search_term_string}\"},\"query-input\":{\"@type\":\"PropertyValueSpecification\",\"valueRequired\":true,\"valueName\":\"search_term_string\"}}],\"inLanguage\":\"pt-BR\"},{\"@type\":\"Person\",\"@id\":\"https:\/\/crusoe.audiencelabs.com.br\/#\/schema\/person\/9d0fb7a15db57f24b87bef41d034cb04\",\"name\":\"Sofia Volpi\",\"image\":{\"@type\":\"ImageObject\",\"inLanguage\":\"pt-BR\",\"@id\":\"https:\/\/crusoe.audiencelabs.com.br\/#\/schema\/person\/image\/\",\"url\":\"https:\/\/secure.gravatar.com\/avatar\/a34b676379e5491536434fe5f7a9c49c2efbf9be83b707fa9e74568d45d559f8?s=96&d=mm&r=g\",\"contentUrl\":\"https:\/\/secure.gravatar.com\/avatar\/a34b676379e5491536434fe5f7a9c49c2efbf9be83b707fa9e74568d45d559f8?s=96&d=mm&r=g\",\"caption\":\"Sofia Volpi\"},\"description\":\"Comunicadora, jornalista em forma\u00e7\u00e3o. Apaixonada por esportes e cultura, colunista.\",\"url\":\"https:\/\/crusoe.audiencelabs.com.br\/author\/sofiavolpi\/\"}]}<\/script>\n<!-- \/ Yoast SEO plugin. -->","yoast_head_json":{"title":"Pens\u00e3o \u00e9 obrigat\u00f3ria mesmo em caso de desemprego; saiba o que fazer e o que diz a lei","robots":{"index":"index","follow":"follow","max-snippet":"max-snippet:-1","max-image-preview":"max-image-preview:large","max-video-preview":"max-video-preview:-1"},"canonical":"https:\/\/crusoe.audiencelabs.com.br\/pensao-e-obrigatoria-mesmo-em-caso-de-desemprego-saiba-o-que-fazer-e-o-que-diz-a-lei\/","og_locale":"pt_BR","og_type":"article","og_title":"Pens\u00e3o \u00e9 obrigat\u00f3ria mesmo em caso de desemprego; saiba o que fazer e o que diz a lei","og_description":"Perder o emprego n\u00e3o autoriza o pai a suspender o pagamento da pens\u00e3o aliment\u00edcia. O Superior Tribunal de Justi\u00e7a (STJ) j\u00e1 pacificou esse entendimento: a obriga\u00e7\u00e3o segue v\u00e1lida at\u00e9 que uma decis\u00e3o judicial determine sua revis\u00e3o ou extin\u00e7\u00e3o. O dever de pagar alimentos tem base no artigo 1.694 do C\u00f3digo Civil, que garante aos filhos [&hellip;]","og_url":"https:\/\/crusoe.audiencelabs.com.br\/pensao-e-obrigatoria-mesmo-em-caso-de-desemprego-saiba-o-que-fazer-e-o-que-diz-a-lei\/","og_site_name":"Variedades - Cruso\u00e9","article_published_time":"2026-04-27T14:31:41+00:00","og_image":[{"width":2560,"height":1919,"url":"https:\/\/cdn.crusoe.com.br\/uploads\/2026\/04\/pexels-tkirkgoz-16509409-scaled.jpg","type":"image\/jpeg"}],"author":"Sofia Volpi","twitter_card":"summary_large_image","twitter_misc":{"Escrito por":"Sofia Volpi","Est. tempo de leitura":"3 minutos"},"schema":{"@context":"https:\/\/schema.org","@graph":[{"@type":"WebPage","@id":"https:\/\/crusoe.audiencelabs.com.br\/pensao-e-obrigatoria-mesmo-em-caso-de-desemprego-saiba-o-que-fazer-e-o-que-diz-a-lei\/","url":"https:\/\/crusoe.audiencelabs.com.br\/pensao-e-obrigatoria-mesmo-em-caso-de-desemprego-saiba-o-que-fazer-e-o-que-diz-a-lei\/","name":"Pens\u00e3o \u00e9 obrigat\u00f3ria mesmo em caso de desemprego; saiba o que fazer e o que diz a lei","isPartOf":{"@id":"https:\/\/crusoe.audiencelabs.com.br\/#website"},"primaryImageOfPage":{"@id":"https:\/\/crusoe.audiencelabs.com.br\/pensao-e-obrigatoria-mesmo-em-caso-de-desemprego-saiba-o-que-fazer-e-o-que-diz-a-lei\/#primaryimage"},"image":{"@id":"https:\/\/crusoe.audiencelabs.com.br\/pensao-e-obrigatoria-mesmo-em-caso-de-desemprego-saiba-o-que-fazer-e-o-que-diz-a-lei\/#primaryimage"},"thumbnailUrl":"https:\/\/cdn.crusoe.com.br\/uploads\/2026\/04\/pexels-tkirkgoz-16509409-scaled.jpg","datePublished":"2026-04-27T14:31:41+00:00","author":{"@id":"https:\/\/crusoe.audiencelabs.com.br\/#\/schema\/person\/9d0fb7a15db57f24b87bef41d034cb04"},"breadcrumb":{"@id":"https:\/\/crusoe.audiencelabs.com.br\/pensao-e-obrigatoria-mesmo-em-caso-de-desemprego-saiba-o-que-fazer-e-o-que-diz-a-lei\/#breadcrumb"},"inLanguage":"pt-BR","potentialAction":[{"@type":"ReadAction","target":["https:\/\/crusoe.audiencelabs.com.br\/pensao-e-obrigatoria-mesmo-em-caso-de-desemprego-saiba-o-que-fazer-e-o-que-diz-a-lei\/"]}]},{"@type":"ImageObject","inLanguage":"pt-BR","@id":"https:\/\/crusoe.audiencelabs.com.br\/pensao-e-obrigatoria-mesmo-em-caso-de-desemprego-saiba-o-que-fazer-e-o-que-diz-a-lei\/#primaryimage","url":"https:\/\/cdn.crusoe.com.br\/uploads\/2026\/04\/pexels-tkirkgoz-16509409-scaled.jpg","contentUrl":"https:\/\/cdn.crusoe.com.br\/uploads\/2026\/04\/pexels-tkirkgoz-16509409-scaled.jpg","width":2560,"height":1919,"caption":"Foto: Pexels"},{"@type":"BreadcrumbList","@id":"https:\/\/crusoe.audiencelabs.com.br\/pensao-e-obrigatoria-mesmo-em-caso-de-desemprego-saiba-o-que-fazer-e-o-que-diz-a-lei\/#breadcrumb","itemListElement":[{"@type":"ListItem","position":1,"name":"Home","item":"https:\/\/crusoe.audiencelabs.com.br\/"},{"@type":"ListItem","position":2,"name":"Pens\u00e3o \u00e9 obrigat\u00f3ria mesmo em caso de desemprego; saiba o que fazer e o que diz a lei"}]},{"@type":"WebSite","@id":"https:\/\/crusoe.audiencelabs.com.br\/#website","url":"https:\/\/crusoe.audiencelabs.com.br\/","name":"Variedades - Cruso\u00e9","description":"","potentialAction":[{"@type":"SearchAction","target":{"@type":"EntryPoint","urlTemplate":"https:\/\/crusoe.audiencelabs.com.br\/?s={search_term_string}"},"query-input":{"@type":"PropertyValueSpecification","valueRequired":true,"valueName":"search_term_string"}}],"inLanguage":"pt-BR"},{"@type":"Person","@id":"https:\/\/crusoe.audiencelabs.com.br\/#\/schema\/person\/9d0fb7a15db57f24b87bef41d034cb04","name":"Sofia Volpi","image":{"@type":"ImageObject","inLanguage":"pt-BR","@id":"https:\/\/crusoe.audiencelabs.com.br\/#\/schema\/person\/image\/","url":"https:\/\/secure.gravatar.com\/avatar\/a34b676379e5491536434fe5f7a9c49c2efbf9be83b707fa9e74568d45d559f8?s=96&d=mm&r=g","contentUrl":"https:\/\/secure.gravatar.com\/avatar\/a34b676379e5491536434fe5f7a9c49c2efbf9be83b707fa9e74568d45d559f8?s=96&d=mm&r=g","caption":"Sofia Volpi"},"description":"Comunicadora, jornalista em forma\u00e7\u00e3o. Apaixonada por esportes e cultura, colunista.","url":"https:\/\/crusoe.audiencelabs.com.br\/author\/sofiavolpi\/"}]}},"_links":{"self":[{"href":"https:\/\/crusoe.audiencelabs.com.br\/wp-json\/wp\/v2\/posts\/37847","targetHints":{"allow":["GET"]}}],"collection":[{"href":"https:\/\/crusoe.audiencelabs.com.br\/wp-json\/wp\/v2\/posts"}],"about":[{"href":"https:\/\/crusoe.audiencelabs.com.br\/wp-json\/wp\/v2\/types\/post"}],"author":[{"embeddable":true,"href":"https:\/\/crusoe.audiencelabs.com.br\/wp-json\/wp\/v2\/users\/17"}],"replies":[{"embeddable":true,"href":"https:\/\/crusoe.audiencelabs.com.br\/wp-json\/wp\/v2\/comments?post=37847"}],"version-history":[{"count":2,"href":"https:\/\/crusoe.audiencelabs.com.br\/wp-json\/wp\/v2\/posts\/37847\/revisions"}],"predecessor-version":[{"id":37851,"href":"https:\/\/crusoe.audiencelabs.com.br\/wp-json\/wp\/v2\/posts\/37847\/revisions\/37851"}],"wp:featuredmedia":[{"embeddable":true,"href":"https:\/\/crusoe.audiencelabs.com.br\/wp-json\/wp\/v2\/media\/37849"}],"wp:attachment":[{"href":"https:\/\/crusoe.audiencelabs.com.br\/wp-json\/wp\/v2\/media?parent=37847"}],"wp:term":[{"taxonomy":"category","embeddable":true,"href":"https:\/\/crusoe.audiencelabs.com.br\/wp-json\/wp\/v2\/categories?post=37847"},{"taxonomy":"post_tag","embeddable":true,"href":"https:\/\/crusoe.audiencelabs.com.br\/wp-json\/wp\/v2\/tags?post=37847"}],"curies":[{"name":"wp","href":"https:\/\/api.w.org\/{rel}","templated":true}]}}