{"id":37842,"date":"2026-04-27T09:33:14","date_gmt":"2026-04-27T12:33:14","guid":{"rendered":"https:\/\/crusoe.audiencelabs.com.br\/?p=37842"},"modified":"2026-04-27T08:31:57","modified_gmt":"2026-04-27T11:31:57","slug":"trabalhador-conquista-novo-direito-que-impacta-diretamente-no-pagamento-e-na-carga-horaria","status":"publish","type":"post","link":"https:\/\/crusoe.audiencelabs.com.br\/trabalhador-conquista-novo-direito-que-impacta-diretamente-no-pagamento-e-na-carga-horaria\/","title":{"rendered":"Trabalhador conquista novo direito que impacta diretamente no pagamento e na carga hor\u00e1ria"},"content":{"rendered":"<p><span style=\"font-weight: 400\">Desde 1\u00ba de mar\u00e7o de 2026, trabalhadores do setor comercial t\u00eam um direito a mais garantido por lei. A Portaria MTE n\u00ba 3.665\/2023 pro\u00edbe que empresas usem acordos individuais para convocar funcion\u00e1rios nos domingos e feriados.<\/span><\/p>\n<p><span style=\"font-weight: 400\">Com a mudan\u00e7a, o com\u00e9rcio varejista e atacadista s\u00f3 pode abrir nessas datas se contar com conven\u00e7\u00e3o coletiva firmada com o sindicato da categoria.\u00a0<\/span><\/p>\n<p><span style=\"font-weight: 400\">Sem esse documento, o estabelecimento precisa permanecer fechado para n\u00e3o incorrer em irregularidades.<\/span><\/p>\n<p><span style=\"font-weight: 400\">Al\u00e9m disso, a regra refor\u00e7a um direito j\u00e1 previsto na CLT: quem trabalha no domingo ou feriado tem direito a pagamento em dobro ou a uma folga compensat\u00f3ria na mesma semana. A escolha entre uma ou outra depende do que o acordo coletivo estabelece.<\/span><\/p>\n<h2><span style=\"font-weight: 400\">Como funciona na pr\u00e1tica<\/span><\/h2>\n<p><span style=\"font-weight: 400\">O pagamento em dobro equivale a um adicional de 100% sobre a hora normal. Ou seja, se o trabalhador recebe R$10 por hora, passa a receber R$20 por cada hora trabalhada no feriado sem compensa\u00e7\u00e3o em folga.<\/span><\/p>\n<p><span style=\"font-weight: 400\">A folga compensat\u00f3ria, por sua vez, deve ocorrer dentro da mesma semana, antes de o trabalhador completar sete dias consecutivos de servi\u00e7o. Caso a empresa ignore as duas op\u00e7\u00f5es, responde por infra\u00e7\u00e3o trabalhista e pode enfrentar a\u00e7\u00e3o judicial.<\/span><\/p>\n<p><span style=\"font-weight: 400\">Setores essenciais, como sa\u00fade, seguran\u00e7a p\u00fablica e transporte, continuam autorizados a funcionar nesses dias sem precisar de acordo sindical.\u00a0<\/span><\/p>\n<p><span style=\"font-weight: 400\">O mesmo vale para feiras livres e escalas 12&#215;36 j\u00e1 previstas em contrato.<\/span><\/p>\n<h2><span style=\"font-weight: 400\">Aten\u00e7\u00e3o ao prazo no com\u00e9rcio<\/span><\/h2>\n<p><span style=\"font-weight: 400\">Para empresas do com\u00e9rcio que ainda n\u00e3o formalizaram conv\u00eanio com o sindicato, o prazo para se adequar corre. A recomenda\u00e7\u00e3o de especialistas em direito trabalhista \u00e9 acionar o sindicato patronal antes das pr\u00f3ximas datas comemorativas do calend\u00e1rio.<\/span><\/p>\n<p><span style=\"font-weight: 400\">O descumprimento gera multas administrativas que variam conforme o n\u00famero de trabalhadores convocados de forma irregular. Portanto, organizar escalas e consultar a conven\u00e7\u00e3o coletiva vigente deixaram de ser op\u00e7\u00f5es e passaram a ser obriga\u00e7\u00e3o legal.<\/span><\/p>\n","protected":false},"excerpt":{"rendered":"<p>Desde 1\u00ba de mar\u00e7o de 2026, trabalhadores do setor comercial t\u00eam um direito a mais garantido por lei. A Portaria MTE n\u00ba 3.665\/2023 pro\u00edbe que empresas usem acordos individuais para convocar funcion\u00e1rios nos domingos e feriados. Com a mudan\u00e7a, o com\u00e9rcio varejista e atacadista s\u00f3 pode abrir nessas datas se contar com conven\u00e7\u00e3o coletiva firmada [&hellip;]<\/p>\n","protected":false},"author":17,"featured_media":37845,"comment_status":"open","ping_status":"open","sticky":false,"template":"","format":"standard","meta":{"jnews-multi-image_gallery":[],"jnews_single_post":{"format":"standard","jnews_video_option_group":[[]],"override":[{"template":"2","parallax":"1","fullscreen":"1","layout":"right-sidebar","sidebar":"default-sidebar","second_sidebar":"default-sidebar","sticky_sidebar":"1","share_position":"hide","share_float_style":"share-monocrhome","show_featured":"1","show_post_meta":"1","show_post_author":"1","show_post_date":"1","post_date_format":"default","post_date_format_custom":"Y\/m\/d","show_post_category":"1","show_post_reading_time":"0","post_reading_time_wpm":"300","post_calculate_word_method":"str_word_count","show_zoom_button":"0","zoom_button_out_step":"2","zoom_button_in_step":"3","show_post_tag":"1","show_popup_post":"1","number_popup_post":"1","show_author_box":"1","show_post_related":"0"}],"image_override":[{"single_post_thumbnail_size":"crop-500","single_post_gallery_size":"crop-500"}],"trending_post_position":"meta","trending_post_label":"Trending","sponsored_post_label":"Sponsored by","disable_ad":"0","subtitle":"Nova portaria em vigor desde mar\u00e7o obriga empresas do com\u00e9rcio a ter acordo sindical para escalar funcion\u00e1rios aos domingos e feriados"},"jnews_primary_category":[],"jnews_override_counter":{"view_counter_number":"0","share_counter_number":"0","like_counter_number":"0","dislike_counter_number":"0"},"jnews_post_split":{"post_split":[{"template":"1","tag":"h2","numbering":"asc","mode":"normal","first":"0","enable_toc":"0","toc_type":"normal"}]},"footnotes":""},"categories":[1],"tags":[],"class_list":["post-37842","post","type-post","status-publish","format-standard","has-post-thumbnail","hentry","category-geral"],"yoast_head":"<!-- This site is optimized with the Yoast SEO plugin v25.0 - https:\/\/yoast.com\/wordpress\/plugins\/seo\/ -->\n<title>Trabalhador conquista novo direito que impacta diretamente no pagamento e na carga hor\u00e1ria<\/title>\n<meta name=\"robots\" content=\"index, follow, max-snippet:-1, max-image-preview:large, max-video-preview:-1\" \/>\n<link rel=\"canonical\" href=\"https:\/\/crusoe.audiencelabs.com.br\/trabalhador-conquista-novo-direito-que-impacta-diretamente-no-pagamento-e-na-carga-horaria\/\" \/>\n<meta property=\"og:locale\" content=\"pt_BR\" \/>\n<meta property=\"og:type\" content=\"article\" \/>\n<meta property=\"og:title\" content=\"Trabalhador conquista novo direito que impacta diretamente no pagamento e na carga hor\u00e1ria\" \/>\n<meta property=\"og:description\" content=\"Desde 1\u00ba de mar\u00e7o de 2026, trabalhadores do setor comercial t\u00eam um direito a mais garantido por lei. A Portaria MTE n\u00ba 3.665\/2023 pro\u00edbe que empresas usem acordos individuais para convocar funcion\u00e1rios nos domingos e feriados. Com a mudan\u00e7a, o com\u00e9rcio varejista e atacadista s\u00f3 pode abrir nessas datas se contar com conven\u00e7\u00e3o coletiva firmada [&hellip;]\" \/>\n<meta property=\"og:url\" content=\"https:\/\/crusoe.audiencelabs.com.br\/trabalhador-conquista-novo-direito-que-impacta-diretamente-no-pagamento-e-na-carga-horaria\/\" \/>\n<meta property=\"og:site_name\" content=\"Variedades - Cruso\u00e9\" \/>\n<meta property=\"article:published_time\" content=\"2026-04-27T12:33:14+00:00\" \/>\n<meta property=\"og:image\" content=\"https:\/\/cdn.crusoe.com.br\/uploads\/2026\/04\/pzzb2986.webp\" \/>\n\t<meta property=\"og:image:width\" content=\"770\" \/>\n\t<meta property=\"og:image:height\" content=\"513\" \/>\n\t<meta property=\"og:image:type\" content=\"image\/webp\" \/>\n<meta name=\"author\" content=\"Sofia Volpi\" \/>\n<meta name=\"twitter:card\" content=\"summary_large_image\" \/>\n<meta name=\"twitter:label1\" content=\"Escrito por\" \/>\n\t<meta name=\"twitter:data1\" content=\"Sofia Volpi\" \/>\n\t<meta name=\"twitter:label2\" content=\"Est. tempo de leitura\" \/>\n\t<meta name=\"twitter:data2\" content=\"2 minutos\" \/>\n<script type=\"application\/ld+json\" class=\"yoast-schema-graph\">{\"@context\":\"https:\/\/schema.org\",\"@graph\":[{\"@type\":\"WebPage\",\"@id\":\"https:\/\/crusoe.audiencelabs.com.br\/trabalhador-conquista-novo-direito-que-impacta-diretamente-no-pagamento-e-na-carga-horaria\/\",\"url\":\"https:\/\/crusoe.audiencelabs.com.br\/trabalhador-conquista-novo-direito-que-impacta-diretamente-no-pagamento-e-na-carga-horaria\/\",\"name\":\"Trabalhador conquista novo direito que impacta diretamente no pagamento e na carga hor\u00e1ria\",\"isPartOf\":{\"@id\":\"https:\/\/crusoe.audiencelabs.com.br\/#website\"},\"primaryImageOfPage\":{\"@id\":\"https:\/\/crusoe.audiencelabs.com.br\/trabalhador-conquista-novo-direito-que-impacta-diretamente-no-pagamento-e-na-carga-horaria\/#primaryimage\"},\"image\":{\"@id\":\"https:\/\/crusoe.audiencelabs.com.br\/trabalhador-conquista-novo-direito-que-impacta-diretamente-no-pagamento-e-na-carga-horaria\/#primaryimage\"},\"thumbnailUrl\":\"https:\/\/cdn.crusoe.com.br\/uploads\/2026\/04\/pzzb2986.webp\",\"datePublished\":\"2026-04-27T12:33:14+00:00\",\"author\":{\"@id\":\"https:\/\/crusoe.audiencelabs.com.br\/#\/schema\/person\/9d0fb7a15db57f24b87bef41d034cb04\"},\"breadcrumb\":{\"@id\":\"https:\/\/crusoe.audiencelabs.com.br\/trabalhador-conquista-novo-direito-que-impacta-diretamente-no-pagamento-e-na-carga-horaria\/#breadcrumb\"},\"inLanguage\":\"pt-BR\",\"potentialAction\":[{\"@type\":\"ReadAction\",\"target\":[\"https:\/\/crusoe.audiencelabs.com.br\/trabalhador-conquista-novo-direito-que-impacta-diretamente-no-pagamento-e-na-carga-horaria\/\"]}]},{\"@type\":\"ImageObject\",\"inLanguage\":\"pt-BR\",\"@id\":\"https:\/\/crusoe.audiencelabs.com.br\/trabalhador-conquista-novo-direito-que-impacta-diretamente-no-pagamento-e-na-carga-horaria\/#primaryimage\",\"url\":\"https:\/\/cdn.crusoe.com.br\/uploads\/2026\/04\/pzzb2986.webp\",\"contentUrl\":\"https:\/\/cdn.crusoe.com.br\/uploads\/2026\/04\/pzzb2986.webp\",\"width\":770,\"height\":513,\"caption\":\"Foto: Fabio Rodrigues-Pozzebom\/Ag\u00eancia Brasil\"},{\"@type\":\"BreadcrumbList\",\"@id\":\"https:\/\/crusoe.audiencelabs.com.br\/trabalhador-conquista-novo-direito-que-impacta-diretamente-no-pagamento-e-na-carga-horaria\/#breadcrumb\",\"itemListElement\":[{\"@type\":\"ListItem\",\"position\":1,\"name\":\"Home\",\"item\":\"https:\/\/crusoe.audiencelabs.com.br\/\"},{\"@type\":\"ListItem\",\"position\":2,\"name\":\"Trabalhador conquista novo direito que impacta diretamente no pagamento e na carga hor\u00e1ria\"}]},{\"@type\":\"WebSite\",\"@id\":\"https:\/\/crusoe.audiencelabs.com.br\/#website\",\"url\":\"https:\/\/crusoe.audiencelabs.com.br\/\",\"name\":\"Variedades - Cruso\u00e9\",\"description\":\"\",\"potentialAction\":[{\"@type\":\"SearchAction\",\"target\":{\"@type\":\"EntryPoint\",\"urlTemplate\":\"https:\/\/crusoe.audiencelabs.com.br\/?s={search_term_string}\"},\"query-input\":{\"@type\":\"PropertyValueSpecification\",\"valueRequired\":true,\"valueName\":\"search_term_string\"}}],\"inLanguage\":\"pt-BR\"},{\"@type\":\"Person\",\"@id\":\"https:\/\/crusoe.audiencelabs.com.br\/#\/schema\/person\/9d0fb7a15db57f24b87bef41d034cb04\",\"name\":\"Sofia Volpi\",\"image\":{\"@type\":\"ImageObject\",\"inLanguage\":\"pt-BR\",\"@id\":\"https:\/\/crusoe.audiencelabs.com.br\/#\/schema\/person\/image\/\",\"url\":\"https:\/\/secure.gravatar.com\/avatar\/a34b676379e5491536434fe5f7a9c49c2efbf9be83b707fa9e74568d45d559f8?s=96&d=mm&r=g\",\"contentUrl\":\"https:\/\/secure.gravatar.com\/avatar\/a34b676379e5491536434fe5f7a9c49c2efbf9be83b707fa9e74568d45d559f8?s=96&d=mm&r=g\",\"caption\":\"Sofia Volpi\"},\"description\":\"Comunicadora, jornalista em forma\u00e7\u00e3o. Apaixonada por esportes e cultura, colunista.\",\"url\":\"https:\/\/crusoe.audiencelabs.com.br\/author\/sofiavolpi\/\"}]}<\/script>\n<!-- \/ Yoast SEO plugin. -->","yoast_head_json":{"title":"Trabalhador conquista novo direito que impacta diretamente no pagamento e na carga hor\u00e1ria","robots":{"index":"index","follow":"follow","max-snippet":"max-snippet:-1","max-image-preview":"max-image-preview:large","max-video-preview":"max-video-preview:-1"},"canonical":"https:\/\/crusoe.audiencelabs.com.br\/trabalhador-conquista-novo-direito-que-impacta-diretamente-no-pagamento-e-na-carga-horaria\/","og_locale":"pt_BR","og_type":"article","og_title":"Trabalhador conquista novo direito que impacta diretamente no pagamento e na carga hor\u00e1ria","og_description":"Desde 1\u00ba de mar\u00e7o de 2026, trabalhadores do setor comercial t\u00eam um direito a mais garantido por lei. A Portaria MTE n\u00ba 3.665\/2023 pro\u00edbe que empresas usem acordos individuais para convocar funcion\u00e1rios nos domingos e feriados. Com a mudan\u00e7a, o com\u00e9rcio varejista e atacadista s\u00f3 pode abrir nessas datas se contar com conven\u00e7\u00e3o coletiva firmada [&hellip;]","og_url":"https:\/\/crusoe.audiencelabs.com.br\/trabalhador-conquista-novo-direito-que-impacta-diretamente-no-pagamento-e-na-carga-horaria\/","og_site_name":"Variedades - Cruso\u00e9","article_published_time":"2026-04-27T12:33:14+00:00","og_image":[{"width":770,"height":513,"url":"https:\/\/cdn.crusoe.com.br\/uploads\/2026\/04\/pzzb2986.webp","type":"image\/webp"}],"author":"Sofia Volpi","twitter_card":"summary_large_image","twitter_misc":{"Escrito por":"Sofia Volpi","Est. tempo de leitura":"2 minutos"},"schema":{"@context":"https:\/\/schema.org","@graph":[{"@type":"WebPage","@id":"https:\/\/crusoe.audiencelabs.com.br\/trabalhador-conquista-novo-direito-que-impacta-diretamente-no-pagamento-e-na-carga-horaria\/","url":"https:\/\/crusoe.audiencelabs.com.br\/trabalhador-conquista-novo-direito-que-impacta-diretamente-no-pagamento-e-na-carga-horaria\/","name":"Trabalhador conquista novo direito que impacta diretamente no pagamento e na carga hor\u00e1ria","isPartOf":{"@id":"https:\/\/crusoe.audiencelabs.com.br\/#website"},"primaryImageOfPage":{"@id":"https:\/\/crusoe.audiencelabs.com.br\/trabalhador-conquista-novo-direito-que-impacta-diretamente-no-pagamento-e-na-carga-horaria\/#primaryimage"},"image":{"@id":"https:\/\/crusoe.audiencelabs.com.br\/trabalhador-conquista-novo-direito-que-impacta-diretamente-no-pagamento-e-na-carga-horaria\/#primaryimage"},"thumbnailUrl":"https:\/\/cdn.crusoe.com.br\/uploads\/2026\/04\/pzzb2986.webp","datePublished":"2026-04-27T12:33:14+00:00","author":{"@id":"https:\/\/crusoe.audiencelabs.com.br\/#\/schema\/person\/9d0fb7a15db57f24b87bef41d034cb04"},"breadcrumb":{"@id":"https:\/\/crusoe.audiencelabs.com.br\/trabalhador-conquista-novo-direito-que-impacta-diretamente-no-pagamento-e-na-carga-horaria\/#breadcrumb"},"inLanguage":"pt-BR","potentialAction":[{"@type":"ReadAction","target":["https:\/\/crusoe.audiencelabs.com.br\/trabalhador-conquista-novo-direito-que-impacta-diretamente-no-pagamento-e-na-carga-horaria\/"]}]},{"@type":"ImageObject","inLanguage":"pt-BR","@id":"https:\/\/crusoe.audiencelabs.com.br\/trabalhador-conquista-novo-direito-que-impacta-diretamente-no-pagamento-e-na-carga-horaria\/#primaryimage","url":"https:\/\/cdn.crusoe.com.br\/uploads\/2026\/04\/pzzb2986.webp","contentUrl":"https:\/\/cdn.crusoe.com.br\/uploads\/2026\/04\/pzzb2986.webp","width":770,"height":513,"caption":"Foto: Fabio Rodrigues-Pozzebom\/Ag\u00eancia Brasil"},{"@type":"BreadcrumbList","@id":"https:\/\/crusoe.audiencelabs.com.br\/trabalhador-conquista-novo-direito-que-impacta-diretamente-no-pagamento-e-na-carga-horaria\/#breadcrumb","itemListElement":[{"@type":"ListItem","position":1,"name":"Home","item":"https:\/\/crusoe.audiencelabs.com.br\/"},{"@type":"ListItem","position":2,"name":"Trabalhador conquista novo direito que impacta diretamente no pagamento e na carga hor\u00e1ria"}]},{"@type":"WebSite","@id":"https:\/\/crusoe.audiencelabs.com.br\/#website","url":"https:\/\/crusoe.audiencelabs.com.br\/","name":"Variedades - Cruso\u00e9","description":"","potentialAction":[{"@type":"SearchAction","target":{"@type":"EntryPoint","urlTemplate":"https:\/\/crusoe.audiencelabs.com.br\/?s={search_term_string}"},"query-input":{"@type":"PropertyValueSpecification","valueRequired":true,"valueName":"search_term_string"}}],"inLanguage":"pt-BR"},{"@type":"Person","@id":"https:\/\/crusoe.audiencelabs.com.br\/#\/schema\/person\/9d0fb7a15db57f24b87bef41d034cb04","name":"Sofia Volpi","image":{"@type":"ImageObject","inLanguage":"pt-BR","@id":"https:\/\/crusoe.audiencelabs.com.br\/#\/schema\/person\/image\/","url":"https:\/\/secure.gravatar.com\/avatar\/a34b676379e5491536434fe5f7a9c49c2efbf9be83b707fa9e74568d45d559f8?s=96&d=mm&r=g","contentUrl":"https:\/\/secure.gravatar.com\/avatar\/a34b676379e5491536434fe5f7a9c49c2efbf9be83b707fa9e74568d45d559f8?s=96&d=mm&r=g","caption":"Sofia Volpi"},"description":"Comunicadora, jornalista em forma\u00e7\u00e3o. Apaixonada por esportes e cultura, colunista.","url":"https:\/\/crusoe.audiencelabs.com.br\/author\/sofiavolpi\/"}]}},"_links":{"self":[{"href":"https:\/\/crusoe.audiencelabs.com.br\/wp-json\/wp\/v2\/posts\/37842","targetHints":{"allow":["GET"]}}],"collection":[{"href":"https:\/\/crusoe.audiencelabs.com.br\/wp-json\/wp\/v2\/posts"}],"about":[{"href":"https:\/\/crusoe.audiencelabs.com.br\/wp-json\/wp\/v2\/types\/post"}],"author":[{"embeddable":true,"href":"https:\/\/crusoe.audiencelabs.com.br\/wp-json\/wp\/v2\/users\/17"}],"replies":[{"embeddable":true,"href":"https:\/\/crusoe.audiencelabs.com.br\/wp-json\/wp\/v2\/comments?post=37842"}],"version-history":[{"count":1,"href":"https:\/\/crusoe.audiencelabs.com.br\/wp-json\/wp\/v2\/posts\/37842\/revisions"}],"predecessor-version":[{"id":37846,"href":"https:\/\/crusoe.audiencelabs.com.br\/wp-json\/wp\/v2\/posts\/37842\/revisions\/37846"}],"wp:featuredmedia":[{"embeddable":true,"href":"https:\/\/crusoe.audiencelabs.com.br\/wp-json\/wp\/v2\/media\/37845"}],"wp:attachment":[{"href":"https:\/\/crusoe.audiencelabs.com.br\/wp-json\/wp\/v2\/media?parent=37842"}],"wp:term":[{"taxonomy":"category","embeddable":true,"href":"https:\/\/crusoe.audiencelabs.com.br\/wp-json\/wp\/v2\/categories?post=37842"},{"taxonomy":"post_tag","embeddable":true,"href":"https:\/\/crusoe.audiencelabs.com.br\/wp-json\/wp\/v2\/tags?post=37842"}],"curies":[{"name":"wp","href":"https:\/\/api.w.org\/{rel}","templated":true}]}}