{"id":37840,"date":"2026-04-27T08:28:26","date_gmt":"2026-04-27T11:28:26","guid":{"rendered":"https:\/\/crusoe.audiencelabs.com.br\/?p=37840"},"modified":"2026-04-27T08:28:26","modified_gmt":"2026-04-27T11:28:26","slug":"maio-comeca-sem-aulas-nas-escolas-publicas-e-privadas-do-brasil","status":"publish","type":"post","link":"https:\/\/crusoe.audiencelabs.com.br\/maio-comeca-sem-aulas-nas-escolas-publicas-e-privadas-do-brasil\/","title":{"rendered":"Maio come\u00e7a sem aulas nas escolas p\u00fablicas e privadas do Brasil"},"content":{"rendered":"<p>O <strong>Governo Federal<\/strong> confirmou que alunos de <strong>escolas<\/strong> da rede p\u00fablica e privada do <strong>Brasil<\/strong> ter\u00e3o um &#8220;feriad\u00e3o&#8221; logo no come\u00e7o de maio. A folga vem com o feriado do <strong>Dia do Trabalhador<\/strong>, celebrado no <strong>1\u00ba de maio<\/strong>.<\/p>\n<p>A <strong>legisla\u00e7\u00e3o brasileira<\/strong> considera o Dia do Trabalhador como um <strong>feriado nacional<\/strong> obrigat\u00f3rio. Logo, funcion\u00e1rios de diversos setores folgam neste dia. No caso deste ano, o feriado ser\u00e1 celebrado em uma sexta-feira, prolongando a folga com o final de semana.<\/p>\n<h2>Como isso afeta as escolas?<\/h2>\n<p>O feriado prev\u00ea a suspens\u00e3o das atividades letivas tanto nas redes p\u00fablicas quanto nas privadas e j\u00e1 \u00e9 considerado parte do ano letivo. Logo, o feriado n\u00e3o afeta os calend\u00e1rios escolares.<\/p>\n<p>De acordo com a legisla\u00e7\u00e3o brasileira, aulas de todas as etapas educacionais s\u00e3o afetadas, desde a educa\u00e7\u00e3o infantil at\u00e9 o ensino m\u00e9dio. Al\u00e9m disso, as escolas tamb\u00e9m utilizam a data para promover reflex\u00f5es e atividades educativas sobre o Dia do Trabalhador.<\/p>\n<p>No caso da educa\u00e7\u00e3o infantil, professores promovem din\u00e2micas sobre a diversidade de profiss\u00f5es e fazem atividades questionando quais carreiras as crian\u00e7as pretendem seguir. No caso do ensino fundamental e m\u00e9dio, s\u00e3o desenvolvidas atividades que exploram a hist\u00f3ria das lutas trabalhistas.<\/p>\n<h2>O que mais o feriado afeta?<\/h2>\n<p>Como um feriado nacional obrigat\u00f3rio, as escolas n\u00e3o s\u00e3o os \u00fanicos locais afetados. O feriado tamb\u00e9m contempla diversos tipos de empreendimentos e at\u00e9 \u00f3rg\u00e3os p\u00fablicos.<\/p>\n<p>Segundo a legisla\u00e7\u00e3o, fecham bancos, casas lot\u00e9ricas, reparti\u00e7\u00f5es p\u00fablicas, ag\u00eancias do Instituto Nacional de Seguran\u00e7a Social (INSS), Correios e a maioria das lojas de rua e centros comerciais.<\/p>\n<p>Apenas alguns setores continuam em funcionamento ou com hor\u00e1rios reduzidos, como shoppings, supermercados, mercados p\u00fablicos e transporte p\u00fablico. Outros servi\u00e7os essenciais como Pol\u00edcias Civil e Militar, Corpo de Bombeiros , Necrot\u00e9rios, Hospitais e Unidades de Pronto-Socorro operam normalmente.<\/p>\n<h2>O que a Lei prev\u00ea?<\/h2>\n<p>O feriado est\u00e1 previsto na <strong>Lei n\u00ba 662\/1949<\/strong>, que estabelece os dias 1\u00ba de janeiro, 1\u00ba de maio, 7 de setembro, 15 de novembro e 25 de dezembro como feriados nacionais no Brasil, suspendendo o trabalho nessas datas, exceto para atividades indispens\u00e1veis.<\/p>\n<div class=\"jeg_video_container jeg_video_content\"><iframe loading=\"lazy\" title=\"Dia do Trabalhador  - A hist\u00f3ria do Dia Internacional do trabalhador\" width=\"500\" height=\"281\" src=\"https:\/\/www.youtube.com\/embed\/m0zS9mGv6U4?feature=oembed\" frameborder=\"0\" allow=\"accelerometer; autoplay; clipboard-write; encrypted-media; gyroscope; picture-in-picture; web-share\" referrerpolicy=\"strict-origin-when-cross-origin\" allowfullscreen><\/iframe><\/div>\n","protected":false},"excerpt":{"rendered":"<p>O Governo Federal confirmou que alunos de escolas da rede p\u00fablica e privada do Brasil ter\u00e3o um &#8220;feriad\u00e3o&#8221; logo no come\u00e7o de maio. A folga vem com o feriado do Dia do Trabalhador, celebrado no 1\u00ba de maio. A legisla\u00e7\u00e3o brasileira considera o Dia do Trabalhador como um feriado nacional obrigat\u00f3rio. Logo, funcion\u00e1rios de diversos [&hellip;]<\/p>\n","protected":false},"author":15,"featured_media":37841,"comment_status":"open","ping_status":"open","sticky":false,"template":"","format":"standard","meta":{"jnews-multi-image_gallery":[],"jnews_single_post":{"format":"standard","jnews_video_option_group":[[]],"override":[{"template":"2","parallax":"1","fullscreen":"1","layout":"right-sidebar","sidebar":"default-sidebar","second_sidebar":"default-sidebar","sticky_sidebar":"1","share_position":"hide","share_float_style":"share-monocrhome","show_featured":"1","show_post_meta":"1","show_post_author":"1","show_post_date":"1","post_date_format":"default","post_date_format_custom":"Y\/m\/d","show_post_category":"1","show_post_reading_time":"0","post_reading_time_wpm":"300","post_calculate_word_method":"str_word_count","show_zoom_button":"0","zoom_button_out_step":"2","zoom_button_in_step":"3","show_post_tag":"1","show_popup_post":"1","number_popup_post":"1","show_author_box":"1","show_post_related":"0"}],"image_override":[{"single_post_thumbnail_size":"crop-500","single_post_gallery_size":"crop-500"}],"trending_post_position":"meta","trending_post_label":"Trending","sponsored_post_label":"Sponsored by","disable_ad":"0","subtitle":"A paralisa\u00e7\u00e3o vem com o feriado do dia do trabalhador, no primeiro dia de maio"},"jnews_primary_category":[],"jnews_override_counter":{"view_counter_number":"0","share_counter_number":"0","like_counter_number":"0","dislike_counter_number":"0"},"jnews_post_split":{"post_split":[{"template":"1","tag":"h2","numbering":"asc","mode":"normal","first":"0","enable_toc":"0","toc_type":"normal"}]},"footnotes":""},"categories":[1],"tags":[7708,47,7711,1283,2444,7709,277,423,7710],"class_list":["post-37840","post","type-post","status-publish","format-standard","has-post-thumbnail","hentry","category-geral","tag-1o-de-maio","tag-brasil","tag-dia-do-trabalhador","tag-direito-do-trabalhador","tag-escolas","tag-feriado-nacional","tag-governo-federal","tag-legislacao-brasileira","tag-lei-no-662-1949"],"yoast_head":"<!-- This site is optimized with the Yoast SEO plugin v25.0 - https:\/\/yoast.com\/wordpress\/plugins\/seo\/ -->\n<title>Maio come\u00e7a sem aulas nas escolas p\u00fablicas e privadas do Brasil<\/title>\n<meta name=\"robots\" content=\"index, follow, max-snippet:-1, max-image-preview:large, max-video-preview:-1\" \/>\n<link rel=\"canonical\" href=\"https:\/\/crusoe.audiencelabs.com.br\/maio-comeca-sem-aulas-nas-escolas-publicas-e-privadas-do-brasil\/\" \/>\n<meta property=\"og:locale\" content=\"pt_BR\" \/>\n<meta property=\"og:type\" content=\"article\" \/>\n<meta property=\"og:title\" content=\"Maio come\u00e7a sem aulas nas escolas p\u00fablicas e privadas do Brasil\" \/>\n<meta property=\"og:description\" content=\"O Governo Federal confirmou que alunos de escolas da rede p\u00fablica e privada do Brasil ter\u00e3o um &#8220;feriad\u00e3o&#8221; logo no come\u00e7o de maio. A folga vem com o feriado do Dia do Trabalhador, celebrado no 1\u00ba de maio. A legisla\u00e7\u00e3o brasileira considera o Dia do Trabalhador como um feriado nacional obrigat\u00f3rio. Logo, funcion\u00e1rios de diversos [&hellip;]\" \/>\n<meta property=\"og:url\" content=\"https:\/\/crusoe.audiencelabs.com.br\/maio-comeca-sem-aulas-nas-escolas-publicas-e-privadas-do-brasil\/\" \/>\n<meta property=\"og:site_name\" content=\"Variedades - Cruso\u00e9\" \/>\n<meta property=\"article:published_time\" content=\"2026-04-27T11:28:26+00:00\" \/>\n<meta property=\"og:image\" content=\"https:\/\/cdn.crusoe.com.br\/uploads\/2026\/04\/feliphe-schiarolli-hes6nUC1MVc-unsplash.jpg\" \/>\n\t<meta property=\"og:image:width\" content=\"640\" \/>\n\t<meta property=\"og:image:height\" content=\"426\" \/>\n\t<meta property=\"og:image:type\" content=\"image\/jpeg\" \/>\n<meta name=\"author\" content=\"J\u00falio Nesi\" \/>\n<meta name=\"twitter:card\" content=\"summary_large_image\" \/>\n<meta name=\"twitter:label1\" content=\"Escrito por\" \/>\n\t<meta name=\"twitter:data1\" content=\"J\u00falio Nesi\" \/>\n\t<meta name=\"twitter:label2\" content=\"Est. tempo de leitura\" \/>\n\t<meta name=\"twitter:data2\" content=\"3 minutos\" \/>\n<script type=\"application\/ld+json\" class=\"yoast-schema-graph\">{\"@context\":\"https:\/\/schema.org\",\"@graph\":[{\"@type\":\"WebPage\",\"@id\":\"https:\/\/crusoe.audiencelabs.com.br\/maio-comeca-sem-aulas-nas-escolas-publicas-e-privadas-do-brasil\/\",\"url\":\"https:\/\/crusoe.audiencelabs.com.br\/maio-comeca-sem-aulas-nas-escolas-publicas-e-privadas-do-brasil\/\",\"name\":\"Maio come\u00e7a sem aulas nas escolas p\u00fablicas e privadas do Brasil\",\"isPartOf\":{\"@id\":\"https:\/\/crusoe.audiencelabs.com.br\/#website\"},\"primaryImageOfPage\":{\"@id\":\"https:\/\/crusoe.audiencelabs.com.br\/maio-comeca-sem-aulas-nas-escolas-publicas-e-privadas-do-brasil\/#primaryimage\"},\"image\":{\"@id\":\"https:\/\/crusoe.audiencelabs.com.br\/maio-comeca-sem-aulas-nas-escolas-publicas-e-privadas-do-brasil\/#primaryimage\"},\"thumbnailUrl\":\"https:\/\/cdn.crusoe.com.br\/uploads\/2026\/04\/feliphe-schiarolli-hes6nUC1MVc-unsplash.jpg\",\"datePublished\":\"2026-04-27T11:28:26+00:00\",\"author\":{\"@id\":\"https:\/\/crusoe.audiencelabs.com.br\/#\/schema\/person\/0cca5874eda7d72cef71e77a9a9c2143\"},\"breadcrumb\":{\"@id\":\"https:\/\/crusoe.audiencelabs.com.br\/maio-comeca-sem-aulas-nas-escolas-publicas-e-privadas-do-brasil\/#breadcrumb\"},\"inLanguage\":\"pt-BR\",\"potentialAction\":[{\"@type\":\"ReadAction\",\"target\":[\"https:\/\/crusoe.audiencelabs.com.br\/maio-comeca-sem-aulas-nas-escolas-publicas-e-privadas-do-brasil\/\"]}]},{\"@type\":\"ImageObject\",\"inLanguage\":\"pt-BR\",\"@id\":\"https:\/\/crusoe.audiencelabs.com.br\/maio-comeca-sem-aulas-nas-escolas-publicas-e-privadas-do-brasil\/#primaryimage\",\"url\":\"https:\/\/cdn.crusoe.com.br\/uploads\/2026\/04\/feliphe-schiarolli-hes6nUC1MVc-unsplash.jpg\",\"contentUrl\":\"https:\/\/cdn.crusoe.com.br\/uploads\/2026\/04\/feliphe-schiarolli-hes6nUC1MVc-unsplash.jpg\",\"width\":640,\"height\":426,\"caption\":\"Reprodu\u00e7\u00e3o: Feliphe Schiarolli \/ Unsplash\"},{\"@type\":\"BreadcrumbList\",\"@id\":\"https:\/\/crusoe.audiencelabs.com.br\/maio-comeca-sem-aulas-nas-escolas-publicas-e-privadas-do-brasil\/#breadcrumb\",\"itemListElement\":[{\"@type\":\"ListItem\",\"position\":1,\"name\":\"Home\",\"item\":\"https:\/\/crusoe.audiencelabs.com.br\/\"},{\"@type\":\"ListItem\",\"position\":2,\"name\":\"Maio come\u00e7a sem aulas nas escolas p\u00fablicas e privadas do Brasil\"}]},{\"@type\":\"WebSite\",\"@id\":\"https:\/\/crusoe.audiencelabs.com.br\/#website\",\"url\":\"https:\/\/crusoe.audiencelabs.com.br\/\",\"name\":\"Variedades - Cruso\u00e9\",\"description\":\"\",\"potentialAction\":[{\"@type\":\"SearchAction\",\"target\":{\"@type\":\"EntryPoint\",\"urlTemplate\":\"https:\/\/crusoe.audiencelabs.com.br\/?s={search_term_string}\"},\"query-input\":{\"@type\":\"PropertyValueSpecification\",\"valueRequired\":true,\"valueName\":\"search_term_string\"}}],\"inLanguage\":\"pt-BR\"},{\"@type\":\"Person\",\"@id\":\"https:\/\/crusoe.audiencelabs.com.br\/#\/schema\/person\/0cca5874eda7d72cef71e77a9a9c2143\",\"name\":\"J\u00falio Nesi\",\"image\":{\"@type\":\"ImageObject\",\"inLanguage\":\"pt-BR\",\"@id\":\"https:\/\/crusoe.audiencelabs.com.br\/#\/schema\/person\/image\/\",\"url\":\"https:\/\/secure.gravatar.com\/avatar\/c22eb47c3e2320e71637346b980e09f63de9f75742d3335f94a26b83dff70473?s=96&d=mm&r=g\",\"contentUrl\":\"https:\/\/secure.gravatar.com\/avatar\/c22eb47c3e2320e71637346b980e09f63de9f75742d3335f94a26b83dff70473?s=96&d=mm&r=g\",\"caption\":\"J\u00falio Nesi\"},\"description\":\"Jornalista alagoano formado pela UFAL, j\u00e1 atuei em produ\u00e7\u00e3o de conte\u00fado digital para portais, r\u00e1dio e redes sociais.\",\"sameAs\":[\"www.linkedin.com\/in\/j\u00falio-nesi\"],\"url\":\"https:\/\/crusoe.audiencelabs.com.br\/author\/julionesi\/\"}]}<\/script>\n<!-- \/ Yoast SEO plugin. -->","yoast_head_json":{"title":"Maio come\u00e7a sem aulas nas escolas p\u00fablicas e privadas do Brasil","robots":{"index":"index","follow":"follow","max-snippet":"max-snippet:-1","max-image-preview":"max-image-preview:large","max-video-preview":"max-video-preview:-1"},"canonical":"https:\/\/crusoe.audiencelabs.com.br\/maio-comeca-sem-aulas-nas-escolas-publicas-e-privadas-do-brasil\/","og_locale":"pt_BR","og_type":"article","og_title":"Maio come\u00e7a sem aulas nas escolas p\u00fablicas e privadas do Brasil","og_description":"O Governo Federal confirmou que alunos de escolas da rede p\u00fablica e privada do Brasil ter\u00e3o um &#8220;feriad\u00e3o&#8221; logo no come\u00e7o de maio. A folga vem com o feriado do Dia do Trabalhador, celebrado no 1\u00ba de maio. A legisla\u00e7\u00e3o brasileira considera o Dia do Trabalhador como um feriado nacional obrigat\u00f3rio. Logo, funcion\u00e1rios de diversos [&hellip;]","og_url":"https:\/\/crusoe.audiencelabs.com.br\/maio-comeca-sem-aulas-nas-escolas-publicas-e-privadas-do-brasil\/","og_site_name":"Variedades - Cruso\u00e9","article_published_time":"2026-04-27T11:28:26+00:00","og_image":[{"width":640,"height":426,"url":"https:\/\/cdn.crusoe.com.br\/uploads\/2026\/04\/feliphe-schiarolli-hes6nUC1MVc-unsplash.jpg","type":"image\/jpeg"}],"author":"J\u00falio Nesi","twitter_card":"summary_large_image","twitter_misc":{"Escrito por":"J\u00falio Nesi","Est. tempo de leitura":"3 minutos"},"schema":{"@context":"https:\/\/schema.org","@graph":[{"@type":"WebPage","@id":"https:\/\/crusoe.audiencelabs.com.br\/maio-comeca-sem-aulas-nas-escolas-publicas-e-privadas-do-brasil\/","url":"https:\/\/crusoe.audiencelabs.com.br\/maio-comeca-sem-aulas-nas-escolas-publicas-e-privadas-do-brasil\/","name":"Maio come\u00e7a sem aulas nas escolas p\u00fablicas e privadas do Brasil","isPartOf":{"@id":"https:\/\/crusoe.audiencelabs.com.br\/#website"},"primaryImageOfPage":{"@id":"https:\/\/crusoe.audiencelabs.com.br\/maio-comeca-sem-aulas-nas-escolas-publicas-e-privadas-do-brasil\/#primaryimage"},"image":{"@id":"https:\/\/crusoe.audiencelabs.com.br\/maio-comeca-sem-aulas-nas-escolas-publicas-e-privadas-do-brasil\/#primaryimage"},"thumbnailUrl":"https:\/\/cdn.crusoe.com.br\/uploads\/2026\/04\/feliphe-schiarolli-hes6nUC1MVc-unsplash.jpg","datePublished":"2026-04-27T11:28:26+00:00","author":{"@id":"https:\/\/crusoe.audiencelabs.com.br\/#\/schema\/person\/0cca5874eda7d72cef71e77a9a9c2143"},"breadcrumb":{"@id":"https:\/\/crusoe.audiencelabs.com.br\/maio-comeca-sem-aulas-nas-escolas-publicas-e-privadas-do-brasil\/#breadcrumb"},"inLanguage":"pt-BR","potentialAction":[{"@type":"ReadAction","target":["https:\/\/crusoe.audiencelabs.com.br\/maio-comeca-sem-aulas-nas-escolas-publicas-e-privadas-do-brasil\/"]}]},{"@type":"ImageObject","inLanguage":"pt-BR","@id":"https:\/\/crusoe.audiencelabs.com.br\/maio-comeca-sem-aulas-nas-escolas-publicas-e-privadas-do-brasil\/#primaryimage","url":"https:\/\/cdn.crusoe.com.br\/uploads\/2026\/04\/feliphe-schiarolli-hes6nUC1MVc-unsplash.jpg","contentUrl":"https:\/\/cdn.crusoe.com.br\/uploads\/2026\/04\/feliphe-schiarolli-hes6nUC1MVc-unsplash.jpg","width":640,"height":426,"caption":"Reprodu\u00e7\u00e3o: Feliphe Schiarolli \/ Unsplash"},{"@type":"BreadcrumbList","@id":"https:\/\/crusoe.audiencelabs.com.br\/maio-comeca-sem-aulas-nas-escolas-publicas-e-privadas-do-brasil\/#breadcrumb","itemListElement":[{"@type":"ListItem","position":1,"name":"Home","item":"https:\/\/crusoe.audiencelabs.com.br\/"},{"@type":"ListItem","position":2,"name":"Maio come\u00e7a sem aulas nas escolas p\u00fablicas e privadas do Brasil"}]},{"@type":"WebSite","@id":"https:\/\/crusoe.audiencelabs.com.br\/#website","url":"https:\/\/crusoe.audiencelabs.com.br\/","name":"Variedades - Cruso\u00e9","description":"","potentialAction":[{"@type":"SearchAction","target":{"@type":"EntryPoint","urlTemplate":"https:\/\/crusoe.audiencelabs.com.br\/?s={search_term_string}"},"query-input":{"@type":"PropertyValueSpecification","valueRequired":true,"valueName":"search_term_string"}}],"inLanguage":"pt-BR"},{"@type":"Person","@id":"https:\/\/crusoe.audiencelabs.com.br\/#\/schema\/person\/0cca5874eda7d72cef71e77a9a9c2143","name":"J\u00falio Nesi","image":{"@type":"ImageObject","inLanguage":"pt-BR","@id":"https:\/\/crusoe.audiencelabs.com.br\/#\/schema\/person\/image\/","url":"https:\/\/secure.gravatar.com\/avatar\/c22eb47c3e2320e71637346b980e09f63de9f75742d3335f94a26b83dff70473?s=96&d=mm&r=g","contentUrl":"https:\/\/secure.gravatar.com\/avatar\/c22eb47c3e2320e71637346b980e09f63de9f75742d3335f94a26b83dff70473?s=96&d=mm&r=g","caption":"J\u00falio Nesi"},"description":"Jornalista alagoano formado pela UFAL, j\u00e1 atuei em produ\u00e7\u00e3o de conte\u00fado digital para portais, r\u00e1dio e redes sociais.","sameAs":["www.linkedin.com\/in\/j\u00falio-nesi"],"url":"https:\/\/crusoe.audiencelabs.com.br\/author\/julionesi\/"}]}},"_links":{"self":[{"href":"https:\/\/crusoe.audiencelabs.com.br\/wp-json\/wp\/v2\/posts\/37840","targetHints":{"allow":["GET"]}}],"collection":[{"href":"https:\/\/crusoe.audiencelabs.com.br\/wp-json\/wp\/v2\/posts"}],"about":[{"href":"https:\/\/crusoe.audiencelabs.com.br\/wp-json\/wp\/v2\/types\/post"}],"author":[{"embeddable":true,"href":"https:\/\/crusoe.audiencelabs.com.br\/wp-json\/wp\/v2\/users\/15"}],"replies":[{"embeddable":true,"href":"https:\/\/crusoe.audiencelabs.com.br\/wp-json\/wp\/v2\/comments?post=37840"}],"version-history":[{"count":1,"href":"https:\/\/crusoe.audiencelabs.com.br\/wp-json\/wp\/v2\/posts\/37840\/revisions"}],"predecessor-version":[{"id":37843,"href":"https:\/\/crusoe.audiencelabs.com.br\/wp-json\/wp\/v2\/posts\/37840\/revisions\/37843"}],"wp:featuredmedia":[{"embeddable":true,"href":"https:\/\/crusoe.audiencelabs.com.br\/wp-json\/wp\/v2\/media\/37841"}],"wp:attachment":[{"href":"https:\/\/crusoe.audiencelabs.com.br\/wp-json\/wp\/v2\/media?parent=37840"}],"wp:term":[{"taxonomy":"category","embeddable":true,"href":"https:\/\/crusoe.audiencelabs.com.br\/wp-json\/wp\/v2\/categories?post=37840"},{"taxonomy":"post_tag","embeddable":true,"href":"https:\/\/crusoe.audiencelabs.com.br\/wp-json\/wp\/v2\/tags?post=37840"}],"curies":[{"name":"wp","href":"https:\/\/api.w.org\/{rel}","templated":true}]}}