{"id":37812,"date":"2026-04-24T19:03:43","date_gmt":"2026-04-24T22:03:43","guid":{"rendered":"https:\/\/crusoe.audiencelabs.com.br\/?p=37812"},"modified":"2026-04-24T14:07:38","modified_gmt":"2026-04-24T17:07:38","slug":"estudo-aponta-que-astronautas-crescem-no-espaco-mas-o-efeito-colateral-pode-causar-problemas-no-futuro","status":"publish","type":"post","link":"https:\/\/crusoe.audiencelabs.com.br\/estudo-aponta-que-astronautas-crescem-no-espaco-mas-o-efeito-colateral-pode-causar-problemas-no-futuro\/","title":{"rendered":"Estudo aponta que astronautas crescem no espa\u00e7o, mas o efeito colateral pode causar problemas no futuro"},"content":{"rendered":"<p>Relat\u00f3rios publicados pela <strong>NASA<\/strong> confirmam que <strong>astronautas<\/strong> que passam semanas em \u00f3rbita podem crescer. Segundo informa\u00e7\u00f5es da organiza\u00e7\u00e3o, astronautas que passam tempo na chamada &#8220;<strong>microgravidade<\/strong>&#8221; podem aumentar a estatura em at\u00e9 3%, principalmente nos primeiros dias fora da Terra.<\/p>\n<p>O crescimento acontece porque, sem a a\u00e7\u00e3o constante da <strong>gravidade<\/strong>, a coluna vertebral n\u00e3o sofre a compress\u00e3o habitual do dia a dia. Os <strong>discos intervertebrais<\/strong> se expandem, aumentando o espa\u00e7o entre as v\u00e9rtebras e, consequentemente, a altura do astronauta.<\/p>\n<p>No entanto, a NASA deixa claro que esse processo n\u00e3o representa um ganho fisiol\u00f3gico positivo. O alongamento da coluna altera a mec\u00e2nica do corpo de forma significativa e pode impactar negativamente a sa\u00fade do astronauta.<\/p>\n<p>Em condi\u00e7\u00f5es normais, os <strong>m\u00fasculos<\/strong> que sustentam a regi\u00e3o lombar trabalham de forma constante para estabilizar a coluna. No espa\u00e7o, esse trabalho diminui. Ligamentos e discos passam a assumir cargas diferentes das habituais, deixando a coluna mais alongada, por\u00e9m tamb\u00e9m mais vulner\u00e1vel a tens\u00f5es e desconfortos.<\/p>\n<h2>O que isso pode causar na pr\u00e1tica?<\/h2>\n<p>Segundo informa\u00e7\u00f5es divulgadas nos relat\u00f3rios da organiza\u00e7\u00e3o, a dor lombar \u00e9 um dos sintomas mais comuns entre astronautas em miss\u00e3o. Em v\u00e1rios casos, o desconforto surge logo nos primeiros dias ap\u00f3s a adapta\u00e7\u00e3o \u00e0 microgravidade.<\/p>\n<p class=\"font-claude-response-body break-words whitespace-normal leading-[1.7]\">Uma parcela significativa dos tripulantes relata algum grau de dor nas costas durante o voo. Al\u00e9m do impacto f\u00edsico, isso pode afetar o desempenho operacional da tripula\u00e7\u00e3o, j\u00e1 que qualquer instabilidade corporal interfere na precis\u00e3o dos movimentos em um ambiente onde cada a\u00e7\u00e3o precisa ser cuidadosa.<\/p>\n<p>No entanto, o maior risco est\u00e1 no retorno \u00e0 <strong>Terra<\/strong>. Ap\u00f3s semanas ou meses em microgravidade, a coluna chega ao solo adaptada ao estado de alongamento. Quando a gravidade volta a atuar sobre o corpo, ocorre uma compress\u00e3o r\u00e1pida e intensa sobre os discos intervertebrais.<\/p>\n<p>Pesquisas com astronautas que retornaram de miss\u00f5es de longa dura\u00e7\u00e3o mostraram que a incid\u00eancia de h\u00e9rnia de disco pode ser maior nesse grupo do que na popula\u00e7\u00e3o geral. Durante a miss\u00e3o, os discos absorvem mais fluido e se expandem. No retorno, essa estrutura inchada recebe a carga gravitacional novamente, e isso pode danific\u00e1-la.<\/p>\n<h2>Os m\u00fasculos tamb\u00e9m s\u00e3o afetados<\/h2>\n<p>Um dos principais sintomas relatados por astronautas \u00e9 a <strong>atrofia muscular<\/strong>. Isso se d\u00e1 pelo fato de que a pessoa est\u00e1 vivendo em um ambiente de microgravidade e n\u00e3o importa o quanto o astronauta se exercite fora de \u00f3rbita, os m\u00fasculos n\u00e3o conseguem ser compensados pela falta de esfor\u00e7o di\u00e1rio na gravidade da Terra.<\/p>\n<p class=\"font-claude-response-body break-words whitespace-normal leading-[1.7]\">Al\u00e9m disso, a perda de <strong>massa muscular<\/strong> em microgravidade \u00e9 outro fator que contribui para o problema da coluna. Mesmo com rotinas intensas de exerc\u00edcio a bordo da Esta\u00e7\u00e3o Espacial Internacional, os astronautas ainda sofrem algum grau de atrofia, especialmente nos m\u00fasculos respons\u00e1veis pela sustenta\u00e7\u00e3o postural.<\/p>\n<p class=\"font-claude-response-body break-words whitespace-normal leading-[1.7]\">Com menos suporte muscular, a coluna precisa lidar com cargas maiores no retorno sem a prote\u00e7\u00e3o necess\u00e1ria. A combina\u00e7\u00e3o de discos mais vulner\u00e1veis e musculatura enfraquecida aumenta o risco de les\u00f5es no per\u00edodo p\u00f3s-miss\u00e3o.<\/p>\n<h2>Preocupa\u00e7\u00e3o da NASA<\/h2>\n<p class=\"font-claude-response-body break-words whitespace-normal leading-[1.7]\">A preocupa\u00e7\u00e3o com a sa\u00fade da coluna vai al\u00e9m do aspecto m\u00e9dico. Em muitos cen\u00e1rios, os astronautas precisam estar aptos para tarefas imediatas ap\u00f3s o pouso, incluindo evacua\u00e7\u00e3o da c\u00e1psula e deslocamento em ambientes adversos. Limita\u00e7\u00f5es de movimento ou dor intensa comprometem diretamente essa capacidade.<\/p>\n<p class=\"font-claude-response-body break-words whitespace-normal leading-[1.7]\">O problema ganha dimens\u00e3o ainda maior quando se consideram miss\u00f5es \u00e0 <strong>Lua<\/strong> e a <strong>Marte<\/strong>. Viagens a Marte podem durar anos; os efeitos sobre a coluna tendem a ser mais intensos e, nesse contexto, n\u00e3o existe possibilidade de evacua\u00e7\u00e3o ou tratamento especializado imediato.<\/p>\n<p class=\"font-claude-response-body break-words whitespace-normal leading-[1.7]\">Diante disso, a NASA vem desenvolvendo programas espec\u00edficos de fortalecimento muscular, equipamentos que simulam carga axial e protocolos de recondicionamento p\u00f3s-voo. Ainda assim, a ag\u00eancia reconhece que n\u00e3o existe solu\u00e7\u00e3o completa para eliminar os efeitos da microgravidade sobre a coluna, e o risco segue ativo.<\/p>\n","protected":false},"excerpt":{"rendered":"<p>Relat\u00f3rios publicados pela NASA confirmam que astronautas que passam semanas em \u00f3rbita podem crescer. Segundo informa\u00e7\u00f5es da organiza\u00e7\u00e3o, astronautas que passam tempo na chamada &#8220;microgravidade&#8221; podem aumentar a estatura em at\u00e9 3%, principalmente nos primeiros dias fora da Terra. O crescimento acontece porque, sem a a\u00e7\u00e3o constante da gravidade, a coluna vertebral n\u00e3o sofre a [&hellip;]<\/p>\n","protected":false},"author":15,"featured_media":37813,"comment_status":"open","ping_status":"open","sticky":false,"template":"","format":"standard","meta":{"jnews-multi-image_gallery":[],"jnews_single_post":{"format":"standard","jnews_video_option_group":[[]],"override":[{"template":"2","parallax":"1","fullscreen":"1","layout":"right-sidebar","sidebar":"default-sidebar","second_sidebar":"default-sidebar","sticky_sidebar":"1","share_position":"hide","share_float_style":"share-monocrhome","show_featured":"1","show_post_meta":"1","show_post_author":"1","show_post_date":"1","post_date_format":"default","post_date_format_custom":"Y\/m\/d","show_post_category":"1","show_post_reading_time":"0","post_reading_time_wpm":"300","post_calculate_word_method":"str_word_count","show_zoom_button":"0","zoom_button_out_step":"2","zoom_button_in_step":"3","show_post_tag":"1","show_popup_post":"1","number_popup_post":"1","show_author_box":"1","show_post_related":"0"}],"image_override":[{"single_post_thumbnail_size":"crop-500","single_post_gallery_size":"crop-500"}],"trending_post_position":"meta","trending_post_label":"Trending","sponsored_post_label":"Sponsored by","disable_ad":"0","subtitle":"Relat\u00f3rios da NASA apontam ainda que a musculatura do astronauta tamb\u00e9m \u00e9 afetada"},"jnews_primary_category":[],"jnews_override_counter":{"view_counter_number":"0","share_counter_number":"0","like_counter_number":"0","dislike_counter_number":"0"},"jnews_post_split":{"post_split":[{"template":"1","tag":"h2","numbering":"asc","mode":"normal","first":"0","enable_toc":"0","toc_type":"normal"}]},"footnotes":""},"categories":[1],"tags":[6120,7691,7690,1905,1381,1177,1082,789,5229,4887,249,2321,234],"class_list":["post-37812","post","type-post","status-publish","format-standard","has-post-thumbnail","hentry","category-geral","tag-astronautas","tag-atrofia-muscular","tag-discos-intervertebrais","tag-exercicios-fisicos","tag-gravidade","tag-lua","tag-marte","tag-massa-muscular","tag-microgravidade","tag-musculos","tag-nasa","tag-planeta-terra","tag-saude"],"yoast_head":"<!-- This site is optimized with the Yoast SEO plugin v25.0 - https:\/\/yoast.com\/wordpress\/plugins\/seo\/ -->\n<title>Estudo aponta que astronautas crescem no espa\u00e7o, mas o efeito colateral pode causar problemas no futuro<\/title>\n<meta name=\"robots\" content=\"index, follow, max-snippet:-1, max-image-preview:large, max-video-preview:-1\" \/>\n<link rel=\"canonical\" href=\"https:\/\/crusoe.audiencelabs.com.br\/estudo-aponta-que-astronautas-crescem-no-espaco-mas-o-efeito-colateral-pode-causar-problemas-no-futuro\/\" \/>\n<meta property=\"og:locale\" content=\"pt_BR\" \/>\n<meta property=\"og:type\" content=\"article\" \/>\n<meta property=\"og:title\" content=\"Estudo aponta que astronautas crescem no espa\u00e7o, mas o efeito colateral pode causar problemas no futuro\" \/>\n<meta property=\"og:description\" content=\"Relat\u00f3rios publicados pela NASA confirmam que astronautas que passam semanas em \u00f3rbita podem crescer. Segundo informa\u00e7\u00f5es da organiza\u00e7\u00e3o, astronautas que passam tempo na chamada &#8220;microgravidade&#8221; podem aumentar a estatura em at\u00e9 3%, principalmente nos primeiros dias fora da Terra. O crescimento acontece porque, sem a a\u00e7\u00e3o constante da gravidade, a coluna vertebral n\u00e3o sofre a [&hellip;]\" \/>\n<meta property=\"og:url\" content=\"https:\/\/crusoe.audiencelabs.com.br\/estudo-aponta-que-astronautas-crescem-no-espaco-mas-o-efeito-colateral-pode-causar-problemas-no-futuro\/\" \/>\n<meta property=\"og:site_name\" content=\"Variedades - Cruso\u00e9\" \/>\n<meta property=\"article:published_time\" content=\"2026-04-24T22:03:43+00:00\" \/>\n<meta property=\"og:image\" content=\"https:\/\/cdn.crusoe.com.br\/uploads\/2026\/04\/nasa-gYwfpVI2JzM-unsplash.jpg\" \/>\n\t<meta property=\"og:image:width\" content=\"640\" \/>\n\t<meta property=\"og:image:height\" content=\"423\" \/>\n\t<meta property=\"og:image:type\" content=\"image\/jpeg\" \/>\n<meta name=\"author\" content=\"J\u00falio Nesi\" \/>\n<meta name=\"twitter:card\" content=\"summary_large_image\" \/>\n<meta name=\"twitter:label1\" content=\"Escrito por\" \/>\n\t<meta name=\"twitter:data1\" content=\"J\u00falio Nesi\" \/>\n\t<meta name=\"twitter:label2\" content=\"Est. tempo de leitura\" \/>\n\t<meta name=\"twitter:data2\" content=\"4 minutos\" \/>\n<script type=\"application\/ld+json\" class=\"yoast-schema-graph\">{\"@context\":\"https:\/\/schema.org\",\"@graph\":[{\"@type\":\"WebPage\",\"@id\":\"https:\/\/crusoe.audiencelabs.com.br\/estudo-aponta-que-astronautas-crescem-no-espaco-mas-o-efeito-colateral-pode-causar-problemas-no-futuro\/\",\"url\":\"https:\/\/crusoe.audiencelabs.com.br\/estudo-aponta-que-astronautas-crescem-no-espaco-mas-o-efeito-colateral-pode-causar-problemas-no-futuro\/\",\"name\":\"Estudo aponta que astronautas crescem no espa\u00e7o, mas o efeito colateral pode causar problemas no futuro\",\"isPartOf\":{\"@id\":\"https:\/\/crusoe.audiencelabs.com.br\/#website\"},\"primaryImageOfPage\":{\"@id\":\"https:\/\/crusoe.audiencelabs.com.br\/estudo-aponta-que-astronautas-crescem-no-espaco-mas-o-efeito-colateral-pode-causar-problemas-no-futuro\/#primaryimage\"},\"image\":{\"@id\":\"https:\/\/crusoe.audiencelabs.com.br\/estudo-aponta-que-astronautas-crescem-no-espaco-mas-o-efeito-colateral-pode-causar-problemas-no-futuro\/#primaryimage\"},\"thumbnailUrl\":\"https:\/\/cdn.crusoe.com.br\/uploads\/2026\/04\/nasa-gYwfpVI2JzM-unsplash.jpg\",\"datePublished\":\"2026-04-24T22:03:43+00:00\",\"author\":{\"@id\":\"https:\/\/crusoe.audiencelabs.com.br\/#\/schema\/person\/0cca5874eda7d72cef71e77a9a9c2143\"},\"breadcrumb\":{\"@id\":\"https:\/\/crusoe.audiencelabs.com.br\/estudo-aponta-que-astronautas-crescem-no-espaco-mas-o-efeito-colateral-pode-causar-problemas-no-futuro\/#breadcrumb\"},\"inLanguage\":\"pt-BR\",\"potentialAction\":[{\"@type\":\"ReadAction\",\"target\":[\"https:\/\/crusoe.audiencelabs.com.br\/estudo-aponta-que-astronautas-crescem-no-espaco-mas-o-efeito-colateral-pode-causar-problemas-no-futuro\/\"]}]},{\"@type\":\"ImageObject\",\"inLanguage\":\"pt-BR\",\"@id\":\"https:\/\/crusoe.audiencelabs.com.br\/estudo-aponta-que-astronautas-crescem-no-espaco-mas-o-efeito-colateral-pode-causar-problemas-no-futuro\/#primaryimage\",\"url\":\"https:\/\/cdn.crusoe.com.br\/uploads\/2026\/04\/nasa-gYwfpVI2JzM-unsplash.jpg\",\"contentUrl\":\"https:\/\/cdn.crusoe.com.br\/uploads\/2026\/04\/nasa-gYwfpVI2JzM-unsplash.jpg\",\"width\":640,\"height\":423,\"caption\":\"Reprodu\u00e7\u00e3o: Unsplash \/ NASA\"},{\"@type\":\"BreadcrumbList\",\"@id\":\"https:\/\/crusoe.audiencelabs.com.br\/estudo-aponta-que-astronautas-crescem-no-espaco-mas-o-efeito-colateral-pode-causar-problemas-no-futuro\/#breadcrumb\",\"itemListElement\":[{\"@type\":\"ListItem\",\"position\":1,\"name\":\"Home\",\"item\":\"https:\/\/crusoe.audiencelabs.com.br\/\"},{\"@type\":\"ListItem\",\"position\":2,\"name\":\"Estudo aponta que astronautas crescem no espa\u00e7o, mas o efeito colateral pode causar problemas no futuro\"}]},{\"@type\":\"WebSite\",\"@id\":\"https:\/\/crusoe.audiencelabs.com.br\/#website\",\"url\":\"https:\/\/crusoe.audiencelabs.com.br\/\",\"name\":\"Variedades - Cruso\u00e9\",\"description\":\"\",\"potentialAction\":[{\"@type\":\"SearchAction\",\"target\":{\"@type\":\"EntryPoint\",\"urlTemplate\":\"https:\/\/crusoe.audiencelabs.com.br\/?s={search_term_string}\"},\"query-input\":{\"@type\":\"PropertyValueSpecification\",\"valueRequired\":true,\"valueName\":\"search_term_string\"}}],\"inLanguage\":\"pt-BR\"},{\"@type\":\"Person\",\"@id\":\"https:\/\/crusoe.audiencelabs.com.br\/#\/schema\/person\/0cca5874eda7d72cef71e77a9a9c2143\",\"name\":\"J\u00falio Nesi\",\"image\":{\"@type\":\"ImageObject\",\"inLanguage\":\"pt-BR\",\"@id\":\"https:\/\/crusoe.audiencelabs.com.br\/#\/schema\/person\/image\/\",\"url\":\"https:\/\/secure.gravatar.com\/avatar\/c22eb47c3e2320e71637346b980e09f63de9f75742d3335f94a26b83dff70473?s=96&d=mm&r=g\",\"contentUrl\":\"https:\/\/secure.gravatar.com\/avatar\/c22eb47c3e2320e71637346b980e09f63de9f75742d3335f94a26b83dff70473?s=96&d=mm&r=g\",\"caption\":\"J\u00falio Nesi\"},\"description\":\"Jornalista alagoano formado pela UFAL, j\u00e1 atuei em produ\u00e7\u00e3o de conte\u00fado digital para portais, r\u00e1dio e redes sociais.\",\"sameAs\":[\"www.linkedin.com\/in\/j\u00falio-nesi\"],\"url\":\"https:\/\/crusoe.audiencelabs.com.br\/author\/julionesi\/\"}]}<\/script>\n<!-- \/ Yoast SEO plugin. -->","yoast_head_json":{"title":"Estudo aponta que astronautas crescem no espa\u00e7o, mas o efeito colateral pode causar problemas no futuro","robots":{"index":"index","follow":"follow","max-snippet":"max-snippet:-1","max-image-preview":"max-image-preview:large","max-video-preview":"max-video-preview:-1"},"canonical":"https:\/\/crusoe.audiencelabs.com.br\/estudo-aponta-que-astronautas-crescem-no-espaco-mas-o-efeito-colateral-pode-causar-problemas-no-futuro\/","og_locale":"pt_BR","og_type":"article","og_title":"Estudo aponta que astronautas crescem no espa\u00e7o, mas o efeito colateral pode causar problemas no futuro","og_description":"Relat\u00f3rios publicados pela NASA confirmam que astronautas que passam semanas em \u00f3rbita podem crescer. Segundo informa\u00e7\u00f5es da organiza\u00e7\u00e3o, astronautas que passam tempo na chamada &#8220;microgravidade&#8221; podem aumentar a estatura em at\u00e9 3%, principalmente nos primeiros dias fora da Terra. O crescimento acontece porque, sem a a\u00e7\u00e3o constante da gravidade, a coluna vertebral n\u00e3o sofre a [&hellip;]","og_url":"https:\/\/crusoe.audiencelabs.com.br\/estudo-aponta-que-astronautas-crescem-no-espaco-mas-o-efeito-colateral-pode-causar-problemas-no-futuro\/","og_site_name":"Variedades - Cruso\u00e9","article_published_time":"2026-04-24T22:03:43+00:00","og_image":[{"width":640,"height":423,"url":"https:\/\/cdn.crusoe.com.br\/uploads\/2026\/04\/nasa-gYwfpVI2JzM-unsplash.jpg","type":"image\/jpeg"}],"author":"J\u00falio Nesi","twitter_card":"summary_large_image","twitter_misc":{"Escrito por":"J\u00falio Nesi","Est. tempo de leitura":"4 minutos"},"schema":{"@context":"https:\/\/schema.org","@graph":[{"@type":"WebPage","@id":"https:\/\/crusoe.audiencelabs.com.br\/estudo-aponta-que-astronautas-crescem-no-espaco-mas-o-efeito-colateral-pode-causar-problemas-no-futuro\/","url":"https:\/\/crusoe.audiencelabs.com.br\/estudo-aponta-que-astronautas-crescem-no-espaco-mas-o-efeito-colateral-pode-causar-problemas-no-futuro\/","name":"Estudo aponta que astronautas crescem no espa\u00e7o, mas o efeito colateral pode causar problemas no futuro","isPartOf":{"@id":"https:\/\/crusoe.audiencelabs.com.br\/#website"},"primaryImageOfPage":{"@id":"https:\/\/crusoe.audiencelabs.com.br\/estudo-aponta-que-astronautas-crescem-no-espaco-mas-o-efeito-colateral-pode-causar-problemas-no-futuro\/#primaryimage"},"image":{"@id":"https:\/\/crusoe.audiencelabs.com.br\/estudo-aponta-que-astronautas-crescem-no-espaco-mas-o-efeito-colateral-pode-causar-problemas-no-futuro\/#primaryimage"},"thumbnailUrl":"https:\/\/cdn.crusoe.com.br\/uploads\/2026\/04\/nasa-gYwfpVI2JzM-unsplash.jpg","datePublished":"2026-04-24T22:03:43+00:00","author":{"@id":"https:\/\/crusoe.audiencelabs.com.br\/#\/schema\/person\/0cca5874eda7d72cef71e77a9a9c2143"},"breadcrumb":{"@id":"https:\/\/crusoe.audiencelabs.com.br\/estudo-aponta-que-astronautas-crescem-no-espaco-mas-o-efeito-colateral-pode-causar-problemas-no-futuro\/#breadcrumb"},"inLanguage":"pt-BR","potentialAction":[{"@type":"ReadAction","target":["https:\/\/crusoe.audiencelabs.com.br\/estudo-aponta-que-astronautas-crescem-no-espaco-mas-o-efeito-colateral-pode-causar-problemas-no-futuro\/"]}]},{"@type":"ImageObject","inLanguage":"pt-BR","@id":"https:\/\/crusoe.audiencelabs.com.br\/estudo-aponta-que-astronautas-crescem-no-espaco-mas-o-efeito-colateral-pode-causar-problemas-no-futuro\/#primaryimage","url":"https:\/\/cdn.crusoe.com.br\/uploads\/2026\/04\/nasa-gYwfpVI2JzM-unsplash.jpg","contentUrl":"https:\/\/cdn.crusoe.com.br\/uploads\/2026\/04\/nasa-gYwfpVI2JzM-unsplash.jpg","width":640,"height":423,"caption":"Reprodu\u00e7\u00e3o: Unsplash \/ NASA"},{"@type":"BreadcrumbList","@id":"https:\/\/crusoe.audiencelabs.com.br\/estudo-aponta-que-astronautas-crescem-no-espaco-mas-o-efeito-colateral-pode-causar-problemas-no-futuro\/#breadcrumb","itemListElement":[{"@type":"ListItem","position":1,"name":"Home","item":"https:\/\/crusoe.audiencelabs.com.br\/"},{"@type":"ListItem","position":2,"name":"Estudo aponta que astronautas crescem no espa\u00e7o, mas o efeito colateral pode causar problemas no futuro"}]},{"@type":"WebSite","@id":"https:\/\/crusoe.audiencelabs.com.br\/#website","url":"https:\/\/crusoe.audiencelabs.com.br\/","name":"Variedades - Cruso\u00e9","description":"","potentialAction":[{"@type":"SearchAction","target":{"@type":"EntryPoint","urlTemplate":"https:\/\/crusoe.audiencelabs.com.br\/?s={search_term_string}"},"query-input":{"@type":"PropertyValueSpecification","valueRequired":true,"valueName":"search_term_string"}}],"inLanguage":"pt-BR"},{"@type":"Person","@id":"https:\/\/crusoe.audiencelabs.com.br\/#\/schema\/person\/0cca5874eda7d72cef71e77a9a9c2143","name":"J\u00falio Nesi","image":{"@type":"ImageObject","inLanguage":"pt-BR","@id":"https:\/\/crusoe.audiencelabs.com.br\/#\/schema\/person\/image\/","url":"https:\/\/secure.gravatar.com\/avatar\/c22eb47c3e2320e71637346b980e09f63de9f75742d3335f94a26b83dff70473?s=96&d=mm&r=g","contentUrl":"https:\/\/secure.gravatar.com\/avatar\/c22eb47c3e2320e71637346b980e09f63de9f75742d3335f94a26b83dff70473?s=96&d=mm&r=g","caption":"J\u00falio Nesi"},"description":"Jornalista alagoano formado pela UFAL, j\u00e1 atuei em produ\u00e7\u00e3o de conte\u00fado digital para portais, r\u00e1dio e redes sociais.","sameAs":["www.linkedin.com\/in\/j\u00falio-nesi"],"url":"https:\/\/crusoe.audiencelabs.com.br\/author\/julionesi\/"}]}},"_links":{"self":[{"href":"https:\/\/crusoe.audiencelabs.com.br\/wp-json\/wp\/v2\/posts\/37812","targetHints":{"allow":["GET"]}}],"collection":[{"href":"https:\/\/crusoe.audiencelabs.com.br\/wp-json\/wp\/v2\/posts"}],"about":[{"href":"https:\/\/crusoe.audiencelabs.com.br\/wp-json\/wp\/v2\/types\/post"}],"author":[{"embeddable":true,"href":"https:\/\/crusoe.audiencelabs.com.br\/wp-json\/wp\/v2\/users\/15"}],"replies":[{"embeddable":true,"href":"https:\/\/crusoe.audiencelabs.com.br\/wp-json\/wp\/v2\/comments?post=37812"}],"version-history":[{"count":1,"href":"https:\/\/crusoe.audiencelabs.com.br\/wp-json\/wp\/v2\/posts\/37812\/revisions"}],"predecessor-version":[{"id":37820,"href":"https:\/\/crusoe.audiencelabs.com.br\/wp-json\/wp\/v2\/posts\/37812\/revisions\/37820"}],"wp:featuredmedia":[{"embeddable":true,"href":"https:\/\/crusoe.audiencelabs.com.br\/wp-json\/wp\/v2\/media\/37813"}],"wp:attachment":[{"href":"https:\/\/crusoe.audiencelabs.com.br\/wp-json\/wp\/v2\/media?parent=37812"}],"wp:term":[{"taxonomy":"category","embeddable":true,"href":"https:\/\/crusoe.audiencelabs.com.br\/wp-json\/wp\/v2\/categories?post=37812"},{"taxonomy":"post_tag","embeddable":true,"href":"https:\/\/crusoe.audiencelabs.com.br\/wp-json\/wp\/v2\/tags?post=37812"}],"curies":[{"name":"wp","href":"https:\/\/api.w.org\/{rel}","templated":true}]}}