{"id":37794,"date":"2026-04-24T21:03:37","date_gmt":"2026-04-25T00:03:37","guid":{"rendered":"https:\/\/crusoe.audiencelabs.com.br\/?p=37794"},"modified":"2026-04-24T13:12:00","modified_gmt":"2026-04-24T16:12:00","slug":"chance-de-geada-no-sul-temperaturas-comecam-baixa-a-partir-da-proxima-semana","status":"publish","type":"post","link":"https:\/\/crusoe.audiencelabs.com.br\/chance-de-geada-no-sul-temperaturas-comecam-baixa-a-partir-da-proxima-semana\/","title":{"rendered":"Chance de geada no Sul! Temperaturas come\u00e7am baixa a partir da pr\u00f3xima semana"},"content":{"rendered":"<p><span style=\"font-weight: 400\">Uma massa de ar frio de origem polar come\u00e7a a avan\u00e7ar pelo Rio Grande do Sul neste domingo, 26 de abril, a partir do Sul do estado.\u00a0<\/span><\/p>\n<p><span style=\"font-weight: 400\">Conforme a MetSul Meteorologia, \u00e9 a incurs\u00e3o de frio mais intensa registrada no Sul do Brasil em 2026 at\u00e9 agora.<\/span><\/p>\n<p><span style=\"font-weight: 400\">Os efeitos mais expressivos chegam entre segunda (27) e ter\u00e7a-feira (28), quando grande parte do RS e de Santa Catarina podem registrar temperaturas abaixo de 10\u00b0C. Em Porto Alegre, a m\u00ednima deve variar entre 10\u00b0C e 12\u00b0C, segundo a MetSul.<\/span><\/p>\n<p><span style=\"font-weight: 400\">Nas regi\u00f5es de maior altitude, os term\u00f4metros caem ainda mais. A Climatempo projeta entre 0\u00b0C e 2\u00b0C nos Campos de Cima da Serra (RS) e no Planalto Sul Catarinense, com risco concreto de geada, especialmente na madrugada de ter\u00e7a-feira.<\/span><\/p>\n<h2><span style=\"font-weight: 400\">O que impulsiona o frio?<\/span><\/h2>\n<p><span style=\"font-weight: 400\">O sistema tem como motor um ciclone extratropical no Atl\u00e2ntico Sul, que se forma a partir de uma \u00e1rea de baixa press\u00e3o vinda da Patag\u00f4nia.\u00a0<\/span><\/p>\n<p><span style=\"font-weight: 400\">Por se formar longe da costa, o ciclone n\u00e3o deve causar impactos graves no continente, apenas vento e mar agitado no litoral ga\u00facho.<\/span><\/p>\n<p><span style=\"font-weight: 400\">Al\u00e9m do RS, o Sul do Paran\u00e1 e todo o territ\u00f3rio catarinense tamb\u00e9m sentem os efeitos. Em SC, conforme a Epagri\/Ciram, a entrada de ar seco e frio derruba as temperaturas em todas as regi\u00f5es j\u00e1 na segunda-feira, com m\u00ednimas pr\u00f3ximas de 5\u00b0C em algumas cidades.<\/span><\/p>\n<p><span style=\"font-weight: 400\">A previs\u00e3o sazonal do CPTEC\/Inpe, do INMET e da Funceme indica temperaturas acima da m\u00e9dia em grande parte do pa\u00eds neste outono. Entretanto, o pr\u00f3prio estudo n\u00e3o descarta a chegada de massas intensas de ar frio com dias consecutivos de temperatura baixa no Sul, conforme o portal O Tempo.<\/span><\/p>\n<h2><span style=\"font-weight: 400\">Dura\u00e7\u00e3o e perspectiva<\/span><\/h2>\n<p><span style=\"font-weight: 400\">O epis\u00f3dio deve ser relativamente curto. A tend\u00eancia, segundo a MetSul, \u00e9 de eleva\u00e7\u00e3o das temperaturas j\u00e1 na segunda metade da semana. Assim, a virada mais fria se concentra entre segunda e ter\u00e7a.<\/span><\/p>\n<p><span style=\"font-weight: 400\">Para quem mora nas \u00e1reas de maior altitude do RS e de SC, a recomenda\u00e7\u00e3o \u00e9 proteger planta\u00e7\u00f5es sens\u00edveis \u00e0 geada e redobrar a aten\u00e7\u00e3o durante as madrugadas dos dias 27 e 28, quando o frio chega ao pico mais intenso do epis\u00f3dio.<\/span><\/p>\n<p>&nbsp;<\/p>\n","protected":false},"excerpt":{"rendered":"<p>Uma massa de ar frio de origem polar come\u00e7a a avan\u00e7ar pelo Rio Grande do Sul neste domingo, 26 de abril, a partir do Sul do estado.\u00a0 Conforme a MetSul Meteorologia, \u00e9 a incurs\u00e3o de frio mais intensa registrada no Sul do Brasil em 2026 at\u00e9 agora. Os efeitos mais expressivos chegam entre segunda (27) [&hellip;]<\/p>\n","protected":false},"author":17,"featured_media":37795,"comment_status":"open","ping_status":"open","sticky":false,"template":"","format":"standard","meta":{"jnews-multi-image_gallery":[],"jnews_single_post":{"format":"standard","jnews_video_option_group":[[]],"override":[{"template":"2","parallax":"1","fullscreen":"1","layout":"right-sidebar","sidebar":"default-sidebar","second_sidebar":"default-sidebar","sticky_sidebar":"1","share_position":"hide","share_float_style":"share-monocrhome","show_featured":"1","show_post_meta":"1","show_post_author":"1","show_post_date":"1","post_date_format":"default","post_date_format_custom":"Y\/m\/d","show_post_category":"1","show_post_reading_time":"0","post_reading_time_wpm":"300","post_calculate_word_method":"str_word_count","show_zoom_button":"0","zoom_button_out_step":"2","zoom_button_in_step":"3","show_post_tag":"1","show_popup_post":"1","number_popup_post":"1","show_author_box":"1","show_post_related":"0"}],"image_override":[{"single_post_thumbnail_size":"crop-500","single_post_gallery_size":"crop-500"}],"trending_post_position":"meta","trending_post_label":"Trending","sponsored_post_label":"Sponsored by","disable_ad":"0","subtitle":"Massa de ar polar, a mais intensa de 2026, chega ao Sul neste domingo e traz risco para Rio Grande do Sul"},"jnews_primary_category":[],"jnews_override_counter":{"view_counter_number":"0","share_counter_number":"0","like_counter_number":"0","dislike_counter_number":"0"},"jnews_post_split":{"post_split":[{"template":"1","tag":"h2","numbering":"asc","mode":"normal","first":"0","enable_toc":"0","toc_type":"normal"}]},"footnotes":""},"categories":[1],"tags":[],"class_list":["post-37794","post","type-post","status-publish","format-standard","has-post-thumbnail","hentry","category-geral"],"yoast_head":"<!-- This site is optimized with the Yoast SEO plugin v25.0 - https:\/\/yoast.com\/wordpress\/plugins\/seo\/ -->\n<title>Chance de geada no Sul! Temperaturas come\u00e7am baixa a partir da pr\u00f3xima semana<\/title>\n<meta name=\"robots\" content=\"index, follow, max-snippet:-1, max-image-preview:large, max-video-preview:-1\" \/>\n<link rel=\"canonical\" href=\"https:\/\/crusoe.audiencelabs.com.br\/chance-de-geada-no-sul-temperaturas-comecam-baixa-a-partir-da-proxima-semana\/\" \/>\n<meta property=\"og:locale\" content=\"pt_BR\" \/>\n<meta property=\"og:type\" content=\"article\" \/>\n<meta property=\"og:title\" content=\"Chance de geada no Sul! Temperaturas come\u00e7am baixa a partir da pr\u00f3xima semana\" \/>\n<meta property=\"og:description\" content=\"Uma massa de ar frio de origem polar come\u00e7a a avan\u00e7ar pelo Rio Grande do Sul neste domingo, 26 de abril, a partir do Sul do estado.\u00a0 Conforme a MetSul Meteorologia, \u00e9 a incurs\u00e3o de frio mais intensa registrada no Sul do Brasil em 2026 at\u00e9 agora. Os efeitos mais expressivos chegam entre segunda (27) [&hellip;]\" \/>\n<meta property=\"og:url\" content=\"https:\/\/crusoe.audiencelabs.com.br\/chance-de-geada-no-sul-temperaturas-comecam-baixa-a-partir-da-proxima-semana\/\" \/>\n<meta property=\"og:site_name\" content=\"Variedades - Cruso\u00e9\" \/>\n<meta property=\"article:published_time\" content=\"2026-04-25T00:03:37+00:00\" \/>\n<meta name=\"author\" content=\"Sofia Volpi\" \/>\n<meta name=\"twitter:card\" content=\"summary_large_image\" \/>\n<meta name=\"twitter:label1\" content=\"Escrito por\" \/>\n\t<meta name=\"twitter:data1\" content=\"Sofia Volpi\" \/>\n\t<meta name=\"twitter:label2\" content=\"Est. tempo de leitura\" \/>\n\t<meta name=\"twitter:data2\" content=\"3 minutos\" \/>\n<script type=\"application\/ld+json\" class=\"yoast-schema-graph\">{\"@context\":\"https:\/\/schema.org\",\"@graph\":[{\"@type\":\"WebPage\",\"@id\":\"https:\/\/crusoe.audiencelabs.com.br\/chance-de-geada-no-sul-temperaturas-comecam-baixa-a-partir-da-proxima-semana\/\",\"url\":\"https:\/\/crusoe.audiencelabs.com.br\/chance-de-geada-no-sul-temperaturas-comecam-baixa-a-partir-da-proxima-semana\/\",\"name\":\"Chance de geada no Sul! Temperaturas come\u00e7am baixa a partir da pr\u00f3xima semana\",\"isPartOf\":{\"@id\":\"https:\/\/crusoe.audiencelabs.com.br\/#website\"},\"primaryImageOfPage\":{\"@id\":\"https:\/\/crusoe.audiencelabs.com.br\/chance-de-geada-no-sul-temperaturas-comecam-baixa-a-partir-da-proxima-semana\/#primaryimage\"},\"image\":{\"@id\":\"https:\/\/crusoe.audiencelabs.com.br\/chance-de-geada-no-sul-temperaturas-comecam-baixa-a-partir-da-proxima-semana\/#primaryimage\"},\"thumbnailUrl\":\"https:\/\/cdn.crusoe.com.br\/uploads\/2026\/04\/94bfd7b2-34f3-40ed-af98-c64be14c7e50.avif\",\"datePublished\":\"2026-04-25T00:03:37+00:00\",\"author\":{\"@id\":\"https:\/\/crusoe.audiencelabs.com.br\/#\/schema\/person\/9d0fb7a15db57f24b87bef41d034cb04\"},\"breadcrumb\":{\"@id\":\"https:\/\/crusoe.audiencelabs.com.br\/chance-de-geada-no-sul-temperaturas-comecam-baixa-a-partir-da-proxima-semana\/#breadcrumb\"},\"inLanguage\":\"pt-BR\",\"potentialAction\":[{\"@type\":\"ReadAction\",\"target\":[\"https:\/\/crusoe.audiencelabs.com.br\/chance-de-geada-no-sul-temperaturas-comecam-baixa-a-partir-da-proxima-semana\/\"]}]},{\"@type\":\"ImageObject\",\"inLanguage\":\"pt-BR\",\"@id\":\"https:\/\/crusoe.audiencelabs.com.br\/chance-de-geada-no-sul-temperaturas-comecam-baixa-a-partir-da-proxima-semana\/#primaryimage\",\"url\":\"https:\/\/cdn.crusoe.com.br\/uploads\/2026\/04\/94bfd7b2-34f3-40ed-af98-c64be14c7e50.avif\",\"contentUrl\":\"https:\/\/cdn.crusoe.com.br\/uploads\/2026\/04\/94bfd7b2-34f3-40ed-af98-c64be14c7e50.avif\",\"width\":984,\"height\":738,\"caption\":\"Foto: Cabanas Passo do Puma\"},{\"@type\":\"BreadcrumbList\",\"@id\":\"https:\/\/crusoe.audiencelabs.com.br\/chance-de-geada-no-sul-temperaturas-comecam-baixa-a-partir-da-proxima-semana\/#breadcrumb\",\"itemListElement\":[{\"@type\":\"ListItem\",\"position\":1,\"name\":\"Home\",\"item\":\"https:\/\/crusoe.audiencelabs.com.br\/\"},{\"@type\":\"ListItem\",\"position\":2,\"name\":\"Chance de geada no Sul! Temperaturas come\u00e7am baixa a partir da pr\u00f3xima semana\"}]},{\"@type\":\"WebSite\",\"@id\":\"https:\/\/crusoe.audiencelabs.com.br\/#website\",\"url\":\"https:\/\/crusoe.audiencelabs.com.br\/\",\"name\":\"Variedades - Cruso\u00e9\",\"description\":\"\",\"potentialAction\":[{\"@type\":\"SearchAction\",\"target\":{\"@type\":\"EntryPoint\",\"urlTemplate\":\"https:\/\/crusoe.audiencelabs.com.br\/?s={search_term_string}\"},\"query-input\":{\"@type\":\"PropertyValueSpecification\",\"valueRequired\":true,\"valueName\":\"search_term_string\"}}],\"inLanguage\":\"pt-BR\"},{\"@type\":\"Person\",\"@id\":\"https:\/\/crusoe.audiencelabs.com.br\/#\/schema\/person\/9d0fb7a15db57f24b87bef41d034cb04\",\"name\":\"Sofia Volpi\",\"image\":{\"@type\":\"ImageObject\",\"inLanguage\":\"pt-BR\",\"@id\":\"https:\/\/crusoe.audiencelabs.com.br\/#\/schema\/person\/image\/\",\"url\":\"https:\/\/secure.gravatar.com\/avatar\/a34b676379e5491536434fe5f7a9c49c2efbf9be83b707fa9e74568d45d559f8?s=96&d=mm&r=g\",\"contentUrl\":\"https:\/\/secure.gravatar.com\/avatar\/a34b676379e5491536434fe5f7a9c49c2efbf9be83b707fa9e74568d45d559f8?s=96&d=mm&r=g\",\"caption\":\"Sofia Volpi\"},\"description\":\"Comunicadora, jornalista em forma\u00e7\u00e3o. Apaixonada por esportes e cultura, colunista.\",\"url\":\"https:\/\/crusoe.audiencelabs.com.br\/author\/sofiavolpi\/\"}]}<\/script>\n<!-- \/ Yoast SEO plugin. -->","yoast_head_json":{"title":"Chance de geada no Sul! Temperaturas come\u00e7am baixa a partir da pr\u00f3xima semana","robots":{"index":"index","follow":"follow","max-snippet":"max-snippet:-1","max-image-preview":"max-image-preview:large","max-video-preview":"max-video-preview:-1"},"canonical":"https:\/\/crusoe.audiencelabs.com.br\/chance-de-geada-no-sul-temperaturas-comecam-baixa-a-partir-da-proxima-semana\/","og_locale":"pt_BR","og_type":"article","og_title":"Chance de geada no Sul! Temperaturas come\u00e7am baixa a partir da pr\u00f3xima semana","og_description":"Uma massa de ar frio de origem polar come\u00e7a a avan\u00e7ar pelo Rio Grande do Sul neste domingo, 26 de abril, a partir do Sul do estado.\u00a0 Conforme a MetSul Meteorologia, \u00e9 a incurs\u00e3o de frio mais intensa registrada no Sul do Brasil em 2026 at\u00e9 agora. Os efeitos mais expressivos chegam entre segunda (27) [&hellip;]","og_url":"https:\/\/crusoe.audiencelabs.com.br\/chance-de-geada-no-sul-temperaturas-comecam-baixa-a-partir-da-proxima-semana\/","og_site_name":"Variedades - Cruso\u00e9","article_published_time":"2026-04-25T00:03:37+00:00","author":"Sofia Volpi","twitter_card":"summary_large_image","twitter_misc":{"Escrito por":"Sofia Volpi","Est. tempo de leitura":"3 minutos"},"schema":{"@context":"https:\/\/schema.org","@graph":[{"@type":"WebPage","@id":"https:\/\/crusoe.audiencelabs.com.br\/chance-de-geada-no-sul-temperaturas-comecam-baixa-a-partir-da-proxima-semana\/","url":"https:\/\/crusoe.audiencelabs.com.br\/chance-de-geada-no-sul-temperaturas-comecam-baixa-a-partir-da-proxima-semana\/","name":"Chance de geada no Sul! Temperaturas come\u00e7am baixa a partir da pr\u00f3xima semana","isPartOf":{"@id":"https:\/\/crusoe.audiencelabs.com.br\/#website"},"primaryImageOfPage":{"@id":"https:\/\/crusoe.audiencelabs.com.br\/chance-de-geada-no-sul-temperaturas-comecam-baixa-a-partir-da-proxima-semana\/#primaryimage"},"image":{"@id":"https:\/\/crusoe.audiencelabs.com.br\/chance-de-geada-no-sul-temperaturas-comecam-baixa-a-partir-da-proxima-semana\/#primaryimage"},"thumbnailUrl":"https:\/\/cdn.crusoe.com.br\/uploads\/2026\/04\/94bfd7b2-34f3-40ed-af98-c64be14c7e50.avif","datePublished":"2026-04-25T00:03:37+00:00","author":{"@id":"https:\/\/crusoe.audiencelabs.com.br\/#\/schema\/person\/9d0fb7a15db57f24b87bef41d034cb04"},"breadcrumb":{"@id":"https:\/\/crusoe.audiencelabs.com.br\/chance-de-geada-no-sul-temperaturas-comecam-baixa-a-partir-da-proxima-semana\/#breadcrumb"},"inLanguage":"pt-BR","potentialAction":[{"@type":"ReadAction","target":["https:\/\/crusoe.audiencelabs.com.br\/chance-de-geada-no-sul-temperaturas-comecam-baixa-a-partir-da-proxima-semana\/"]}]},{"@type":"ImageObject","inLanguage":"pt-BR","@id":"https:\/\/crusoe.audiencelabs.com.br\/chance-de-geada-no-sul-temperaturas-comecam-baixa-a-partir-da-proxima-semana\/#primaryimage","url":"https:\/\/cdn.crusoe.com.br\/uploads\/2026\/04\/94bfd7b2-34f3-40ed-af98-c64be14c7e50.avif","contentUrl":"https:\/\/cdn.crusoe.com.br\/uploads\/2026\/04\/94bfd7b2-34f3-40ed-af98-c64be14c7e50.avif","width":984,"height":738,"caption":"Foto: Cabanas Passo do Puma"},{"@type":"BreadcrumbList","@id":"https:\/\/crusoe.audiencelabs.com.br\/chance-de-geada-no-sul-temperaturas-comecam-baixa-a-partir-da-proxima-semana\/#breadcrumb","itemListElement":[{"@type":"ListItem","position":1,"name":"Home","item":"https:\/\/crusoe.audiencelabs.com.br\/"},{"@type":"ListItem","position":2,"name":"Chance de geada no Sul! Temperaturas come\u00e7am baixa a partir da pr\u00f3xima semana"}]},{"@type":"WebSite","@id":"https:\/\/crusoe.audiencelabs.com.br\/#website","url":"https:\/\/crusoe.audiencelabs.com.br\/","name":"Variedades - Cruso\u00e9","description":"","potentialAction":[{"@type":"SearchAction","target":{"@type":"EntryPoint","urlTemplate":"https:\/\/crusoe.audiencelabs.com.br\/?s={search_term_string}"},"query-input":{"@type":"PropertyValueSpecification","valueRequired":true,"valueName":"search_term_string"}}],"inLanguage":"pt-BR"},{"@type":"Person","@id":"https:\/\/crusoe.audiencelabs.com.br\/#\/schema\/person\/9d0fb7a15db57f24b87bef41d034cb04","name":"Sofia Volpi","image":{"@type":"ImageObject","inLanguage":"pt-BR","@id":"https:\/\/crusoe.audiencelabs.com.br\/#\/schema\/person\/image\/","url":"https:\/\/secure.gravatar.com\/avatar\/a34b676379e5491536434fe5f7a9c49c2efbf9be83b707fa9e74568d45d559f8?s=96&d=mm&r=g","contentUrl":"https:\/\/secure.gravatar.com\/avatar\/a34b676379e5491536434fe5f7a9c49c2efbf9be83b707fa9e74568d45d559f8?s=96&d=mm&r=g","caption":"Sofia Volpi"},"description":"Comunicadora, jornalista em forma\u00e7\u00e3o. Apaixonada por esportes e cultura, colunista.","url":"https:\/\/crusoe.audiencelabs.com.br\/author\/sofiavolpi\/"}]}},"_links":{"self":[{"href":"https:\/\/crusoe.audiencelabs.com.br\/wp-json\/wp\/v2\/posts\/37794","targetHints":{"allow":["GET"]}}],"collection":[{"href":"https:\/\/crusoe.audiencelabs.com.br\/wp-json\/wp\/v2\/posts"}],"about":[{"href":"https:\/\/crusoe.audiencelabs.com.br\/wp-json\/wp\/v2\/types\/post"}],"author":[{"embeddable":true,"href":"https:\/\/crusoe.audiencelabs.com.br\/wp-json\/wp\/v2\/users\/17"}],"replies":[{"embeddable":true,"href":"https:\/\/crusoe.audiencelabs.com.br\/wp-json\/wp\/v2\/comments?post=37794"}],"version-history":[{"count":1,"href":"https:\/\/crusoe.audiencelabs.com.br\/wp-json\/wp\/v2\/posts\/37794\/revisions"}],"predecessor-version":[{"id":37796,"href":"https:\/\/crusoe.audiencelabs.com.br\/wp-json\/wp\/v2\/posts\/37794\/revisions\/37796"}],"wp:featuredmedia":[{"embeddable":true,"href":"https:\/\/crusoe.audiencelabs.com.br\/wp-json\/wp\/v2\/media\/37795"}],"wp:attachment":[{"href":"https:\/\/crusoe.audiencelabs.com.br\/wp-json\/wp\/v2\/media?parent=37794"}],"wp:term":[{"taxonomy":"category","embeddable":true,"href":"https:\/\/crusoe.audiencelabs.com.br\/wp-json\/wp\/v2\/categories?post=37794"},{"taxonomy":"post_tag","embeddable":true,"href":"https:\/\/crusoe.audiencelabs.com.br\/wp-json\/wp\/v2\/tags?post=37794"}],"curies":[{"name":"wp","href":"https:\/\/api.w.org\/{rel}","templated":true}]}}