{"id":37784,"date":"2026-04-24T15:37:21","date_gmt":"2026-04-24T18:37:21","guid":{"rendered":"https:\/\/crusoe.audiencelabs.com.br\/?p=37784"},"modified":"2026-04-24T12:54:53","modified_gmt":"2026-04-24T15:54:53","slug":"apos-20-anos-apresentadora-troca-de-emissora-e-tera-programa-em-horario-nobre","status":"publish","type":"post","link":"https:\/\/crusoe.audiencelabs.com.br\/apos-20-anos-apresentadora-troca-de-emissora-e-tera-programa-em-horario-nobre\/","title":{"rendered":"Ap\u00f3s 20 anos, apresentadora troca de emissora e ter\u00e1 programa em hor\u00e1rio nobre"},"content":{"rendered":"<p><span style=\"font-weight: 400\">Ap\u00f3s mais de 20 anos na RedeTV!, Luciana Gimenez fechou acordo com a Band e chega \u00e0 emissora do Morumbi no segundo semestre de 2026<\/span><\/p>\n<p><span style=\"font-weight: 400\">O programa vai ao ar inicialmente nas noites de quarta-feira, no hor\u00e1rio nobre. A estrat\u00e9gia da Band, segundo a coluna, \u00e9 escapar do formato de audit\u00f3rio convencional e apostar em algo mais din\u00e2mico e sofisticado.<\/span><\/p>\n<p><span style=\"font-weight: 400\">O modelo de trabalho prev\u00ea exibi\u00e7\u00e3o por temporadas, uma tend\u00eancia no mercado audiovisual atual. Dessa forma, a apresentadora mant\u00e9m flexibilidade na agenda e a emissora garante um produto com in\u00edcio, meio e fim bem definidos.<\/span><\/p>\n<h2><span style=\"font-weight: 400\">Por que a Band segurou o an\u00fancio<\/span><\/h2>\n<p><span style=\"font-weight: 400\">Apesar de o acerto j\u00e1 circular nos corredores da emissora, a dire\u00e7\u00e3o ainda segura o an\u00fancio oficial. O motivo, segundo Jo\u00e3o Biott, \u00e9 duplo: a Band quer entregar um conte\u00fado blindado e garantir que Luciana chegue com tudo estruturado.<\/span><\/p>\n<p>Em mar\u00e7o deste ano, emissora recuou o contrato por considerar o investimento muito alto. Contudo, ap\u00f3s tirar o Melhor da Noite do ar, a Band retomou o contato e chegou ao acordo atual.<\/p>\n<h2><span style=\"font-weight: 400\">Uma virada de p\u00e1gina<\/span><\/h2>\n<p><span style=\"font-weight: 400\">Luciana apresentou o Superpop de 2001 a janeiro de 2026, tornando o programa um \u00edcone da TV brasileira. A troca de emissora marca, assim, o come\u00e7o de uma nova fase na carreira de uma das apresentadoras mais longevas da TV aberta.<\/span><\/p>\n<p>&nbsp;<\/p>\n","protected":false},"excerpt":{"rendered":"<p>Ap\u00f3s mais de 20 anos na RedeTV!, Luciana Gimenez fechou acordo com a Band e chega \u00e0 emissora do Morumbi no segundo semestre de 2026 O programa vai ao ar inicialmente nas noites de quarta-feira, no hor\u00e1rio nobre. A estrat\u00e9gia da Band, segundo a coluna, \u00e9 escapar do formato de audit\u00f3rio convencional e apostar em [&hellip;]<\/p>\n","protected":false},"author":17,"featured_media":37785,"comment_status":"open","ping_status":"open","sticky":false,"template":"","format":"standard","meta":{"jnews-multi-image_gallery":[],"jnews_single_post":{"format":"standard","jnews_video_option_group":[[]],"override":[{"template":"2","parallax":"1","fullscreen":"1","layout":"right-sidebar","sidebar":"default-sidebar","second_sidebar":"default-sidebar","sticky_sidebar":"1","share_position":"hide","share_float_style":"share-monocrhome","show_featured":"1","show_post_meta":"1","show_post_author":"1","show_post_date":"1","post_date_format":"default","post_date_format_custom":"Y\/m\/d","show_post_category":"1","show_post_reading_time":"0","post_reading_time_wpm":"300","post_calculate_word_method":"str_word_count","show_zoom_button":"0","zoom_button_out_step":"2","zoom_button_in_step":"3","show_post_tag":"1","show_popup_post":"1","number_popup_post":"1","show_author_box":"1","show_post_related":"0"}],"image_override":[{"single_post_thumbnail_size":"crop-500","single_post_gallery_size":"crop-500"}],"trending_post_position":"meta","trending_post_label":"Trending","sponsored_post_label":"Sponsored by","disable_ad":"0","subtitle":"Luciana Gimenez chega \u00e0 Band no segundo semestre de 2026"},"jnews_primary_category":[],"jnews_override_counter":{"view_counter_number":"0","share_counter_number":"0","like_counter_number":"0","dislike_counter_number":"0"},"jnews_post_split":{"post_split":[{"template":"1","tag":"h2","numbering":"asc","mode":"normal","first":"0","enable_toc":"0","toc_type":"normal"}]},"footnotes":""},"categories":[1],"tags":[],"class_list":["post-37784","post","type-post","status-publish","format-standard","has-post-thumbnail","hentry","category-geral"],"yoast_head":"<!-- This site is optimized with the Yoast SEO plugin v25.0 - https:\/\/yoast.com\/wordpress\/plugins\/seo\/ -->\n<title>Ap\u00f3s 20 anos, apresentadora troca de emissora e ter\u00e1 programa em hor\u00e1rio nobre<\/title>\n<meta name=\"robots\" content=\"index, follow, max-snippet:-1, max-image-preview:large, max-video-preview:-1\" \/>\n<link rel=\"canonical\" href=\"https:\/\/crusoe.audiencelabs.com.br\/apos-20-anos-apresentadora-troca-de-emissora-e-tera-programa-em-horario-nobre\/\" \/>\n<meta property=\"og:locale\" content=\"pt_BR\" \/>\n<meta property=\"og:type\" content=\"article\" \/>\n<meta property=\"og:title\" content=\"Ap\u00f3s 20 anos, apresentadora troca de emissora e ter\u00e1 programa em hor\u00e1rio nobre\" \/>\n<meta property=\"og:description\" content=\"Ap\u00f3s mais de 20 anos na RedeTV!, Luciana Gimenez fechou acordo com a Band e chega \u00e0 emissora do Morumbi no segundo semestre de 2026 O programa vai ao ar inicialmente nas noites de quarta-feira, no hor\u00e1rio nobre. A estrat\u00e9gia da Band, segundo a coluna, \u00e9 escapar do formato de audit\u00f3rio convencional e apostar em [&hellip;]\" \/>\n<meta property=\"og:url\" content=\"https:\/\/crusoe.audiencelabs.com.br\/apos-20-anos-apresentadora-troca-de-emissora-e-tera-programa-em-horario-nobre\/\" \/>\n<meta property=\"og:site_name\" content=\"Variedades - Cruso\u00e9\" \/>\n<meta property=\"article:published_time\" content=\"2026-04-24T18:37:21+00:00\" \/>\n<meta property=\"og:image\" content=\"https:\/\/cdn.crusoe.com.br\/uploads\/2026\/04\/mudancas-na-band-luciana-gimenez-deve-comandar-as-noites-de-domingo.jpg.webp\" \/>\n\t<meta property=\"og:image:width\" content=\"1280\" \/>\n\t<meta property=\"og:image:height\" content=\"720\" \/>\n\t<meta property=\"og:image:type\" content=\"image\/webp\" \/>\n<meta name=\"author\" content=\"Sofia Volpi\" \/>\n<meta name=\"twitter:card\" content=\"summary_large_image\" \/>\n<meta name=\"twitter:label1\" content=\"Escrito por\" \/>\n\t<meta name=\"twitter:data1\" content=\"Sofia Volpi\" \/>\n\t<meta name=\"twitter:label2\" content=\"Est. tempo de leitura\" \/>\n\t<meta name=\"twitter:data2\" content=\"2 minutos\" \/>\n<script type=\"application\/ld+json\" class=\"yoast-schema-graph\">{\"@context\":\"https:\/\/schema.org\",\"@graph\":[{\"@type\":\"WebPage\",\"@id\":\"https:\/\/crusoe.audiencelabs.com.br\/apos-20-anos-apresentadora-troca-de-emissora-e-tera-programa-em-horario-nobre\/\",\"url\":\"https:\/\/crusoe.audiencelabs.com.br\/apos-20-anos-apresentadora-troca-de-emissora-e-tera-programa-em-horario-nobre\/\",\"name\":\"Ap\u00f3s 20 anos, apresentadora troca de emissora e ter\u00e1 programa em hor\u00e1rio nobre\",\"isPartOf\":{\"@id\":\"https:\/\/crusoe.audiencelabs.com.br\/#website\"},\"primaryImageOfPage\":{\"@id\":\"https:\/\/crusoe.audiencelabs.com.br\/apos-20-anos-apresentadora-troca-de-emissora-e-tera-programa-em-horario-nobre\/#primaryimage\"},\"image\":{\"@id\":\"https:\/\/crusoe.audiencelabs.com.br\/apos-20-anos-apresentadora-troca-de-emissora-e-tera-programa-em-horario-nobre\/#primaryimage\"},\"thumbnailUrl\":\"https:\/\/cdn.crusoe.com.br\/uploads\/2026\/04\/mudancas-na-band-luciana-gimenez-deve-comandar-as-noites-de-domingo.jpg.webp\",\"datePublished\":\"2026-04-24T18:37:21+00:00\",\"author\":{\"@id\":\"https:\/\/crusoe.audiencelabs.com.br\/#\/schema\/person\/9d0fb7a15db57f24b87bef41d034cb04\"},\"breadcrumb\":{\"@id\":\"https:\/\/crusoe.audiencelabs.com.br\/apos-20-anos-apresentadora-troca-de-emissora-e-tera-programa-em-horario-nobre\/#breadcrumb\"},\"inLanguage\":\"pt-BR\",\"potentialAction\":[{\"@type\":\"ReadAction\",\"target\":[\"https:\/\/crusoe.audiencelabs.com.br\/apos-20-anos-apresentadora-troca-de-emissora-e-tera-programa-em-horario-nobre\/\"]}]},{\"@type\":\"ImageObject\",\"inLanguage\":\"pt-BR\",\"@id\":\"https:\/\/crusoe.audiencelabs.com.br\/apos-20-anos-apresentadora-troca-de-emissora-e-tera-programa-em-horario-nobre\/#primaryimage\",\"url\":\"https:\/\/cdn.crusoe.com.br\/uploads\/2026\/04\/mudancas-na-band-luciana-gimenez-deve-comandar-as-noites-de-domingo.jpg.webp\",\"contentUrl\":\"https:\/\/cdn.crusoe.com.br\/uploads\/2026\/04\/mudancas-na-band-luciana-gimenez-deve-comandar-as-noites-de-domingo.jpg.webp\",\"width\":1280,\"height\":720,\"caption\":\"Foto: Reprodu\u00e7\u00e3o Instagram\/Luciana Gimenez\"},{\"@type\":\"BreadcrumbList\",\"@id\":\"https:\/\/crusoe.audiencelabs.com.br\/apos-20-anos-apresentadora-troca-de-emissora-e-tera-programa-em-horario-nobre\/#breadcrumb\",\"itemListElement\":[{\"@type\":\"ListItem\",\"position\":1,\"name\":\"Home\",\"item\":\"https:\/\/crusoe.audiencelabs.com.br\/\"},{\"@type\":\"ListItem\",\"position\":2,\"name\":\"Ap\u00f3s 20 anos, apresentadora troca de emissora e ter\u00e1 programa em hor\u00e1rio nobre\"}]},{\"@type\":\"WebSite\",\"@id\":\"https:\/\/crusoe.audiencelabs.com.br\/#website\",\"url\":\"https:\/\/crusoe.audiencelabs.com.br\/\",\"name\":\"Variedades - Cruso\u00e9\",\"description\":\"\",\"potentialAction\":[{\"@type\":\"SearchAction\",\"target\":{\"@type\":\"EntryPoint\",\"urlTemplate\":\"https:\/\/crusoe.audiencelabs.com.br\/?s={search_term_string}\"},\"query-input\":{\"@type\":\"PropertyValueSpecification\",\"valueRequired\":true,\"valueName\":\"search_term_string\"}}],\"inLanguage\":\"pt-BR\"},{\"@type\":\"Person\",\"@id\":\"https:\/\/crusoe.audiencelabs.com.br\/#\/schema\/person\/9d0fb7a15db57f24b87bef41d034cb04\",\"name\":\"Sofia Volpi\",\"image\":{\"@type\":\"ImageObject\",\"inLanguage\":\"pt-BR\",\"@id\":\"https:\/\/crusoe.audiencelabs.com.br\/#\/schema\/person\/image\/\",\"url\":\"https:\/\/secure.gravatar.com\/avatar\/a34b676379e5491536434fe5f7a9c49c2efbf9be83b707fa9e74568d45d559f8?s=96&d=mm&r=g\",\"contentUrl\":\"https:\/\/secure.gravatar.com\/avatar\/a34b676379e5491536434fe5f7a9c49c2efbf9be83b707fa9e74568d45d559f8?s=96&d=mm&r=g\",\"caption\":\"Sofia Volpi\"},\"description\":\"Comunicadora, jornalista em forma\u00e7\u00e3o. Apaixonada por esportes e cultura, colunista.\",\"url\":\"https:\/\/crusoe.audiencelabs.com.br\/author\/sofiavolpi\/\"}]}<\/script>\n<!-- \/ Yoast SEO plugin. -->","yoast_head_json":{"title":"Ap\u00f3s 20 anos, apresentadora troca de emissora e ter\u00e1 programa em hor\u00e1rio nobre","robots":{"index":"index","follow":"follow","max-snippet":"max-snippet:-1","max-image-preview":"max-image-preview:large","max-video-preview":"max-video-preview:-1"},"canonical":"https:\/\/crusoe.audiencelabs.com.br\/apos-20-anos-apresentadora-troca-de-emissora-e-tera-programa-em-horario-nobre\/","og_locale":"pt_BR","og_type":"article","og_title":"Ap\u00f3s 20 anos, apresentadora troca de emissora e ter\u00e1 programa em hor\u00e1rio nobre","og_description":"Ap\u00f3s mais de 20 anos na RedeTV!, Luciana Gimenez fechou acordo com a Band e chega \u00e0 emissora do Morumbi no segundo semestre de 2026 O programa vai ao ar inicialmente nas noites de quarta-feira, no hor\u00e1rio nobre. A estrat\u00e9gia da Band, segundo a coluna, \u00e9 escapar do formato de audit\u00f3rio convencional e apostar em [&hellip;]","og_url":"https:\/\/crusoe.audiencelabs.com.br\/apos-20-anos-apresentadora-troca-de-emissora-e-tera-programa-em-horario-nobre\/","og_site_name":"Variedades - Cruso\u00e9","article_published_time":"2026-04-24T18:37:21+00:00","og_image":[{"width":1280,"height":720,"url":"https:\/\/cdn.crusoe.com.br\/uploads\/2026\/04\/mudancas-na-band-luciana-gimenez-deve-comandar-as-noites-de-domingo.jpg.webp","type":"image\/webp"}],"author":"Sofia Volpi","twitter_card":"summary_large_image","twitter_misc":{"Escrito por":"Sofia Volpi","Est. tempo de leitura":"2 minutos"},"schema":{"@context":"https:\/\/schema.org","@graph":[{"@type":"WebPage","@id":"https:\/\/crusoe.audiencelabs.com.br\/apos-20-anos-apresentadora-troca-de-emissora-e-tera-programa-em-horario-nobre\/","url":"https:\/\/crusoe.audiencelabs.com.br\/apos-20-anos-apresentadora-troca-de-emissora-e-tera-programa-em-horario-nobre\/","name":"Ap\u00f3s 20 anos, apresentadora troca de emissora e ter\u00e1 programa em hor\u00e1rio nobre","isPartOf":{"@id":"https:\/\/crusoe.audiencelabs.com.br\/#website"},"primaryImageOfPage":{"@id":"https:\/\/crusoe.audiencelabs.com.br\/apos-20-anos-apresentadora-troca-de-emissora-e-tera-programa-em-horario-nobre\/#primaryimage"},"image":{"@id":"https:\/\/crusoe.audiencelabs.com.br\/apos-20-anos-apresentadora-troca-de-emissora-e-tera-programa-em-horario-nobre\/#primaryimage"},"thumbnailUrl":"https:\/\/cdn.crusoe.com.br\/uploads\/2026\/04\/mudancas-na-band-luciana-gimenez-deve-comandar-as-noites-de-domingo.jpg.webp","datePublished":"2026-04-24T18:37:21+00:00","author":{"@id":"https:\/\/crusoe.audiencelabs.com.br\/#\/schema\/person\/9d0fb7a15db57f24b87bef41d034cb04"},"breadcrumb":{"@id":"https:\/\/crusoe.audiencelabs.com.br\/apos-20-anos-apresentadora-troca-de-emissora-e-tera-programa-em-horario-nobre\/#breadcrumb"},"inLanguage":"pt-BR","potentialAction":[{"@type":"ReadAction","target":["https:\/\/crusoe.audiencelabs.com.br\/apos-20-anos-apresentadora-troca-de-emissora-e-tera-programa-em-horario-nobre\/"]}]},{"@type":"ImageObject","inLanguage":"pt-BR","@id":"https:\/\/crusoe.audiencelabs.com.br\/apos-20-anos-apresentadora-troca-de-emissora-e-tera-programa-em-horario-nobre\/#primaryimage","url":"https:\/\/cdn.crusoe.com.br\/uploads\/2026\/04\/mudancas-na-band-luciana-gimenez-deve-comandar-as-noites-de-domingo.jpg.webp","contentUrl":"https:\/\/cdn.crusoe.com.br\/uploads\/2026\/04\/mudancas-na-band-luciana-gimenez-deve-comandar-as-noites-de-domingo.jpg.webp","width":1280,"height":720,"caption":"Foto: Reprodu\u00e7\u00e3o Instagram\/Luciana Gimenez"},{"@type":"BreadcrumbList","@id":"https:\/\/crusoe.audiencelabs.com.br\/apos-20-anos-apresentadora-troca-de-emissora-e-tera-programa-em-horario-nobre\/#breadcrumb","itemListElement":[{"@type":"ListItem","position":1,"name":"Home","item":"https:\/\/crusoe.audiencelabs.com.br\/"},{"@type":"ListItem","position":2,"name":"Ap\u00f3s 20 anos, apresentadora troca de emissora e ter\u00e1 programa em hor\u00e1rio nobre"}]},{"@type":"WebSite","@id":"https:\/\/crusoe.audiencelabs.com.br\/#website","url":"https:\/\/crusoe.audiencelabs.com.br\/","name":"Variedades - Cruso\u00e9","description":"","potentialAction":[{"@type":"SearchAction","target":{"@type":"EntryPoint","urlTemplate":"https:\/\/crusoe.audiencelabs.com.br\/?s={search_term_string}"},"query-input":{"@type":"PropertyValueSpecification","valueRequired":true,"valueName":"search_term_string"}}],"inLanguage":"pt-BR"},{"@type":"Person","@id":"https:\/\/crusoe.audiencelabs.com.br\/#\/schema\/person\/9d0fb7a15db57f24b87bef41d034cb04","name":"Sofia Volpi","image":{"@type":"ImageObject","inLanguage":"pt-BR","@id":"https:\/\/crusoe.audiencelabs.com.br\/#\/schema\/person\/image\/","url":"https:\/\/secure.gravatar.com\/avatar\/a34b676379e5491536434fe5f7a9c49c2efbf9be83b707fa9e74568d45d559f8?s=96&d=mm&r=g","contentUrl":"https:\/\/secure.gravatar.com\/avatar\/a34b676379e5491536434fe5f7a9c49c2efbf9be83b707fa9e74568d45d559f8?s=96&d=mm&r=g","caption":"Sofia Volpi"},"description":"Comunicadora, jornalista em forma\u00e7\u00e3o. Apaixonada por esportes e cultura, colunista.","url":"https:\/\/crusoe.audiencelabs.com.br\/author\/sofiavolpi\/"}]}},"_links":{"self":[{"href":"https:\/\/crusoe.audiencelabs.com.br\/wp-json\/wp\/v2\/posts\/37784","targetHints":{"allow":["GET"]}}],"collection":[{"href":"https:\/\/crusoe.audiencelabs.com.br\/wp-json\/wp\/v2\/posts"}],"about":[{"href":"https:\/\/crusoe.audiencelabs.com.br\/wp-json\/wp\/v2\/types\/post"}],"author":[{"embeddable":true,"href":"https:\/\/crusoe.audiencelabs.com.br\/wp-json\/wp\/v2\/users\/17"}],"replies":[{"embeddable":true,"href":"https:\/\/crusoe.audiencelabs.com.br\/wp-json\/wp\/v2\/comments?post=37784"}],"version-history":[{"count":1,"href":"https:\/\/crusoe.audiencelabs.com.br\/wp-json\/wp\/v2\/posts\/37784\/revisions"}],"predecessor-version":[{"id":37786,"href":"https:\/\/crusoe.audiencelabs.com.br\/wp-json\/wp\/v2\/posts\/37784\/revisions\/37786"}],"wp:featuredmedia":[{"embeddable":true,"href":"https:\/\/crusoe.audiencelabs.com.br\/wp-json\/wp\/v2\/media\/37785"}],"wp:attachment":[{"href":"https:\/\/crusoe.audiencelabs.com.br\/wp-json\/wp\/v2\/media?parent=37784"}],"wp:term":[{"taxonomy":"category","embeddable":true,"href":"https:\/\/crusoe.audiencelabs.com.br\/wp-json\/wp\/v2\/categories?post=37784"},{"taxonomy":"post_tag","embeddable":true,"href":"https:\/\/crusoe.audiencelabs.com.br\/wp-json\/wp\/v2\/tags?post=37784"}],"curies":[{"name":"wp","href":"https:\/\/api.w.org\/{rel}","templated":true}]}}