{"id":37744,"date":"2026-04-26T18:33:42","date_gmt":"2026-04-26T21:33:42","guid":{"rendered":"https:\/\/crusoe.audiencelabs.com.br\/?p=37744"},"modified":"2026-04-23T17:53:52","modified_gmt":"2026-04-23T20:53:52","slug":"provas-da-existencia-de-povos-sao-encontradas-em-exploracao-de-caverna-fechada-a-40-000-anos","status":"publish","type":"post","link":"https:\/\/crusoe.audiencelabs.com.br\/provas-da-existencia-de-povos-sao-encontradas-em-exploracao-de-caverna-fechada-a-40-000-anos\/","title":{"rendered":"Provas da exist\u00eancia de povos s\u00e3o encontradas em explora\u00e7\u00e3o de caverna fechada a 40.000 anos"},"content":{"rendered":"<p><span style=\"font-weight: 400\">Pesquisadores voltaram a olhar para vest\u00edgios com mais de <\/span><b>40 mil anos<\/b><span style=\"font-weight: 400\"> e encontraram ind\u00edcios de que grupos humanos j\u00e1 registravam informa\u00e7\u00e3o de forma organizada muito antes da escrita formal.\u00a0<\/span><\/p>\n<p><span style=\"font-weight: 400\">O resultado veio de uma an\u00e1lise computacional sobre mais de 3 mil sinais gravados em objetos do Paleol\u00edtico europeu.<\/span><\/p>\n<p><span style=\"font-weight: 400\">O que o trabalho refor\u00e7a \u00e9 algo mais espec\u00edfico: estes grupos n\u00e3o apenas ocupavam cavernas e abrigos, como tamb\u00e9m produziam marcas repetidas que podem ter servido para registrar informa\u00e7\u00e3o ou organizar conhecimento.\u00a0<\/span><\/p>\n<figure id=\"attachment_37746\" aria-describedby=\"caption-attachment-37746\" style=\"width: 568px\" class=\"wp-caption aligncenter\"><img loading=\"lazy\" decoding=\"async\" class=\" wp-image-37746\" src=\"https:\/\/cdn.crusoe.com.br\/uploads\/2026\/04\/cavernagibraltar-1024x576-1-300x169.jpg\" alt=\"\" width=\"568\" height=\"320\" srcset=\"https:\/\/cdn.crusoe.com.br\/uploads\/2026\/04\/cavernagibraltar-1024x576-1-300x169.jpg 300w, https:\/\/cdn.crusoe.com.br\/uploads\/2026\/04\/cavernagibraltar-1024x576-1-768x432.jpg 768w, https:\/\/cdn.crusoe.com.br\/uploads\/2026\/04\/cavernagibraltar-1024x576-1-750x422.jpg 750w, https:\/\/cdn.crusoe.com.br\/uploads\/2026\/04\/cavernagibraltar-1024x576-1.jpg 1024w\" sizes=\"auto, (max-width: 568px) 100vw, 568px\" \/><figcaption id=\"caption-attachment-37746\" class=\"wp-caption-text\">Fonte: Governo de Gibraltar<\/figcaption><\/figure>\n<h2><b>O que os cientistas encontraram<\/b><\/h2>\n<p><span style=\"font-weight: 400\">A an\u00e1lise se concentrou em objetos do Paleol\u00edtico Superior, muitos deles ligados a s\u00edtios em cavernas do sul da Alemanha.\u00a0<\/span><\/p>\n<p><span style=\"font-weight: 400\">Os pesquisadores compararam padr\u00f5es de repeti\u00e7\u00e3o, ordem e densidade de informa\u00e7\u00e3o. Depois, conclu\u00edram que os sinais obedeciam a uma l\u00f3gica mais estruturada do que simples ornamenta\u00e7\u00e3o.\u00a0<\/span><\/p>\n<p><span style=\"font-weight: 400\">Segundo os autores, esses registros podem representar um est\u00e1gio muito antigo de comunica\u00e7\u00e3o visual sistem\u00e1tica.\u00a0<\/span><\/p>\n<p><span style=\"font-weight: 400\">A descoberta n\u00e3o equivale a dizer que j\u00e1 existia \u201cescrita\u201d, mas fortalece a hip\u00f3tese de que humanos da Era do Gelo usavam marcas para guardar e transmitir informa\u00e7\u00e3o.\u00a0<\/span><\/p>\n<p><span style=\"font-weight: 400\">Assim, o achado amplia o entendimento sobre o comportamento simb\u00f3lico desses grupos. Mais do que sobreviver em ambientes duros, eles tamb\u00e9m pareciam organizar sinais visuais de forma recorrente, o que d\u00e1 nova dimens\u00e3o \u00e0 vida cultural humana h\u00e1 mais de 40 mil anos.\u00a0<\/span><\/p>\n<p>&nbsp;<\/p>\n","protected":false},"excerpt":{"rendered":"<p>Pesquisadores voltaram a olhar para vest\u00edgios com mais de 40 mil anos e encontraram ind\u00edcios de que grupos humanos j\u00e1 registravam informa\u00e7\u00e3o de forma organizada muito antes da escrita formal.\u00a0 O resultado veio de uma an\u00e1lise computacional sobre mais de 3 mil sinais gravados em objetos do Paleol\u00edtico europeu. O que o trabalho refor\u00e7a \u00e9 [&hellip;]<\/p>\n","protected":false},"author":17,"featured_media":37745,"comment_status":"open","ping_status":"open","sticky":false,"template":"","format":"standard","meta":{"jnews-multi-image_gallery":[],"jnews_single_post":{"format":"standard","jnews_video_option_group":[[]],"override":[{"template":"2","parallax":"1","fullscreen":"1","layout":"right-sidebar","sidebar":"default-sidebar","second_sidebar":"default-sidebar","sticky_sidebar":"1","share_position":"hide","share_float_style":"share-monocrhome","show_featured":"1","show_post_meta":"1","show_post_author":"1","show_post_date":"1","post_date_format":"default","post_date_format_custom":"Y\/m\/d","show_post_category":"1","show_post_reading_time":"0","post_reading_time_wpm":"300","post_calculate_word_method":"str_word_count","show_zoom_button":"0","zoom_button_out_step":"2","zoom_button_in_step":"3","show_post_tag":"1","show_popup_post":"1","number_popup_post":"1","show_author_box":"1","show_post_related":"0"}],"image_override":[{"single_post_thumbnail_size":"crop-500","single_post_gallery_size":"crop-500"}],"trending_post_position":"meta","trending_post_label":"Trending","sponsored_post_label":"Sponsored by","disable_ad":"0","subtitle":"Estudo computacional sugere que sinais gravados em objetos paleol\u00edticos seguiam padr\u00e3o organizado, e n\u00e3o mera decora\u00e7\u00e3o"},"jnews_primary_category":[],"jnews_override_counter":{"view_counter_number":"0","share_counter_number":"0","like_counter_number":"0","dislike_counter_number":"0"},"jnews_post_split":{"post_split":[{"template":"1","tag":"h2","numbering":"asc","mode":"normal","first":"0","enable_toc":"0","toc_type":"normal"}]},"footnotes":""},"categories":[1],"tags":[],"class_list":["post-37744","post","type-post","status-publish","format-standard","has-post-thumbnail","hentry","category-geral"],"yoast_head":"<!-- This site is optimized with the Yoast SEO plugin v25.0 - https:\/\/yoast.com\/wordpress\/plugins\/seo\/ -->\n<title>Provas da exist\u00eancia de povos s\u00e3o encontradas em explora\u00e7\u00e3o de caverna fechada a 40.000 anos<\/title>\n<meta name=\"robots\" content=\"index, follow, max-snippet:-1, max-image-preview:large, max-video-preview:-1\" \/>\n<link rel=\"canonical\" href=\"https:\/\/crusoe.audiencelabs.com.br\/provas-da-existencia-de-povos-sao-encontradas-em-exploracao-de-caverna-fechada-a-40-000-anos\/\" \/>\n<meta property=\"og:locale\" content=\"pt_BR\" \/>\n<meta property=\"og:type\" content=\"article\" \/>\n<meta property=\"og:title\" content=\"Provas da exist\u00eancia de povos s\u00e3o encontradas em explora\u00e7\u00e3o de caverna fechada a 40.000 anos\" \/>\n<meta property=\"og:description\" content=\"Pesquisadores voltaram a olhar para vest\u00edgios com mais de 40 mil anos e encontraram ind\u00edcios de que grupos humanos j\u00e1 registravam informa\u00e7\u00e3o de forma organizada muito antes da escrita formal.\u00a0 O resultado veio de uma an\u00e1lise computacional sobre mais de 3 mil sinais gravados em objetos do Paleol\u00edtico europeu. O que o trabalho refor\u00e7a \u00e9 [&hellip;]\" \/>\n<meta property=\"og:url\" content=\"https:\/\/crusoe.audiencelabs.com.br\/provas-da-existencia-de-povos-sao-encontradas-em-exploracao-de-caverna-fechada-a-40-000-anos\/\" \/>\n<meta property=\"og:site_name\" content=\"Variedades - Cruso\u00e9\" \/>\n<meta property=\"article:published_time\" content=\"2026-04-26T21:33:42+00:00\" \/>\n<meta property=\"og:image\" content=\"https:\/\/cdn.crusoe.com.br\/uploads\/2026\/04\/caverna-1-750x375-1.jpg\" \/>\n\t<meta property=\"og:image:width\" content=\"750\" \/>\n\t<meta property=\"og:image:height\" content=\"375\" \/>\n\t<meta property=\"og:image:type\" content=\"image\/jpeg\" \/>\n<meta name=\"author\" content=\"Sofia Volpi\" \/>\n<meta name=\"twitter:card\" content=\"summary_large_image\" \/>\n<meta name=\"twitter:label1\" content=\"Escrito por\" \/>\n\t<meta name=\"twitter:data1\" content=\"Sofia Volpi\" \/>\n\t<meta name=\"twitter:label2\" content=\"Est. tempo de leitura\" \/>\n\t<meta name=\"twitter:data2\" content=\"2 minutos\" \/>\n<script type=\"application\/ld+json\" class=\"yoast-schema-graph\">{\"@context\":\"https:\/\/schema.org\",\"@graph\":[{\"@type\":\"WebPage\",\"@id\":\"https:\/\/crusoe.audiencelabs.com.br\/provas-da-existencia-de-povos-sao-encontradas-em-exploracao-de-caverna-fechada-a-40-000-anos\/\",\"url\":\"https:\/\/crusoe.audiencelabs.com.br\/provas-da-existencia-de-povos-sao-encontradas-em-exploracao-de-caverna-fechada-a-40-000-anos\/\",\"name\":\"Provas da exist\u00eancia de povos s\u00e3o encontradas em explora\u00e7\u00e3o de caverna fechada a 40.000 anos\",\"isPartOf\":{\"@id\":\"https:\/\/crusoe.audiencelabs.com.br\/#website\"},\"primaryImageOfPage\":{\"@id\":\"https:\/\/crusoe.audiencelabs.com.br\/provas-da-existencia-de-povos-sao-encontradas-em-exploracao-de-caverna-fechada-a-40-000-anos\/#primaryimage\"},\"image\":{\"@id\":\"https:\/\/crusoe.audiencelabs.com.br\/provas-da-existencia-de-povos-sao-encontradas-em-exploracao-de-caverna-fechada-a-40-000-anos\/#primaryimage\"},\"thumbnailUrl\":\"https:\/\/cdn.crusoe.com.br\/uploads\/2026\/04\/caverna-1-750x375-1.jpg\",\"datePublished\":\"2026-04-26T21:33:42+00:00\",\"author\":{\"@id\":\"https:\/\/crusoe.audiencelabs.com.br\/#\/schema\/person\/9d0fb7a15db57f24b87bef41d034cb04\"},\"breadcrumb\":{\"@id\":\"https:\/\/crusoe.audiencelabs.com.br\/provas-da-existencia-de-povos-sao-encontradas-em-exploracao-de-caverna-fechada-a-40-000-anos\/#breadcrumb\"},\"inLanguage\":\"pt-BR\",\"potentialAction\":[{\"@type\":\"ReadAction\",\"target\":[\"https:\/\/crusoe.audiencelabs.com.br\/provas-da-existencia-de-povos-sao-encontradas-em-exploracao-de-caverna-fechada-a-40-000-anos\/\"]}]},{\"@type\":\"ImageObject\",\"inLanguage\":\"pt-BR\",\"@id\":\"https:\/\/crusoe.audiencelabs.com.br\/provas-da-existencia-de-povos-sao-encontradas-em-exploracao-de-caverna-fechada-a-40-000-anos\/#primaryimage\",\"url\":\"https:\/\/cdn.crusoe.com.br\/uploads\/2026\/04\/caverna-1-750x375-1.jpg\",\"contentUrl\":\"https:\/\/cdn.crusoe.com.br\/uploads\/2026\/04\/caverna-1-750x375-1.jpg\",\"width\":750,\"height\":375,\"caption\":\"Fonte: Prefeitura de Jalance\"},{\"@type\":\"BreadcrumbList\",\"@id\":\"https:\/\/crusoe.audiencelabs.com.br\/provas-da-existencia-de-povos-sao-encontradas-em-exploracao-de-caverna-fechada-a-40-000-anos\/#breadcrumb\",\"itemListElement\":[{\"@type\":\"ListItem\",\"position\":1,\"name\":\"Home\",\"item\":\"https:\/\/crusoe.audiencelabs.com.br\/\"},{\"@type\":\"ListItem\",\"position\":2,\"name\":\"Provas da exist\u00eancia de povos s\u00e3o encontradas em explora\u00e7\u00e3o de caverna fechada a 40.000 anos\"}]},{\"@type\":\"WebSite\",\"@id\":\"https:\/\/crusoe.audiencelabs.com.br\/#website\",\"url\":\"https:\/\/crusoe.audiencelabs.com.br\/\",\"name\":\"Variedades - Cruso\u00e9\",\"description\":\"\",\"potentialAction\":[{\"@type\":\"SearchAction\",\"target\":{\"@type\":\"EntryPoint\",\"urlTemplate\":\"https:\/\/crusoe.audiencelabs.com.br\/?s={search_term_string}\"},\"query-input\":{\"@type\":\"PropertyValueSpecification\",\"valueRequired\":true,\"valueName\":\"search_term_string\"}}],\"inLanguage\":\"pt-BR\"},{\"@type\":\"Person\",\"@id\":\"https:\/\/crusoe.audiencelabs.com.br\/#\/schema\/person\/9d0fb7a15db57f24b87bef41d034cb04\",\"name\":\"Sofia Volpi\",\"image\":{\"@type\":\"ImageObject\",\"inLanguage\":\"pt-BR\",\"@id\":\"https:\/\/crusoe.audiencelabs.com.br\/#\/schema\/person\/image\/\",\"url\":\"https:\/\/secure.gravatar.com\/avatar\/a34b676379e5491536434fe5f7a9c49c2efbf9be83b707fa9e74568d45d559f8?s=96&d=mm&r=g\",\"contentUrl\":\"https:\/\/secure.gravatar.com\/avatar\/a34b676379e5491536434fe5f7a9c49c2efbf9be83b707fa9e74568d45d559f8?s=96&d=mm&r=g\",\"caption\":\"Sofia Volpi\"},\"description\":\"Comunicadora, jornalista em forma\u00e7\u00e3o. Apaixonada por esportes e cultura, colunista.\",\"url\":\"https:\/\/crusoe.audiencelabs.com.br\/author\/sofiavolpi\/\"}]}<\/script>\n<!-- \/ Yoast SEO plugin. -->","yoast_head_json":{"title":"Provas da exist\u00eancia de povos s\u00e3o encontradas em explora\u00e7\u00e3o de caverna fechada a 40.000 anos","robots":{"index":"index","follow":"follow","max-snippet":"max-snippet:-1","max-image-preview":"max-image-preview:large","max-video-preview":"max-video-preview:-1"},"canonical":"https:\/\/crusoe.audiencelabs.com.br\/provas-da-existencia-de-povos-sao-encontradas-em-exploracao-de-caverna-fechada-a-40-000-anos\/","og_locale":"pt_BR","og_type":"article","og_title":"Provas da exist\u00eancia de povos s\u00e3o encontradas em explora\u00e7\u00e3o de caverna fechada a 40.000 anos","og_description":"Pesquisadores voltaram a olhar para vest\u00edgios com mais de 40 mil anos e encontraram ind\u00edcios de que grupos humanos j\u00e1 registravam informa\u00e7\u00e3o de forma organizada muito antes da escrita formal.\u00a0 O resultado veio de uma an\u00e1lise computacional sobre mais de 3 mil sinais gravados em objetos do Paleol\u00edtico europeu. O que o trabalho refor\u00e7a \u00e9 [&hellip;]","og_url":"https:\/\/crusoe.audiencelabs.com.br\/provas-da-existencia-de-povos-sao-encontradas-em-exploracao-de-caverna-fechada-a-40-000-anos\/","og_site_name":"Variedades - Cruso\u00e9","article_published_time":"2026-04-26T21:33:42+00:00","og_image":[{"width":750,"height":375,"url":"https:\/\/cdn.crusoe.com.br\/uploads\/2026\/04\/caverna-1-750x375-1.jpg","type":"image\/jpeg"}],"author":"Sofia Volpi","twitter_card":"summary_large_image","twitter_misc":{"Escrito por":"Sofia Volpi","Est. tempo de leitura":"2 minutos"},"schema":{"@context":"https:\/\/schema.org","@graph":[{"@type":"WebPage","@id":"https:\/\/crusoe.audiencelabs.com.br\/provas-da-existencia-de-povos-sao-encontradas-em-exploracao-de-caverna-fechada-a-40-000-anos\/","url":"https:\/\/crusoe.audiencelabs.com.br\/provas-da-existencia-de-povos-sao-encontradas-em-exploracao-de-caverna-fechada-a-40-000-anos\/","name":"Provas da exist\u00eancia de povos s\u00e3o encontradas em explora\u00e7\u00e3o de caverna fechada a 40.000 anos","isPartOf":{"@id":"https:\/\/crusoe.audiencelabs.com.br\/#website"},"primaryImageOfPage":{"@id":"https:\/\/crusoe.audiencelabs.com.br\/provas-da-existencia-de-povos-sao-encontradas-em-exploracao-de-caverna-fechada-a-40-000-anos\/#primaryimage"},"image":{"@id":"https:\/\/crusoe.audiencelabs.com.br\/provas-da-existencia-de-povos-sao-encontradas-em-exploracao-de-caverna-fechada-a-40-000-anos\/#primaryimage"},"thumbnailUrl":"https:\/\/cdn.crusoe.com.br\/uploads\/2026\/04\/caverna-1-750x375-1.jpg","datePublished":"2026-04-26T21:33:42+00:00","author":{"@id":"https:\/\/crusoe.audiencelabs.com.br\/#\/schema\/person\/9d0fb7a15db57f24b87bef41d034cb04"},"breadcrumb":{"@id":"https:\/\/crusoe.audiencelabs.com.br\/provas-da-existencia-de-povos-sao-encontradas-em-exploracao-de-caverna-fechada-a-40-000-anos\/#breadcrumb"},"inLanguage":"pt-BR","potentialAction":[{"@type":"ReadAction","target":["https:\/\/crusoe.audiencelabs.com.br\/provas-da-existencia-de-povos-sao-encontradas-em-exploracao-de-caverna-fechada-a-40-000-anos\/"]}]},{"@type":"ImageObject","inLanguage":"pt-BR","@id":"https:\/\/crusoe.audiencelabs.com.br\/provas-da-existencia-de-povos-sao-encontradas-em-exploracao-de-caverna-fechada-a-40-000-anos\/#primaryimage","url":"https:\/\/cdn.crusoe.com.br\/uploads\/2026\/04\/caverna-1-750x375-1.jpg","contentUrl":"https:\/\/cdn.crusoe.com.br\/uploads\/2026\/04\/caverna-1-750x375-1.jpg","width":750,"height":375,"caption":"Fonte: Prefeitura de Jalance"},{"@type":"BreadcrumbList","@id":"https:\/\/crusoe.audiencelabs.com.br\/provas-da-existencia-de-povos-sao-encontradas-em-exploracao-de-caverna-fechada-a-40-000-anos\/#breadcrumb","itemListElement":[{"@type":"ListItem","position":1,"name":"Home","item":"https:\/\/crusoe.audiencelabs.com.br\/"},{"@type":"ListItem","position":2,"name":"Provas da exist\u00eancia de povos s\u00e3o encontradas em explora\u00e7\u00e3o de caverna fechada a 40.000 anos"}]},{"@type":"WebSite","@id":"https:\/\/crusoe.audiencelabs.com.br\/#website","url":"https:\/\/crusoe.audiencelabs.com.br\/","name":"Variedades - Cruso\u00e9","description":"","potentialAction":[{"@type":"SearchAction","target":{"@type":"EntryPoint","urlTemplate":"https:\/\/crusoe.audiencelabs.com.br\/?s={search_term_string}"},"query-input":{"@type":"PropertyValueSpecification","valueRequired":true,"valueName":"search_term_string"}}],"inLanguage":"pt-BR"},{"@type":"Person","@id":"https:\/\/crusoe.audiencelabs.com.br\/#\/schema\/person\/9d0fb7a15db57f24b87bef41d034cb04","name":"Sofia Volpi","image":{"@type":"ImageObject","inLanguage":"pt-BR","@id":"https:\/\/crusoe.audiencelabs.com.br\/#\/schema\/person\/image\/","url":"https:\/\/secure.gravatar.com\/avatar\/a34b676379e5491536434fe5f7a9c49c2efbf9be83b707fa9e74568d45d559f8?s=96&d=mm&r=g","contentUrl":"https:\/\/secure.gravatar.com\/avatar\/a34b676379e5491536434fe5f7a9c49c2efbf9be83b707fa9e74568d45d559f8?s=96&d=mm&r=g","caption":"Sofia Volpi"},"description":"Comunicadora, jornalista em forma\u00e7\u00e3o. Apaixonada por esportes e cultura, colunista.","url":"https:\/\/crusoe.audiencelabs.com.br\/author\/sofiavolpi\/"}]}},"_links":{"self":[{"href":"https:\/\/crusoe.audiencelabs.com.br\/wp-json\/wp\/v2\/posts\/37744","targetHints":{"allow":["GET"]}}],"collection":[{"href":"https:\/\/crusoe.audiencelabs.com.br\/wp-json\/wp\/v2\/posts"}],"about":[{"href":"https:\/\/crusoe.audiencelabs.com.br\/wp-json\/wp\/v2\/types\/post"}],"author":[{"embeddable":true,"href":"https:\/\/crusoe.audiencelabs.com.br\/wp-json\/wp\/v2\/users\/17"}],"replies":[{"embeddable":true,"href":"https:\/\/crusoe.audiencelabs.com.br\/wp-json\/wp\/v2\/comments?post=37744"}],"version-history":[{"count":1,"href":"https:\/\/crusoe.audiencelabs.com.br\/wp-json\/wp\/v2\/posts\/37744\/revisions"}],"predecessor-version":[{"id":37747,"href":"https:\/\/crusoe.audiencelabs.com.br\/wp-json\/wp\/v2\/posts\/37744\/revisions\/37747"}],"wp:featuredmedia":[{"embeddable":true,"href":"https:\/\/crusoe.audiencelabs.com.br\/wp-json\/wp\/v2\/media\/37745"}],"wp:attachment":[{"href":"https:\/\/crusoe.audiencelabs.com.br\/wp-json\/wp\/v2\/media?parent=37744"}],"wp:term":[{"taxonomy":"category","embeddable":true,"href":"https:\/\/crusoe.audiencelabs.com.br\/wp-json\/wp\/v2\/categories?post=37744"},{"taxonomy":"post_tag","embeddable":true,"href":"https:\/\/crusoe.audiencelabs.com.br\/wp-json\/wp\/v2\/tags?post=37744"}],"curies":[{"name":"wp","href":"https:\/\/api.w.org\/{rel}","templated":true}]}}