{"id":37741,"date":"2026-04-26T15:37:59","date_gmt":"2026-04-26T18:37:59","guid":{"rendered":"https:\/\/crusoe.audiencelabs.com.br\/?p=37741"},"modified":"2026-04-25T12:25:10","modified_gmt":"2026-04-25T15:25:10","slug":"fique-por-dentro-das-isencoes-e-beneficios-que-quem-completar-de-60-a-65-tem-direito","status":"publish","type":"post","link":"https:\/\/crusoe.audiencelabs.com.br\/fique-por-dentro-das-isencoes-e-beneficios-que-quem-completar-de-60-a-65-tem-direito\/","title":{"rendered":"Fique por dentro das isen\u00e7\u00f5es e benef\u00edcios que quem completar de 60 a 65 tem direito"},"content":{"rendered":"<p><span style=\"font-weight: 400\">No Brasil, considera-se pessoa idosa quem tem <\/span><b>60+.<\/b><span style=\"font-weight: 400\"> A partir da\u00ed, passam a valer direitos como <\/span><b>prioridade em atendimentos<\/b><span style=\"font-weight: 400\">, <\/span><b>desconto de 50% em atividades culturais, esportivas e de lazer<\/b><span style=\"font-weight: 400\"> e <\/span><b>reserva de 5% das vagas em estacionamentos p\u00fablicos e privados<\/b><span style=\"font-weight: 400\">.\u00a0<\/span><\/p>\n<p><span style=\"font-weight: 400\">Al\u00e9m disso, pessoas com mais de 60 anos j\u00e1 podem emitir a <\/span><b>credencial de estacionamento<\/b><span style=\"font-weight: 400\"> para usar as vagas preferenciais.\u00a0<\/span><\/p>\n<p><span style=\"font-weight: 400\">O <\/span><b>Minist\u00e9rio dos Transportes<\/b><span style=\"font-weight: 400\"> informa que o documento pode ser solicitado inclusive por aplicativo, sem necessidade de ir presencialmente a um \u00f3rg\u00e3o local em muitos casos.\u00a0<\/span><\/p>\n<h2><b>O que come\u00e7a aos 60<\/b><\/h2>\n<p><span style=\"font-weight: 400\">Entre os direitos mais imediatos est\u00e3o prioridade processual, atendimento preferencial e acesso facilitado a pol\u00edticas p\u00fablicas de sa\u00fade e assist\u00eancia.\u00a0<\/span><\/p>\n<p><span style=\"font-weight: 400\">Tamb\u00e9m entram nessa faixa os descontos em ingressos e outros mecanismos de prote\u00e7\u00e3o previstos no Estatuto da Pessoa Idosa.<\/span><\/p>\n<p><span style=\"font-weight: 400\">No transporte interestadual, pessoas com <\/span><b>mais de 60 anos<\/b><span style=\"font-weight: 400\"> e <\/span><b>renda de at\u00e9 dois sal\u00e1rios m\u00ednimos<\/b><span style=\"font-weight: 400\"> podem pedir a <\/span><b>Carteira da Pessoa Idosa<\/b><span style=\"font-weight: 400\">, que garante duas vagas gratuitas por ve\u00edculo ou desconto de 50% quando as vagas j\u00e1 estiverem ocupadas.\u00a0<\/span><\/p>\n<h2><b>O que s\u00f3 vale aos 65<\/b><\/h2>\n<p><span style=\"font-weight: 400\">A gratuidade no <\/span><b>transporte coletivo p\u00fablico urbano e semiurbano<\/b><span style=\"font-weight: 400\"> come\u00e7a, em regra geral federal, aos <\/span><b>65 anos<\/b><span style=\"font-weight: 400\">. Munic\u00edpios e estados at\u00e9 podem ampliar essa faixa, mas a regra nacional parte dos 65.\u00a0<\/span><\/p>\n<p><span style=\"font-weight: 400\">A mesma idade vale para o <\/span><b>Benef\u00edcio de Presta\u00e7\u00e3o Continuada (BPC)<\/b><span style=\"font-weight: 400\">, desde que a pessoa idosa comprove baixa renda e atenda aos crit\u00e9rios da pol\u00edtica assistencial.\u00a0<\/span><\/p>\n<p><span style=\"font-weight: 400\">O governo federal informa que o benef\u00edcio n\u00e3o exige contribui\u00e7\u00e3o ao INSS, mas depende de cadastro e an\u00e1lise socioecon\u00f4mica. <\/span><\/p>\n","protected":false},"excerpt":{"rendered":"<p>No Brasil, considera-se pessoa idosa quem tem 60+. A partir da\u00ed, passam a valer direitos como prioridade em atendimentos, desconto de 50% em atividades culturais, esportivas e de lazer e reserva de 5% das vagas em estacionamentos p\u00fablicos e privados.\u00a0 Al\u00e9m disso, pessoas com mais de 60 anos j\u00e1 podem emitir a credencial de estacionamento [&hellip;]<\/p>\n","protected":false},"author":17,"featured_media":37742,"comment_status":"open","ping_status":"open","sticky":false,"template":"","format":"standard","meta":{"jnews-multi-image_gallery":[],"jnews_single_post":{"format":"standard","jnews_video_option_group":[[]],"override":[{"template":"2","parallax":"1","fullscreen":"1","layout":"right-sidebar","sidebar":"default-sidebar","second_sidebar":"default-sidebar","sticky_sidebar":"1","share_position":"hide","share_float_style":"share-monocrhome","show_featured":"1","show_post_meta":"1","show_post_author":"1","show_post_date":"1","post_date_format":"default","post_date_format_custom":"Y\/m\/d","show_post_category":"1","show_post_reading_time":"0","post_reading_time_wpm":"300","post_calculate_word_method":"str_word_count","show_zoom_button":"0","zoom_button_out_step":"2","zoom_button_in_step":"3","show_post_tag":"1","show_popup_post":"1","number_popup_post":"1","show_author_box":"1","show_post_related":"0"}],"image_override":[{"single_post_thumbnail_size":"crop-500","single_post_gallery_size":"crop-500"}],"trending_post_position":"meta","trending_post_label":"Trending","sponsored_post_label":"Sponsored by","disable_ad":"0","subtitle":"Faixa et\u00e1ria j\u00e1 garante direitos previstos no Estatuto da Pessoa Idosa, mas nem todo benef\u00edcio come\u00e7a aos 60"},"jnews_primary_category":[],"jnews_override_counter":{"view_counter_number":"0","share_counter_number":"0","like_counter_number":"0","dislike_counter_number":"0"},"jnews_post_split":{"post_split":[{"template":"1","tag":"h2","numbering":"asc","mode":"normal","first":"0","enable_toc":"0","toc_type":"normal"}]},"footnotes":""},"categories":[1],"tags":[],"class_list":["post-37741","post","type-post","status-publish","format-standard","has-post-thumbnail","hentry","category-geral"],"yoast_head":"<!-- This site is optimized with the Yoast SEO plugin v25.0 - https:\/\/yoast.com\/wordpress\/plugins\/seo\/ -->\n<title>Fique por dentro das isen\u00e7\u00f5es e benef\u00edcios que quem completar de 60 a 65 tem direito<\/title>\n<meta name=\"robots\" content=\"index, follow, max-snippet:-1, max-image-preview:large, max-video-preview:-1\" \/>\n<link rel=\"canonical\" href=\"https:\/\/crusoe.audiencelabs.com.br\/fique-por-dentro-das-isencoes-e-beneficios-que-quem-completar-de-60-a-65-tem-direito\/\" \/>\n<meta property=\"og:locale\" content=\"pt_BR\" \/>\n<meta property=\"og:type\" content=\"article\" \/>\n<meta property=\"og:title\" content=\"Fique por dentro das isen\u00e7\u00f5es e benef\u00edcios que quem completar de 60 a 65 tem direito\" \/>\n<meta property=\"og:description\" content=\"No Brasil, considera-se pessoa idosa quem tem 60+. A partir da\u00ed, passam a valer direitos como prioridade em atendimentos, desconto de 50% em atividades culturais, esportivas e de lazer e reserva de 5% das vagas em estacionamentos p\u00fablicos e privados.\u00a0 Al\u00e9m disso, pessoas com mais de 60 anos j\u00e1 podem emitir a credencial de estacionamento [&hellip;]\" \/>\n<meta property=\"og:url\" content=\"https:\/\/crusoe.audiencelabs.com.br\/fique-por-dentro-das-isencoes-e-beneficios-que-quem-completar-de-60-a-65-tem-direito\/\" \/>\n<meta property=\"og:site_name\" content=\"Variedades - Cruso\u00e9\" \/>\n<meta property=\"article:published_time\" content=\"2026-04-26T18:37:59+00:00\" \/>\n<meta property=\"og:image\" content=\"https:\/\/cdn.crusoe.com.br\/uploads\/2026\/04\/cmm-audiencia-e1464107926789_0.jpg\" \/>\n\t<meta property=\"og:image:width\" content=\"1650\" \/>\n\t<meta property=\"og:image:height\" content=\"936\" \/>\n\t<meta property=\"og:image:type\" content=\"image\/jpeg\" \/>\n<meta name=\"author\" content=\"Sofia Volpi\" \/>\n<meta name=\"twitter:card\" content=\"summary_large_image\" \/>\n<meta name=\"twitter:label1\" content=\"Escrito por\" \/>\n\t<meta name=\"twitter:data1\" content=\"Sofia Volpi\" \/>\n\t<meta name=\"twitter:label2\" content=\"Est. tempo de leitura\" \/>\n\t<meta name=\"twitter:data2\" content=\"2 minutos\" \/>\n<script type=\"application\/ld+json\" class=\"yoast-schema-graph\">{\"@context\":\"https:\/\/schema.org\",\"@graph\":[{\"@type\":\"WebPage\",\"@id\":\"https:\/\/crusoe.audiencelabs.com.br\/fique-por-dentro-das-isencoes-e-beneficios-que-quem-completar-de-60-a-65-tem-direito\/\",\"url\":\"https:\/\/crusoe.audiencelabs.com.br\/fique-por-dentro-das-isencoes-e-beneficios-que-quem-completar-de-60-a-65-tem-direito\/\",\"name\":\"Fique por dentro das isen\u00e7\u00f5es e benef\u00edcios que quem completar de 60 a 65 tem direito\",\"isPartOf\":{\"@id\":\"https:\/\/crusoe.audiencelabs.com.br\/#website\"},\"primaryImageOfPage\":{\"@id\":\"https:\/\/crusoe.audiencelabs.com.br\/fique-por-dentro-das-isencoes-e-beneficios-que-quem-completar-de-60-a-65-tem-direito\/#primaryimage\"},\"image\":{\"@id\":\"https:\/\/crusoe.audiencelabs.com.br\/fique-por-dentro-das-isencoes-e-beneficios-que-quem-completar-de-60-a-65-tem-direito\/#primaryimage\"},\"thumbnailUrl\":\"https:\/\/cdn.crusoe.com.br\/uploads\/2026\/04\/cmm-audiencia-e1464107926789_0.jpg\",\"datePublished\":\"2026-04-26T18:37:59+00:00\",\"author\":{\"@id\":\"https:\/\/crusoe.audiencelabs.com.br\/#\/schema\/person\/9d0fb7a15db57f24b87bef41d034cb04\"},\"breadcrumb\":{\"@id\":\"https:\/\/crusoe.audiencelabs.com.br\/fique-por-dentro-das-isencoes-e-beneficios-que-quem-completar-de-60-a-65-tem-direito\/#breadcrumb\"},\"inLanguage\":\"pt-BR\",\"potentialAction\":[{\"@type\":\"ReadAction\",\"target\":[\"https:\/\/crusoe.audiencelabs.com.br\/fique-por-dentro-das-isencoes-e-beneficios-que-quem-completar-de-60-a-65-tem-direito\/\"]}]},{\"@type\":\"ImageObject\",\"inLanguage\":\"pt-BR\",\"@id\":\"https:\/\/crusoe.audiencelabs.com.br\/fique-por-dentro-das-isencoes-e-beneficios-que-quem-completar-de-60-a-65-tem-direito\/#primaryimage\",\"url\":\"https:\/\/cdn.crusoe.com.br\/uploads\/2026\/04\/cmm-audiencia-e1464107926789_0.jpg\",\"contentUrl\":\"https:\/\/cdn.crusoe.com.br\/uploads\/2026\/04\/cmm-audiencia-e1464107926789_0.jpg\",\"width\":1650,\"height\":936,\"caption\":\"Foto: Robervaldo Rocha\/C\u00e2mara Municipal de Manaus\"},{\"@type\":\"BreadcrumbList\",\"@id\":\"https:\/\/crusoe.audiencelabs.com.br\/fique-por-dentro-das-isencoes-e-beneficios-que-quem-completar-de-60-a-65-tem-direito\/#breadcrumb\",\"itemListElement\":[{\"@type\":\"ListItem\",\"position\":1,\"name\":\"Home\",\"item\":\"https:\/\/crusoe.audiencelabs.com.br\/\"},{\"@type\":\"ListItem\",\"position\":2,\"name\":\"Fique por dentro das isen\u00e7\u00f5es e benef\u00edcios que quem completar de 60 a 65 tem direito\"}]},{\"@type\":\"WebSite\",\"@id\":\"https:\/\/crusoe.audiencelabs.com.br\/#website\",\"url\":\"https:\/\/crusoe.audiencelabs.com.br\/\",\"name\":\"Variedades - Cruso\u00e9\",\"description\":\"\",\"potentialAction\":[{\"@type\":\"SearchAction\",\"target\":{\"@type\":\"EntryPoint\",\"urlTemplate\":\"https:\/\/crusoe.audiencelabs.com.br\/?s={search_term_string}\"},\"query-input\":{\"@type\":\"PropertyValueSpecification\",\"valueRequired\":true,\"valueName\":\"search_term_string\"}}],\"inLanguage\":\"pt-BR\"},{\"@type\":\"Person\",\"@id\":\"https:\/\/crusoe.audiencelabs.com.br\/#\/schema\/person\/9d0fb7a15db57f24b87bef41d034cb04\",\"name\":\"Sofia Volpi\",\"image\":{\"@type\":\"ImageObject\",\"inLanguage\":\"pt-BR\",\"@id\":\"https:\/\/crusoe.audiencelabs.com.br\/#\/schema\/person\/image\/\",\"url\":\"https:\/\/secure.gravatar.com\/avatar\/a34b676379e5491536434fe5f7a9c49c2efbf9be83b707fa9e74568d45d559f8?s=96&d=mm&r=g\",\"contentUrl\":\"https:\/\/secure.gravatar.com\/avatar\/a34b676379e5491536434fe5f7a9c49c2efbf9be83b707fa9e74568d45d559f8?s=96&d=mm&r=g\",\"caption\":\"Sofia Volpi\"},\"description\":\"Comunicadora, jornalista em forma\u00e7\u00e3o. Apaixonada por esportes e cultura, colunista.\",\"url\":\"https:\/\/crusoe.audiencelabs.com.br\/author\/sofiavolpi\/\"}]}<\/script>\n<!-- \/ Yoast SEO plugin. -->","yoast_head_json":{"title":"Fique por dentro das isen\u00e7\u00f5es e benef\u00edcios que quem completar de 60 a 65 tem direito","robots":{"index":"index","follow":"follow","max-snippet":"max-snippet:-1","max-image-preview":"max-image-preview:large","max-video-preview":"max-video-preview:-1"},"canonical":"https:\/\/crusoe.audiencelabs.com.br\/fique-por-dentro-das-isencoes-e-beneficios-que-quem-completar-de-60-a-65-tem-direito\/","og_locale":"pt_BR","og_type":"article","og_title":"Fique por dentro das isen\u00e7\u00f5es e benef\u00edcios que quem completar de 60 a 65 tem direito","og_description":"No Brasil, considera-se pessoa idosa quem tem 60+. A partir da\u00ed, passam a valer direitos como prioridade em atendimentos, desconto de 50% em atividades culturais, esportivas e de lazer e reserva de 5% das vagas em estacionamentos p\u00fablicos e privados.\u00a0 Al\u00e9m disso, pessoas com mais de 60 anos j\u00e1 podem emitir a credencial de estacionamento [&hellip;]","og_url":"https:\/\/crusoe.audiencelabs.com.br\/fique-por-dentro-das-isencoes-e-beneficios-que-quem-completar-de-60-a-65-tem-direito\/","og_site_name":"Variedades - Cruso\u00e9","article_published_time":"2026-04-26T18:37:59+00:00","og_image":[{"width":1650,"height":936,"url":"https:\/\/cdn.crusoe.com.br\/uploads\/2026\/04\/cmm-audiencia-e1464107926789_0.jpg","type":"image\/jpeg"}],"author":"Sofia Volpi","twitter_card":"summary_large_image","twitter_misc":{"Escrito por":"Sofia Volpi","Est. tempo de leitura":"2 minutos"},"schema":{"@context":"https:\/\/schema.org","@graph":[{"@type":"WebPage","@id":"https:\/\/crusoe.audiencelabs.com.br\/fique-por-dentro-das-isencoes-e-beneficios-que-quem-completar-de-60-a-65-tem-direito\/","url":"https:\/\/crusoe.audiencelabs.com.br\/fique-por-dentro-das-isencoes-e-beneficios-que-quem-completar-de-60-a-65-tem-direito\/","name":"Fique por dentro das isen\u00e7\u00f5es e benef\u00edcios que quem completar de 60 a 65 tem direito","isPartOf":{"@id":"https:\/\/crusoe.audiencelabs.com.br\/#website"},"primaryImageOfPage":{"@id":"https:\/\/crusoe.audiencelabs.com.br\/fique-por-dentro-das-isencoes-e-beneficios-que-quem-completar-de-60-a-65-tem-direito\/#primaryimage"},"image":{"@id":"https:\/\/crusoe.audiencelabs.com.br\/fique-por-dentro-das-isencoes-e-beneficios-que-quem-completar-de-60-a-65-tem-direito\/#primaryimage"},"thumbnailUrl":"https:\/\/cdn.crusoe.com.br\/uploads\/2026\/04\/cmm-audiencia-e1464107926789_0.jpg","datePublished":"2026-04-26T18:37:59+00:00","author":{"@id":"https:\/\/crusoe.audiencelabs.com.br\/#\/schema\/person\/9d0fb7a15db57f24b87bef41d034cb04"},"breadcrumb":{"@id":"https:\/\/crusoe.audiencelabs.com.br\/fique-por-dentro-das-isencoes-e-beneficios-que-quem-completar-de-60-a-65-tem-direito\/#breadcrumb"},"inLanguage":"pt-BR","potentialAction":[{"@type":"ReadAction","target":["https:\/\/crusoe.audiencelabs.com.br\/fique-por-dentro-das-isencoes-e-beneficios-que-quem-completar-de-60-a-65-tem-direito\/"]}]},{"@type":"ImageObject","inLanguage":"pt-BR","@id":"https:\/\/crusoe.audiencelabs.com.br\/fique-por-dentro-das-isencoes-e-beneficios-que-quem-completar-de-60-a-65-tem-direito\/#primaryimage","url":"https:\/\/cdn.crusoe.com.br\/uploads\/2026\/04\/cmm-audiencia-e1464107926789_0.jpg","contentUrl":"https:\/\/cdn.crusoe.com.br\/uploads\/2026\/04\/cmm-audiencia-e1464107926789_0.jpg","width":1650,"height":936,"caption":"Foto: Robervaldo Rocha\/C\u00e2mara Municipal de Manaus"},{"@type":"BreadcrumbList","@id":"https:\/\/crusoe.audiencelabs.com.br\/fique-por-dentro-das-isencoes-e-beneficios-que-quem-completar-de-60-a-65-tem-direito\/#breadcrumb","itemListElement":[{"@type":"ListItem","position":1,"name":"Home","item":"https:\/\/crusoe.audiencelabs.com.br\/"},{"@type":"ListItem","position":2,"name":"Fique por dentro das isen\u00e7\u00f5es e benef\u00edcios que quem completar de 60 a 65 tem direito"}]},{"@type":"WebSite","@id":"https:\/\/crusoe.audiencelabs.com.br\/#website","url":"https:\/\/crusoe.audiencelabs.com.br\/","name":"Variedades - Cruso\u00e9","description":"","potentialAction":[{"@type":"SearchAction","target":{"@type":"EntryPoint","urlTemplate":"https:\/\/crusoe.audiencelabs.com.br\/?s={search_term_string}"},"query-input":{"@type":"PropertyValueSpecification","valueRequired":true,"valueName":"search_term_string"}}],"inLanguage":"pt-BR"},{"@type":"Person","@id":"https:\/\/crusoe.audiencelabs.com.br\/#\/schema\/person\/9d0fb7a15db57f24b87bef41d034cb04","name":"Sofia Volpi","image":{"@type":"ImageObject","inLanguage":"pt-BR","@id":"https:\/\/crusoe.audiencelabs.com.br\/#\/schema\/person\/image\/","url":"https:\/\/secure.gravatar.com\/avatar\/a34b676379e5491536434fe5f7a9c49c2efbf9be83b707fa9e74568d45d559f8?s=96&d=mm&r=g","contentUrl":"https:\/\/secure.gravatar.com\/avatar\/a34b676379e5491536434fe5f7a9c49c2efbf9be83b707fa9e74568d45d559f8?s=96&d=mm&r=g","caption":"Sofia Volpi"},"description":"Comunicadora, jornalista em forma\u00e7\u00e3o. Apaixonada por esportes e cultura, colunista.","url":"https:\/\/crusoe.audiencelabs.com.br\/author\/sofiavolpi\/"}]}},"_links":{"self":[{"href":"https:\/\/crusoe.audiencelabs.com.br\/wp-json\/wp\/v2\/posts\/37741","targetHints":{"allow":["GET"]}}],"collection":[{"href":"https:\/\/crusoe.audiencelabs.com.br\/wp-json\/wp\/v2\/posts"}],"about":[{"href":"https:\/\/crusoe.audiencelabs.com.br\/wp-json\/wp\/v2\/types\/post"}],"author":[{"embeddable":true,"href":"https:\/\/crusoe.audiencelabs.com.br\/wp-json\/wp\/v2\/users\/17"}],"replies":[{"embeddable":true,"href":"https:\/\/crusoe.audiencelabs.com.br\/wp-json\/wp\/v2\/comments?post=37741"}],"version-history":[{"count":2,"href":"https:\/\/crusoe.audiencelabs.com.br\/wp-json\/wp\/v2\/posts\/37741\/revisions"}],"predecessor-version":[{"id":37839,"href":"https:\/\/crusoe.audiencelabs.com.br\/wp-json\/wp\/v2\/posts\/37741\/revisions\/37839"}],"wp:featuredmedia":[{"embeddable":true,"href":"https:\/\/crusoe.audiencelabs.com.br\/wp-json\/wp\/v2\/media\/37742"}],"wp:attachment":[{"href":"https:\/\/crusoe.audiencelabs.com.br\/wp-json\/wp\/v2\/media?parent=37741"}],"wp:term":[{"taxonomy":"category","embeddable":true,"href":"https:\/\/crusoe.audiencelabs.com.br\/wp-json\/wp\/v2\/categories?post=37741"},{"taxonomy":"post_tag","embeddable":true,"href":"https:\/\/crusoe.audiencelabs.com.br\/wp-json\/wp\/v2\/tags?post=37741"}],"curies":[{"name":"wp","href":"https:\/\/api.w.org\/{rel}","templated":true}]}}