{"id":37720,"date":"2026-04-26T17:38:53","date_gmt":"2026-04-26T20:38:53","guid":{"rendered":"https:\/\/crusoe.audiencelabs.com.br\/?p=37720"},"modified":"2026-04-23T15:37:20","modified_gmt":"2026-04-23T18:37:20","slug":"aluguel-de-r-30-como-e-a-vida-do-brasileiro-que-mora-em-uma-favela-na-china","status":"publish","type":"post","link":"https:\/\/crusoe.audiencelabs.com.br\/aluguel-de-r-30-como-e-a-vida-do-brasileiro-que-mora-em-uma-favela-na-china\/","title":{"rendered":"Aluguel de R$ 30! Como \u00e9 a vida do brasileiro que mora em uma favela na China"},"content":{"rendered":"<p class=\"font-claude-response-body break-words whitespace-normal leading-[1.7]\"><strong>Maur\u00edcio da Cruz<\/strong> chegou \u00e0 <strong>China<\/strong> pela primeira vez aos 11 anos, quando o pai foi transferido pelo trabalho para\u00a0<span style=\"margin: 0px;padding: 0px\"><strong>Pequim<\/strong><\/span>, a capital chinesa. De l\u00e1 para c\u00e1, o <strong>Brasil<\/strong> ficou para tr\u00e1s. Em 2012, ele fez as malas de vez e oficialmente trocou a terra do futebol pela superpot\u00eancia asi\u00e1tica.<\/p>\n<p class=\"font-claude-response-body break-words whitespace-normal leading-[1.7]\">Hoje, aos 37 anos, Maur\u00edcio mora em uma das chamadas &#8220;favelas&#8221; chinesas, no centro hist\u00f3rico de Pequim, e paga o equivalente a R$ 30 por m\u00eas de <strong>aluguel<\/strong> por uma casa de 28 metros quadrados. E esse \u00e9 um dos motivos do &#8220;ex-brasileiro&#8221; estar viralizando nas redes, n\u00e3o s\u00f3 por documentar seu dia a dia na China, mas pela sua casa.<\/p>\n<div class=\"jeg_video_container jeg_video_content\"><iframe loading=\"lazy\" title=\"Como \u00e9 viver numa &#039;favela&#039; da China? Brasileiro que mora h\u00e1 13 anos no pa\u00eds mostra a rotina\" width=\"422\" height=\"750\" src=\"https:\/\/www.youtube.com\/embed\/AyVdpHVxvMA?feature=oembed\" frameborder=\"0\" allow=\"accelerometer; autoplay; clipboard-write; encrypted-media; gyroscope; picture-in-picture; web-share\" referrerpolicy=\"strict-origin-when-cross-origin\" allowfullscreen><\/iframe><\/div>\n<h2>O segredo da &#8220;Mini casa&#8221;<\/h2>\n<p class=\"font-claude-response-body break-words whitespace-normal leading-[1.7]\">Apelidado de &#8220;cativeiro&#8221; pelos seguidores de Maur\u00edcio, o im\u00f3vel onde ele vive faz parte de um sistema que remonta \u00e0s d\u00e9cadas finais do s\u00e9culo 20 na China. As chamadas &#8220;unidades de trabalho&#8221;, conhecidas como <strong>danwei<\/strong>, eram estruturas que organizavam n\u00e3o s\u00f3 o emprego, mas tamb\u00e9m aspectos b\u00e1sicos da vida urbana, incluindo moradia.<\/p>\n<p class=\"font-claude-response-body break-words whitespace-normal leading-[1.7]\">Empresas estatais e \u00f3rg\u00e3os p\u00fablicos distribu\u00edam apartamentos a seus funcion\u00e1rios como benef\u00edcio, com alugu\u00e9is muito abaixo do pre\u00e7o de mercado. O acesso estava vinculado ao v\u00ednculo empregat\u00edcio e, ao longo do tempo, acabou sendo mantido dentro das fam\u00edlias.<\/p>\n<p class=\"font-claude-response-body break-words whitespace-normal leading-[1.7]\">A m\u00e3e da esposa de Maur\u00edcio trabalhou em uma empresa estatal durante os anos 1990 e adquiriu o direito de morar no im\u00f3vel. Esse direito passou para o casal, que hoje paga o valor simb\u00f3lico que tornou a hist\u00f3ria do brasileiro conhecida nas redes sociais.<\/p>\n<h2>Como era o bairro antes?<\/h2>\n<p class=\"font-claude-response-body break-words whitespace-normal leading-[1.7]\">O local onde Maur\u00edcio vive fica em uma \u00e1rea que antes era ocupada por fam\u00edlias ricas de Pequim. As casas tinham p\u00e1tios internos, os chamados <strong>siheyuan<\/strong>, onde uma \u00fanica fam\u00edlia controlava v\u00e1rios c\u00f4modos ao redor de um espa\u00e7o central.<\/p>\n<p class=\"font-claude-response-body break-words whitespace-normal leading-[1.7]\">Ap\u00f3s a tomada de poder pelo <strong>Partido Comunista<\/strong>, essas propriedades foram confiscadas ou redistribu\u00eddas. Com o tempo, os p\u00e1tios foram subdivididos para acomodar mais moradores, muitos ligados \u00e0s empresas estatais. Adapta\u00e7\u00f5es informais tamb\u00e9m surgiram para compensar a falta de espa\u00e7o e infraestrutura.<\/p>\n<p class=\"font-claude-response-body break-words whitespace-normal leading-[1.7]\">&#8220;Minha casinha antes n\u00e3o tinha banheiro at\u00e9 fazerem uma constru\u00e7\u00e3o meio irregular, que \u00e9 comum nesse tipo de \u00e1rea&#8221;, conta Maur\u00edcio. Segundo ele, quem conseguiu ampliar o im\u00f3vel ganhou algum conforto, mas ainda h\u00e1 vizinhos que vivem em espa\u00e7os de 10 a 15 metros quadrados, sem banheiro pr\u00f3prio.<\/p>\n<h2>Menos privacidade e mais seguran\u00e7a<\/h2>\n<p class=\"font-claude-response-body break-words whitespace-normal leading-[1.7]\">Para Maur\u00edcio, a maior diferen\u00e7a em rela\u00e7\u00e3o \u00e0 vida no Brasil \u00e9 a limita\u00e7\u00e3o de espa\u00e7o e privacidade. Ao sair de casa, ele j\u00e1 se depara com a porta da vizinha. Ainda assim, ele diz que vive tranquilo.<\/p>\n<p class=\"font-claude-response-body break-words whitespace-normal leading-[1.7]\">Mauricio tamb\u00e9m diz que a seguran\u00e7a do bairro chama a aten\u00e7\u00e3o. &#8220;O que a gente compra na internet fica na porta, e mesmo assim ningu\u00e9m mexe&#8221;, conta. Ele observa que ainda existem grades nas janelas, resqu\u00edcio de uma \u00e9poca em que a China era menos segura, mas afirma que hoje esse detalhe parece fora de contexto.<\/p>\n<p class=\"font-claude-response-body break-words whitespace-normal leading-[1.7]\">Por dentro, o im\u00f3vel passou por reforma e tem ar-condicionado, acabamento moderno e tudo o que o casal precisa. No entanto, o visual por fora segue sem manuten\u00e7\u00e3o: paredes revestidas de isopor e uma apar\u00eancia que mostra o desgaste do tempo e a hist\u00f3ria do local.<\/p>\n<h2>Do desemprego \u00e0s redes sociais: conhe\u00e7a a rota de Maur\u00edcio<\/h2>\n<p class=\"font-claude-response-body break-words whitespace-normal leading-[1.7]\">Maur\u00edcio perdeu o emprego de tradutor de jogos eletr\u00f4nicos com o avan\u00e7o da intelig\u00eancia artificial. Foi a partir da\u00ed que ele passou a investir na produ\u00e7\u00e3o de conte\u00fado sobre a vida na China. Em um m\u00eas, ganhou 300 mil seguidores no <strong>Instagram<\/strong>. Depois de resolver um problema t\u00e9cnico no <strong>Facebook<\/strong>, acumulou mais 120 mil em pouco tempo.<\/p>\n<p class=\"font-claude-response-body break-words whitespace-normal leading-[1.7]\">Hoje, ele soma mais de 1 milh\u00e3o de seguidores nas diferentes plataformas. A monetiza\u00e7\u00e3o come\u00e7ou a girar um valor que j\u00e1 ajuda a manter o custo de vida.<\/p>\n<p class=\"font-claude-response-body break-words whitespace-normal leading-[1.7]\">O pr\u00f3ximo passo \u00e9 transformar toda essa audi\u00eancia em um neg\u00f3cio mais s\u00f3lido. Maur\u00edcio abriu uma empresa no Brasil durante uma visita recente e planeja lan\u00e7ar uma ag\u00eancia de <strong>turismo<\/strong> chamada <strong>China Sem Fim<\/strong>, com o objetivo de trazer grupos de brasileiros para conhecer o pa\u00eds.<\/p>\n<p class=\"font-claude-response-body break-words whitespace-normal leading-[1.7]\">&#8220;Sabe quando voc\u00ea viaja e fica maravilhado com tudo? Eu sinto isso at\u00e9 hoje. Como se a minha viagem nunca tivesse acabado&#8221;, diz.<\/p>\n","protected":false},"excerpt":{"rendered":"<p>Maur\u00edcio da Cruz chegou \u00e0 China pela primeira vez aos 11 anos, quando o pai foi transferido pelo trabalho para\u00a0Pequim, a capital chinesa. De l\u00e1 para c\u00e1, o Brasil ficou para tr\u00e1s. Em 2012, ele fez as malas de vez e oficialmente trocou a terra do futebol pela superpot\u00eancia asi\u00e1tica. Hoje, aos 37 anos, Maur\u00edcio [&hellip;]<\/p>\n","protected":false},"author":15,"featured_media":37726,"comment_status":"open","ping_status":"open","sticky":false,"template":"","format":"standard","meta":{"jnews-multi-image_gallery":[],"jnews_single_post":{"format":"standard","jnews_video_option_group":[[]],"override":[{"template":"2","parallax":"1","fullscreen":"1","layout":"right-sidebar","sidebar":"default-sidebar","second_sidebar":"default-sidebar","sticky_sidebar":"1","share_position":"hide","share_float_style":"share-monocrhome","show_featured":"1","show_post_meta":"1","show_post_author":"1","show_post_date":"1","post_date_format":"default","post_date_format_custom":"Y\/m\/d","show_post_category":"1","show_post_reading_time":"0","post_reading_time_wpm":"300","post_calculate_word_method":"str_word_count","show_zoom_button":"0","zoom_button_out_step":"2","zoom_button_in_step":"3","show_post_tag":"1","show_popup_post":"1","number_popup_post":"1","show_author_box":"1","show_post_related":"0"}],"image_override":[{"single_post_thumbnail_size":"crop-500","single_post_gallery_size":"crop-500"}],"trending_post_position":"meta","trending_post_label":"Trending","sponsored_post_label":"Sponsored by","disable_ad":"0","subtitle":"Maur\u00edcio conheceu o pa\u00eds apenas ao 11 anos de idade e resolveu se mudar para l\u00e1 oficialmente, onde vive de conte\u00fados na internet"},"jnews_primary_category":[],"jnews_override_counter":{"view_counter_number":"0","share_counter_number":"0","like_counter_number":"0","dislike_counter_number":"0"},"jnews_post_split":{"post_split":[{"template":"1","tag":"h2","numbering":"asc","mode":"normal","first":"0","enable_toc":"0","toc_type":"normal"}]},"footnotes":""},"categories":[1],"tags":[2056,47,1224,7667,692,7664,3008,2827,582,7665,7666,4335,7663,206],"class_list":["post-37720","post","type-post","status-publish","format-standard","has-post-thumbnail","hentry","category-geral","tag-aluguel","tag-brasil","tag-china","tag-china-sem-fim","tag-curiosidades","tag-danwei","tag-facebook","tag-instagram","tag-internet","tag-mauricio-da-cruz","tag-partido-comunista","tag-pequim","tag-siheyuan","tag-turismo"],"yoast_head":"<!-- This site is optimized with the Yoast SEO plugin v25.0 - https:\/\/yoast.com\/wordpress\/plugins\/seo\/ -->\n<title>Aluguel de R$ 30! Como \u00e9 a vida do brasileiro que mora em uma favela na China<\/title>\n<meta name=\"robots\" content=\"index, follow, max-snippet:-1, max-image-preview:large, max-video-preview:-1\" \/>\n<link rel=\"canonical\" href=\"https:\/\/crusoe.audiencelabs.com.br\/aluguel-de-r-30-como-e-a-vida-do-brasileiro-que-mora-em-uma-favela-na-china\/\" \/>\n<meta property=\"og:locale\" content=\"pt_BR\" \/>\n<meta property=\"og:type\" content=\"article\" \/>\n<meta property=\"og:title\" content=\"Aluguel de R$ 30! Como \u00e9 a vida do brasileiro que mora em uma favela na China\" \/>\n<meta property=\"og:description\" content=\"Maur\u00edcio da Cruz chegou \u00e0 China pela primeira vez aos 11 anos, quando o pai foi transferido pelo trabalho para\u00a0Pequim, a capital chinesa. De l\u00e1 para c\u00e1, o Brasil ficou para tr\u00e1s. Em 2012, ele fez as malas de vez e oficialmente trocou a terra do futebol pela superpot\u00eancia asi\u00e1tica. Hoje, aos 37 anos, Maur\u00edcio [&hellip;]\" \/>\n<meta property=\"og:url\" content=\"https:\/\/crusoe.audiencelabs.com.br\/aluguel-de-r-30-como-e-a-vida-do-brasileiro-que-mora-em-uma-favela-na-china\/\" \/>\n<meta property=\"og:site_name\" content=\"Variedades - Cruso\u00e9\" \/>\n<meta property=\"article:published_time\" content=\"2026-04-26T20:38:53+00:00\" \/>\n<meta property=\"og:image\" content=\"https:\/\/cdn.crusoe.com.br\/uploads\/2026\/04\/WhatsApp-Image-2026-04-23-at-15.21.15-1.jpeg\" \/>\n\t<meta property=\"og:image:width\" content=\"434\" \/>\n\t<meta property=\"og:image:height\" content=\"334\" \/>\n\t<meta property=\"og:image:type\" content=\"image\/jpeg\" \/>\n<meta name=\"author\" content=\"J\u00falio Nesi\" \/>\n<meta name=\"twitter:card\" content=\"summary_large_image\" \/>\n<meta name=\"twitter:label1\" content=\"Escrito por\" \/>\n\t<meta name=\"twitter:data1\" content=\"J\u00falio Nesi\" \/>\n\t<meta name=\"twitter:label2\" content=\"Est. tempo de leitura\" \/>\n\t<meta name=\"twitter:data2\" content=\"5 minutos\" \/>\n<script type=\"application\/ld+json\" class=\"yoast-schema-graph\">{\"@context\":\"https:\/\/schema.org\",\"@graph\":[{\"@type\":\"WebPage\",\"@id\":\"https:\/\/crusoe.audiencelabs.com.br\/aluguel-de-r-30-como-e-a-vida-do-brasileiro-que-mora-em-uma-favela-na-china\/\",\"url\":\"https:\/\/crusoe.audiencelabs.com.br\/aluguel-de-r-30-como-e-a-vida-do-brasileiro-que-mora-em-uma-favela-na-china\/\",\"name\":\"Aluguel de R$ 30! Como \u00e9 a vida do brasileiro que mora em uma favela na China\",\"isPartOf\":{\"@id\":\"https:\/\/crusoe.audiencelabs.com.br\/#website\"},\"primaryImageOfPage\":{\"@id\":\"https:\/\/crusoe.audiencelabs.com.br\/aluguel-de-r-30-como-e-a-vida-do-brasileiro-que-mora-em-uma-favela-na-china\/#primaryimage\"},\"image\":{\"@id\":\"https:\/\/crusoe.audiencelabs.com.br\/aluguel-de-r-30-como-e-a-vida-do-brasileiro-que-mora-em-uma-favela-na-china\/#primaryimage\"},\"thumbnailUrl\":\"https:\/\/cdn.crusoe.com.br\/uploads\/2026\/04\/WhatsApp-Image-2026-04-23-at-15.21.15-1.jpeg\",\"datePublished\":\"2026-04-26T20:38:53+00:00\",\"author\":{\"@id\":\"https:\/\/crusoe.audiencelabs.com.br\/#\/schema\/person\/0cca5874eda7d72cef71e77a9a9c2143\"},\"breadcrumb\":{\"@id\":\"https:\/\/crusoe.audiencelabs.com.br\/aluguel-de-r-30-como-e-a-vida-do-brasileiro-que-mora-em-uma-favela-na-china\/#breadcrumb\"},\"inLanguage\":\"pt-BR\",\"potentialAction\":[{\"@type\":\"ReadAction\",\"target\":[\"https:\/\/crusoe.audiencelabs.com.br\/aluguel-de-r-30-como-e-a-vida-do-brasileiro-que-mora-em-uma-favela-na-china\/\"]}]},{\"@type\":\"ImageObject\",\"inLanguage\":\"pt-BR\",\"@id\":\"https:\/\/crusoe.audiencelabs.com.br\/aluguel-de-r-30-como-e-a-vida-do-brasileiro-que-mora-em-uma-favela-na-china\/#primaryimage\",\"url\":\"https:\/\/cdn.crusoe.com.br\/uploads\/2026\/04\/WhatsApp-Image-2026-04-23-at-15.21.15-1.jpeg\",\"contentUrl\":\"https:\/\/cdn.crusoe.com.br\/uploads\/2026\/04\/WhatsApp-Image-2026-04-23-at-15.21.15-1.jpeg\",\"width\":434,\"height\":334,\"caption\":\"Maur\u00edcio na casa dele. Reprodu\u00e7\u00e3o: Instagram (@chinaem360)\"},{\"@type\":\"BreadcrumbList\",\"@id\":\"https:\/\/crusoe.audiencelabs.com.br\/aluguel-de-r-30-como-e-a-vida-do-brasileiro-que-mora-em-uma-favela-na-china\/#breadcrumb\",\"itemListElement\":[{\"@type\":\"ListItem\",\"position\":1,\"name\":\"Home\",\"item\":\"https:\/\/crusoe.audiencelabs.com.br\/\"},{\"@type\":\"ListItem\",\"position\":2,\"name\":\"Aluguel de R$ 30! Como \u00e9 a vida do brasileiro que mora em uma favela na China\"}]},{\"@type\":\"WebSite\",\"@id\":\"https:\/\/crusoe.audiencelabs.com.br\/#website\",\"url\":\"https:\/\/crusoe.audiencelabs.com.br\/\",\"name\":\"Variedades - Cruso\u00e9\",\"description\":\"\",\"potentialAction\":[{\"@type\":\"SearchAction\",\"target\":{\"@type\":\"EntryPoint\",\"urlTemplate\":\"https:\/\/crusoe.audiencelabs.com.br\/?s={search_term_string}\"},\"query-input\":{\"@type\":\"PropertyValueSpecification\",\"valueRequired\":true,\"valueName\":\"search_term_string\"}}],\"inLanguage\":\"pt-BR\"},{\"@type\":\"Person\",\"@id\":\"https:\/\/crusoe.audiencelabs.com.br\/#\/schema\/person\/0cca5874eda7d72cef71e77a9a9c2143\",\"name\":\"J\u00falio Nesi\",\"image\":{\"@type\":\"ImageObject\",\"inLanguage\":\"pt-BR\",\"@id\":\"https:\/\/crusoe.audiencelabs.com.br\/#\/schema\/person\/image\/\",\"url\":\"https:\/\/secure.gravatar.com\/avatar\/c22eb47c3e2320e71637346b980e09f63de9f75742d3335f94a26b83dff70473?s=96&d=mm&r=g\",\"contentUrl\":\"https:\/\/secure.gravatar.com\/avatar\/c22eb47c3e2320e71637346b980e09f63de9f75742d3335f94a26b83dff70473?s=96&d=mm&r=g\",\"caption\":\"J\u00falio Nesi\"},\"description\":\"Jornalista alagoano formado pela UFAL, j\u00e1 atuei em produ\u00e7\u00e3o de conte\u00fado digital para portais, r\u00e1dio e redes sociais.\",\"sameAs\":[\"www.linkedin.com\/in\/j\u00falio-nesi\"],\"url\":\"https:\/\/crusoe.audiencelabs.com.br\/author\/julionesi\/\"}]}<\/script>\n<!-- \/ Yoast SEO plugin. -->","yoast_head_json":{"title":"Aluguel de R$ 30! Como \u00e9 a vida do brasileiro que mora em uma favela na China","robots":{"index":"index","follow":"follow","max-snippet":"max-snippet:-1","max-image-preview":"max-image-preview:large","max-video-preview":"max-video-preview:-1"},"canonical":"https:\/\/crusoe.audiencelabs.com.br\/aluguel-de-r-30-como-e-a-vida-do-brasileiro-que-mora-em-uma-favela-na-china\/","og_locale":"pt_BR","og_type":"article","og_title":"Aluguel de R$ 30! Como \u00e9 a vida do brasileiro que mora em uma favela na China","og_description":"Maur\u00edcio da Cruz chegou \u00e0 China pela primeira vez aos 11 anos, quando o pai foi transferido pelo trabalho para\u00a0Pequim, a capital chinesa. De l\u00e1 para c\u00e1, o Brasil ficou para tr\u00e1s. Em 2012, ele fez as malas de vez e oficialmente trocou a terra do futebol pela superpot\u00eancia asi\u00e1tica. Hoje, aos 37 anos, Maur\u00edcio [&hellip;]","og_url":"https:\/\/crusoe.audiencelabs.com.br\/aluguel-de-r-30-como-e-a-vida-do-brasileiro-que-mora-em-uma-favela-na-china\/","og_site_name":"Variedades - Cruso\u00e9","article_published_time":"2026-04-26T20:38:53+00:00","og_image":[{"width":434,"height":334,"url":"https:\/\/cdn.crusoe.com.br\/uploads\/2026\/04\/WhatsApp-Image-2026-04-23-at-15.21.15-1.jpeg","type":"image\/jpeg"}],"author":"J\u00falio Nesi","twitter_card":"summary_large_image","twitter_misc":{"Escrito por":"J\u00falio Nesi","Est. tempo de leitura":"5 minutos"},"schema":{"@context":"https:\/\/schema.org","@graph":[{"@type":"WebPage","@id":"https:\/\/crusoe.audiencelabs.com.br\/aluguel-de-r-30-como-e-a-vida-do-brasileiro-que-mora-em-uma-favela-na-china\/","url":"https:\/\/crusoe.audiencelabs.com.br\/aluguel-de-r-30-como-e-a-vida-do-brasileiro-que-mora-em-uma-favela-na-china\/","name":"Aluguel de R$ 30! Como \u00e9 a vida do brasileiro que mora em uma favela na China","isPartOf":{"@id":"https:\/\/crusoe.audiencelabs.com.br\/#website"},"primaryImageOfPage":{"@id":"https:\/\/crusoe.audiencelabs.com.br\/aluguel-de-r-30-como-e-a-vida-do-brasileiro-que-mora-em-uma-favela-na-china\/#primaryimage"},"image":{"@id":"https:\/\/crusoe.audiencelabs.com.br\/aluguel-de-r-30-como-e-a-vida-do-brasileiro-que-mora-em-uma-favela-na-china\/#primaryimage"},"thumbnailUrl":"https:\/\/cdn.crusoe.com.br\/uploads\/2026\/04\/WhatsApp-Image-2026-04-23-at-15.21.15-1.jpeg","datePublished":"2026-04-26T20:38:53+00:00","author":{"@id":"https:\/\/crusoe.audiencelabs.com.br\/#\/schema\/person\/0cca5874eda7d72cef71e77a9a9c2143"},"breadcrumb":{"@id":"https:\/\/crusoe.audiencelabs.com.br\/aluguel-de-r-30-como-e-a-vida-do-brasileiro-que-mora-em-uma-favela-na-china\/#breadcrumb"},"inLanguage":"pt-BR","potentialAction":[{"@type":"ReadAction","target":["https:\/\/crusoe.audiencelabs.com.br\/aluguel-de-r-30-como-e-a-vida-do-brasileiro-que-mora-em-uma-favela-na-china\/"]}]},{"@type":"ImageObject","inLanguage":"pt-BR","@id":"https:\/\/crusoe.audiencelabs.com.br\/aluguel-de-r-30-como-e-a-vida-do-brasileiro-que-mora-em-uma-favela-na-china\/#primaryimage","url":"https:\/\/cdn.crusoe.com.br\/uploads\/2026\/04\/WhatsApp-Image-2026-04-23-at-15.21.15-1.jpeg","contentUrl":"https:\/\/cdn.crusoe.com.br\/uploads\/2026\/04\/WhatsApp-Image-2026-04-23-at-15.21.15-1.jpeg","width":434,"height":334,"caption":"Maur\u00edcio na casa dele. Reprodu\u00e7\u00e3o: Instagram (@chinaem360)"},{"@type":"BreadcrumbList","@id":"https:\/\/crusoe.audiencelabs.com.br\/aluguel-de-r-30-como-e-a-vida-do-brasileiro-que-mora-em-uma-favela-na-china\/#breadcrumb","itemListElement":[{"@type":"ListItem","position":1,"name":"Home","item":"https:\/\/crusoe.audiencelabs.com.br\/"},{"@type":"ListItem","position":2,"name":"Aluguel de R$ 30! Como \u00e9 a vida do brasileiro que mora em uma favela na China"}]},{"@type":"WebSite","@id":"https:\/\/crusoe.audiencelabs.com.br\/#website","url":"https:\/\/crusoe.audiencelabs.com.br\/","name":"Variedades - Cruso\u00e9","description":"","potentialAction":[{"@type":"SearchAction","target":{"@type":"EntryPoint","urlTemplate":"https:\/\/crusoe.audiencelabs.com.br\/?s={search_term_string}"},"query-input":{"@type":"PropertyValueSpecification","valueRequired":true,"valueName":"search_term_string"}}],"inLanguage":"pt-BR"},{"@type":"Person","@id":"https:\/\/crusoe.audiencelabs.com.br\/#\/schema\/person\/0cca5874eda7d72cef71e77a9a9c2143","name":"J\u00falio Nesi","image":{"@type":"ImageObject","inLanguage":"pt-BR","@id":"https:\/\/crusoe.audiencelabs.com.br\/#\/schema\/person\/image\/","url":"https:\/\/secure.gravatar.com\/avatar\/c22eb47c3e2320e71637346b980e09f63de9f75742d3335f94a26b83dff70473?s=96&d=mm&r=g","contentUrl":"https:\/\/secure.gravatar.com\/avatar\/c22eb47c3e2320e71637346b980e09f63de9f75742d3335f94a26b83dff70473?s=96&d=mm&r=g","caption":"J\u00falio Nesi"},"description":"Jornalista alagoano formado pela UFAL, j\u00e1 atuei em produ\u00e7\u00e3o de conte\u00fado digital para portais, r\u00e1dio e redes sociais.","sameAs":["www.linkedin.com\/in\/j\u00falio-nesi"],"url":"https:\/\/crusoe.audiencelabs.com.br\/author\/julionesi\/"}]}},"_links":{"self":[{"href":"https:\/\/crusoe.audiencelabs.com.br\/wp-json\/wp\/v2\/posts\/37720","targetHints":{"allow":["GET"]}}],"collection":[{"href":"https:\/\/crusoe.audiencelabs.com.br\/wp-json\/wp\/v2\/posts"}],"about":[{"href":"https:\/\/crusoe.audiencelabs.com.br\/wp-json\/wp\/v2\/types\/post"}],"author":[{"embeddable":true,"href":"https:\/\/crusoe.audiencelabs.com.br\/wp-json\/wp\/v2\/users\/15"}],"replies":[{"embeddable":true,"href":"https:\/\/crusoe.audiencelabs.com.br\/wp-json\/wp\/v2\/comments?post=37720"}],"version-history":[{"count":3,"href":"https:\/\/crusoe.audiencelabs.com.br\/wp-json\/wp\/v2\/posts\/37720\/revisions"}],"predecessor-version":[{"id":37735,"href":"https:\/\/crusoe.audiencelabs.com.br\/wp-json\/wp\/v2\/posts\/37720\/revisions\/37735"}],"wp:featuredmedia":[{"embeddable":true,"href":"https:\/\/crusoe.audiencelabs.com.br\/wp-json\/wp\/v2\/media\/37726"}],"wp:attachment":[{"href":"https:\/\/crusoe.audiencelabs.com.br\/wp-json\/wp\/v2\/media?parent=37720"}],"wp:term":[{"taxonomy":"category","embeddable":true,"href":"https:\/\/crusoe.audiencelabs.com.br\/wp-json\/wp\/v2\/categories?post=37720"},{"taxonomy":"post_tag","embeddable":true,"href":"https:\/\/crusoe.audiencelabs.com.br\/wp-json\/wp\/v2\/tags?post=37720"}],"curies":[{"name":"wp","href":"https:\/\/api.w.org\/{rel}","templated":true}]}}