{"id":37699,"date":"2026-04-25T19:32:00","date_gmt":"2026-04-25T22:32:00","guid":{"rendered":"https:\/\/crusoe.audiencelabs.com.br\/?p=37699"},"modified":"2026-04-23T14:37:48","modified_gmt":"2026-04-23T17:37:48","slug":"a-decisao-tomada-pelas-empresas-para-reagir-a-falta-de-mao-de-obra-no-brasil","status":"publish","type":"post","link":"https:\/\/crusoe.audiencelabs.com.br\/a-decisao-tomada-pelas-empresas-para-reagir-a-falta-de-mao-de-obra-no-brasil\/","title":{"rendered":"A decis\u00e3o tomada pelas empresas para reagir \u00e0 falta de m\u00e3o de obra no Brasil"},"content":{"rendered":"<p class=\"font-claude-response-body break-words whitespace-normal leading-[1.7]\">Encontrar profissionais qualificados virou um dos maiores desafios do <strong>mercado de trabalho brasileiro<\/strong>. Diante disso, <strong>empresas<\/strong> de setores como <strong>log\u00edstica<\/strong>, <strong>constru\u00e7\u00e3o civil<\/strong>, <strong>tecnologia<\/strong>, <strong>minera\u00e7\u00e3o<\/strong> e <strong>mercado financeiro<\/strong> pararam de esperar o profissional pronto e passaram a form\u00e1-lo do zero.<\/p>\n<p class=\"font-claude-response-body break-words whitespace-normal leading-[1.7]\">A resposta mais concreta a esse problema tem sido a abertura de programas pr\u00f3prios de <strong>capacita\u00e7\u00e3o<\/strong>, com cursos gratuitos, trilhas internas de desenvolvimento e parcerias com escolas t\u00e9cnicas. O movimento alcan\u00e7a tanto quem busca o primeiro emprego quanto profissionais em busca de recoloca\u00e7\u00e3o.<\/p>\n<h2>Empresas passaram a abrir portas para quem n\u00e3o tem experi\u00eancia<\/h2>\n<p class=\"font-claude-response-body break-words whitespace-normal leading-[1.7]\">No setor de alimenta\u00e7\u00e3o, o <strong>McDonald&#8217;s<\/strong> \u00e9 um dos exemplos mais famosos dessa estrat\u00e9gia. A rede aceita jovens sem experi\u00eancia anterior, desde que estejam matriculados ou tenham conclu\u00eddo o ensino m\u00e9dio. O restante do aprendizado acontece dentro da pr\u00f3pria empresa, ao longo da <strong>jornada de trabalho<\/strong>.<\/p>\n<p class=\"font-claude-response-body break-words whitespace-normal leading-[1.7]\">Essa l\u00f3gica transforma a contrata\u00e7\u00e3o em uma etapa inicial de forma\u00e7\u00e3o. O modelo reduz a depend\u00eancia de candidatos j\u00e1 treinados e amplia o leque de recrutamento em um mercado saturado.<\/p>\n<h2>Investimento em simuladores e treinamento<\/h2>\n<p class=\"font-claude-response-body break-words whitespace-normal leading-[1.7]\">Na \u00e1rea de log\u00edstica, a <strong>Portocel<\/strong> mant\u00e9m um centro de treinamento com simuladores para opera\u00e7\u00f5es de empilhadeiras, carretas e guindastes. A estrutura atende tanto os pr\u00f3prios empregados quanto profissionais externos que buscam qualifica\u00e7\u00e3o pr\u00e1tica.<\/p>\n<p class=\"font-claude-response-body break-words whitespace-normal leading-[1.7]\">A empresa <strong>Valor da Log\u00edstica Integrada<\/strong> (<strong>VLI<\/strong>) foi al\u00e9m e consolidou esse modelo em escala corporativa. A empresa re\u00fane mais de 4 mil cursos ativos, entre forma\u00e7\u00f5es t\u00e9cnicas, capacita\u00e7\u00f5es comportamentais, trilhas para lideran\u00e7as e parcerias de p\u00f3s-gradua\u00e7\u00e3o. O alto \u00edndice de satisfa\u00e7\u00e3o registrado indica que a qualifica\u00e7\u00e3o passou a integrar a estrat\u00e9gia central das opera\u00e7\u00f5es.<\/p>\n<h2>Minera\u00e7\u00e3o e constru\u00e7\u00e3o civil tamb\u00e9m aplicam cursos gratuitos<\/h2>\n<p class=\"font-claude-response-body break-words whitespace-normal leading-[1.7]\">Na constru\u00e7\u00e3o civil, a <strong>Obramax<\/strong> abriu 1.200 vagas em cursos gratuitos por meio da Academia de Profissionais, criada em 2018. As forma\u00e7\u00f5es combinam modalidades presenciais e on-line, com certificado ao final e foco no dia a dia das obras.<\/p>\n<p class=\"font-claude-response-body break-words whitespace-normal leading-[1.7]\">A <strong>Samarco<\/strong>, em Minas Gerais e no Esp\u00edrito Santo, investe em capacita\u00e7\u00e3o em parceria com institui\u00e7\u00f5es de ensino. O foco est\u00e1 na forma\u00e7\u00e3o de moradores das comunidades pr\u00f3ximas e na cria\u00e7\u00e3o de um banco de talentos para contrata\u00e7\u00f5es futuras.<\/p>\n<p class=\"font-claude-response-body break-words whitespace-normal leading-[1.7]\">A <strong>Suzano<\/strong> tamb\u00e9m mant\u00e9m iniciativas com recorte regional, incluindo programas de aprendizagem, cursos t\u00e9cnicos e oportunidades voltadas a jovens em \u00e1reas operacionais e administrativas.<\/p>\n<p>Al\u00e9m dessa minera\u00e7\u00e3o e constru\u00e7\u00e3o, as \u00e1reas de tecnologia e finan\u00e7as tamb\u00e9m v\u00eam investindo em cursos. No mercado financeiro, o <strong>XP Future<\/strong> funciona como porta de entrada para quem quer migrar para a \u00e1rea de investimentos. O programa estrutura uma trilha de desenvolvimento com suporte para certifica\u00e7\u00f5es como CPA-20 e CEA.<\/p>\n<p>No caso da \u00e1rea de tecnologia, o investimento vem tendo um foco especial na capacita\u00e7\u00e3o de mulheres. O programa Jovem Programadora oferece capacita\u00e7\u00e3o gratuita para mulheres interessadas em ingressar no setor. A iniciativa garante 100% de encaminhamento das participantes ao mercado de trabalho.<\/p>\n<h2>Mercado reduziu busca por talentos j\u00e1 treinados<\/h2>\n<p class=\"font-claude-response-body break-words whitespace-normal leading-[1.7]\">O avan\u00e7o dessas iniciativas mostra que a crise de m\u00e3o de obra no Brasil vai al\u00e9m da falta de curr\u00edculos. O problema est\u00e1 na dist\u00e2ncia entre o que as empresas precisam e o que a forma\u00e7\u00e3o tradicional entrega.<\/p>\n<p class=\"font-claude-response-body break-words whitespace-normal leading-[1.7]\">Em vez de disputar os mesmos profissionais j\u00e1 treinados, cada vez mais companhias optaram por internalizar parte da <strong>qualifica\u00e7\u00e3o<\/strong>. Assim, criam caminhos mais curtos entre o interesse do candidato, o aprendizado e a contrata\u00e7\u00e3o efetiva. Programas gratuitos, trilhas corporativas e certifica\u00e7\u00f5es ganharam protagonismo nesse novo modelo.<\/p>\n","protected":false},"excerpt":{"rendered":"<p>Encontrar profissionais qualificados virou um dos maiores desafios do mercado de trabalho brasileiro. Diante disso, empresas de setores como log\u00edstica, constru\u00e7\u00e3o civil, tecnologia, minera\u00e7\u00e3o e mercado financeiro pararam de esperar o profissional pronto e passaram a form\u00e1-lo do zero. A resposta mais concreta a esse problema tem sido a abertura de programas pr\u00f3prios de capacita\u00e7\u00e3o, [&hellip;]<\/p>\n","protected":false},"author":15,"featured_media":37700,"comment_status":"open","ping_status":"open","sticky":false,"template":"","format":"standard","meta":{"jnews-multi-image_gallery":[],"jnews_single_post":{"format":"standard","jnews_video_option_group":[[]],"override":[{"template":"2","parallax":"1","fullscreen":"1","layout":"right-sidebar","sidebar":"default-sidebar","second_sidebar":"default-sidebar","sticky_sidebar":"1","share_position":"hide","share_float_style":"share-monocrhome","show_featured":"1","show_post_meta":"1","show_post_author":"1","show_post_date":"1","post_date_format":"default","post_date_format_custom":"Y\/m\/d","show_post_category":"1","show_post_reading_time":"0","post_reading_time_wpm":"300","post_calculate_word_method":"str_word_count","show_zoom_button":"0","zoom_button_out_step":"2","zoom_button_in_step":"3","show_post_tag":"1","show_popup_post":"1","number_popup_post":"1","show_author_box":"1","show_post_related":"0"}],"image_override":[{"single_post_thumbnail_size":"crop-500","single_post_gallery_size":"crop-500"}],"trending_post_position":"meta","trending_post_label":"Trending","sponsored_post_label":"Sponsored by","disable_ad":"0","subtitle":"Empresas vem investindo na capacita\u00e7\u00e3o e reduzindo a busca por profissionais j\u00e1 treinados"},"jnews_primary_category":[],"jnews_override_counter":{"view_counter_number":"0","share_counter_number":"0","like_counter_number":"0","dislike_counter_number":"0"},"jnews_post_split":{"post_split":[{"template":"1","tag":"h2","numbering":"asc","mode":"normal","first":"0","enable_toc":"0","toc_type":"normal"}]},"footnotes":""},"categories":[1],"tags":[7648,7649,4929,5423,531,4968,5658,149,617,6875,7645,7647,7642,7644,5172,59,7646,7643],"class_list":["post-37699","post","type-post","status-publish","format-standard","has-post-thumbnail","hentry","category-geral","tag-capacitacao","tag-construcao-civil","tag-emprego","tag-empresas","tag-jornada-de-trabalho","tag-logistica","tag-mcdonalds-2","tag-mercado-de-trabalho","tag-mercado-financeiro","tag-mineracao","tag-obramax","tag-portocel","tag-qualificacao","tag-samarco","tag-suzano","tag-tecnologia","tag-vli","tag-xp-future"],"yoast_head":"<!-- This site is optimized with the Yoast SEO plugin v25.0 - https:\/\/yoast.com\/wordpress\/plugins\/seo\/ -->\n<title>A decis\u00e3o tomada pelas empresas para reagir \u00e0 falta de m\u00e3o de obra no Brasil<\/title>\n<meta name=\"robots\" content=\"index, follow, max-snippet:-1, max-image-preview:large, max-video-preview:-1\" \/>\n<link rel=\"canonical\" href=\"https:\/\/crusoe.audiencelabs.com.br\/a-decisao-tomada-pelas-empresas-para-reagir-a-falta-de-mao-de-obra-no-brasil\/\" \/>\n<meta property=\"og:locale\" content=\"pt_BR\" \/>\n<meta property=\"og:type\" content=\"article\" \/>\n<meta property=\"og:title\" content=\"A decis\u00e3o tomada pelas empresas para reagir \u00e0 falta de m\u00e3o de obra no Brasil\" \/>\n<meta property=\"og:description\" content=\"Encontrar profissionais qualificados virou um dos maiores desafios do mercado de trabalho brasileiro. Diante disso, empresas de setores como log\u00edstica, constru\u00e7\u00e3o civil, tecnologia, minera\u00e7\u00e3o e mercado financeiro pararam de esperar o profissional pronto e passaram a form\u00e1-lo do zero. A resposta mais concreta a esse problema tem sido a abertura de programas pr\u00f3prios de capacita\u00e7\u00e3o, [&hellip;]\" \/>\n<meta property=\"og:url\" content=\"https:\/\/crusoe.audiencelabs.com.br\/a-decisao-tomada-pelas-empresas-para-reagir-a-falta-de-mao-de-obra-no-brasil\/\" \/>\n<meta property=\"og:site_name\" content=\"Variedades - Cruso\u00e9\" \/>\n<meta property=\"article:published_time\" content=\"2026-04-25T22:32:00+00:00\" \/>\n<meta property=\"og:image\" content=\"https:\/\/cdn.crusoe.com.br\/uploads\/2026\/04\/kaja-sariwating-BZ5CKvk1hwE-unsplash.jpg\" \/>\n\t<meta property=\"og:image:width\" content=\"640\" \/>\n\t<meta property=\"og:image:height\" content=\"427\" \/>\n\t<meta property=\"og:image:type\" content=\"image\/jpeg\" \/>\n<meta name=\"author\" content=\"J\u00falio Nesi\" \/>\n<meta name=\"twitter:card\" content=\"summary_large_image\" \/>\n<meta name=\"twitter:label1\" content=\"Escrito por\" \/>\n\t<meta name=\"twitter:data1\" content=\"J\u00falio Nesi\" \/>\n\t<meta name=\"twitter:label2\" content=\"Est. tempo de leitura\" \/>\n\t<meta name=\"twitter:data2\" content=\"4 minutos\" \/>\n<script type=\"application\/ld+json\" class=\"yoast-schema-graph\">{\"@context\":\"https:\/\/schema.org\",\"@graph\":[{\"@type\":\"WebPage\",\"@id\":\"https:\/\/crusoe.audiencelabs.com.br\/a-decisao-tomada-pelas-empresas-para-reagir-a-falta-de-mao-de-obra-no-brasil\/\",\"url\":\"https:\/\/crusoe.audiencelabs.com.br\/a-decisao-tomada-pelas-empresas-para-reagir-a-falta-de-mao-de-obra-no-brasil\/\",\"name\":\"A decis\u00e3o tomada pelas empresas para reagir \u00e0 falta de m\u00e3o de obra no Brasil\",\"isPartOf\":{\"@id\":\"https:\/\/crusoe.audiencelabs.com.br\/#website\"},\"primaryImageOfPage\":{\"@id\":\"https:\/\/crusoe.audiencelabs.com.br\/a-decisao-tomada-pelas-empresas-para-reagir-a-falta-de-mao-de-obra-no-brasil\/#primaryimage\"},\"image\":{\"@id\":\"https:\/\/crusoe.audiencelabs.com.br\/a-decisao-tomada-pelas-empresas-para-reagir-a-falta-de-mao-de-obra-no-brasil\/#primaryimage\"},\"thumbnailUrl\":\"https:\/\/cdn.crusoe.com.br\/uploads\/2026\/04\/kaja-sariwating-BZ5CKvk1hwE-unsplash.jpg\",\"datePublished\":\"2026-04-25T22:32:00+00:00\",\"author\":{\"@id\":\"https:\/\/crusoe.audiencelabs.com.br\/#\/schema\/person\/0cca5874eda7d72cef71e77a9a9c2143\"},\"breadcrumb\":{\"@id\":\"https:\/\/crusoe.audiencelabs.com.br\/a-decisao-tomada-pelas-empresas-para-reagir-a-falta-de-mao-de-obra-no-brasil\/#breadcrumb\"},\"inLanguage\":\"pt-BR\",\"potentialAction\":[{\"@type\":\"ReadAction\",\"target\":[\"https:\/\/crusoe.audiencelabs.com.br\/a-decisao-tomada-pelas-empresas-para-reagir-a-falta-de-mao-de-obra-no-brasil\/\"]}]},{\"@type\":\"ImageObject\",\"inLanguage\":\"pt-BR\",\"@id\":\"https:\/\/crusoe.audiencelabs.com.br\/a-decisao-tomada-pelas-empresas-para-reagir-a-falta-de-mao-de-obra-no-brasil\/#primaryimage\",\"url\":\"https:\/\/cdn.crusoe.com.br\/uploads\/2026\/04\/kaja-sariwating-BZ5CKvk1hwE-unsplash.jpg\",\"contentUrl\":\"https:\/\/cdn.crusoe.com.br\/uploads\/2026\/04\/kaja-sariwating-BZ5CKvk1hwE-unsplash.jpg\",\"width\":640,\"height\":427,\"caption\":\"Reprodu\u00e7\u00e3o: Kaja Sariwating \/ Unsplash\"},{\"@type\":\"BreadcrumbList\",\"@id\":\"https:\/\/crusoe.audiencelabs.com.br\/a-decisao-tomada-pelas-empresas-para-reagir-a-falta-de-mao-de-obra-no-brasil\/#breadcrumb\",\"itemListElement\":[{\"@type\":\"ListItem\",\"position\":1,\"name\":\"Home\",\"item\":\"https:\/\/crusoe.audiencelabs.com.br\/\"},{\"@type\":\"ListItem\",\"position\":2,\"name\":\"A decis\u00e3o tomada pelas empresas para reagir \u00e0 falta de m\u00e3o de obra no Brasil\"}]},{\"@type\":\"WebSite\",\"@id\":\"https:\/\/crusoe.audiencelabs.com.br\/#website\",\"url\":\"https:\/\/crusoe.audiencelabs.com.br\/\",\"name\":\"Variedades - Cruso\u00e9\",\"description\":\"\",\"potentialAction\":[{\"@type\":\"SearchAction\",\"target\":{\"@type\":\"EntryPoint\",\"urlTemplate\":\"https:\/\/crusoe.audiencelabs.com.br\/?s={search_term_string}\"},\"query-input\":{\"@type\":\"PropertyValueSpecification\",\"valueRequired\":true,\"valueName\":\"search_term_string\"}}],\"inLanguage\":\"pt-BR\"},{\"@type\":\"Person\",\"@id\":\"https:\/\/crusoe.audiencelabs.com.br\/#\/schema\/person\/0cca5874eda7d72cef71e77a9a9c2143\",\"name\":\"J\u00falio Nesi\",\"image\":{\"@type\":\"ImageObject\",\"inLanguage\":\"pt-BR\",\"@id\":\"https:\/\/crusoe.audiencelabs.com.br\/#\/schema\/person\/image\/\",\"url\":\"https:\/\/secure.gravatar.com\/avatar\/c22eb47c3e2320e71637346b980e09f63de9f75742d3335f94a26b83dff70473?s=96&d=mm&r=g\",\"contentUrl\":\"https:\/\/secure.gravatar.com\/avatar\/c22eb47c3e2320e71637346b980e09f63de9f75742d3335f94a26b83dff70473?s=96&d=mm&r=g\",\"caption\":\"J\u00falio Nesi\"},\"description\":\"Jornalista alagoano formado pela UFAL, j\u00e1 atuei em produ\u00e7\u00e3o de conte\u00fado digital para portais, r\u00e1dio e redes sociais.\",\"sameAs\":[\"www.linkedin.com\/in\/j\u00falio-nesi\"],\"url\":\"https:\/\/crusoe.audiencelabs.com.br\/author\/julionesi\/\"}]}<\/script>\n<!-- \/ Yoast SEO plugin. -->","yoast_head_json":{"title":"A decis\u00e3o tomada pelas empresas para reagir \u00e0 falta de m\u00e3o de obra no Brasil","robots":{"index":"index","follow":"follow","max-snippet":"max-snippet:-1","max-image-preview":"max-image-preview:large","max-video-preview":"max-video-preview:-1"},"canonical":"https:\/\/crusoe.audiencelabs.com.br\/a-decisao-tomada-pelas-empresas-para-reagir-a-falta-de-mao-de-obra-no-brasil\/","og_locale":"pt_BR","og_type":"article","og_title":"A decis\u00e3o tomada pelas empresas para reagir \u00e0 falta de m\u00e3o de obra no Brasil","og_description":"Encontrar profissionais qualificados virou um dos maiores desafios do mercado de trabalho brasileiro. Diante disso, empresas de setores como log\u00edstica, constru\u00e7\u00e3o civil, tecnologia, minera\u00e7\u00e3o e mercado financeiro pararam de esperar o profissional pronto e passaram a form\u00e1-lo do zero. A resposta mais concreta a esse problema tem sido a abertura de programas pr\u00f3prios de capacita\u00e7\u00e3o, [&hellip;]","og_url":"https:\/\/crusoe.audiencelabs.com.br\/a-decisao-tomada-pelas-empresas-para-reagir-a-falta-de-mao-de-obra-no-brasil\/","og_site_name":"Variedades - Cruso\u00e9","article_published_time":"2026-04-25T22:32:00+00:00","og_image":[{"width":640,"height":427,"url":"https:\/\/cdn.crusoe.com.br\/uploads\/2026\/04\/kaja-sariwating-BZ5CKvk1hwE-unsplash.jpg","type":"image\/jpeg"}],"author":"J\u00falio Nesi","twitter_card":"summary_large_image","twitter_misc":{"Escrito por":"J\u00falio Nesi","Est. tempo de leitura":"4 minutos"},"schema":{"@context":"https:\/\/schema.org","@graph":[{"@type":"WebPage","@id":"https:\/\/crusoe.audiencelabs.com.br\/a-decisao-tomada-pelas-empresas-para-reagir-a-falta-de-mao-de-obra-no-brasil\/","url":"https:\/\/crusoe.audiencelabs.com.br\/a-decisao-tomada-pelas-empresas-para-reagir-a-falta-de-mao-de-obra-no-brasil\/","name":"A decis\u00e3o tomada pelas empresas para reagir \u00e0 falta de m\u00e3o de obra no Brasil","isPartOf":{"@id":"https:\/\/crusoe.audiencelabs.com.br\/#website"},"primaryImageOfPage":{"@id":"https:\/\/crusoe.audiencelabs.com.br\/a-decisao-tomada-pelas-empresas-para-reagir-a-falta-de-mao-de-obra-no-brasil\/#primaryimage"},"image":{"@id":"https:\/\/crusoe.audiencelabs.com.br\/a-decisao-tomada-pelas-empresas-para-reagir-a-falta-de-mao-de-obra-no-brasil\/#primaryimage"},"thumbnailUrl":"https:\/\/cdn.crusoe.com.br\/uploads\/2026\/04\/kaja-sariwating-BZ5CKvk1hwE-unsplash.jpg","datePublished":"2026-04-25T22:32:00+00:00","author":{"@id":"https:\/\/crusoe.audiencelabs.com.br\/#\/schema\/person\/0cca5874eda7d72cef71e77a9a9c2143"},"breadcrumb":{"@id":"https:\/\/crusoe.audiencelabs.com.br\/a-decisao-tomada-pelas-empresas-para-reagir-a-falta-de-mao-de-obra-no-brasil\/#breadcrumb"},"inLanguage":"pt-BR","potentialAction":[{"@type":"ReadAction","target":["https:\/\/crusoe.audiencelabs.com.br\/a-decisao-tomada-pelas-empresas-para-reagir-a-falta-de-mao-de-obra-no-brasil\/"]}]},{"@type":"ImageObject","inLanguage":"pt-BR","@id":"https:\/\/crusoe.audiencelabs.com.br\/a-decisao-tomada-pelas-empresas-para-reagir-a-falta-de-mao-de-obra-no-brasil\/#primaryimage","url":"https:\/\/cdn.crusoe.com.br\/uploads\/2026\/04\/kaja-sariwating-BZ5CKvk1hwE-unsplash.jpg","contentUrl":"https:\/\/cdn.crusoe.com.br\/uploads\/2026\/04\/kaja-sariwating-BZ5CKvk1hwE-unsplash.jpg","width":640,"height":427,"caption":"Reprodu\u00e7\u00e3o: Kaja Sariwating \/ Unsplash"},{"@type":"BreadcrumbList","@id":"https:\/\/crusoe.audiencelabs.com.br\/a-decisao-tomada-pelas-empresas-para-reagir-a-falta-de-mao-de-obra-no-brasil\/#breadcrumb","itemListElement":[{"@type":"ListItem","position":1,"name":"Home","item":"https:\/\/crusoe.audiencelabs.com.br\/"},{"@type":"ListItem","position":2,"name":"A decis\u00e3o tomada pelas empresas para reagir \u00e0 falta de m\u00e3o de obra no Brasil"}]},{"@type":"WebSite","@id":"https:\/\/crusoe.audiencelabs.com.br\/#website","url":"https:\/\/crusoe.audiencelabs.com.br\/","name":"Variedades - Cruso\u00e9","description":"","potentialAction":[{"@type":"SearchAction","target":{"@type":"EntryPoint","urlTemplate":"https:\/\/crusoe.audiencelabs.com.br\/?s={search_term_string}"},"query-input":{"@type":"PropertyValueSpecification","valueRequired":true,"valueName":"search_term_string"}}],"inLanguage":"pt-BR"},{"@type":"Person","@id":"https:\/\/crusoe.audiencelabs.com.br\/#\/schema\/person\/0cca5874eda7d72cef71e77a9a9c2143","name":"J\u00falio Nesi","image":{"@type":"ImageObject","inLanguage":"pt-BR","@id":"https:\/\/crusoe.audiencelabs.com.br\/#\/schema\/person\/image\/","url":"https:\/\/secure.gravatar.com\/avatar\/c22eb47c3e2320e71637346b980e09f63de9f75742d3335f94a26b83dff70473?s=96&d=mm&r=g","contentUrl":"https:\/\/secure.gravatar.com\/avatar\/c22eb47c3e2320e71637346b980e09f63de9f75742d3335f94a26b83dff70473?s=96&d=mm&r=g","caption":"J\u00falio Nesi"},"description":"Jornalista alagoano formado pela UFAL, j\u00e1 atuei em produ\u00e7\u00e3o de conte\u00fado digital para portais, r\u00e1dio e redes sociais.","sameAs":["www.linkedin.com\/in\/j\u00falio-nesi"],"url":"https:\/\/crusoe.audiencelabs.com.br\/author\/julionesi\/"}]}},"_links":{"self":[{"href":"https:\/\/crusoe.audiencelabs.com.br\/wp-json\/wp\/v2\/posts\/37699","targetHints":{"allow":["GET"]}}],"collection":[{"href":"https:\/\/crusoe.audiencelabs.com.br\/wp-json\/wp\/v2\/posts"}],"about":[{"href":"https:\/\/crusoe.audiencelabs.com.br\/wp-json\/wp\/v2\/types\/post"}],"author":[{"embeddable":true,"href":"https:\/\/crusoe.audiencelabs.com.br\/wp-json\/wp\/v2\/users\/15"}],"replies":[{"embeddable":true,"href":"https:\/\/crusoe.audiencelabs.com.br\/wp-json\/wp\/v2\/comments?post=37699"}],"version-history":[{"count":1,"href":"https:\/\/crusoe.audiencelabs.com.br\/wp-json\/wp\/v2\/posts\/37699\/revisions"}],"predecessor-version":[{"id":37707,"href":"https:\/\/crusoe.audiencelabs.com.br\/wp-json\/wp\/v2\/posts\/37699\/revisions\/37707"}],"wp:featuredmedia":[{"embeddable":true,"href":"https:\/\/crusoe.audiencelabs.com.br\/wp-json\/wp\/v2\/media\/37700"}],"wp:attachment":[{"href":"https:\/\/crusoe.audiencelabs.com.br\/wp-json\/wp\/v2\/media?parent=37699"}],"wp:term":[{"taxonomy":"category","embeddable":true,"href":"https:\/\/crusoe.audiencelabs.com.br\/wp-json\/wp\/v2\/categories?post=37699"},{"taxonomy":"post_tag","embeddable":true,"href":"https:\/\/crusoe.audiencelabs.com.br\/wp-json\/wp\/v2\/tags?post=37699"}],"curies":[{"name":"wp","href":"https:\/\/api.w.org\/{rel}","templated":true}]}}