{"id":37659,"date":"2026-04-26T11:32:47","date_gmt":"2026-04-26T14:32:47","guid":{"rendered":"https:\/\/crusoe.audiencelabs.com.br\/?p=37659"},"modified":"2026-04-22T14:57:49","modified_gmt":"2026-04-22T17:57:49","slug":"fim-das-telas-na-sala-de-aula-escolas-voltam-ao-livro-fisico-papel-e-lapis-para-melhorar-ensino-na-suecia","status":"publish","type":"post","link":"https:\/\/crusoe.audiencelabs.com.br\/fim-das-telas-na-sala-de-aula-escolas-voltam-ao-livro-fisico-papel-e-lapis-para-melhorar-ensino-na-suecia\/","title":{"rendered":"Fim das telas na sala de aula! Escolas voltam ao livro f\u00edsico, papel e l\u00e1pis para melhorar ensino na Su\u00e9cia"},"content":{"rendered":"<p class=\"font-claude-response-body break-words whitespace-normal leading-[1.7]\">O governo da <strong>Su\u00e9cia<\/strong> est\u00e1 revertendo o <strong>modelo de ensino<\/strong> digital que dominou as salas de aula do pa\u00eds nas \u00faltimas duas d\u00e9cadas. A aposta agora \u00e9 nos livros f\u00edsicos, papel e l\u00e1pis, como resposta \u00e0 queda nos \u00edndices de compreens\u00e3o de leitura e matem\u00e1tica dos estudantes suecos.<\/p>\n<p class=\"font-claude-response-body break-words whitespace-normal leading-[1.7]\">O movimento j\u00e1 \u00e9 vis\u00edvel nas escolas. Em uma unidade de ensino m\u00e9dio de Nacka, perto de Estocolmo, alunos do \u00faltimo ano chegam \u00e0s aulas com livros impressos e cadernos enquanto os laptops ficam cada vez mais de lado.<\/p>\n<h2>Mudan\u00e7a vem depois das autoridades virem queda nos n\u00fameros<\/h2>\n<p class=\"font-claude-response-body break-words whitespace-normal leading-[1.7]\">A Su\u00e9cia, que figurava entre os primeiros colocados no <strong>Programa Internacional de Avalia\u00e7\u00e3o de Estudantes<\/strong> (<strong>PISA<\/strong>), despencou na avalia\u00e7\u00e3o em 2012 e voltou a cair de forma expressiva em matem\u00e1tica e leitura em 2022. Naquele ano, 24% dos estudantes de 15 e 16 anos n\u00e3o alcan\u00e7aram o n\u00edvel b\u00e1sico de compreens\u00e3o de textos, resultado inferior ao de pa\u00edses como os EUA.<\/p>\n<p class=\"font-claude-response-body break-words whitespace-normal leading-[1.7]\">Os laptops haviam se tornado padr\u00e3o nas salas de aula do pa\u00eds no final dos anos 2000. Em 2015, cerca de 80% dos alunos do ensino m\u00e9dio j\u00e1 tinham acesso individual a um dispositivo. Em 2019, o uso obrigat\u00f3rio de tablets foi at\u00e9 inclu\u00eddo no curr\u00edculo da pr\u00e9-escola.<\/p>\n<h2>Interven\u00e7\u00e3o federal<\/h2>\n<p>As mudan\u00e7as come\u00e7aram a ser feitas ap\u00f3s <strong>Ulf Kristersson<\/strong>, um dos representantes da direita do pa\u00eds, ser eleito primeiro-ministro com sua coaliz\u00e3o. Na \u00e1rea da Educa\u00e7\u00e3o, o governo adotou um lema autoexplicativo: &#8220;fr\u00e5n sk\u00e4rm till p\u00e4rm&#8221;, que significa algo como &#8220;da tela para o fich\u00e1rio&#8221;.<\/p>\n<p class=\"font-claude-response-body break-words whitespace-normal leading-[1.7]\">&#8220;Na verdade, estamos tentando nos livrar das telas ao m\u00e1ximo poss\u00edvel&#8221;, disse <strong>Joar Forsell<\/strong>, porta-voz de educa\u00e7\u00e3o do Partido Liberal, cujo l\u00edder \u00e9 o ministro da Educa\u00e7\u00e3o do pa\u00eds.<\/p>\n<p class=\"font-claude-response-body break-words whitespace-normal leading-[1.7]\">Desde 2025, as pr\u00e9-escolas deixaram de ser obrigadas a usar ferramentas digitais. Ainda em 2026, entra em vigor uma proibi\u00e7\u00e3o de celulares nas escolas, inclusive para uso educacional. As escolas j\u00e1 receberam mais de R$ 1 bilh\u00e3o em subs\u00eddios para investir em livros did\u00e1ticos.<\/p>\n<h2>O que a ci\u00eancia diz sobre isso?<\/h2>\n<p class=\"font-claude-response-body break-words whitespace-normal leading-[1.7]\">A neurocientista <strong>Sissela Nutley<\/strong>, do Instituto Karolinska de Estocolmo, integra o grupo de pesquisadores que levantaram preocupa\u00e7\u00f5es sobre o uso excessivo de telas no ambiente escolar.<\/p>\n<p class=\"font-claude-response-body break-words whitespace-normal leading-[1.7]\">Segundo a neurocientista, estudantes podem perder a concentra\u00e7\u00e3o ao observar o que os colegas fazem nas telas, e pesquisas internacionais sugerem que a leitura em dispositivos digitais pode dificultar o processamento de informa\u00e7\u00f5es pelas crian\u00e7as.<\/p>\n<p class=\"font-claude-response-body break-words whitespace-normal leading-[1.7]\">Um relat\u00f3rio da <strong class=\"Yjhzub\" data-sfc-root=\"c\" data-sfc-cb=\"\" data-processed=\"true\">Organiza\u00e7\u00e3o para a Coopera\u00e7\u00e3o e Desenvolvimento Econ\u00f4mico <\/strong>(<strong>OCDE<\/strong>) publicado em 2026 reconheceu benef\u00edcios gerais das ferramentas digitais, mas apontou alta incid\u00eancia de distra\u00e7\u00f5es nas salas de aula suecas e correlacionou o uso intenso de dispositivos nas aulas de matem\u00e1tica a resultados inferiores.<\/p>\n<h2>Criticas<\/h2>\n<p>Apesar da mudan\u00e7a estar tendo recep\u00e7\u00e3o positiva em algumas partes do pa\u00eds, nem todos a veem t\u00e3o bem. O setor de tecnologia educacional alerta que uma forma\u00e7\u00e3o mais anal\u00f3gica pode deixar os estudantes mal preparados para o mercado de trabalho. Um relat\u00f3rio da Uni\u00e3o Europeia estima que 90% dos empregos em breve exigir\u00e3o conhecimentos digitais b\u00e1sicos.<\/p>\n<p class=\"font-claude-response-body break-words whitespace-normal leading-[1.7]\"><strong>Jannie Jeppesen<\/strong>, CEO da associa\u00e7\u00e3o <em>Swedish Edtech Industry<\/em>, defende que o debate entre telas e cadernos desvia a aten\u00e7\u00e3o de outros fatores que afetam o aprendizado, como a distribui\u00e7\u00e3o desigual de recursos e professores capacitados.<\/p>\n<p class=\"font-claude-response-body break-words whitespace-normal leading-[1.7]\">H\u00e1 ainda a quest\u00e3o da intelig\u00eancia artificial. Enquanto o governo quer ensinar sobre IA apenas no ensino m\u00e9dio, pesquisadores alertam que crian\u00e7as de fam\u00edlias com mais recursos j\u00e1 usam essas ferramentas com a ajuda dos pais, o que poderia ampliar as desigualdades no acesso ao conhecimento.<\/p>\n","protected":false},"excerpt":{"rendered":"<p>O governo da Su\u00e9cia est\u00e1 revertendo o modelo de ensino digital que dominou as salas de aula do pa\u00eds nas \u00faltimas duas d\u00e9cadas. A aposta agora \u00e9 nos livros f\u00edsicos, papel e l\u00e1pis, como resposta \u00e0 queda nos \u00edndices de compreens\u00e3o de leitura e matem\u00e1tica dos estudantes suecos. O movimento j\u00e1 \u00e9 vis\u00edvel nas escolas. [&hellip;]<\/p>\n","protected":false},"author":15,"featured_media":37660,"comment_status":"open","ping_status":"open","sticky":false,"template":"","format":"standard","meta":{"jnews-multi-image_gallery":[],"jnews_single_post":{"format":"standard","jnews_video_option_group":[[]],"override":[{"template":"2","parallax":"1","fullscreen":"1","layout":"right-sidebar","sidebar":"default-sidebar","second_sidebar":"default-sidebar","sticky_sidebar":"1","share_position":"hide","share_float_style":"share-monocrhome","show_featured":"1","show_post_meta":"1","show_post_author":"1","show_post_date":"1","post_date_format":"default","post_date_format_custom":"Y\/m\/d","show_post_category":"1","show_post_reading_time":"0","post_reading_time_wpm":"300","post_calculate_word_method":"str_word_count","show_zoom_button":"0","zoom_button_out_step":"2","zoom_button_in_step":"3","show_post_tag":"1","show_popup_post":"1","number_popup_post":"1","show_author_box":"1","show_post_related":"0"}],"image_override":[{"single_post_thumbnail_size":"crop-500","single_post_gallery_size":"crop-500"}],"trending_post_position":"meta","trending_post_label":"Trending","sponsored_post_label":"Sponsored by","disable_ad":"0","subtitle":"A mudan\u00e7a foi recebida com criticas de alguns membros do setor da educa\u00e7\u00e3o digital, que alegam que a mudan\u00e7a pode preparar menos os jovens para o mercado de trabalho"},"jnews_primary_category":[],"jnews_override_counter":{"view_counter_number":"0","share_counter_number":"0","like_counter_number":"0","dislike_counter_number":"0"},"jnews_post_split":{"post_split":[{"template":"1","tag":"h2","numbering":"asc","mode":"normal","first":"0","enable_toc":"0","toc_type":"normal"}]},"footnotes":""},"categories":[1],"tags":[777,7614,7610,7608,217,7613,7611,7612,7609,3380,6533,7607],"class_list":["post-37659","post","type-post","status-publish","format-standard","has-post-thumbnail","hentry","category-geral","tag-educacao","tag-ensino-digital","tag-jannie-jeppesen","tag-joar-forsell","tag-livros","tag-modelo-de-ensino","tag-ocde","tag-pisa","tag-sissela-nutley","tag-suecia","tag-telas","tag-ulf-kristersson"],"yoast_head":"<!-- This site is optimized with the Yoast SEO plugin v25.0 - https:\/\/yoast.com\/wordpress\/plugins\/seo\/ -->\n<title>Fim das telas na sala de aula! Escolas voltam ao livro f\u00edsico, papel e l\u00e1pis para melhorar ensino na Su\u00e9cia<\/title>\n<meta name=\"robots\" content=\"index, follow, max-snippet:-1, max-image-preview:large, max-video-preview:-1\" \/>\n<link rel=\"canonical\" href=\"https:\/\/crusoe.audiencelabs.com.br\/fim-das-telas-na-sala-de-aula-escolas-voltam-ao-livro-fisico-papel-e-lapis-para-melhorar-ensino-na-suecia\/\" \/>\n<meta property=\"og:locale\" content=\"pt_BR\" \/>\n<meta property=\"og:type\" content=\"article\" \/>\n<meta property=\"og:title\" content=\"Fim das telas na sala de aula! Escolas voltam ao livro f\u00edsico, papel e l\u00e1pis para melhorar ensino na Su\u00e9cia\" \/>\n<meta property=\"og:description\" content=\"O governo da Su\u00e9cia est\u00e1 revertendo o modelo de ensino digital que dominou as salas de aula do pa\u00eds nas \u00faltimas duas d\u00e9cadas. A aposta agora \u00e9 nos livros f\u00edsicos, papel e l\u00e1pis, como resposta \u00e0 queda nos \u00edndices de compreens\u00e3o de leitura e matem\u00e1tica dos estudantes suecos. O movimento j\u00e1 \u00e9 vis\u00edvel nas escolas. [&hellip;]\" \/>\n<meta property=\"og:url\" content=\"https:\/\/crusoe.audiencelabs.com.br\/fim-das-telas-na-sala-de-aula-escolas-voltam-ao-livro-fisico-papel-e-lapis-para-melhorar-ensino-na-suecia\/\" \/>\n<meta property=\"og:site_name\" content=\"Variedades - Cruso\u00e9\" \/>\n<meta property=\"article:published_time\" content=\"2026-04-26T14:32:47+00:00\" \/>\n<meta property=\"og:image\" content=\"https:\/\/cdn.crusoe.com.br\/uploads\/2026\/04\/pexels-tima-miroshnichenko-5303515.jpg\" \/>\n\t<meta property=\"og:image:width\" content=\"640\" \/>\n\t<meta property=\"og:image:height\" content=\"427\" \/>\n\t<meta property=\"og:image:type\" content=\"image\/jpeg\" \/>\n<meta name=\"author\" content=\"J\u00falio Nesi\" \/>\n<meta name=\"twitter:card\" content=\"summary_large_image\" \/>\n<meta name=\"twitter:label1\" content=\"Escrito por\" \/>\n\t<meta name=\"twitter:data1\" content=\"J\u00falio Nesi\" \/>\n\t<meta name=\"twitter:label2\" content=\"Est. tempo de leitura\" \/>\n\t<meta name=\"twitter:data2\" content=\"4 minutos\" \/>\n<script type=\"application\/ld+json\" class=\"yoast-schema-graph\">{\"@context\":\"https:\/\/schema.org\",\"@graph\":[{\"@type\":\"WebPage\",\"@id\":\"https:\/\/crusoe.audiencelabs.com.br\/fim-das-telas-na-sala-de-aula-escolas-voltam-ao-livro-fisico-papel-e-lapis-para-melhorar-ensino-na-suecia\/\",\"url\":\"https:\/\/crusoe.audiencelabs.com.br\/fim-das-telas-na-sala-de-aula-escolas-voltam-ao-livro-fisico-papel-e-lapis-para-melhorar-ensino-na-suecia\/\",\"name\":\"Fim das telas na sala de aula! Escolas voltam ao livro f\u00edsico, papel e l\u00e1pis para melhorar ensino na Su\u00e9cia\",\"isPartOf\":{\"@id\":\"https:\/\/crusoe.audiencelabs.com.br\/#website\"},\"primaryImageOfPage\":{\"@id\":\"https:\/\/crusoe.audiencelabs.com.br\/fim-das-telas-na-sala-de-aula-escolas-voltam-ao-livro-fisico-papel-e-lapis-para-melhorar-ensino-na-suecia\/#primaryimage\"},\"image\":{\"@id\":\"https:\/\/crusoe.audiencelabs.com.br\/fim-das-telas-na-sala-de-aula-escolas-voltam-ao-livro-fisico-papel-e-lapis-para-melhorar-ensino-na-suecia\/#primaryimage\"},\"thumbnailUrl\":\"https:\/\/cdn.crusoe.com.br\/uploads\/2026\/04\/pexels-tima-miroshnichenko-5303515.jpg\",\"datePublished\":\"2026-04-26T14:32:47+00:00\",\"author\":{\"@id\":\"https:\/\/crusoe.audiencelabs.com.br\/#\/schema\/person\/0cca5874eda7d72cef71e77a9a9c2143\"},\"breadcrumb\":{\"@id\":\"https:\/\/crusoe.audiencelabs.com.br\/fim-das-telas-na-sala-de-aula-escolas-voltam-ao-livro-fisico-papel-e-lapis-para-melhorar-ensino-na-suecia\/#breadcrumb\"},\"inLanguage\":\"pt-BR\",\"potentialAction\":[{\"@type\":\"ReadAction\",\"target\":[\"https:\/\/crusoe.audiencelabs.com.br\/fim-das-telas-na-sala-de-aula-escolas-voltam-ao-livro-fisico-papel-e-lapis-para-melhorar-ensino-na-suecia\/\"]}]},{\"@type\":\"ImageObject\",\"inLanguage\":\"pt-BR\",\"@id\":\"https:\/\/crusoe.audiencelabs.com.br\/fim-das-telas-na-sala-de-aula-escolas-voltam-ao-livro-fisico-papel-e-lapis-para-melhorar-ensino-na-suecia\/#primaryimage\",\"url\":\"https:\/\/cdn.crusoe.com.br\/uploads\/2026\/04\/pexels-tima-miroshnichenko-5303515.jpg\",\"contentUrl\":\"https:\/\/cdn.crusoe.com.br\/uploads\/2026\/04\/pexels-tima-miroshnichenko-5303515.jpg\",\"width\":640,\"height\":427,\"caption\":\"Com a mudan\u00e7a, crian\u00e7as n\u00e3o usar\u00e3o mais telas em escolas e o foco ser\u00e1 no anal\u00f3gico. Reprodu\u00e7\u00e3o: Tima Miroshnichenko \/ Pexels\"},{\"@type\":\"BreadcrumbList\",\"@id\":\"https:\/\/crusoe.audiencelabs.com.br\/fim-das-telas-na-sala-de-aula-escolas-voltam-ao-livro-fisico-papel-e-lapis-para-melhorar-ensino-na-suecia\/#breadcrumb\",\"itemListElement\":[{\"@type\":\"ListItem\",\"position\":1,\"name\":\"Home\",\"item\":\"https:\/\/crusoe.audiencelabs.com.br\/\"},{\"@type\":\"ListItem\",\"position\":2,\"name\":\"Fim das telas na sala de aula! Escolas voltam ao livro f\u00edsico, papel e l\u00e1pis para melhorar ensino na Su\u00e9cia\"}]},{\"@type\":\"WebSite\",\"@id\":\"https:\/\/crusoe.audiencelabs.com.br\/#website\",\"url\":\"https:\/\/crusoe.audiencelabs.com.br\/\",\"name\":\"Variedades - Cruso\u00e9\",\"description\":\"\",\"potentialAction\":[{\"@type\":\"SearchAction\",\"target\":{\"@type\":\"EntryPoint\",\"urlTemplate\":\"https:\/\/crusoe.audiencelabs.com.br\/?s={search_term_string}\"},\"query-input\":{\"@type\":\"PropertyValueSpecification\",\"valueRequired\":true,\"valueName\":\"search_term_string\"}}],\"inLanguage\":\"pt-BR\"},{\"@type\":\"Person\",\"@id\":\"https:\/\/crusoe.audiencelabs.com.br\/#\/schema\/person\/0cca5874eda7d72cef71e77a9a9c2143\",\"name\":\"J\u00falio Nesi\",\"image\":{\"@type\":\"ImageObject\",\"inLanguage\":\"pt-BR\",\"@id\":\"https:\/\/crusoe.audiencelabs.com.br\/#\/schema\/person\/image\/\",\"url\":\"https:\/\/secure.gravatar.com\/avatar\/c22eb47c3e2320e71637346b980e09f63de9f75742d3335f94a26b83dff70473?s=96&d=mm&r=g\",\"contentUrl\":\"https:\/\/secure.gravatar.com\/avatar\/c22eb47c3e2320e71637346b980e09f63de9f75742d3335f94a26b83dff70473?s=96&d=mm&r=g\",\"caption\":\"J\u00falio Nesi\"},\"description\":\"Jornalista alagoano formado pela UFAL, j\u00e1 atuei em produ\u00e7\u00e3o de conte\u00fado digital para portais, r\u00e1dio e redes sociais.\",\"sameAs\":[\"www.linkedin.com\/in\/j\u00falio-nesi\"],\"url\":\"https:\/\/crusoe.audiencelabs.com.br\/author\/julionesi\/\"}]}<\/script>\n<!-- \/ Yoast SEO plugin. -->","yoast_head_json":{"title":"Fim das telas na sala de aula! Escolas voltam ao livro f\u00edsico, papel e l\u00e1pis para melhorar ensino na Su\u00e9cia","robots":{"index":"index","follow":"follow","max-snippet":"max-snippet:-1","max-image-preview":"max-image-preview:large","max-video-preview":"max-video-preview:-1"},"canonical":"https:\/\/crusoe.audiencelabs.com.br\/fim-das-telas-na-sala-de-aula-escolas-voltam-ao-livro-fisico-papel-e-lapis-para-melhorar-ensino-na-suecia\/","og_locale":"pt_BR","og_type":"article","og_title":"Fim das telas na sala de aula! Escolas voltam ao livro f\u00edsico, papel e l\u00e1pis para melhorar ensino na Su\u00e9cia","og_description":"O governo da Su\u00e9cia est\u00e1 revertendo o modelo de ensino digital que dominou as salas de aula do pa\u00eds nas \u00faltimas duas d\u00e9cadas. A aposta agora \u00e9 nos livros f\u00edsicos, papel e l\u00e1pis, como resposta \u00e0 queda nos \u00edndices de compreens\u00e3o de leitura e matem\u00e1tica dos estudantes suecos. O movimento j\u00e1 \u00e9 vis\u00edvel nas escolas. [&hellip;]","og_url":"https:\/\/crusoe.audiencelabs.com.br\/fim-das-telas-na-sala-de-aula-escolas-voltam-ao-livro-fisico-papel-e-lapis-para-melhorar-ensino-na-suecia\/","og_site_name":"Variedades - Cruso\u00e9","article_published_time":"2026-04-26T14:32:47+00:00","og_image":[{"width":640,"height":427,"url":"https:\/\/cdn.crusoe.com.br\/uploads\/2026\/04\/pexels-tima-miroshnichenko-5303515.jpg","type":"image\/jpeg"}],"author":"J\u00falio Nesi","twitter_card":"summary_large_image","twitter_misc":{"Escrito por":"J\u00falio Nesi","Est. tempo de leitura":"4 minutos"},"schema":{"@context":"https:\/\/schema.org","@graph":[{"@type":"WebPage","@id":"https:\/\/crusoe.audiencelabs.com.br\/fim-das-telas-na-sala-de-aula-escolas-voltam-ao-livro-fisico-papel-e-lapis-para-melhorar-ensino-na-suecia\/","url":"https:\/\/crusoe.audiencelabs.com.br\/fim-das-telas-na-sala-de-aula-escolas-voltam-ao-livro-fisico-papel-e-lapis-para-melhorar-ensino-na-suecia\/","name":"Fim das telas na sala de aula! Escolas voltam ao livro f\u00edsico, papel e l\u00e1pis para melhorar ensino na Su\u00e9cia","isPartOf":{"@id":"https:\/\/crusoe.audiencelabs.com.br\/#website"},"primaryImageOfPage":{"@id":"https:\/\/crusoe.audiencelabs.com.br\/fim-das-telas-na-sala-de-aula-escolas-voltam-ao-livro-fisico-papel-e-lapis-para-melhorar-ensino-na-suecia\/#primaryimage"},"image":{"@id":"https:\/\/crusoe.audiencelabs.com.br\/fim-das-telas-na-sala-de-aula-escolas-voltam-ao-livro-fisico-papel-e-lapis-para-melhorar-ensino-na-suecia\/#primaryimage"},"thumbnailUrl":"https:\/\/cdn.crusoe.com.br\/uploads\/2026\/04\/pexels-tima-miroshnichenko-5303515.jpg","datePublished":"2026-04-26T14:32:47+00:00","author":{"@id":"https:\/\/crusoe.audiencelabs.com.br\/#\/schema\/person\/0cca5874eda7d72cef71e77a9a9c2143"},"breadcrumb":{"@id":"https:\/\/crusoe.audiencelabs.com.br\/fim-das-telas-na-sala-de-aula-escolas-voltam-ao-livro-fisico-papel-e-lapis-para-melhorar-ensino-na-suecia\/#breadcrumb"},"inLanguage":"pt-BR","potentialAction":[{"@type":"ReadAction","target":["https:\/\/crusoe.audiencelabs.com.br\/fim-das-telas-na-sala-de-aula-escolas-voltam-ao-livro-fisico-papel-e-lapis-para-melhorar-ensino-na-suecia\/"]}]},{"@type":"ImageObject","inLanguage":"pt-BR","@id":"https:\/\/crusoe.audiencelabs.com.br\/fim-das-telas-na-sala-de-aula-escolas-voltam-ao-livro-fisico-papel-e-lapis-para-melhorar-ensino-na-suecia\/#primaryimage","url":"https:\/\/cdn.crusoe.com.br\/uploads\/2026\/04\/pexels-tima-miroshnichenko-5303515.jpg","contentUrl":"https:\/\/cdn.crusoe.com.br\/uploads\/2026\/04\/pexels-tima-miroshnichenko-5303515.jpg","width":640,"height":427,"caption":"Com a mudan\u00e7a, crian\u00e7as n\u00e3o usar\u00e3o mais telas em escolas e o foco ser\u00e1 no anal\u00f3gico. Reprodu\u00e7\u00e3o: Tima Miroshnichenko \/ Pexels"},{"@type":"BreadcrumbList","@id":"https:\/\/crusoe.audiencelabs.com.br\/fim-das-telas-na-sala-de-aula-escolas-voltam-ao-livro-fisico-papel-e-lapis-para-melhorar-ensino-na-suecia\/#breadcrumb","itemListElement":[{"@type":"ListItem","position":1,"name":"Home","item":"https:\/\/crusoe.audiencelabs.com.br\/"},{"@type":"ListItem","position":2,"name":"Fim das telas na sala de aula! Escolas voltam ao livro f\u00edsico, papel e l\u00e1pis para melhorar ensino na Su\u00e9cia"}]},{"@type":"WebSite","@id":"https:\/\/crusoe.audiencelabs.com.br\/#website","url":"https:\/\/crusoe.audiencelabs.com.br\/","name":"Variedades - Cruso\u00e9","description":"","potentialAction":[{"@type":"SearchAction","target":{"@type":"EntryPoint","urlTemplate":"https:\/\/crusoe.audiencelabs.com.br\/?s={search_term_string}"},"query-input":{"@type":"PropertyValueSpecification","valueRequired":true,"valueName":"search_term_string"}}],"inLanguage":"pt-BR"},{"@type":"Person","@id":"https:\/\/crusoe.audiencelabs.com.br\/#\/schema\/person\/0cca5874eda7d72cef71e77a9a9c2143","name":"J\u00falio Nesi","image":{"@type":"ImageObject","inLanguage":"pt-BR","@id":"https:\/\/crusoe.audiencelabs.com.br\/#\/schema\/person\/image\/","url":"https:\/\/secure.gravatar.com\/avatar\/c22eb47c3e2320e71637346b980e09f63de9f75742d3335f94a26b83dff70473?s=96&d=mm&r=g","contentUrl":"https:\/\/secure.gravatar.com\/avatar\/c22eb47c3e2320e71637346b980e09f63de9f75742d3335f94a26b83dff70473?s=96&d=mm&r=g","caption":"J\u00falio Nesi"},"description":"Jornalista alagoano formado pela UFAL, j\u00e1 atuei em produ\u00e7\u00e3o de conte\u00fado digital para portais, r\u00e1dio e redes sociais.","sameAs":["www.linkedin.com\/in\/j\u00falio-nesi"],"url":"https:\/\/crusoe.audiencelabs.com.br\/author\/julionesi\/"}]}},"_links":{"self":[{"href":"https:\/\/crusoe.audiencelabs.com.br\/wp-json\/wp\/v2\/posts\/37659","targetHints":{"allow":["GET"]}}],"collection":[{"href":"https:\/\/crusoe.audiencelabs.com.br\/wp-json\/wp\/v2\/posts"}],"about":[{"href":"https:\/\/crusoe.audiencelabs.com.br\/wp-json\/wp\/v2\/types\/post"}],"author":[{"embeddable":true,"href":"https:\/\/crusoe.audiencelabs.com.br\/wp-json\/wp\/v2\/users\/15"}],"replies":[{"embeddable":true,"href":"https:\/\/crusoe.audiencelabs.com.br\/wp-json\/wp\/v2\/comments?post=37659"}],"version-history":[{"count":2,"href":"https:\/\/crusoe.audiencelabs.com.br\/wp-json\/wp\/v2\/posts\/37659\/revisions"}],"predecessor-version":[{"id":37662,"href":"https:\/\/crusoe.audiencelabs.com.br\/wp-json\/wp\/v2\/posts\/37659\/revisions\/37662"}],"wp:featuredmedia":[{"embeddable":true,"href":"https:\/\/crusoe.audiencelabs.com.br\/wp-json\/wp\/v2\/media\/37660"}],"wp:attachment":[{"href":"https:\/\/crusoe.audiencelabs.com.br\/wp-json\/wp\/v2\/media?parent=37659"}],"wp:term":[{"taxonomy":"category","embeddable":true,"href":"https:\/\/crusoe.audiencelabs.com.br\/wp-json\/wp\/v2\/categories?post=37659"},{"taxonomy":"post_tag","embeddable":true,"href":"https:\/\/crusoe.audiencelabs.com.br\/wp-json\/wp\/v2\/tags?post=37659"}],"curies":[{"name":"wp","href":"https:\/\/api.w.org\/{rel}","templated":true}]}}