{"id":37642,"date":"2026-04-26T08:09:26","date_gmt":"2026-04-26T11:09:26","guid":{"rendered":"https:\/\/crusoe.audiencelabs.com.br\/?p=37642"},"modified":"2026-04-22T13:10:57","modified_gmt":"2026-04-22T16:10:57","slug":"a-opiniao-de-profissionais-sobre-a-importancia-de-usar-condicionador-para-a-saude-dos-cabelos","status":"publish","type":"post","link":"https:\/\/crusoe.audiencelabs.com.br\/a-opiniao-de-profissionais-sobre-a-importancia-de-usar-condicionador-para-a-saude-dos-cabelos\/","title":{"rendered":"A opini\u00e3o de profissionais sobre a import\u00e2ncia de usar condicionador para a sa\u00fade dos cabelos"},"content":{"rendered":"<p><span style=\"font-weight: 400\">A <\/span><b>Academia Americana de Dermatologia<\/b><span style=\"font-weight: 400\">, orienta usar condicionador depois da lavagem porque o produto ajuda a <\/span><b>hidratar, desembara\u00e7ar e facilitar o manejo dos fios<\/b><span style=\"font-weight: 400\">.\u00a0<\/span><\/p>\n<p><span style=\"font-weight: 400\">A entidade ainda recomenda ajustar a aplica\u00e7\u00e3o ao tipo de cabelo, com foco maior no comprimento e nas pontas em fios finos, na pr\u00e1tica, esse cuidado tem fun\u00e7\u00e3o bem clara.<\/span><\/p>\n<p><span style=\"font-weight: 400\">Em pesquisa da <\/span><b>PubMed Central<\/b><span style=\"font-weight: 400\">, ligada \u00e0 <\/span><b>Biblioteca Nacional de Medicina dos EUA,<\/b><span style=\"font-weight: 400\">\u00a0explica que o condicionador reduz atrito entre os fios, melhora a penteabilidade, diminui eletricidade est\u00e1tica e ajuda a proteger a fibra capilar contra desgaste mec\u00e2nico.\u00a0<\/span><\/p>\n<h2><b>O que ele faz<\/b><\/h2>\n<p><span style=\"font-weight: 400\">J\u00e1 o condicionador entra para devolver maciez e controle, sobretudo depois da remo\u00e7\u00e3o de oleosidade e res\u00edduos. Por isso, profissionais costumam tratar o produto como parte do cuidado b\u00e1sico, e n\u00e3o como complemento dispens\u00e1vel.\u00a0<\/span><\/p>\n<p><span style=\"font-weight: 400\">Segundo a <\/span><b>Academia Americana de Dermatologia<\/b><span style=\"font-weight: 400\">, o uso correto ajuda a deixar o cabelo mais f\u00e1cil de pentear, menos \u00e1spero e mais protegido contra quebra durante a rotina.<\/span><\/p>\n<p><span style=\"font-weight: 400\">Em vers\u00f5es sem enx\u00e1gue, alguns produtos ainda oferecem prote\u00e7\u00e3o t\u00e9rmica, i<\/span><span style=\"font-weight: 400\">sso pesa ainda mais em cabelos secos, crespos, cacheados ou quimicamente tratados.<\/span><\/p>\n<p><span style=\"font-weight: 400\">Nesses casos, a necessidade de reten\u00e7\u00e3o de \u00e1gua e redu\u00e7\u00e3o de dano costuma ser maior. Por isso, o condicionador ganha papel ainda mais importante na manuten\u00e7\u00e3o da sa\u00fade e da apar\u00eancia dos fios.<\/span><\/p>\n<h2><b>Como usar<\/b><\/h2>\n<p><span style=\"font-weight: 400\">O shampoo deve se concentrar mais no couro cabeludo, enquanto o condicionador costuma funcionar melhor no comprimento e nas pontas. Essa divis\u00e3o evita ressecamento excessivo e melhora o resultado final.\u00a0<\/span><\/p>\n<p>&nbsp;<\/p>\n","protected":false},"excerpt":{"rendered":"<p>A Academia Americana de Dermatologia, orienta usar condicionador depois da lavagem porque o produto ajuda a hidratar, desembara\u00e7ar e facilitar o manejo dos fios.\u00a0 A entidade ainda recomenda ajustar a aplica\u00e7\u00e3o ao tipo de cabelo, com foco maior no comprimento e nas pontas em fios finos, na pr\u00e1tica, esse cuidado tem fun\u00e7\u00e3o bem clara. Em [&hellip;]<\/p>\n","protected":false},"author":17,"featured_media":37644,"comment_status":"open","ping_status":"open","sticky":false,"template":"","format":"standard","meta":{"jnews-multi-image_gallery":[],"jnews_single_post":{"format":"standard","jnews_video_option_group":[[]],"override":[{"template":"2","parallax":"1","fullscreen":"1","layout":"right-sidebar","sidebar":"default-sidebar","second_sidebar":"default-sidebar","sticky_sidebar":"1","share_position":"hide","share_float_style":"share-monocrhome","show_featured":"1","show_post_meta":"1","show_post_author":"1","show_post_date":"1","post_date_format":"default","post_date_format_custom":"Y\/m\/d","show_post_category":"1","show_post_reading_time":"0","post_reading_time_wpm":"300","post_calculate_word_method":"str_word_count","show_zoom_button":"0","zoom_button_out_step":"2","zoom_button_in_step":"3","show_post_tag":"1","show_popup_post":"1","number_popup_post":"1","show_author_box":"1","show_post_related":"0"}],"image_override":[{"single_post_thumbnail_size":"crop-500","single_post_gallery_size":"crop-500"}],"trending_post_position":"meta","trending_post_label":"Trending","sponsored_post_label":"Sponsored by","disable_ad":"0","subtitle":"Dermatologistas e pesquisas apontam que o produto ajuda a hidratar, desembara\u00e7ar e proteger os fios no dia a dia"},"jnews_primary_category":[],"jnews_override_counter":{"view_counter_number":"0","share_counter_number":"0","like_counter_number":"0","dislike_counter_number":"0"},"jnews_post_split":{"post_split":[{"template":"1","tag":"h2","numbering":"asc","mode":"normal","first":"0","enable_toc":"0","toc_type":"normal"}]},"footnotes":""},"categories":[1],"tags":[],"class_list":["post-37642","post","type-post","status-publish","format-standard","has-post-thumbnail","hentry","category-geral"],"yoast_head":"<!-- This site is optimized with the Yoast SEO plugin v25.0 - https:\/\/yoast.com\/wordpress\/plugins\/seo\/ -->\n<title>A opini\u00e3o de profissionais sobre a import\u00e2ncia de usar condicionador para a sa\u00fade dos cabelos<\/title>\n<meta name=\"robots\" content=\"index, follow, max-snippet:-1, max-image-preview:large, max-video-preview:-1\" \/>\n<link rel=\"canonical\" href=\"https:\/\/crusoe.audiencelabs.com.br\/a-opiniao-de-profissionais-sobre-a-importancia-de-usar-condicionador-para-a-saude-dos-cabelos\/\" \/>\n<meta property=\"og:locale\" content=\"pt_BR\" \/>\n<meta property=\"og:type\" content=\"article\" \/>\n<meta property=\"og:title\" content=\"A opini\u00e3o de profissionais sobre a import\u00e2ncia de usar condicionador para a sa\u00fade dos cabelos\" \/>\n<meta property=\"og:description\" content=\"A Academia Americana de Dermatologia, orienta usar condicionador depois da lavagem porque o produto ajuda a hidratar, desembara\u00e7ar e facilitar o manejo dos fios.\u00a0 A entidade ainda recomenda ajustar a aplica\u00e7\u00e3o ao tipo de cabelo, com foco maior no comprimento e nas pontas em fios finos, na pr\u00e1tica, esse cuidado tem fun\u00e7\u00e3o bem clara. Em [&hellip;]\" \/>\n<meta property=\"og:url\" content=\"https:\/\/crusoe.audiencelabs.com.br\/a-opiniao-de-profissionais-sobre-a-importancia-de-usar-condicionador-para-a-saude-dos-cabelos\/\" \/>\n<meta property=\"og:site_name\" content=\"Variedades - Cruso\u00e9\" \/>\n<meta property=\"article:published_time\" content=\"2026-04-26T11:09:26+00:00\" \/>\n<meta name=\"author\" content=\"Sofia Volpi\" \/>\n<meta name=\"twitter:card\" content=\"summary_large_image\" \/>\n<meta name=\"twitter:label1\" content=\"Escrito por\" \/>\n\t<meta name=\"twitter:data1\" content=\"Sofia Volpi\" \/>\n\t<meta name=\"twitter:label2\" content=\"Est. tempo de leitura\" \/>\n\t<meta name=\"twitter:data2\" content=\"2 minutos\" \/>\n<script type=\"application\/ld+json\" class=\"yoast-schema-graph\">{\"@context\":\"https:\/\/schema.org\",\"@graph\":[{\"@type\":\"WebPage\",\"@id\":\"https:\/\/crusoe.audiencelabs.com.br\/a-opiniao-de-profissionais-sobre-a-importancia-de-usar-condicionador-para-a-saude-dos-cabelos\/\",\"url\":\"https:\/\/crusoe.audiencelabs.com.br\/a-opiniao-de-profissionais-sobre-a-importancia-de-usar-condicionador-para-a-saude-dos-cabelos\/\",\"name\":\"A opini\u00e3o de profissionais sobre a import\u00e2ncia de usar condicionador para a sa\u00fade dos cabelos\",\"isPartOf\":{\"@id\":\"https:\/\/crusoe.audiencelabs.com.br\/#website\"},\"primaryImageOfPage\":{\"@id\":\"https:\/\/crusoe.audiencelabs.com.br\/a-opiniao-de-profissionais-sobre-a-importancia-de-usar-condicionador-para-a-saude-dos-cabelos\/#primaryimage\"},\"image\":{\"@id\":\"https:\/\/crusoe.audiencelabs.com.br\/a-opiniao-de-profissionais-sobre-a-importancia-de-usar-condicionador-para-a-saude-dos-cabelos\/#primaryimage\"},\"thumbnailUrl\":\"https:\/\/cdn.crusoe.com.br\/uploads\/2026\/04\/cabeleireiro-aplicar-o-tratamento-do-cabelo-aplicar-creme-de-cor-no-cabelo_70251-127.avif\",\"datePublished\":\"2026-04-26T11:09:26+00:00\",\"author\":{\"@id\":\"https:\/\/crusoe.audiencelabs.com.br\/#\/schema\/person\/9d0fb7a15db57f24b87bef41d034cb04\"},\"breadcrumb\":{\"@id\":\"https:\/\/crusoe.audiencelabs.com.br\/a-opiniao-de-profissionais-sobre-a-importancia-de-usar-condicionador-para-a-saude-dos-cabelos\/#breadcrumb\"},\"inLanguage\":\"pt-BR\",\"potentialAction\":[{\"@type\":\"ReadAction\",\"target\":[\"https:\/\/crusoe.audiencelabs.com.br\/a-opiniao-de-profissionais-sobre-a-importancia-de-usar-condicionador-para-a-saude-dos-cabelos\/\"]}]},{\"@type\":\"ImageObject\",\"inLanguage\":\"pt-BR\",\"@id\":\"https:\/\/crusoe.audiencelabs.com.br\/a-opiniao-de-profissionais-sobre-a-importancia-de-usar-condicionador-para-a-saude-dos-cabelos\/#primaryimage\",\"url\":\"https:\/\/cdn.crusoe.com.br\/uploads\/2026\/04\/cabeleireiro-aplicar-o-tratamento-do-cabelo-aplicar-creme-de-cor-no-cabelo_70251-127.avif\",\"contentUrl\":\"https:\/\/cdn.crusoe.com.br\/uploads\/2026\/04\/cabeleireiro-aplicar-o-tratamento-do-cabelo-aplicar-creme-de-cor-no-cabelo_70251-127.avif\",\"width\":626,\"height\":417,\"caption\":\"Foto: Freepik\"},{\"@type\":\"BreadcrumbList\",\"@id\":\"https:\/\/crusoe.audiencelabs.com.br\/a-opiniao-de-profissionais-sobre-a-importancia-de-usar-condicionador-para-a-saude-dos-cabelos\/#breadcrumb\",\"itemListElement\":[{\"@type\":\"ListItem\",\"position\":1,\"name\":\"Home\",\"item\":\"https:\/\/crusoe.audiencelabs.com.br\/\"},{\"@type\":\"ListItem\",\"position\":2,\"name\":\"A opini\u00e3o de profissionais sobre a import\u00e2ncia de usar condicionador para a sa\u00fade dos cabelos\"}]},{\"@type\":\"WebSite\",\"@id\":\"https:\/\/crusoe.audiencelabs.com.br\/#website\",\"url\":\"https:\/\/crusoe.audiencelabs.com.br\/\",\"name\":\"Variedades - Cruso\u00e9\",\"description\":\"\",\"potentialAction\":[{\"@type\":\"SearchAction\",\"target\":{\"@type\":\"EntryPoint\",\"urlTemplate\":\"https:\/\/crusoe.audiencelabs.com.br\/?s={search_term_string}\"},\"query-input\":{\"@type\":\"PropertyValueSpecification\",\"valueRequired\":true,\"valueName\":\"search_term_string\"}}],\"inLanguage\":\"pt-BR\"},{\"@type\":\"Person\",\"@id\":\"https:\/\/crusoe.audiencelabs.com.br\/#\/schema\/person\/9d0fb7a15db57f24b87bef41d034cb04\",\"name\":\"Sofia Volpi\",\"image\":{\"@type\":\"ImageObject\",\"inLanguage\":\"pt-BR\",\"@id\":\"https:\/\/crusoe.audiencelabs.com.br\/#\/schema\/person\/image\/\",\"url\":\"https:\/\/secure.gravatar.com\/avatar\/a34b676379e5491536434fe5f7a9c49c2efbf9be83b707fa9e74568d45d559f8?s=96&d=mm&r=g\",\"contentUrl\":\"https:\/\/secure.gravatar.com\/avatar\/a34b676379e5491536434fe5f7a9c49c2efbf9be83b707fa9e74568d45d559f8?s=96&d=mm&r=g\",\"caption\":\"Sofia Volpi\"},\"description\":\"Comunicadora, jornalista em forma\u00e7\u00e3o. Apaixonada por esportes e cultura, colunista.\",\"url\":\"https:\/\/crusoe.audiencelabs.com.br\/author\/sofiavolpi\/\"}]}<\/script>\n<!-- \/ Yoast SEO plugin. -->","yoast_head_json":{"title":"A opini\u00e3o de profissionais sobre a import\u00e2ncia de usar condicionador para a sa\u00fade dos cabelos","robots":{"index":"index","follow":"follow","max-snippet":"max-snippet:-1","max-image-preview":"max-image-preview:large","max-video-preview":"max-video-preview:-1"},"canonical":"https:\/\/crusoe.audiencelabs.com.br\/a-opiniao-de-profissionais-sobre-a-importancia-de-usar-condicionador-para-a-saude-dos-cabelos\/","og_locale":"pt_BR","og_type":"article","og_title":"A opini\u00e3o de profissionais sobre a import\u00e2ncia de usar condicionador para a sa\u00fade dos cabelos","og_description":"A Academia Americana de Dermatologia, orienta usar condicionador depois da lavagem porque o produto ajuda a hidratar, desembara\u00e7ar e facilitar o manejo dos fios.\u00a0 A entidade ainda recomenda ajustar a aplica\u00e7\u00e3o ao tipo de cabelo, com foco maior no comprimento e nas pontas em fios finos, na pr\u00e1tica, esse cuidado tem fun\u00e7\u00e3o bem clara. Em [&hellip;]","og_url":"https:\/\/crusoe.audiencelabs.com.br\/a-opiniao-de-profissionais-sobre-a-importancia-de-usar-condicionador-para-a-saude-dos-cabelos\/","og_site_name":"Variedades - Cruso\u00e9","article_published_time":"2026-04-26T11:09:26+00:00","author":"Sofia Volpi","twitter_card":"summary_large_image","twitter_misc":{"Escrito por":"Sofia Volpi","Est. tempo de leitura":"2 minutos"},"schema":{"@context":"https:\/\/schema.org","@graph":[{"@type":"WebPage","@id":"https:\/\/crusoe.audiencelabs.com.br\/a-opiniao-de-profissionais-sobre-a-importancia-de-usar-condicionador-para-a-saude-dos-cabelos\/","url":"https:\/\/crusoe.audiencelabs.com.br\/a-opiniao-de-profissionais-sobre-a-importancia-de-usar-condicionador-para-a-saude-dos-cabelos\/","name":"A opini\u00e3o de profissionais sobre a import\u00e2ncia de usar condicionador para a sa\u00fade dos cabelos","isPartOf":{"@id":"https:\/\/crusoe.audiencelabs.com.br\/#website"},"primaryImageOfPage":{"@id":"https:\/\/crusoe.audiencelabs.com.br\/a-opiniao-de-profissionais-sobre-a-importancia-de-usar-condicionador-para-a-saude-dos-cabelos\/#primaryimage"},"image":{"@id":"https:\/\/crusoe.audiencelabs.com.br\/a-opiniao-de-profissionais-sobre-a-importancia-de-usar-condicionador-para-a-saude-dos-cabelos\/#primaryimage"},"thumbnailUrl":"https:\/\/cdn.crusoe.com.br\/uploads\/2026\/04\/cabeleireiro-aplicar-o-tratamento-do-cabelo-aplicar-creme-de-cor-no-cabelo_70251-127.avif","datePublished":"2026-04-26T11:09:26+00:00","author":{"@id":"https:\/\/crusoe.audiencelabs.com.br\/#\/schema\/person\/9d0fb7a15db57f24b87bef41d034cb04"},"breadcrumb":{"@id":"https:\/\/crusoe.audiencelabs.com.br\/a-opiniao-de-profissionais-sobre-a-importancia-de-usar-condicionador-para-a-saude-dos-cabelos\/#breadcrumb"},"inLanguage":"pt-BR","potentialAction":[{"@type":"ReadAction","target":["https:\/\/crusoe.audiencelabs.com.br\/a-opiniao-de-profissionais-sobre-a-importancia-de-usar-condicionador-para-a-saude-dos-cabelos\/"]}]},{"@type":"ImageObject","inLanguage":"pt-BR","@id":"https:\/\/crusoe.audiencelabs.com.br\/a-opiniao-de-profissionais-sobre-a-importancia-de-usar-condicionador-para-a-saude-dos-cabelos\/#primaryimage","url":"https:\/\/cdn.crusoe.com.br\/uploads\/2026\/04\/cabeleireiro-aplicar-o-tratamento-do-cabelo-aplicar-creme-de-cor-no-cabelo_70251-127.avif","contentUrl":"https:\/\/cdn.crusoe.com.br\/uploads\/2026\/04\/cabeleireiro-aplicar-o-tratamento-do-cabelo-aplicar-creme-de-cor-no-cabelo_70251-127.avif","width":626,"height":417,"caption":"Foto: Freepik"},{"@type":"BreadcrumbList","@id":"https:\/\/crusoe.audiencelabs.com.br\/a-opiniao-de-profissionais-sobre-a-importancia-de-usar-condicionador-para-a-saude-dos-cabelos\/#breadcrumb","itemListElement":[{"@type":"ListItem","position":1,"name":"Home","item":"https:\/\/crusoe.audiencelabs.com.br\/"},{"@type":"ListItem","position":2,"name":"A opini\u00e3o de profissionais sobre a import\u00e2ncia de usar condicionador para a sa\u00fade dos cabelos"}]},{"@type":"WebSite","@id":"https:\/\/crusoe.audiencelabs.com.br\/#website","url":"https:\/\/crusoe.audiencelabs.com.br\/","name":"Variedades - Cruso\u00e9","description":"","potentialAction":[{"@type":"SearchAction","target":{"@type":"EntryPoint","urlTemplate":"https:\/\/crusoe.audiencelabs.com.br\/?s={search_term_string}"},"query-input":{"@type":"PropertyValueSpecification","valueRequired":true,"valueName":"search_term_string"}}],"inLanguage":"pt-BR"},{"@type":"Person","@id":"https:\/\/crusoe.audiencelabs.com.br\/#\/schema\/person\/9d0fb7a15db57f24b87bef41d034cb04","name":"Sofia Volpi","image":{"@type":"ImageObject","inLanguage":"pt-BR","@id":"https:\/\/crusoe.audiencelabs.com.br\/#\/schema\/person\/image\/","url":"https:\/\/secure.gravatar.com\/avatar\/a34b676379e5491536434fe5f7a9c49c2efbf9be83b707fa9e74568d45d559f8?s=96&d=mm&r=g","contentUrl":"https:\/\/secure.gravatar.com\/avatar\/a34b676379e5491536434fe5f7a9c49c2efbf9be83b707fa9e74568d45d559f8?s=96&d=mm&r=g","caption":"Sofia Volpi"},"description":"Comunicadora, jornalista em forma\u00e7\u00e3o. Apaixonada por esportes e cultura, colunista.","url":"https:\/\/crusoe.audiencelabs.com.br\/author\/sofiavolpi\/"}]}},"_links":{"self":[{"href":"https:\/\/crusoe.audiencelabs.com.br\/wp-json\/wp\/v2\/posts\/37642","targetHints":{"allow":["GET"]}}],"collection":[{"href":"https:\/\/crusoe.audiencelabs.com.br\/wp-json\/wp\/v2\/posts"}],"about":[{"href":"https:\/\/crusoe.audiencelabs.com.br\/wp-json\/wp\/v2\/types\/post"}],"author":[{"embeddable":true,"href":"https:\/\/crusoe.audiencelabs.com.br\/wp-json\/wp\/v2\/users\/17"}],"replies":[{"embeddable":true,"href":"https:\/\/crusoe.audiencelabs.com.br\/wp-json\/wp\/v2\/comments?post=37642"}],"version-history":[{"count":1,"href":"https:\/\/crusoe.audiencelabs.com.br\/wp-json\/wp\/v2\/posts\/37642\/revisions"}],"predecessor-version":[{"id":37645,"href":"https:\/\/crusoe.audiencelabs.com.br\/wp-json\/wp\/v2\/posts\/37642\/revisions\/37645"}],"wp:featuredmedia":[{"embeddable":true,"href":"https:\/\/crusoe.audiencelabs.com.br\/wp-json\/wp\/v2\/media\/37644"}],"wp:attachment":[{"href":"https:\/\/crusoe.audiencelabs.com.br\/wp-json\/wp\/v2\/media?parent=37642"}],"wp:term":[{"taxonomy":"category","embeddable":true,"href":"https:\/\/crusoe.audiencelabs.com.br\/wp-json\/wp\/v2\/categories?post=37642"},{"taxonomy":"post_tag","embeddable":true,"href":"https:\/\/crusoe.audiencelabs.com.br\/wp-json\/wp\/v2\/tags?post=37642"}],"curies":[{"name":"wp","href":"https:\/\/api.w.org\/{rel}","templated":true}]}}