{"id":37636,"date":"2026-04-25T08:08:51","date_gmt":"2026-04-25T11:08:51","guid":{"rendered":"https:\/\/crusoe.audiencelabs.com.br\/?p=37636"},"modified":"2026-04-23T18:54:53","modified_gmt":"2026-04-23T21:54:53","slug":"essas-sao-as-profissoes-que-podem-se-aposentar-apos-15-anos-de-contribuicao","status":"publish","type":"post","link":"https:\/\/crusoe.audiencelabs.com.br\/essas-sao-as-profissoes-que-podem-se-aposentar-apos-15-anos-de-contribuicao\/","title":{"rendered":"Essas s\u00e3o as profiss\u00f5es que podem se aposentar ap\u00f3s 15 anos de contribui\u00e7\u00e3o"},"content":{"rendered":"<p><span style=\"font-weight: 400;\">No Brasil, a possibilidade de se aposentar com <\/span><b>15 anos de contribui\u00e7\u00e3o<\/b><span style=\"font-weight: 400;\"> existe dentro da <\/span><b>aposentadoria especial<\/b><span style=\"font-weight: 400;\">. Ela vale para quem trabalhou exposto a agentes nocivos \u00e0 sa\u00fade ou \u00e0 integridade f\u00edsica.\u00a0<\/span><\/p>\n<p><span style=\"font-weight: 400;\">O pr\u00f3prio <\/span><b>Instituto Nacional do Seguro Social<\/b><span style=\"font-weight: 400;\">, o <\/span><b>INSS<\/b><span style=\"font-weight: 400;\">, informa que esse benef\u00edcio pode ser concedido ap\u00f3s <\/span><b>15, 20 ou 25 anos<\/b><span style=\"font-weight: 400;\"> de atividade especial, conforme o grau de risco.\u00a0<\/span><\/p>\n<p><span style=\"font-weight: 400;\">No caso dos <\/span><b>15 anos<\/b><span style=\"font-weight: 400;\">, a exig\u00eancia \u00e9 a mais restrita. Segundo o <\/span><b>INSS<\/b><span style=\"font-weight: 400;\">, essa faixa se aplica \u00e0s atividades com exposi\u00e7\u00e3o mais intensa.\u00a0<\/span><\/p>\n<p><span style=\"font-weight: 400;\">Al\u00e9m do tempo especial, o trabalhador precisa cumprir <\/span><b>180 contribui\u00e7\u00f5es mensais<\/b><span style=\"font-weight: 400;\">.\u00a0<\/span><\/p>\n<h2><b>Quem entra<\/b><\/h2>\n<p><span style=\"font-weight: 400;\">O <\/span><b>INSS<\/b><span style=\"font-weight: 400;\"> informa que, para pedidos feitos ap\u00f3s a Emenda Constitucional 103, o segurado precisa reunir <\/span><b>15 anos de atividade especial<\/b><span style=\"font-weight: 400;\"> e <\/span><b>55 anos de idade m\u00ednima<\/b><span style=\"font-weight: 400;\">.\u00a0<\/span><\/p>\n<p><span style=\"font-weight: 400;\">Desde os anos 1990, o enquadramento depende da <\/span><b>comprova\u00e7\u00e3o da exposi\u00e7\u00e3o<\/b><span style=\"font-weight: 400;\"> ao agente nocivo.\u00a0<\/span><\/p>\n<p><span style=\"font-weight: 400;\">Em geral, isso passa por documentos como o <\/span><b>Perfil Profissiogr\u00e1fico Previdenci\u00e1rio<\/b><span style=\"font-weight: 400;\">, o <\/span><b>PPP<\/b><span style=\"font-weight: 400;\">, e o laudo t\u00e9cnico da empresa.<\/span><\/p>\n<p><span style=\"font-weight: 400;\">Na pr\u00e1tica, o grupo mais associado aos <\/span><b>15 anos<\/b><span style=\"font-weight: 400;\"> \u00e9 o da <\/span><b>minera\u00e7\u00e3o subterr\u00e2nea<\/b><span style=\"font-weight: 400;\">, sobretudo em frente de produ\u00e7\u00e3o.<\/span><\/p>\n<p><span style=\"font-weight: 400;\">O governo federal e a legisla\u00e7\u00e3o previdenci\u00e1ria tratam este n\u00edvel como um dos de maior risco ocupacional. Por isso, o tempo exigido \u00e9 menor do que em outras atividades especiais.<\/span><\/p>\n<h2><b>O que importa<\/b><\/h2>\n<p><span style=\"font-weight: 400;\">A lista que costuma circular em portais inclui fun\u00e7\u00f5es como <\/span><b>mineiro de subsolo<\/b><span style=\"font-weight: 400;\">, <\/span><b>perfurador de rochas<\/b><span style=\"font-weight: 400;\">, <\/span><b>carregador de rochas<\/b><span style=\"font-weight: 400;\"> e outras ligadas \u00e0 frente de produ\u00e7\u00e3o em minas subterr\u00e2neas.<\/span><\/p>\n<p><span style=\"font-weight: 400;\">Mas o ponto central \u00e9 outro: o direito n\u00e3o nasce do cargo sozinho. Ele depende da <\/span><b>atividade real exercida<\/b><span style=\"font-weight: 400;\"> e da <\/span><b>prova da exposi\u00e7\u00e3o cont\u00ednua<\/b><span style=\"font-weight: 400;\"> ao risco.\u00a0<\/span><\/p>\n<p><span style=\"font-weight: 400;\">Em resumo, a aposentadoria ap\u00f3s 15 anos n\u00e3o \u00e9 uma regra ampla para v\u00e1rias carreiras.<\/span><\/p>\n<p><span style=\"font-weight: 400;\">Ela \u00e9 uma exce\u00e7\u00e3o da aposentadoria especial e atinge, principalmente, quem trabalhou em <\/span><b>atividade subterr\u00e2nea de alto risco<\/b><span style=\"font-weight: 400;\">, com documenta\u00e7\u00e3o apta a comprovar essa condi\u00e7\u00e3o. <\/span><\/p>\n","protected":false},"excerpt":{"rendered":"<p>No Brasil, a possibilidade de se aposentar com 15 anos de contribui\u00e7\u00e3o existe dentro da aposentadoria especial. Ela vale para quem trabalhou exposto a agentes nocivos \u00e0 sa\u00fade ou \u00e0 integridade f\u00edsica.\u00a0 O pr\u00f3prio Instituto Nacional do Seguro Social, o INSS, informa que esse benef\u00edcio pode ser concedido ap\u00f3s 15, 20 ou 25 anos de [&hellip;]<\/p>\n","protected":false},"author":17,"featured_media":37637,"comment_status":"open","ping_status":"open","sticky":false,"template":"","format":"standard","meta":{"jnews-multi-image_gallery":[],"jnews_single_post":{"format":"standard","jnews_video_option_group":[[]],"override":[{"template":"2","parallax":"1","fullscreen":"1","layout":"right-sidebar","sidebar":"default-sidebar","second_sidebar":"default-sidebar","sticky_sidebar":"1","share_position":"hide","share_float_style":"share-monocrhome","show_featured":"1","show_post_meta":"1","show_post_author":"1","show_post_date":"1","post_date_format":"default","post_date_format_custom":"Y\/m\/d","show_post_category":"1","show_post_reading_time":"0","post_reading_time_wpm":"300","post_calculate_word_method":"str_word_count","show_zoom_button":"0","zoom_button_out_step":"2","zoom_button_in_step":"3","show_post_tag":"1","show_popup_post":"1","number_popup_post":"1","show_author_box":"1","show_post_related":"0"}],"image_override":[{"single_post_thumbnail_size":"crop-500","single_post_gallery_size":"crop-500"}],"trending_post_position":"meta","trending_post_label":"Trending","sponsored_post_label":"Sponsored by","disable_ad":"0","subtitle":"Regra vale para aposentadoria especial e exige exposi\u00e7\u00e3o cont\u00ednua a agentes nocivos, al\u00e9m de idade m\u00ednima e car\u00eancia"},"jnews_primary_category":[],"jnews_override_counter":{"view_counter_number":"0","share_counter_number":"0","like_counter_number":"0","dislike_counter_number":"0"},"jnews_post_split":{"post_split":[{"template":"1","tag":"h2","numbering":"asc","mode":"normal","first":"0","enable_toc":"0","toc_type":"normal"}]},"footnotes":""},"categories":[1],"tags":[],"class_list":["post-37636","post","type-post","status-publish","format-standard","has-post-thumbnail","hentry","category-geral"],"yoast_head":"<!-- This site is optimized with the Yoast SEO plugin v25.0 - https:\/\/yoast.com\/wordpress\/plugins\/seo\/ -->\n<title>Essas s\u00e3o as profiss\u00f5es que podem se aposentar ap\u00f3s 15 anos de contribui\u00e7\u00e3o<\/title>\n<meta name=\"robots\" content=\"index, follow, max-snippet:-1, max-image-preview:large, max-video-preview:-1\" \/>\n<link rel=\"canonical\" href=\"https:\/\/crusoe.audiencelabs.com.br\/essas-sao-as-profissoes-que-podem-se-aposentar-apos-15-anos-de-contribuicao\/\" \/>\n<meta property=\"og:locale\" content=\"pt_BR\" \/>\n<meta property=\"og:type\" content=\"article\" \/>\n<meta property=\"og:title\" content=\"Essas s\u00e3o as profiss\u00f5es que podem se aposentar ap\u00f3s 15 anos de contribui\u00e7\u00e3o\" \/>\n<meta property=\"og:description\" content=\"No Brasil, a possibilidade de se aposentar com 15 anos de contribui\u00e7\u00e3o existe dentro da aposentadoria especial. Ela vale para quem trabalhou exposto a agentes nocivos \u00e0 sa\u00fade ou \u00e0 integridade f\u00edsica.\u00a0 O pr\u00f3prio Instituto Nacional do Seguro Social, o INSS, informa que esse benef\u00edcio pode ser concedido ap\u00f3s 15, 20 ou 25 anos de [&hellip;]\" \/>\n<meta property=\"og:url\" content=\"https:\/\/crusoe.audiencelabs.com.br\/essas-sao-as-profissoes-que-podem-se-aposentar-apos-15-anos-de-contribuicao\/\" \/>\n<meta property=\"og:site_name\" content=\"Variedades - Cruso\u00e9\" \/>\n<meta property=\"article:published_time\" content=\"2026-04-25T11:08:51+00:00\" \/>\n<meta property=\"og:image\" content=\"https:\/\/cdn.crusoe.com.br\/uploads\/2026\/04\/0d9a5875.webp\" \/>\n\t<meta property=\"og:image:width\" content=\"1170\" \/>\n\t<meta property=\"og:image:height\" content=\"700\" \/>\n\t<meta property=\"og:image:type\" content=\"image\/webp\" \/>\n<meta name=\"author\" content=\"Sofia Volpi\" \/>\n<meta name=\"twitter:card\" content=\"summary_large_image\" \/>\n<meta name=\"twitter:label1\" content=\"Escrito por\" \/>\n\t<meta name=\"twitter:data1\" content=\"Sofia Volpi\" \/>\n\t<meta name=\"twitter:label2\" content=\"Est. tempo de leitura\" \/>\n\t<meta name=\"twitter:data2\" content=\"2 minutos\" \/>\n<script type=\"application\/ld+json\" class=\"yoast-schema-graph\">{\"@context\":\"https:\/\/schema.org\",\"@graph\":[{\"@type\":\"WebPage\",\"@id\":\"https:\/\/crusoe.audiencelabs.com.br\/essas-sao-as-profissoes-que-podem-se-aposentar-apos-15-anos-de-contribuicao\/\",\"url\":\"https:\/\/crusoe.audiencelabs.com.br\/essas-sao-as-profissoes-que-podem-se-aposentar-apos-15-anos-de-contribuicao\/\",\"name\":\"Essas s\u00e3o as profiss\u00f5es que podem se aposentar ap\u00f3s 15 anos de contribui\u00e7\u00e3o\",\"isPartOf\":{\"@id\":\"https:\/\/crusoe.audiencelabs.com.br\/#website\"},\"primaryImageOfPage\":{\"@id\":\"https:\/\/crusoe.audiencelabs.com.br\/essas-sao-as-profissoes-que-podem-se-aposentar-apos-15-anos-de-contribuicao\/#primaryimage\"},\"image\":{\"@id\":\"https:\/\/crusoe.audiencelabs.com.br\/essas-sao-as-profissoes-que-podem-se-aposentar-apos-15-anos-de-contribuicao\/#primaryimage\"},\"thumbnailUrl\":\"https:\/\/cdn.crusoe.com.br\/uploads\/2026\/04\/0d9a5875.webp\",\"datePublished\":\"2026-04-25T11:08:51+00:00\",\"author\":{\"@id\":\"https:\/\/crusoe.audiencelabs.com.br\/#\/schema\/person\/9d0fb7a15db57f24b87bef41d034cb04\"},\"breadcrumb\":{\"@id\":\"https:\/\/crusoe.audiencelabs.com.br\/essas-sao-as-profissoes-que-podem-se-aposentar-apos-15-anos-de-contribuicao\/#breadcrumb\"},\"inLanguage\":\"pt-BR\",\"potentialAction\":[{\"@type\":\"ReadAction\",\"target\":[\"https:\/\/crusoe.audiencelabs.com.br\/essas-sao-as-profissoes-que-podem-se-aposentar-apos-15-anos-de-contribuicao\/\"]}]},{\"@type\":\"ImageObject\",\"inLanguage\":\"pt-BR\",\"@id\":\"https:\/\/crusoe.audiencelabs.com.br\/essas-sao-as-profissoes-que-podem-se-aposentar-apos-15-anos-de-contribuicao\/#primaryimage\",\"url\":\"https:\/\/cdn.crusoe.com.br\/uploads\/2026\/04\/0d9a5875.webp\",\"contentUrl\":\"https:\/\/cdn.crusoe.com.br\/uploads\/2026\/04\/0d9a5875.webp\",\"width\":1170,\"height\":700,\"caption\":\"Foto: Jos\u00e9 Cruz\/Ag\u00eancia Brasil\"},{\"@type\":\"BreadcrumbList\",\"@id\":\"https:\/\/crusoe.audiencelabs.com.br\/essas-sao-as-profissoes-que-podem-se-aposentar-apos-15-anos-de-contribuicao\/#breadcrumb\",\"itemListElement\":[{\"@type\":\"ListItem\",\"position\":1,\"name\":\"Home\",\"item\":\"https:\/\/crusoe.audiencelabs.com.br\/\"},{\"@type\":\"ListItem\",\"position\":2,\"name\":\"Essas s\u00e3o as profiss\u00f5es que podem se aposentar ap\u00f3s 15 anos de contribui\u00e7\u00e3o\"}]},{\"@type\":\"WebSite\",\"@id\":\"https:\/\/crusoe.audiencelabs.com.br\/#website\",\"url\":\"https:\/\/crusoe.audiencelabs.com.br\/\",\"name\":\"Variedades - Cruso\u00e9\",\"description\":\"\",\"potentialAction\":[{\"@type\":\"SearchAction\",\"target\":{\"@type\":\"EntryPoint\",\"urlTemplate\":\"https:\/\/crusoe.audiencelabs.com.br\/?s={search_term_string}\"},\"query-input\":{\"@type\":\"PropertyValueSpecification\",\"valueRequired\":true,\"valueName\":\"search_term_string\"}}],\"inLanguage\":\"pt-BR\"},{\"@type\":\"Person\",\"@id\":\"https:\/\/crusoe.audiencelabs.com.br\/#\/schema\/person\/9d0fb7a15db57f24b87bef41d034cb04\",\"name\":\"Sofia Volpi\",\"image\":{\"@type\":\"ImageObject\",\"inLanguage\":\"pt-BR\",\"@id\":\"https:\/\/crusoe.audiencelabs.com.br\/#\/schema\/person\/image\/\",\"url\":\"https:\/\/secure.gravatar.com\/avatar\/a34b676379e5491536434fe5f7a9c49c2efbf9be83b707fa9e74568d45d559f8?s=96&d=mm&r=g\",\"contentUrl\":\"https:\/\/secure.gravatar.com\/avatar\/a34b676379e5491536434fe5f7a9c49c2efbf9be83b707fa9e74568d45d559f8?s=96&d=mm&r=g\",\"caption\":\"Sofia Volpi\"},\"description\":\"Comunicadora, jornalista em forma\u00e7\u00e3o. Apaixonada por esportes e cultura, colunista.\",\"url\":\"https:\/\/crusoe.audiencelabs.com.br\/author\/sofiavolpi\/\"}]}<\/script>\n<!-- \/ Yoast SEO plugin. -->","yoast_head_json":{"title":"Essas s\u00e3o as profiss\u00f5es que podem se aposentar ap\u00f3s 15 anos de contribui\u00e7\u00e3o","robots":{"index":"index","follow":"follow","max-snippet":"max-snippet:-1","max-image-preview":"max-image-preview:large","max-video-preview":"max-video-preview:-1"},"canonical":"https:\/\/crusoe.audiencelabs.com.br\/essas-sao-as-profissoes-que-podem-se-aposentar-apos-15-anos-de-contribuicao\/","og_locale":"pt_BR","og_type":"article","og_title":"Essas s\u00e3o as profiss\u00f5es que podem se aposentar ap\u00f3s 15 anos de contribui\u00e7\u00e3o","og_description":"No Brasil, a possibilidade de se aposentar com 15 anos de contribui\u00e7\u00e3o existe dentro da aposentadoria especial. Ela vale para quem trabalhou exposto a agentes nocivos \u00e0 sa\u00fade ou \u00e0 integridade f\u00edsica.\u00a0 O pr\u00f3prio Instituto Nacional do Seguro Social, o INSS, informa que esse benef\u00edcio pode ser concedido ap\u00f3s 15, 20 ou 25 anos de [&hellip;]","og_url":"https:\/\/crusoe.audiencelabs.com.br\/essas-sao-as-profissoes-que-podem-se-aposentar-apos-15-anos-de-contribuicao\/","og_site_name":"Variedades - Cruso\u00e9","article_published_time":"2026-04-25T11:08:51+00:00","og_image":[{"width":1170,"height":700,"url":"https:\/\/cdn.crusoe.com.br\/uploads\/2026\/04\/0d9a5875.webp","type":"image\/webp"}],"author":"Sofia Volpi","twitter_card":"summary_large_image","twitter_misc":{"Escrito por":"Sofia Volpi","Est. tempo de leitura":"2 minutos"},"schema":{"@context":"https:\/\/schema.org","@graph":[{"@type":"WebPage","@id":"https:\/\/crusoe.audiencelabs.com.br\/essas-sao-as-profissoes-que-podem-se-aposentar-apos-15-anos-de-contribuicao\/","url":"https:\/\/crusoe.audiencelabs.com.br\/essas-sao-as-profissoes-que-podem-se-aposentar-apos-15-anos-de-contribuicao\/","name":"Essas s\u00e3o as profiss\u00f5es que podem se aposentar ap\u00f3s 15 anos de contribui\u00e7\u00e3o","isPartOf":{"@id":"https:\/\/crusoe.audiencelabs.com.br\/#website"},"primaryImageOfPage":{"@id":"https:\/\/crusoe.audiencelabs.com.br\/essas-sao-as-profissoes-que-podem-se-aposentar-apos-15-anos-de-contribuicao\/#primaryimage"},"image":{"@id":"https:\/\/crusoe.audiencelabs.com.br\/essas-sao-as-profissoes-que-podem-se-aposentar-apos-15-anos-de-contribuicao\/#primaryimage"},"thumbnailUrl":"https:\/\/cdn.crusoe.com.br\/uploads\/2026\/04\/0d9a5875.webp","datePublished":"2026-04-25T11:08:51+00:00","author":{"@id":"https:\/\/crusoe.audiencelabs.com.br\/#\/schema\/person\/9d0fb7a15db57f24b87bef41d034cb04"},"breadcrumb":{"@id":"https:\/\/crusoe.audiencelabs.com.br\/essas-sao-as-profissoes-que-podem-se-aposentar-apos-15-anos-de-contribuicao\/#breadcrumb"},"inLanguage":"pt-BR","potentialAction":[{"@type":"ReadAction","target":["https:\/\/crusoe.audiencelabs.com.br\/essas-sao-as-profissoes-que-podem-se-aposentar-apos-15-anos-de-contribuicao\/"]}]},{"@type":"ImageObject","inLanguage":"pt-BR","@id":"https:\/\/crusoe.audiencelabs.com.br\/essas-sao-as-profissoes-que-podem-se-aposentar-apos-15-anos-de-contribuicao\/#primaryimage","url":"https:\/\/cdn.crusoe.com.br\/uploads\/2026\/04\/0d9a5875.webp","contentUrl":"https:\/\/cdn.crusoe.com.br\/uploads\/2026\/04\/0d9a5875.webp","width":1170,"height":700,"caption":"Foto: Jos\u00e9 Cruz\/Ag\u00eancia Brasil"},{"@type":"BreadcrumbList","@id":"https:\/\/crusoe.audiencelabs.com.br\/essas-sao-as-profissoes-que-podem-se-aposentar-apos-15-anos-de-contribuicao\/#breadcrumb","itemListElement":[{"@type":"ListItem","position":1,"name":"Home","item":"https:\/\/crusoe.audiencelabs.com.br\/"},{"@type":"ListItem","position":2,"name":"Essas s\u00e3o as profiss\u00f5es que podem se aposentar ap\u00f3s 15 anos de contribui\u00e7\u00e3o"}]},{"@type":"WebSite","@id":"https:\/\/crusoe.audiencelabs.com.br\/#website","url":"https:\/\/crusoe.audiencelabs.com.br\/","name":"Variedades - Cruso\u00e9","description":"","potentialAction":[{"@type":"SearchAction","target":{"@type":"EntryPoint","urlTemplate":"https:\/\/crusoe.audiencelabs.com.br\/?s={search_term_string}"},"query-input":{"@type":"PropertyValueSpecification","valueRequired":true,"valueName":"search_term_string"}}],"inLanguage":"pt-BR"},{"@type":"Person","@id":"https:\/\/crusoe.audiencelabs.com.br\/#\/schema\/person\/9d0fb7a15db57f24b87bef41d034cb04","name":"Sofia Volpi","image":{"@type":"ImageObject","inLanguage":"pt-BR","@id":"https:\/\/crusoe.audiencelabs.com.br\/#\/schema\/person\/image\/","url":"https:\/\/secure.gravatar.com\/avatar\/a34b676379e5491536434fe5f7a9c49c2efbf9be83b707fa9e74568d45d559f8?s=96&d=mm&r=g","contentUrl":"https:\/\/secure.gravatar.com\/avatar\/a34b676379e5491536434fe5f7a9c49c2efbf9be83b707fa9e74568d45d559f8?s=96&d=mm&r=g","caption":"Sofia Volpi"},"description":"Comunicadora, jornalista em forma\u00e7\u00e3o. Apaixonada por esportes e cultura, colunista.","url":"https:\/\/crusoe.audiencelabs.com.br\/author\/sofiavolpi\/"}]}},"_links":{"self":[{"href":"https:\/\/crusoe.audiencelabs.com.br\/wp-json\/wp\/v2\/posts\/37636","targetHints":{"allow":["GET"]}}],"collection":[{"href":"https:\/\/crusoe.audiencelabs.com.br\/wp-json\/wp\/v2\/posts"}],"about":[{"href":"https:\/\/crusoe.audiencelabs.com.br\/wp-json\/wp\/v2\/types\/post"}],"author":[{"embeddable":true,"href":"https:\/\/crusoe.audiencelabs.com.br\/wp-json\/wp\/v2\/users\/17"}],"replies":[{"embeddable":true,"href":"https:\/\/crusoe.audiencelabs.com.br\/wp-json\/wp\/v2\/comments?post=37636"}],"version-history":[{"count":2,"href":"https:\/\/crusoe.audiencelabs.com.br\/wp-json\/wp\/v2\/posts\/37636\/revisions"}],"predecessor-version":[{"id":37750,"href":"https:\/\/crusoe.audiencelabs.com.br\/wp-json\/wp\/v2\/posts\/37636\/revisions\/37750"}],"wp:featuredmedia":[{"embeddable":true,"href":"https:\/\/crusoe.audiencelabs.com.br\/wp-json\/wp\/v2\/media\/37637"}],"wp:attachment":[{"href":"https:\/\/crusoe.audiencelabs.com.br\/wp-json\/wp\/v2\/media?parent=37636"}],"wp:term":[{"taxonomy":"category","embeddable":true,"href":"https:\/\/crusoe.audiencelabs.com.br\/wp-json\/wp\/v2\/categories?post=37636"},{"taxonomy":"post_tag","embeddable":true,"href":"https:\/\/crusoe.audiencelabs.com.br\/wp-json\/wp\/v2\/tags?post=37636"}],"curies":[{"name":"wp","href":"https:\/\/api.w.org\/{rel}","templated":true}]}}