{"id":37577,"date":"2026-04-25T13:02:42","date_gmt":"2026-04-25T16:02:42","guid":{"rendered":"https:\/\/crusoe.audiencelabs.com.br\/?p=37577"},"modified":"2026-04-25T12:23:13","modified_gmt":"2026-04-25T15:23:13","slug":"historico-ha-80-anos-o-brasil-vencia-sua-ultima-grande-batalha-sobre-os-nazistas-na-segunda-guerra-mundial","status":"publish","type":"post","link":"https:\/\/crusoe.audiencelabs.com.br\/historico-ha-80-anos-o-brasil-vencia-sua-ultima-grande-batalha-sobre-os-nazistas-na-segunda-guerra-mundial\/","title":{"rendered":"Hist\u00f3rico! H\u00e1 80 anos o Brasil vencia sua \u00faltima grande batalha sobre os nazistas na Segunda Guerra Mundial"},"content":{"rendered":"<p class=\"font-claude-response-body break-words whitespace-normal leading-[1.7]\">No dia 29 de abril de 1945, soldados brasileiros for\u00e7aram a rendi\u00e7\u00e3o de quatro divis\u00f5es do Ex\u00e9rcito alem\u00e3o no norte da <strong>It\u00e1lia<\/strong>. A <strong>Batalha de Fornovo di Taro<\/strong> foi o \u00faltimo grande confronto da <strong>For\u00e7a Expedicion\u00e1ria Brasileira <\/strong>(<strong>FEB<\/strong>), os chamados &#8220;<strong>pracinhas<\/strong>&#8220;, na <strong>Segunda Guerra Mundial<\/strong>.<\/p>\n<p class=\"font-claude-response-body break-words whitespace-normal leading-[1.7]\">Em desvantagem num\u00e9rica, os pracinhas conseguiram o que nenhuma outra for\u00e7a aliada havia conquistado at\u00e9 ent\u00e3o: a captura completa de uma divis\u00e3o inimiga. A vit\u00f3ria bloqueou a retirada das tropas nazistas, contribuiu para a liberta\u00e7\u00e3o da It\u00e1lia e acelerou o colapso do Terceiro Reich, que j\u00e1 cedia diante do avan\u00e7o sovi\u00e9tico.<\/p>\n<h2>A chegada dos &#8220;pracinhas&#8221; na It\u00e1lia<\/h2>\n<p class=\"font-claude-response-body break-words whitespace-normal leading-[1.7]\">A For\u00e7a Expedicion\u00e1ria Brasileira foi criada em agosto de 1943 por <strong>Get\u00falio Vargas<\/strong>. Em julho de 1944, os soldados desembarcaram na It\u00e1lia sob o comando do general <strong>Mascarenhas de Morais<\/strong> e foram integrados \u00e0s demais divis\u00f5es aliadas na Campanha da It\u00e1lia.<\/p>\n<p class=\"font-claude-response-body break-words whitespace-normal leading-[1.7]\">A primeira grande miss\u00e3o era ajudar a romper a &#8220;Linha G\u00f3tica&#8221;, o sistema defensivo do Eixo que impedia o avan\u00e7o dos Aliados em dire\u00e7\u00e3o ao norte da Pen\u00ednsula It\u00e1lica. Apesar das dificuldades, a FEB cumpriu a grande maioria das miss\u00f5es designadas.<\/p>\n<p class=\"font-claude-response-body break-words whitespace-normal leading-[1.7]\">Os brasileiros libertaram as cidades de Massarosa, Camaiore e Monte Prano no Vale do Rio Serchio. Em seguida, avan\u00e7aram para os Apeninos, onde enfrentariam os confrontos mais duros da campanha. Mesmo prejudicados pelo inverno rigoroso, venceram os nazistas em Monte Castello, Castelnuovo e na <strong>Batalha de Montese<\/strong>.<\/p>\n<p class=\"font-claude-response-body break-words whitespace-normal leading-[1.7]\">Essas vit\u00f3rias, somadas aos avan\u00e7os norte-americanos em Belvedere e Della Torraccia, abriram caminho para a chamada &#8220;Ofensiva da Primavera&#8221;, a investida final dos Aliados para for\u00e7ar a Alemanha \u00e0 rendi\u00e7\u00e3o.<\/p>\n<h2>Campanha em Collecchio e Fornovo di Taro<\/h2>\n<p>Durante a Ofensiva da Primavera, os pracinhas percorreram cerca de 400 quil\u00f4metros em 12 dias e libertaram mais de 60 localidades italianas. Ap\u00f3s derrotar os nazistas em Montese e Zocca, as tropas brasileiras passaram a perseguir as colunas alem\u00e3s que evacuavam G\u00eanova e La Spezia, impedindo que avan\u00e7assem para o norte.<\/p>\n<p>No entanto, um dos combates mais marcantes dos brasileiros foi no dia 26 de abril de 1945, quando um Esquadr\u00e3o de Reconhecimento da FEB chegou \u00e0 cidade de Collecchio e se deparou com um grande n\u00famero de soldados alem\u00e3es. O combate que se seguiu durou dois dias. Com a chegada de refor\u00e7os da infantaria brasileira, os Aliados venceram a <strong>Batalha de Collecchio<\/strong>.<\/p>\n<p>Com apenas 17 baixas na batalha, dois dias depois, o coronel <strong>Nelson de Mello<\/strong> mobilizou tr\u00eas esquadr\u00f5es da FEB\u00a0para Fornovo di Taro, a poucos quil\u00f4metros de Collecchio. Os brasileiros tiveram apoio de blindados norte-americanos e de uma brigada de partisans da Resist\u00eancia Italiana.<\/p>\n<p>Ao chegar na cidade, os aliados e a resist\u00eancia italiana bloquearam as sa\u00eddas da cidade e realizaram uma ofensiva concentrada no sul. Paralelamente, o 3\u00ba Batalh\u00e3o e o Esquadr\u00e3o de Reconhecimento atacaram pelo sudoeste. A artilharia passou a bombardear as posi\u00e7\u00f5es alem\u00e3s, que responderam com disparos de canh\u00e3o.<\/p>\n<p class=\"font-claude-response-body break-words whitespace-normal leading-[1.7]\">Os pracinhas neutralizaram todas as tentativas de romper o cerco. Cercados, sem muni\u00e7\u00e3o e sem perspectiva de vit\u00f3ria, os alem\u00e3es aceitaram negociar.<\/p>\n<h2>Rendi\u00e7\u00e3o dos alem\u00e3es<\/h2>\n<p class=\"font-claude-response-body break-words whitespace-normal leading-[1.7]\">A media\u00e7\u00e3o foi feita pelo padre <strong>Dom Alessandro Cavalli<\/strong>. Ele apresentou aos alem\u00e3es o ultimato escrito pelo coronel Nelson de Mello. No documento, o coronel afirmava que as tropas estavam completamente cercadas e sem possibilidade de retirada, exigindo a rendi\u00e7\u00e3o incondicional ao Ex\u00e9rcito brasileiro.<\/p>\n<p class=\"font-claude-response-body break-words whitespace-normal leading-[1.7]\">Os alem\u00e3es protelaram a decis\u00e3o por v\u00e1rias horas. No final do dia 29 de abril de 1945, aceitaram se render, encerrando a batalha.<\/p>\n<p class=\"font-claude-response-body break-words whitespace-normal leading-[1.7]\">Cinco soldados brasileiros morreram no confronto e outros 50 ficaram feridos. Do lado inimigo, foram capturados 14.779 militares do Eixo, a maioria da 148\u00aa Divis\u00e3o de Infantaria Alem\u00e3, al\u00e9m de combatentes italianos leais ao regime de Mussolini. Os pracinhas ainda apreenderam mais de 2.500 ve\u00edculos, 4.000 cavalos e 80 canh\u00f5es.<\/p>\n<p class=\"font-claude-response-body break-words whitespace-normal leading-[1.7]\">No dia 30 de abril, o general Otto Fretter Pico e outros 31 oficiais alem\u00e3es tamb\u00e9m se entregaram aos brasileiros.<\/p>\n<p>O feito foi considerado um marco hist\u00f3rico para os Aliados, pois a FEB foi a \u00fanica for\u00e7a militar aliada a capturar integralmente uma divis\u00e3o alem\u00e3 durante a Campanha da It\u00e1lia. A rendi\u00e7\u00e3o em Fornovo di Taro inviabilizou qualquer tentativa de reorganiza\u00e7\u00e3o das for\u00e7as do Eixo no norte do pa\u00eds.<\/p>\n<p class=\"font-claude-response-body break-words whitespace-normal leading-[1.7]\">Poucos dias depois, em 2 de maio de 1945, as tropas alem\u00e3s na It\u00e1lia capitularam definitivamente.<\/p>\n","protected":false},"excerpt":{"rendered":"<p>No dia 29 de abril de 1945, soldados brasileiros for\u00e7aram a rendi\u00e7\u00e3o de quatro divis\u00f5es do Ex\u00e9rcito alem\u00e3o no norte da It\u00e1lia. A Batalha de Fornovo di Taro foi o \u00faltimo grande confronto da For\u00e7a Expedicion\u00e1ria Brasileira (FEB), os chamados &#8220;pracinhas&#8220;, na Segunda Guerra Mundial. Em desvantagem num\u00e9rica, os pracinhas conseguiram o que nenhuma outra [&hellip;]<\/p>\n","protected":false},"author":15,"featured_media":37578,"comment_status":"open","ping_status":"open","sticky":false,"template":"","format":"standard","meta":{"jnews-multi-image_gallery":[],"jnews_single_post":{"format":"standard","jnews_video_option_group":[[]],"override":[{"template":"2","parallax":"1","fullscreen":"1","layout":"right-sidebar","sidebar":"default-sidebar","second_sidebar":"default-sidebar","sticky_sidebar":"1","share_position":"hide","share_float_style":"share-monocrhome","show_featured":"1","show_post_meta":"1","show_post_author":"1","show_post_date":"1","post_date_format":"default","post_date_format_custom":"Y\/m\/d","show_post_category":"1","show_post_reading_time":"0","post_reading_time_wpm":"300","post_calculate_word_method":"str_word_count","show_zoom_button":"0","zoom_button_out_step":"2","zoom_button_in_step":"3","show_post_tag":"1","show_popup_post":"1","number_popup_post":"1","show_author_box":"1","show_post_related":"0"}],"image_override":[{"single_post_thumbnail_size":"crop-500","single_post_gallery_size":"crop-500"}],"trending_post_position":"meta","trending_post_label":"Trending","sponsored_post_label":"Sponsored by","disable_ad":"0","subtitle":"A FEB foi a \u00fanica for\u00e7a aliada a conseguir capturar uma divis\u00e3o alem\u00e3 inteira durante a guerra"},"jnews_primary_category":[],"jnews_override_counter":{"view_counter_number":"0","share_counter_number":"0","like_counter_number":"0","dislike_counter_number":"0"},"jnews_post_split":{"post_split":[{"template":"1","tag":"h2","numbering":"asc","mode":"normal","first":"0","enable_toc":"0","toc_type":"normal"}]},"footnotes":""},"categories":[1],"tags":[4913,7549,7556,7552,7547,7553,7554,7550,360,130,7551,7548,7555,5777],"class_list":["post-37577","post","type-post","status-publish","format-standard","has-post-thumbnail","hentry","category-geral","tag-alemanha","tag-batalha-de-collecchio","tag-batalha-de-fornovo-di-taro","tag-batalha-de-montese","tag-dom-alessandro-cavalli","tag-feb","tag-forca-expedicionaria-brasileira","tag-getulio-vargas","tag-historia","tag-italia","tag-mascarenhas-de-morais","tag-nelson-de-mello","tag-pracinhas","tag-segunda-guerra-mundial"],"yoast_head":"<!-- This site is optimized with the Yoast SEO plugin v25.0 - https:\/\/yoast.com\/wordpress\/plugins\/seo\/ -->\n<title>Hist\u00f3rico! H\u00e1 80 anos o Brasil vencia sua \u00faltima grande batalha sobre os nazistas na Segunda Guerra Mundial<\/title>\n<meta name=\"robots\" content=\"index, follow, max-snippet:-1, max-image-preview:large, max-video-preview:-1\" \/>\n<link rel=\"canonical\" href=\"https:\/\/crusoe.audiencelabs.com.br\/historico-ha-80-anos-o-brasil-vencia-sua-ultima-grande-batalha-sobre-os-nazistas-na-segunda-guerra-mundial\/\" \/>\n<meta property=\"og:locale\" content=\"pt_BR\" \/>\n<meta property=\"og:type\" content=\"article\" \/>\n<meta property=\"og:title\" content=\"Hist\u00f3rico! H\u00e1 80 anos o Brasil vencia sua \u00faltima grande batalha sobre os nazistas na Segunda Guerra Mundial\" \/>\n<meta property=\"og:description\" content=\"No dia 29 de abril de 1945, soldados brasileiros for\u00e7aram a rendi\u00e7\u00e3o de quatro divis\u00f5es do Ex\u00e9rcito alem\u00e3o no norte da It\u00e1lia. A Batalha de Fornovo di Taro foi o \u00faltimo grande confronto da For\u00e7a Expedicion\u00e1ria Brasileira (FEB), os chamados &#8220;pracinhas&#8220;, na Segunda Guerra Mundial. Em desvantagem num\u00e9rica, os pracinhas conseguiram o que nenhuma outra [&hellip;]\" \/>\n<meta property=\"og:url\" content=\"https:\/\/crusoe.audiencelabs.com.br\/historico-ha-80-anos-o-brasil-vencia-sua-ultima-grande-batalha-sobre-os-nazistas-na-segunda-guerra-mundial\/\" \/>\n<meta property=\"og:site_name\" content=\"Variedades - Cruso\u00e9\" \/>\n<meta property=\"article:published_time\" content=\"2026-04-25T16:02:42+00:00\" \/>\n<meta property=\"og:image\" content=\"https:\/\/cdn.crusoe.com.br\/uploads\/2026\/04\/2_members_of_the_Brazilian_Expeditionary_Force_lunching_on_top_of_their_M8_Greyhound.jpg\" \/>\n\t<meta property=\"og:image:width\" content=\"500\" \/>\n\t<meta property=\"og:image:height\" content=\"491\" \/>\n\t<meta property=\"og:image:type\" content=\"image\/jpeg\" \/>\n<meta name=\"author\" content=\"J\u00falio Nesi\" \/>\n<meta name=\"twitter:card\" content=\"summary_large_image\" \/>\n<meta name=\"twitter:label1\" content=\"Escrito por\" \/>\n\t<meta name=\"twitter:data1\" content=\"J\u00falio Nesi\" \/>\n\t<meta name=\"twitter:label2\" content=\"Est. tempo de leitura\" \/>\n\t<meta name=\"twitter:data2\" content=\"5 minutos\" \/>\n<script type=\"application\/ld+json\" class=\"yoast-schema-graph\">{\"@context\":\"https:\/\/schema.org\",\"@graph\":[{\"@type\":\"WebPage\",\"@id\":\"https:\/\/crusoe.audiencelabs.com.br\/historico-ha-80-anos-o-brasil-vencia-sua-ultima-grande-batalha-sobre-os-nazistas-na-segunda-guerra-mundial\/\",\"url\":\"https:\/\/crusoe.audiencelabs.com.br\/historico-ha-80-anos-o-brasil-vencia-sua-ultima-grande-batalha-sobre-os-nazistas-na-segunda-guerra-mundial\/\",\"name\":\"Hist\u00f3rico! H\u00e1 80 anos o Brasil vencia sua \u00faltima grande batalha sobre os nazistas na Segunda Guerra Mundial\",\"isPartOf\":{\"@id\":\"https:\/\/crusoe.audiencelabs.com.br\/#website\"},\"primaryImageOfPage\":{\"@id\":\"https:\/\/crusoe.audiencelabs.com.br\/historico-ha-80-anos-o-brasil-vencia-sua-ultima-grande-batalha-sobre-os-nazistas-na-segunda-guerra-mundial\/#primaryimage\"},\"image\":{\"@id\":\"https:\/\/crusoe.audiencelabs.com.br\/historico-ha-80-anos-o-brasil-vencia-sua-ultima-grande-batalha-sobre-os-nazistas-na-segunda-guerra-mundial\/#primaryimage\"},\"thumbnailUrl\":\"https:\/\/cdn.crusoe.com.br\/uploads\/2026\/04\/2_members_of_the_Brazilian_Expeditionary_Force_lunching_on_top_of_their_M8_Greyhound.jpg\",\"datePublished\":\"2026-04-25T16:02:42+00:00\",\"author\":{\"@id\":\"https:\/\/crusoe.audiencelabs.com.br\/#\/schema\/person\/0cca5874eda7d72cef71e77a9a9c2143\"},\"breadcrumb\":{\"@id\":\"https:\/\/crusoe.audiencelabs.com.br\/historico-ha-80-anos-o-brasil-vencia-sua-ultima-grande-batalha-sobre-os-nazistas-na-segunda-guerra-mundial\/#breadcrumb\"},\"inLanguage\":\"pt-BR\",\"potentialAction\":[{\"@type\":\"ReadAction\",\"target\":[\"https:\/\/crusoe.audiencelabs.com.br\/historico-ha-80-anos-o-brasil-vencia-sua-ultima-grande-batalha-sobre-os-nazistas-na-segunda-guerra-mundial\/\"]}]},{\"@type\":\"ImageObject\",\"inLanguage\":\"pt-BR\",\"@id\":\"https:\/\/crusoe.audiencelabs.com.br\/historico-ha-80-anos-o-brasil-vencia-sua-ultima-grande-batalha-sobre-os-nazistas-na-segunda-guerra-mundial\/#primaryimage\",\"url\":\"https:\/\/cdn.crusoe.com.br\/uploads\/2026\/04\/2_members_of_the_Brazilian_Expeditionary_Force_lunching_on_top_of_their_M8_Greyhound.jpg\",\"contentUrl\":\"https:\/\/cdn.crusoe.com.br\/uploads\/2026\/04\/2_members_of_the_Brazilian_Expeditionary_Force_lunching_on_top_of_their_M8_Greyhound.jpg\",\"width\":500,\"height\":491,\"caption\":\"Dois soldados da FEB almo\u00e7ando. Reprodu\u00e7\u00e3o: Wikimedia Commons\"},{\"@type\":\"BreadcrumbList\",\"@id\":\"https:\/\/crusoe.audiencelabs.com.br\/historico-ha-80-anos-o-brasil-vencia-sua-ultima-grande-batalha-sobre-os-nazistas-na-segunda-guerra-mundial\/#breadcrumb\",\"itemListElement\":[{\"@type\":\"ListItem\",\"position\":1,\"name\":\"Home\",\"item\":\"https:\/\/crusoe.audiencelabs.com.br\/\"},{\"@type\":\"ListItem\",\"position\":2,\"name\":\"Hist\u00f3rico! H\u00e1 80 anos o Brasil vencia sua \u00faltima grande batalha sobre os nazistas na Segunda Guerra Mundial\"}]},{\"@type\":\"WebSite\",\"@id\":\"https:\/\/crusoe.audiencelabs.com.br\/#website\",\"url\":\"https:\/\/crusoe.audiencelabs.com.br\/\",\"name\":\"Variedades - Cruso\u00e9\",\"description\":\"\",\"potentialAction\":[{\"@type\":\"SearchAction\",\"target\":{\"@type\":\"EntryPoint\",\"urlTemplate\":\"https:\/\/crusoe.audiencelabs.com.br\/?s={search_term_string}\"},\"query-input\":{\"@type\":\"PropertyValueSpecification\",\"valueRequired\":true,\"valueName\":\"search_term_string\"}}],\"inLanguage\":\"pt-BR\"},{\"@type\":\"Person\",\"@id\":\"https:\/\/crusoe.audiencelabs.com.br\/#\/schema\/person\/0cca5874eda7d72cef71e77a9a9c2143\",\"name\":\"J\u00falio Nesi\",\"image\":{\"@type\":\"ImageObject\",\"inLanguage\":\"pt-BR\",\"@id\":\"https:\/\/crusoe.audiencelabs.com.br\/#\/schema\/person\/image\/\",\"url\":\"https:\/\/secure.gravatar.com\/avatar\/c22eb47c3e2320e71637346b980e09f63de9f75742d3335f94a26b83dff70473?s=96&d=mm&r=g\",\"contentUrl\":\"https:\/\/secure.gravatar.com\/avatar\/c22eb47c3e2320e71637346b980e09f63de9f75742d3335f94a26b83dff70473?s=96&d=mm&r=g\",\"caption\":\"J\u00falio Nesi\"},\"description\":\"Jornalista alagoano formado pela UFAL, j\u00e1 atuei em produ\u00e7\u00e3o de conte\u00fado digital para portais, r\u00e1dio e redes sociais.\",\"sameAs\":[\"www.linkedin.com\/in\/j\u00falio-nesi\"],\"url\":\"https:\/\/crusoe.audiencelabs.com.br\/author\/julionesi\/\"}]}<\/script>\n<!-- \/ Yoast SEO plugin. -->","yoast_head_json":{"title":"Hist\u00f3rico! H\u00e1 80 anos o Brasil vencia sua \u00faltima grande batalha sobre os nazistas na Segunda Guerra Mundial","robots":{"index":"index","follow":"follow","max-snippet":"max-snippet:-1","max-image-preview":"max-image-preview:large","max-video-preview":"max-video-preview:-1"},"canonical":"https:\/\/crusoe.audiencelabs.com.br\/historico-ha-80-anos-o-brasil-vencia-sua-ultima-grande-batalha-sobre-os-nazistas-na-segunda-guerra-mundial\/","og_locale":"pt_BR","og_type":"article","og_title":"Hist\u00f3rico! H\u00e1 80 anos o Brasil vencia sua \u00faltima grande batalha sobre os nazistas na Segunda Guerra Mundial","og_description":"No dia 29 de abril de 1945, soldados brasileiros for\u00e7aram a rendi\u00e7\u00e3o de quatro divis\u00f5es do Ex\u00e9rcito alem\u00e3o no norte da It\u00e1lia. A Batalha de Fornovo di Taro foi o \u00faltimo grande confronto da For\u00e7a Expedicion\u00e1ria Brasileira (FEB), os chamados &#8220;pracinhas&#8220;, na Segunda Guerra Mundial. Em desvantagem num\u00e9rica, os pracinhas conseguiram o que nenhuma outra [&hellip;]","og_url":"https:\/\/crusoe.audiencelabs.com.br\/historico-ha-80-anos-o-brasil-vencia-sua-ultima-grande-batalha-sobre-os-nazistas-na-segunda-guerra-mundial\/","og_site_name":"Variedades - Cruso\u00e9","article_published_time":"2026-04-25T16:02:42+00:00","og_image":[{"width":500,"height":491,"url":"https:\/\/cdn.crusoe.com.br\/uploads\/2026\/04\/2_members_of_the_Brazilian_Expeditionary_Force_lunching_on_top_of_their_M8_Greyhound.jpg","type":"image\/jpeg"}],"author":"J\u00falio Nesi","twitter_card":"summary_large_image","twitter_misc":{"Escrito por":"J\u00falio Nesi","Est. tempo de leitura":"5 minutos"},"schema":{"@context":"https:\/\/schema.org","@graph":[{"@type":"WebPage","@id":"https:\/\/crusoe.audiencelabs.com.br\/historico-ha-80-anos-o-brasil-vencia-sua-ultima-grande-batalha-sobre-os-nazistas-na-segunda-guerra-mundial\/","url":"https:\/\/crusoe.audiencelabs.com.br\/historico-ha-80-anos-o-brasil-vencia-sua-ultima-grande-batalha-sobre-os-nazistas-na-segunda-guerra-mundial\/","name":"Hist\u00f3rico! H\u00e1 80 anos o Brasil vencia sua \u00faltima grande batalha sobre os nazistas na Segunda Guerra Mundial","isPartOf":{"@id":"https:\/\/crusoe.audiencelabs.com.br\/#website"},"primaryImageOfPage":{"@id":"https:\/\/crusoe.audiencelabs.com.br\/historico-ha-80-anos-o-brasil-vencia-sua-ultima-grande-batalha-sobre-os-nazistas-na-segunda-guerra-mundial\/#primaryimage"},"image":{"@id":"https:\/\/crusoe.audiencelabs.com.br\/historico-ha-80-anos-o-brasil-vencia-sua-ultima-grande-batalha-sobre-os-nazistas-na-segunda-guerra-mundial\/#primaryimage"},"thumbnailUrl":"https:\/\/cdn.crusoe.com.br\/uploads\/2026\/04\/2_members_of_the_Brazilian_Expeditionary_Force_lunching_on_top_of_their_M8_Greyhound.jpg","datePublished":"2026-04-25T16:02:42+00:00","author":{"@id":"https:\/\/crusoe.audiencelabs.com.br\/#\/schema\/person\/0cca5874eda7d72cef71e77a9a9c2143"},"breadcrumb":{"@id":"https:\/\/crusoe.audiencelabs.com.br\/historico-ha-80-anos-o-brasil-vencia-sua-ultima-grande-batalha-sobre-os-nazistas-na-segunda-guerra-mundial\/#breadcrumb"},"inLanguage":"pt-BR","potentialAction":[{"@type":"ReadAction","target":["https:\/\/crusoe.audiencelabs.com.br\/historico-ha-80-anos-o-brasil-vencia-sua-ultima-grande-batalha-sobre-os-nazistas-na-segunda-guerra-mundial\/"]}]},{"@type":"ImageObject","inLanguage":"pt-BR","@id":"https:\/\/crusoe.audiencelabs.com.br\/historico-ha-80-anos-o-brasil-vencia-sua-ultima-grande-batalha-sobre-os-nazistas-na-segunda-guerra-mundial\/#primaryimage","url":"https:\/\/cdn.crusoe.com.br\/uploads\/2026\/04\/2_members_of_the_Brazilian_Expeditionary_Force_lunching_on_top_of_their_M8_Greyhound.jpg","contentUrl":"https:\/\/cdn.crusoe.com.br\/uploads\/2026\/04\/2_members_of_the_Brazilian_Expeditionary_Force_lunching_on_top_of_their_M8_Greyhound.jpg","width":500,"height":491,"caption":"Dois soldados da FEB almo\u00e7ando. Reprodu\u00e7\u00e3o: Wikimedia Commons"},{"@type":"BreadcrumbList","@id":"https:\/\/crusoe.audiencelabs.com.br\/historico-ha-80-anos-o-brasil-vencia-sua-ultima-grande-batalha-sobre-os-nazistas-na-segunda-guerra-mundial\/#breadcrumb","itemListElement":[{"@type":"ListItem","position":1,"name":"Home","item":"https:\/\/crusoe.audiencelabs.com.br\/"},{"@type":"ListItem","position":2,"name":"Hist\u00f3rico! H\u00e1 80 anos o Brasil vencia sua \u00faltima grande batalha sobre os nazistas na Segunda Guerra Mundial"}]},{"@type":"WebSite","@id":"https:\/\/crusoe.audiencelabs.com.br\/#website","url":"https:\/\/crusoe.audiencelabs.com.br\/","name":"Variedades - Cruso\u00e9","description":"","potentialAction":[{"@type":"SearchAction","target":{"@type":"EntryPoint","urlTemplate":"https:\/\/crusoe.audiencelabs.com.br\/?s={search_term_string}"},"query-input":{"@type":"PropertyValueSpecification","valueRequired":true,"valueName":"search_term_string"}}],"inLanguage":"pt-BR"},{"@type":"Person","@id":"https:\/\/crusoe.audiencelabs.com.br\/#\/schema\/person\/0cca5874eda7d72cef71e77a9a9c2143","name":"J\u00falio Nesi","image":{"@type":"ImageObject","inLanguage":"pt-BR","@id":"https:\/\/crusoe.audiencelabs.com.br\/#\/schema\/person\/image\/","url":"https:\/\/secure.gravatar.com\/avatar\/c22eb47c3e2320e71637346b980e09f63de9f75742d3335f94a26b83dff70473?s=96&d=mm&r=g","contentUrl":"https:\/\/secure.gravatar.com\/avatar\/c22eb47c3e2320e71637346b980e09f63de9f75742d3335f94a26b83dff70473?s=96&d=mm&r=g","caption":"J\u00falio Nesi"},"description":"Jornalista alagoano formado pela UFAL, j\u00e1 atuei em produ\u00e7\u00e3o de conte\u00fado digital para portais, r\u00e1dio e redes sociais.","sameAs":["www.linkedin.com\/in\/j\u00falio-nesi"],"url":"https:\/\/crusoe.audiencelabs.com.br\/author\/julionesi\/"}]}},"_links":{"self":[{"href":"https:\/\/crusoe.audiencelabs.com.br\/wp-json\/wp\/v2\/posts\/37577","targetHints":{"allow":["GET"]}}],"collection":[{"href":"https:\/\/crusoe.audiencelabs.com.br\/wp-json\/wp\/v2\/posts"}],"about":[{"href":"https:\/\/crusoe.audiencelabs.com.br\/wp-json\/wp\/v2\/types\/post"}],"author":[{"embeddable":true,"href":"https:\/\/crusoe.audiencelabs.com.br\/wp-json\/wp\/v2\/users\/15"}],"replies":[{"embeddable":true,"href":"https:\/\/crusoe.audiencelabs.com.br\/wp-json\/wp\/v2\/comments?post=37577"}],"version-history":[{"count":2,"href":"https:\/\/crusoe.audiencelabs.com.br\/wp-json\/wp\/v2\/posts\/37577\/revisions"}],"predecessor-version":[{"id":37838,"href":"https:\/\/crusoe.audiencelabs.com.br\/wp-json\/wp\/v2\/posts\/37577\/revisions\/37838"}],"wp:featuredmedia":[{"embeddable":true,"href":"https:\/\/crusoe.audiencelabs.com.br\/wp-json\/wp\/v2\/media\/37578"}],"wp:attachment":[{"href":"https:\/\/crusoe.audiencelabs.com.br\/wp-json\/wp\/v2\/media?parent=37577"}],"wp:term":[{"taxonomy":"category","embeddable":true,"href":"https:\/\/crusoe.audiencelabs.com.br\/wp-json\/wp\/v2\/categories?post=37577"},{"taxonomy":"post_tag","embeddable":true,"href":"https:\/\/crusoe.audiencelabs.com.br\/wp-json\/wp\/v2\/tags?post=37577"}],"curies":[{"name":"wp","href":"https:\/\/api.w.org\/{rel}","templated":true}]}}