{"id":37574,"date":"2026-04-25T12:00:18","date_gmt":"2026-04-25T15:00:18","guid":{"rendered":"https:\/\/crusoe.audiencelabs.com.br\/?p=37574"},"modified":"2026-04-20T15:31:19","modified_gmt":"2026-04-20T18:31:19","slug":"adeus-ao-musculo-do-tchau-especialistas-revelam-como-se-livrar-da-flacidez-nos-bracos","status":"publish","type":"post","link":"https:\/\/crusoe.audiencelabs.com.br\/adeus-ao-musculo-do-tchau-especialistas-revelam-como-se-livrar-da-flacidez-nos-bracos\/","title":{"rendered":"Adeus ao &#8220;m\u00fasculo do tchau&#8221;! Especialistas revelam como se livrar da flacidez nos bra\u00e7os"},"content":{"rendered":"<p>Quem j\u00e1 estendeu o <strong>bra\u00e7o<\/strong> para acenar e sentiu aquela regi\u00e3o interna balan\u00e7ar sozinha? Essa \u00e1rea \u00e9 o <strong>tr\u00edceps braquial<\/strong>, tamb\u00e9m conhecido como &#8220;<strong>m\u00fasculo do tchau<\/strong>&#8220;. Essa \u00e1rea \u00e9 a <strong>flacidez<\/strong> que se forma na parte posterior e interna dos bra\u00e7os, e ela tem um motivo muito espec\u00edfico para aparecer.<\/p>\n<p class=\"font-claude-response-body break-words whitespace-normal leading-[1.7]\">O tr\u00edceps braquial \u00e9 um dos m\u00fasculos menos acionados nas atividades do dia a dia. Enquanto o <strong>b\u00edceps<\/strong> entra em a\u00e7\u00e3o a todo momento, ao carregar sacolas, levantar objetos e abrir portas, o tr\u00edceps fica praticamente de fora da maioria dos movimentos. Com o tempo, essa falta combinada com a queda natural de col\u00e1geno ao longo dos anos resulta na &#8220;flacidez&#8221; da regi\u00e3o.<\/p>\n<p>No entanto, especialistas refor\u00e7am que h\u00e1 formas de tratar isso e restaurar a firmeza do tr\u00edceps.<\/p>\n<h2>Quais s\u00e3o os exerc\u00edcios certos para isso?<\/h2>\n<p class=\"font-claude-response-body break-words whitespace-normal leading-[1.7]\">Os movimentos mais eficazes s\u00e3o aqueles que isolam o tr\u00edceps com resist\u00eancia progressiva, for\u00e7ando o m\u00fasculo a trabalhar acima da sua capacidade atual. De acordo com especialistas, quatro exerc\u00edcios se destacam nesse objetivo:<\/p>\n<p class=\"font-claude-response-body break-words whitespace-normal leading-[1.7]\"><strong>Fundo no banco <\/strong><\/p>\n<p class=\"font-claude-response-body break-words whitespace-normal leading-[1.7]\">Esse \u00e9 um cl\u00e1ssico acess\u00edvel em casa ou na academia. Apoie as m\u00e3os em uma cadeira com os bra\u00e7os estendidos atr\u00e1s do corpo, flexione os cotovelos para baixar o quadril em dire\u00e7\u00e3o ao ch\u00e3o e empurre para subir. Mantenha os cotovelos apontados para tr\u00e1s durante todo o movimento e execute tr\u00eas s\u00e9ries de 12 a 15 repeti\u00e7\u00f5es.<\/p>\n<p><strong>Flex\u00e3o de bra\u00e7o com m\u00e3os pr\u00f3ximas<\/strong><\/p>\n<p>Posicione as m\u00e3os no ch\u00e3o com os polegares e indicadores formando um tri\u00e2ngulo, mantenha os cotovelos colados ao tronco durante o movimento e execute tr\u00eas s\u00e9ries de 10 a 12 repeti\u00e7\u00f5es. Quem preferir pode adaptar para o apoio nos joelhos.<\/p>\n<p class=\"font-claude-response-body break-words whitespace-normal leading-[1.7]\"><strong>Extens\u00e3o de tr\u00edceps acima da cabe\u00e7a com haltere<\/strong><\/p>\n<p class=\"font-claude-response-body break-words whitespace-normal leading-[1.7]\">Esse exerc\u00edcio trabalha o m\u00fasculo em amplitude m\u00e1xima. Segure um haltere com as duas m\u00e3os acima da cabe\u00e7a, flexione os cotovelos para descer o peso atr\u00e1s da nuca e retorne \u00e0 posi\u00e7\u00e3o inicial. Tr\u00eas s\u00e9ries de 12 a 15 repeti\u00e7\u00f5es com uma carga que desafie sem comprometer a postura.<\/p>\n<p class=\"font-claude-response-body break-words whitespace-normal leading-[1.7]\"><strong>Desenvolvimento de ombros com halteres<\/strong><\/p>\n<p class=\"font-claude-response-body break-words whitespace-normal leading-[1.7]\">Esse exerc\u00edcio complementa o trabalho da parte superior do corpo. Eleve os pesos da altura dos ombros at\u00e9 a extens\u00e3o completa acima da cabe\u00e7a e retorne com controle. Tr\u00eas s\u00e9ries de 12 repeti\u00e7\u00f5es j\u00e1 s\u00e3o suficientes para sentir o efeito.<\/p>\n<p>Especialistas ressalvam que o principal fator n\u00e3o s\u00e3o os exerc\u00edcios em si, mas a consist\u00eancia. O recomendado \u00e9 treinar os bra\u00e7os com exerc\u00edcios de for\u00e7a de duas a tr\u00eas vezes por semana, sempre com pelo menos 48 horas de descanso entre as sess\u00f5es para permitir a recupera\u00e7\u00e3o muscular.<\/p>\n<h2>Alimenta\u00e7\u00e3o e descanso tamb\u00e9m s\u00e3o importantes<\/h2>\n<p class=\"font-claude-response-body break-words whitespace-normal leading-[1.7]\">O treino d\u00e1 o sinal para o m\u00fasculo crescer, mas \u00e9 durante o descanso e com os nutrientes certos que o crescimento de fato acontece. Muitas pessoas treinam por meses sem ver resultado justamente por ignorar esses dois fatores.<\/p>\n<p class=\"font-claude-response-body break-words whitespace-normal leading-[1.7]\">Garantir uma boa ingest\u00e3o de prote\u00ednas ao longo do dia \u00e9 essencial, distribu\u00edda em todas as refei\u00e7\u00f5es com fontes variadas como ovos, frango, peixe, leguminosas e latic\u00ednios. Beber \u00e1gua suficiente e dormir entre sete e oito horas por noite s\u00e3o partes vitais do processo. \u00c9 durante o sono que os horm\u00f4nios respons\u00e1veis pela reconstru\u00e7\u00e3o muscular atuam.<\/p>\n","protected":false},"excerpt":{"rendered":"<p>Quem j\u00e1 estendeu o bra\u00e7o para acenar e sentiu aquela regi\u00e3o interna balan\u00e7ar sozinha? Essa \u00e1rea \u00e9 o tr\u00edceps braquial, tamb\u00e9m conhecido como &#8220;m\u00fasculo do tchau&#8220;. Essa \u00e1rea \u00e9 a flacidez que se forma na parte posterior e interna dos bra\u00e7os, e ela tem um motivo muito espec\u00edfico para aparecer. O tr\u00edceps braquial \u00e9 um [&hellip;]<\/p>\n","protected":false},"author":15,"featured_media":37575,"comment_status":"open","ping_status":"open","sticky":false,"template":"","format":"standard","meta":{"jnews-multi-image_gallery":[],"jnews_single_post":{"format":"standard","jnews_video_option_group":[[]],"override":[{"template":"2","parallax":"1","fullscreen":"1","layout":"right-sidebar","sidebar":"default-sidebar","second_sidebar":"default-sidebar","sticky_sidebar":"1","share_position":"hide","share_float_style":"share-monocrhome","show_featured":"1","show_post_meta":"1","show_post_author":"1","show_post_date":"1","post_date_format":"default","post_date_format_custom":"Y\/m\/d","show_post_category":"1","show_post_reading_time":"0","post_reading_time_wpm":"300","post_calculate_word_method":"str_word_count","show_zoom_button":"0","zoom_button_out_step":"2","zoom_button_in_step":"3","show_post_tag":"1","show_popup_post":"1","number_popup_post":"1","show_author_box":"1","show_post_related":"0"}],"image_override":[{"single_post_thumbnail_size":"crop-500","single_post_gallery_size":"crop-500"}],"trending_post_position":"meta","trending_post_label":"Trending","sponsored_post_label":"Sponsored by","disable_ad":"0","subtitle":"Especialistas refor\u00e7am que a alimenta\u00e7\u00e3o e o descanso devem ser aliados dos exerc\u00edcios para garantir a firmeza nos bra\u00e7os"},"jnews_primary_category":[],"jnews_override_counter":{"view_counter_number":"0","share_counter_number":"0","like_counter_number":"0","dislike_counter_number":"0"},"jnews_post_split":{"post_split":[{"template":"1","tag":"h2","numbering":"asc","mode":"normal","first":"0","enable_toc":"0","toc_type":"normal"}]},"footnotes":""},"categories":[1],"tags":[1905,2799,788,1951],"class_list":["post-37574","post","type-post","status-publish","format-standard","has-post-thumbnail","hentry","category-geral","tag-exercicios-fisicos","tag-habitos-saudaveis","tag-musculacao","tag-treino"],"yoast_head":"<!-- This site is optimized with the Yoast SEO plugin v25.0 - https:\/\/yoast.com\/wordpress\/plugins\/seo\/ -->\n<title>Adeus ao &quot;m\u00fasculo do tchau&quot;! Especialistas revelam como se livrar da flacidez nos bra\u00e7os<\/title>\n<meta name=\"robots\" content=\"index, follow, max-snippet:-1, max-image-preview:large, max-video-preview:-1\" \/>\n<link rel=\"canonical\" href=\"https:\/\/crusoe.audiencelabs.com.br\/adeus-ao-musculo-do-tchau-especialistas-revelam-como-se-livrar-da-flacidez-nos-bracos\/\" \/>\n<meta property=\"og:locale\" content=\"pt_BR\" \/>\n<meta property=\"og:type\" content=\"article\" \/>\n<meta property=\"og:title\" content=\"Adeus ao &quot;m\u00fasculo do tchau&quot;! Especialistas revelam como se livrar da flacidez nos bra\u00e7os\" \/>\n<meta property=\"og:description\" content=\"Quem j\u00e1 estendeu o bra\u00e7o para acenar e sentiu aquela regi\u00e3o interna balan\u00e7ar sozinha? Essa \u00e1rea \u00e9 o tr\u00edceps braquial, tamb\u00e9m conhecido como &#8220;m\u00fasculo do tchau&#8220;. Essa \u00e1rea \u00e9 a flacidez que se forma na parte posterior e interna dos bra\u00e7os, e ela tem um motivo muito espec\u00edfico para aparecer. O tr\u00edceps braquial \u00e9 um [&hellip;]\" \/>\n<meta property=\"og:url\" content=\"https:\/\/crusoe.audiencelabs.com.br\/adeus-ao-musculo-do-tchau-especialistas-revelam-como-se-livrar-da-flacidez-nos-bracos\/\" \/>\n<meta property=\"og:site_name\" content=\"Variedades - Cruso\u00e9\" \/>\n<meta property=\"article:published_time\" content=\"2026-04-25T15:00:18+00:00\" \/>\n<meta property=\"og:image\" content=\"https:\/\/cdn.crusoe.com.br\/uploads\/2026\/04\/pexels-armin-rimoldi-5301583.jpg\" \/>\n\t<meta property=\"og:image:width\" content=\"640\" \/>\n\t<meta property=\"og:image:height\" content=\"427\" \/>\n\t<meta property=\"og:image:type\" content=\"image\/jpeg\" \/>\n<meta name=\"author\" content=\"J\u00falio Nesi\" \/>\n<meta name=\"twitter:card\" content=\"summary_large_image\" \/>\n<meta name=\"twitter:label1\" content=\"Escrito por\" \/>\n\t<meta name=\"twitter:data1\" content=\"J\u00falio Nesi\" \/>\n\t<meta name=\"twitter:label2\" content=\"Est. tempo de leitura\" \/>\n\t<meta name=\"twitter:data2\" content=\"4 minutos\" \/>\n<script type=\"application\/ld+json\" class=\"yoast-schema-graph\">{\"@context\":\"https:\/\/schema.org\",\"@graph\":[{\"@type\":\"WebPage\",\"@id\":\"https:\/\/crusoe.audiencelabs.com.br\/adeus-ao-musculo-do-tchau-especialistas-revelam-como-se-livrar-da-flacidez-nos-bracos\/\",\"url\":\"https:\/\/crusoe.audiencelabs.com.br\/adeus-ao-musculo-do-tchau-especialistas-revelam-como-se-livrar-da-flacidez-nos-bracos\/\",\"name\":\"Adeus ao \\\"m\u00fasculo do tchau\\\"! Especialistas revelam como se livrar da flacidez nos bra\u00e7os\",\"isPartOf\":{\"@id\":\"https:\/\/crusoe.audiencelabs.com.br\/#website\"},\"primaryImageOfPage\":{\"@id\":\"https:\/\/crusoe.audiencelabs.com.br\/adeus-ao-musculo-do-tchau-especialistas-revelam-como-se-livrar-da-flacidez-nos-bracos\/#primaryimage\"},\"image\":{\"@id\":\"https:\/\/crusoe.audiencelabs.com.br\/adeus-ao-musculo-do-tchau-especialistas-revelam-como-se-livrar-da-flacidez-nos-bracos\/#primaryimage\"},\"thumbnailUrl\":\"https:\/\/cdn.crusoe.com.br\/uploads\/2026\/04\/pexels-armin-rimoldi-5301583.jpg\",\"datePublished\":\"2026-04-25T15:00:18+00:00\",\"author\":{\"@id\":\"https:\/\/crusoe.audiencelabs.com.br\/#\/schema\/person\/0cca5874eda7d72cef71e77a9a9c2143\"},\"breadcrumb\":{\"@id\":\"https:\/\/crusoe.audiencelabs.com.br\/adeus-ao-musculo-do-tchau-especialistas-revelam-como-se-livrar-da-flacidez-nos-bracos\/#breadcrumb\"},\"inLanguage\":\"pt-BR\",\"potentialAction\":[{\"@type\":\"ReadAction\",\"target\":[\"https:\/\/crusoe.audiencelabs.com.br\/adeus-ao-musculo-do-tchau-especialistas-revelam-como-se-livrar-da-flacidez-nos-bracos\/\"]}]},{\"@type\":\"ImageObject\",\"inLanguage\":\"pt-BR\",\"@id\":\"https:\/\/crusoe.audiencelabs.com.br\/adeus-ao-musculo-do-tchau-especialistas-revelam-como-se-livrar-da-flacidez-nos-bracos\/#primaryimage\",\"url\":\"https:\/\/cdn.crusoe.com.br\/uploads\/2026\/04\/pexels-armin-rimoldi-5301583.jpg\",\"contentUrl\":\"https:\/\/cdn.crusoe.com.br\/uploads\/2026\/04\/pexels-armin-rimoldi-5301583.jpg\",\"width\":640,\"height\":427,\"caption\":\"Reprodu\u00e7\u00e3o: Pexels \/ Armin Rimoldi\"},{\"@type\":\"BreadcrumbList\",\"@id\":\"https:\/\/crusoe.audiencelabs.com.br\/adeus-ao-musculo-do-tchau-especialistas-revelam-como-se-livrar-da-flacidez-nos-bracos\/#breadcrumb\",\"itemListElement\":[{\"@type\":\"ListItem\",\"position\":1,\"name\":\"Home\",\"item\":\"https:\/\/crusoe.audiencelabs.com.br\/\"},{\"@type\":\"ListItem\",\"position\":2,\"name\":\"Adeus ao &#8220;m\u00fasculo do tchau&#8221;! Especialistas revelam como se livrar da flacidez nos bra\u00e7os\"}]},{\"@type\":\"WebSite\",\"@id\":\"https:\/\/crusoe.audiencelabs.com.br\/#website\",\"url\":\"https:\/\/crusoe.audiencelabs.com.br\/\",\"name\":\"Variedades - Cruso\u00e9\",\"description\":\"\",\"potentialAction\":[{\"@type\":\"SearchAction\",\"target\":{\"@type\":\"EntryPoint\",\"urlTemplate\":\"https:\/\/crusoe.audiencelabs.com.br\/?s={search_term_string}\"},\"query-input\":{\"@type\":\"PropertyValueSpecification\",\"valueRequired\":true,\"valueName\":\"search_term_string\"}}],\"inLanguage\":\"pt-BR\"},{\"@type\":\"Person\",\"@id\":\"https:\/\/crusoe.audiencelabs.com.br\/#\/schema\/person\/0cca5874eda7d72cef71e77a9a9c2143\",\"name\":\"J\u00falio Nesi\",\"image\":{\"@type\":\"ImageObject\",\"inLanguage\":\"pt-BR\",\"@id\":\"https:\/\/crusoe.audiencelabs.com.br\/#\/schema\/person\/image\/\",\"url\":\"https:\/\/secure.gravatar.com\/avatar\/c22eb47c3e2320e71637346b980e09f63de9f75742d3335f94a26b83dff70473?s=96&d=mm&r=g\",\"contentUrl\":\"https:\/\/secure.gravatar.com\/avatar\/c22eb47c3e2320e71637346b980e09f63de9f75742d3335f94a26b83dff70473?s=96&d=mm&r=g\",\"caption\":\"J\u00falio Nesi\"},\"description\":\"Jornalista alagoano formado pela UFAL, j\u00e1 atuei em produ\u00e7\u00e3o de conte\u00fado digital para portais, r\u00e1dio e redes sociais.\",\"sameAs\":[\"www.linkedin.com\/in\/j\u00falio-nesi\"],\"url\":\"https:\/\/crusoe.audiencelabs.com.br\/author\/julionesi\/\"}]}<\/script>\n<!-- \/ Yoast SEO plugin. -->","yoast_head_json":{"title":"Adeus ao \"m\u00fasculo do tchau\"! Especialistas revelam como se livrar da flacidez nos bra\u00e7os","robots":{"index":"index","follow":"follow","max-snippet":"max-snippet:-1","max-image-preview":"max-image-preview:large","max-video-preview":"max-video-preview:-1"},"canonical":"https:\/\/crusoe.audiencelabs.com.br\/adeus-ao-musculo-do-tchau-especialistas-revelam-como-se-livrar-da-flacidez-nos-bracos\/","og_locale":"pt_BR","og_type":"article","og_title":"Adeus ao \"m\u00fasculo do tchau\"! Especialistas revelam como se livrar da flacidez nos bra\u00e7os","og_description":"Quem j\u00e1 estendeu o bra\u00e7o para acenar e sentiu aquela regi\u00e3o interna balan\u00e7ar sozinha? Essa \u00e1rea \u00e9 o tr\u00edceps braquial, tamb\u00e9m conhecido como &#8220;m\u00fasculo do tchau&#8220;. Essa \u00e1rea \u00e9 a flacidez que se forma na parte posterior e interna dos bra\u00e7os, e ela tem um motivo muito espec\u00edfico para aparecer. O tr\u00edceps braquial \u00e9 um [&hellip;]","og_url":"https:\/\/crusoe.audiencelabs.com.br\/adeus-ao-musculo-do-tchau-especialistas-revelam-como-se-livrar-da-flacidez-nos-bracos\/","og_site_name":"Variedades - Cruso\u00e9","article_published_time":"2026-04-25T15:00:18+00:00","og_image":[{"width":640,"height":427,"url":"https:\/\/cdn.crusoe.com.br\/uploads\/2026\/04\/pexels-armin-rimoldi-5301583.jpg","type":"image\/jpeg"}],"author":"J\u00falio Nesi","twitter_card":"summary_large_image","twitter_misc":{"Escrito por":"J\u00falio Nesi","Est. tempo de leitura":"4 minutos"},"schema":{"@context":"https:\/\/schema.org","@graph":[{"@type":"WebPage","@id":"https:\/\/crusoe.audiencelabs.com.br\/adeus-ao-musculo-do-tchau-especialistas-revelam-como-se-livrar-da-flacidez-nos-bracos\/","url":"https:\/\/crusoe.audiencelabs.com.br\/adeus-ao-musculo-do-tchau-especialistas-revelam-como-se-livrar-da-flacidez-nos-bracos\/","name":"Adeus ao \"m\u00fasculo do tchau\"! Especialistas revelam como se livrar da flacidez nos bra\u00e7os","isPartOf":{"@id":"https:\/\/crusoe.audiencelabs.com.br\/#website"},"primaryImageOfPage":{"@id":"https:\/\/crusoe.audiencelabs.com.br\/adeus-ao-musculo-do-tchau-especialistas-revelam-como-se-livrar-da-flacidez-nos-bracos\/#primaryimage"},"image":{"@id":"https:\/\/crusoe.audiencelabs.com.br\/adeus-ao-musculo-do-tchau-especialistas-revelam-como-se-livrar-da-flacidez-nos-bracos\/#primaryimage"},"thumbnailUrl":"https:\/\/cdn.crusoe.com.br\/uploads\/2026\/04\/pexels-armin-rimoldi-5301583.jpg","datePublished":"2026-04-25T15:00:18+00:00","author":{"@id":"https:\/\/crusoe.audiencelabs.com.br\/#\/schema\/person\/0cca5874eda7d72cef71e77a9a9c2143"},"breadcrumb":{"@id":"https:\/\/crusoe.audiencelabs.com.br\/adeus-ao-musculo-do-tchau-especialistas-revelam-como-se-livrar-da-flacidez-nos-bracos\/#breadcrumb"},"inLanguage":"pt-BR","potentialAction":[{"@type":"ReadAction","target":["https:\/\/crusoe.audiencelabs.com.br\/adeus-ao-musculo-do-tchau-especialistas-revelam-como-se-livrar-da-flacidez-nos-bracos\/"]}]},{"@type":"ImageObject","inLanguage":"pt-BR","@id":"https:\/\/crusoe.audiencelabs.com.br\/adeus-ao-musculo-do-tchau-especialistas-revelam-como-se-livrar-da-flacidez-nos-bracos\/#primaryimage","url":"https:\/\/cdn.crusoe.com.br\/uploads\/2026\/04\/pexels-armin-rimoldi-5301583.jpg","contentUrl":"https:\/\/cdn.crusoe.com.br\/uploads\/2026\/04\/pexels-armin-rimoldi-5301583.jpg","width":640,"height":427,"caption":"Reprodu\u00e7\u00e3o: Pexels \/ Armin Rimoldi"},{"@type":"BreadcrumbList","@id":"https:\/\/crusoe.audiencelabs.com.br\/adeus-ao-musculo-do-tchau-especialistas-revelam-como-se-livrar-da-flacidez-nos-bracos\/#breadcrumb","itemListElement":[{"@type":"ListItem","position":1,"name":"Home","item":"https:\/\/crusoe.audiencelabs.com.br\/"},{"@type":"ListItem","position":2,"name":"Adeus ao &#8220;m\u00fasculo do tchau&#8221;! Especialistas revelam como se livrar da flacidez nos bra\u00e7os"}]},{"@type":"WebSite","@id":"https:\/\/crusoe.audiencelabs.com.br\/#website","url":"https:\/\/crusoe.audiencelabs.com.br\/","name":"Variedades - Cruso\u00e9","description":"","potentialAction":[{"@type":"SearchAction","target":{"@type":"EntryPoint","urlTemplate":"https:\/\/crusoe.audiencelabs.com.br\/?s={search_term_string}"},"query-input":{"@type":"PropertyValueSpecification","valueRequired":true,"valueName":"search_term_string"}}],"inLanguage":"pt-BR"},{"@type":"Person","@id":"https:\/\/crusoe.audiencelabs.com.br\/#\/schema\/person\/0cca5874eda7d72cef71e77a9a9c2143","name":"J\u00falio Nesi","image":{"@type":"ImageObject","inLanguage":"pt-BR","@id":"https:\/\/crusoe.audiencelabs.com.br\/#\/schema\/person\/image\/","url":"https:\/\/secure.gravatar.com\/avatar\/c22eb47c3e2320e71637346b980e09f63de9f75742d3335f94a26b83dff70473?s=96&d=mm&r=g","contentUrl":"https:\/\/secure.gravatar.com\/avatar\/c22eb47c3e2320e71637346b980e09f63de9f75742d3335f94a26b83dff70473?s=96&d=mm&r=g","caption":"J\u00falio Nesi"},"description":"Jornalista alagoano formado pela UFAL, j\u00e1 atuei em produ\u00e7\u00e3o de conte\u00fado digital para portais, r\u00e1dio e redes sociais.","sameAs":["www.linkedin.com\/in\/j\u00falio-nesi"],"url":"https:\/\/crusoe.audiencelabs.com.br\/author\/julionesi\/"}]}},"_links":{"self":[{"href":"https:\/\/crusoe.audiencelabs.com.br\/wp-json\/wp\/v2\/posts\/37574","targetHints":{"allow":["GET"]}}],"collection":[{"href":"https:\/\/crusoe.audiencelabs.com.br\/wp-json\/wp\/v2\/posts"}],"about":[{"href":"https:\/\/crusoe.audiencelabs.com.br\/wp-json\/wp\/v2\/types\/post"}],"author":[{"embeddable":true,"href":"https:\/\/crusoe.audiencelabs.com.br\/wp-json\/wp\/v2\/users\/15"}],"replies":[{"embeddable":true,"href":"https:\/\/crusoe.audiencelabs.com.br\/wp-json\/wp\/v2\/comments?post=37574"}],"version-history":[{"count":1,"href":"https:\/\/crusoe.audiencelabs.com.br\/wp-json\/wp\/v2\/posts\/37574\/revisions"}],"predecessor-version":[{"id":37576,"href":"https:\/\/crusoe.audiencelabs.com.br\/wp-json\/wp\/v2\/posts\/37574\/revisions\/37576"}],"wp:featuredmedia":[{"embeddable":true,"href":"https:\/\/crusoe.audiencelabs.com.br\/wp-json\/wp\/v2\/media\/37575"}],"wp:attachment":[{"href":"https:\/\/crusoe.audiencelabs.com.br\/wp-json\/wp\/v2\/media?parent=37574"}],"wp:term":[{"taxonomy":"category","embeddable":true,"href":"https:\/\/crusoe.audiencelabs.com.br\/wp-json\/wp\/v2\/categories?post=37574"},{"taxonomy":"post_tag","embeddable":true,"href":"https:\/\/crusoe.audiencelabs.com.br\/wp-json\/wp\/v2\/tags?post=37574"}],"curies":[{"name":"wp","href":"https:\/\/api.w.org\/{rel}","templated":true}]}}