{"id":36777,"date":"2026-04-09T16:34:04","date_gmt":"2026-04-09T19:34:04","guid":{"rendered":"https:\/\/crusoe.audiencelabs.com.br\/?p=36777"},"modified":"2026-04-09T12:52:49","modified_gmt":"2026-04-09T15:52:49","slug":"os-4-meses-de-nascimento-que-sao-o-coracao-da-familia","status":"publish","type":"post","link":"https:\/\/crusoe.audiencelabs.com.br\/os-4-meses-de-nascimento-que-sao-o-coracao-da-familia\/","title":{"rendered":"Os 4 meses de nascimento que s\u00e3o o cora\u00e7\u00e3o da fam\u00edlia"},"content":{"rendered":"<p>Toda fam\u00edlia tem membros que prezam pela conex\u00e3o cont\u00ednua das pessoas amadas e pela manuten\u00e7\u00e3o da paz entre os familiares. Essas pessoas n\u00e3o s\u00e3o necessariamente &#8220;l\u00edderes&#8221; da fam\u00edlia, mas t\u00eam uma qualidade espec\u00edfica: s\u00e3o uma esp\u00e9cie de &#8220;\u00e2ncora&#8221; emocional entre os familiares.<\/p>\n<p>Essas pessoas t\u00eam caracter\u00edsticas diversas e nascimentos variados, mas a <strong>astrologia<\/strong> sugere que pessoas nascidas em certos meses possuem predisposi\u00e7\u00e3o a isso.<\/p>\n<h2>Quem s\u00e3o essas pessoas?<\/h2>\n<p>Astr\u00f3logos fizeram um mapeamento das pessoas que nascem com uma tend\u00eancia natural a serem &#8220;cora\u00e7\u00f5es&#8221; da fam\u00edlia. Isso se d\u00e1 a qualidades ligadas a signos espec\u00edficos no zod\u00edaco; <strong>s\u00e3o eles:<\/strong><\/p>\n<p><strong>Fevereiro<\/strong><\/p>\n<p>O primeiro m\u00eas \u00e9 o que cont\u00e9m os signos de <strong>Peixes<\/strong> e <strong>Aqu\u00e1rio<\/strong>. Segundo astr\u00f3logos, esses signos trazem uma maior percep\u00e7\u00e3o emocional que permite \u00e0s pessoas contempladas por eles ajudar aos amigos e familiares a se sentirem vistos e aceitos.<\/p>\n<p>De acordo com a astrologia, pessoas com esses signos t\u00eam uma habilidade natural de sintonizar com as emo\u00e7\u00f5es alheias e percebem quando algu\u00e9m est\u00e1 passando por momentos turbulentos antes que os outros. Esse talento permite que piscinianos e aquarianos n\u00e3o apenas simpatizem, mas tamb\u00e9m criem ambientes seguros para essas pessoas.<\/p>\n<p><strong>Maio<\/strong><\/p>\n<p>O m\u00eas de geminianos e taurinos. A astrologia destaca que maio \u00e9 o m\u00eas com os signos especialistas em criar estabilidade, conforto e comunica\u00e7\u00e3o constante e honesta. Pessoas dos signos de <strong>Touro<\/strong> e <strong>G\u00eameos\u00a0<\/strong>s\u00e3o pessoas que est\u00e3o presentes na vida dos amados amigos e familiares em qualquer ocasi\u00e3o.<\/p>\n<p>Astrologos apontam que essas pessoas conseguem transmitir seguran\u00e7a aos outros, seja por estarem presentes ou oferecerem ajuda pr\u00e1tica. Al\u00e9m disso, as habilidades comunicativas dessas pessoas ajudam os outros a manter contato, servindo como uma esp\u00e9cie de &#8220;ponte&#8221; entre os entes queridos.<\/p>\n<p><strong>Julho<\/strong><\/p>\n<p>Neste m\u00eas, os astr\u00f3logos destacam os signos de <strong>C\u00e2ncer<\/strong> e\u00a0<span style=\"margin: 0px;padding: 0px\"><strong>Le\u00e3o<\/strong><\/span>. De acordo com os especialistas, pessoas desses signos tendem a criar atmosferas familiares preenchidas de amor e lealdade. Pessoas nascidas desse m\u00eas geralmente se orgulham de cuidar dos outros e fazer os amigos e entes queridos se &#8220;sentirem em casa&#8221; perto deles.<\/p>\n<p>No caso dessas pessoas, elas s\u00e3o as melhores em entrar no papel de cuidadores, seja relembrando datas importantes, oferecer suporte emocional em tempos dif\u00edceis ou simplesmente ouvindo os amigos.<\/p>\n<p><strong>Outubro<\/strong><\/p>\n<p>O m\u00eas de outubro \u00e9 conhecido pelos signos de <strong>Libra<\/strong>, que valoriza honestidade e justi\u00e7a, e\u00a0<span style=\"margin: 0px;padding: 0px\"><strong>Escorpi\u00e3o<\/strong><\/span>, que \u00e9 leal e forma conex\u00f5es profundas. Astr\u00f3logos destacam que outubro \u00e9 o m\u00eas dos &#8220;diplomatas&#8221;, pessoas capazes de manter a uni\u00e3o de seus grupos. Essas pessoas tendem a ser compreensivas, criando harmonia por onde passam.<\/p>\n<p>Quando ocorrem problemas na fam\u00edlia ou no grupo de amigos, essas pessoas tendem a ser as primeiras a mediar e tentar restaurar a paz. Isso se d\u00e1 a um talento natural de entender diferentes vis\u00f5es e de concili\u00e1-las.<\/p>\n","protected":false},"excerpt":{"rendered":"<p>Toda fam\u00edlia tem membros que prezam pela conex\u00e3o cont\u00ednua das pessoas amadas e pela manuten\u00e7\u00e3o da paz entre os familiares. Essas pessoas n\u00e3o s\u00e3o necessariamente &#8220;l\u00edderes&#8221; da fam\u00edlia, mas t\u00eam uma qualidade espec\u00edfica: s\u00e3o uma esp\u00e9cie de &#8220;\u00e2ncora&#8221; emocional entre os familiares. Essas pessoas t\u00eam caracter\u00edsticas diversas e nascimentos variados, mas a astrologia sugere que [&hellip;]<\/p>\n","protected":false},"author":15,"featured_media":36787,"comment_status":"open","ping_status":"open","sticky":false,"template":"","format":"standard","meta":{"jnews-multi-image_gallery":[],"jnews_single_post":{"format":"standard","jnews_video_option_group":[[]],"override":[{"template":"2","parallax":"1","fullscreen":"1","layout":"right-sidebar","sidebar":"default-sidebar","second_sidebar":"default-sidebar","sticky_sidebar":"1","share_position":"hide","share_float_style":"share-monocrhome","show_featured":"1","show_post_meta":"1","show_post_author":"1","show_post_date":"1","post_date_format":"default","post_date_format_custom":"Y\/m\/d","show_post_category":"1","show_post_reading_time":"0","post_reading_time_wpm":"300","post_calculate_word_method":"str_word_count","show_zoom_button":"0","zoom_button_out_step":"2","zoom_button_in_step":"3","show_post_tag":"1","show_popup_post":"1","number_popup_post":"1","show_author_box":"1","show_post_related":"0"}],"image_override":[{"single_post_thumbnail_size":"crop-500","single_post_gallery_size":"crop-500"}],"trending_post_position":"meta","trending_post_label":"Trending","sponsored_post_label":"Sponsored by","disable_ad":"0","subtitle":"Astr\u00f3logos destacaram oito signos nesses meses que s\u00e3o \"\u00e2ncoras\" emocionais"},"jnews_primary_category":[],"jnews_override_counter":{"view_counter_number":"0","share_counter_number":"0","like_counter_number":"0","dislike_counter_number":"0"},"jnews_post_split":{"post_split":[{"template":"1","tag":"h2","numbering":"asc","mode":"normal","first":"0","enable_toc":"0","toc_type":"normal"}]},"footnotes":""},"categories":[1],"tags":[7115,1012,901,2158,5396,7117,955,7116,7114,7118,2516,2640,1009,4057,1196],"class_list":["post-36777","post","type-post","status-publish","format-standard","has-post-thumbnail","hentry","category-geral","tag-aquario","tag-astrologia","tag-cancer","tag-escorpiao","tag-fevereiro","tag-gemeos","tag-julho","tag-leao","tag-libra","tag-maio","tag-outubro","tag-peixes","tag-signos","tag-touro","tag-zodiaco"],"yoast_head":"<!-- This site is optimized with the Yoast SEO plugin v25.0 - https:\/\/yoast.com\/wordpress\/plugins\/seo\/ -->\n<title>Os 4 meses de nascimento que s\u00e3o o cora\u00e7\u00e3o da fam\u00edlia<\/title>\n<meta name=\"robots\" content=\"index, follow, max-snippet:-1, max-image-preview:large, max-video-preview:-1\" \/>\n<link rel=\"canonical\" href=\"https:\/\/crusoe.audiencelabs.com.br\/os-4-meses-de-nascimento-que-sao-o-coracao-da-familia\/\" \/>\n<meta property=\"og:locale\" content=\"pt_BR\" \/>\n<meta property=\"og:type\" content=\"article\" \/>\n<meta property=\"og:title\" content=\"Os 4 meses de nascimento que s\u00e3o o cora\u00e7\u00e3o da fam\u00edlia\" \/>\n<meta property=\"og:description\" content=\"Toda fam\u00edlia tem membros que prezam pela conex\u00e3o cont\u00ednua das pessoas amadas e pela manuten\u00e7\u00e3o da paz entre os familiares. Essas pessoas n\u00e3o s\u00e3o necessariamente &#8220;l\u00edderes&#8221; da fam\u00edlia, mas t\u00eam uma qualidade espec\u00edfica: s\u00e3o uma esp\u00e9cie de &#8220;\u00e2ncora&#8221; emocional entre os familiares. Essas pessoas t\u00eam caracter\u00edsticas diversas e nascimentos variados, mas a astrologia sugere que [&hellip;]\" \/>\n<meta property=\"og:url\" content=\"https:\/\/crusoe.audiencelabs.com.br\/os-4-meses-de-nascimento-que-sao-o-coracao-da-familia\/\" \/>\n<meta property=\"og:site_name\" content=\"Variedades - Cruso\u00e9\" \/>\n<meta property=\"article:published_time\" content=\"2026-04-09T19:34:04+00:00\" \/>\n<meta property=\"og:image\" content=\"https:\/\/cdn.crusoe.com.br\/uploads\/2026\/04\/jessica-rockowitz-5NLCaz2wJXE-unsplash.jpg\" \/>\n\t<meta property=\"og:image:width\" content=\"640\" \/>\n\t<meta property=\"og:image:height\" content=\"493\" \/>\n\t<meta property=\"og:image:type\" content=\"image\/jpeg\" \/>\n<meta name=\"author\" content=\"J\u00falio Nesi\" \/>\n<meta name=\"twitter:card\" content=\"summary_large_image\" \/>\n<meta name=\"twitter:label1\" content=\"Escrito por\" \/>\n\t<meta name=\"twitter:data1\" content=\"J\u00falio Nesi\" \/>\n\t<meta name=\"twitter:label2\" content=\"Est. tempo de leitura\" \/>\n\t<meta name=\"twitter:data2\" content=\"3 minutos\" \/>\n<script type=\"application\/ld+json\" class=\"yoast-schema-graph\">{\"@context\":\"https:\/\/schema.org\",\"@graph\":[{\"@type\":\"WebPage\",\"@id\":\"https:\/\/crusoe.audiencelabs.com.br\/os-4-meses-de-nascimento-que-sao-o-coracao-da-familia\/\",\"url\":\"https:\/\/crusoe.audiencelabs.com.br\/os-4-meses-de-nascimento-que-sao-o-coracao-da-familia\/\",\"name\":\"Os 4 meses de nascimento que s\u00e3o o cora\u00e7\u00e3o da fam\u00edlia\",\"isPartOf\":{\"@id\":\"https:\/\/crusoe.audiencelabs.com.br\/#website\"},\"primaryImageOfPage\":{\"@id\":\"https:\/\/crusoe.audiencelabs.com.br\/os-4-meses-de-nascimento-que-sao-o-coracao-da-familia\/#primaryimage\"},\"image\":{\"@id\":\"https:\/\/crusoe.audiencelabs.com.br\/os-4-meses-de-nascimento-que-sao-o-coracao-da-familia\/#primaryimage\"},\"thumbnailUrl\":\"https:\/\/cdn.crusoe.com.br\/uploads\/2026\/04\/jessica-rockowitz-5NLCaz2wJXE-unsplash.jpg\",\"datePublished\":\"2026-04-09T19:34:04+00:00\",\"author\":{\"@id\":\"https:\/\/crusoe.audiencelabs.com.br\/#\/schema\/person\/0cca5874eda7d72cef71e77a9a9c2143\"},\"breadcrumb\":{\"@id\":\"https:\/\/crusoe.audiencelabs.com.br\/os-4-meses-de-nascimento-que-sao-o-coracao-da-familia\/#breadcrumb\"},\"inLanguage\":\"pt-BR\",\"potentialAction\":[{\"@type\":\"ReadAction\",\"target\":[\"https:\/\/crusoe.audiencelabs.com.br\/os-4-meses-de-nascimento-que-sao-o-coracao-da-familia\/\"]}]},{\"@type\":\"ImageObject\",\"inLanguage\":\"pt-BR\",\"@id\":\"https:\/\/crusoe.audiencelabs.com.br\/os-4-meses-de-nascimento-que-sao-o-coracao-da-familia\/#primaryimage\",\"url\":\"https:\/\/cdn.crusoe.com.br\/uploads\/2026\/04\/jessica-rockowitz-5NLCaz2wJXE-unsplash.jpg\",\"contentUrl\":\"https:\/\/cdn.crusoe.com.br\/uploads\/2026\/04\/jessica-rockowitz-5NLCaz2wJXE-unsplash.jpg\",\"width\":640,\"height\":493,\"caption\":\"Reprodu\u00e7\u00e3o: Unsplash \/ Jessica Rockowitz\"},{\"@type\":\"BreadcrumbList\",\"@id\":\"https:\/\/crusoe.audiencelabs.com.br\/os-4-meses-de-nascimento-que-sao-o-coracao-da-familia\/#breadcrumb\",\"itemListElement\":[{\"@type\":\"ListItem\",\"position\":1,\"name\":\"Home\",\"item\":\"https:\/\/crusoe.audiencelabs.com.br\/\"},{\"@type\":\"ListItem\",\"position\":2,\"name\":\"Os 4 meses de nascimento que s\u00e3o o cora\u00e7\u00e3o da fam\u00edlia\"}]},{\"@type\":\"WebSite\",\"@id\":\"https:\/\/crusoe.audiencelabs.com.br\/#website\",\"url\":\"https:\/\/crusoe.audiencelabs.com.br\/\",\"name\":\"Variedades - Cruso\u00e9\",\"description\":\"\",\"potentialAction\":[{\"@type\":\"SearchAction\",\"target\":{\"@type\":\"EntryPoint\",\"urlTemplate\":\"https:\/\/crusoe.audiencelabs.com.br\/?s={search_term_string}\"},\"query-input\":{\"@type\":\"PropertyValueSpecification\",\"valueRequired\":true,\"valueName\":\"search_term_string\"}}],\"inLanguage\":\"pt-BR\"},{\"@type\":\"Person\",\"@id\":\"https:\/\/crusoe.audiencelabs.com.br\/#\/schema\/person\/0cca5874eda7d72cef71e77a9a9c2143\",\"name\":\"J\u00falio Nesi\",\"image\":{\"@type\":\"ImageObject\",\"inLanguage\":\"pt-BR\",\"@id\":\"https:\/\/crusoe.audiencelabs.com.br\/#\/schema\/person\/image\/\",\"url\":\"https:\/\/secure.gravatar.com\/avatar\/c22eb47c3e2320e71637346b980e09f63de9f75742d3335f94a26b83dff70473?s=96&d=mm&r=g\",\"contentUrl\":\"https:\/\/secure.gravatar.com\/avatar\/c22eb47c3e2320e71637346b980e09f63de9f75742d3335f94a26b83dff70473?s=96&d=mm&r=g\",\"caption\":\"J\u00falio Nesi\"},\"description\":\"Jornalista alagoano formado pela UFAL, j\u00e1 atuei em produ\u00e7\u00e3o de conte\u00fado digital para portais, r\u00e1dio e redes sociais.\",\"sameAs\":[\"www.linkedin.com\/in\/j\u00falio-nesi\"],\"url\":\"https:\/\/crusoe.audiencelabs.com.br\/author\/julionesi\/\"}]}<\/script>\n<!-- \/ Yoast SEO plugin. -->","yoast_head_json":{"title":"Os 4 meses de nascimento que s\u00e3o o cora\u00e7\u00e3o da fam\u00edlia","robots":{"index":"index","follow":"follow","max-snippet":"max-snippet:-1","max-image-preview":"max-image-preview:large","max-video-preview":"max-video-preview:-1"},"canonical":"https:\/\/crusoe.audiencelabs.com.br\/os-4-meses-de-nascimento-que-sao-o-coracao-da-familia\/","og_locale":"pt_BR","og_type":"article","og_title":"Os 4 meses de nascimento que s\u00e3o o cora\u00e7\u00e3o da fam\u00edlia","og_description":"Toda fam\u00edlia tem membros que prezam pela conex\u00e3o cont\u00ednua das pessoas amadas e pela manuten\u00e7\u00e3o da paz entre os familiares. Essas pessoas n\u00e3o s\u00e3o necessariamente &#8220;l\u00edderes&#8221; da fam\u00edlia, mas t\u00eam uma qualidade espec\u00edfica: s\u00e3o uma esp\u00e9cie de &#8220;\u00e2ncora&#8221; emocional entre os familiares. Essas pessoas t\u00eam caracter\u00edsticas diversas e nascimentos variados, mas a astrologia sugere que [&hellip;]","og_url":"https:\/\/crusoe.audiencelabs.com.br\/os-4-meses-de-nascimento-que-sao-o-coracao-da-familia\/","og_site_name":"Variedades - Cruso\u00e9","article_published_time":"2026-04-09T19:34:04+00:00","og_image":[{"width":640,"height":493,"url":"https:\/\/cdn.crusoe.com.br\/uploads\/2026\/04\/jessica-rockowitz-5NLCaz2wJXE-unsplash.jpg","type":"image\/jpeg"}],"author":"J\u00falio Nesi","twitter_card":"summary_large_image","twitter_misc":{"Escrito por":"J\u00falio Nesi","Est. tempo de leitura":"3 minutos"},"schema":{"@context":"https:\/\/schema.org","@graph":[{"@type":"WebPage","@id":"https:\/\/crusoe.audiencelabs.com.br\/os-4-meses-de-nascimento-que-sao-o-coracao-da-familia\/","url":"https:\/\/crusoe.audiencelabs.com.br\/os-4-meses-de-nascimento-que-sao-o-coracao-da-familia\/","name":"Os 4 meses de nascimento que s\u00e3o o cora\u00e7\u00e3o da fam\u00edlia","isPartOf":{"@id":"https:\/\/crusoe.audiencelabs.com.br\/#website"},"primaryImageOfPage":{"@id":"https:\/\/crusoe.audiencelabs.com.br\/os-4-meses-de-nascimento-que-sao-o-coracao-da-familia\/#primaryimage"},"image":{"@id":"https:\/\/crusoe.audiencelabs.com.br\/os-4-meses-de-nascimento-que-sao-o-coracao-da-familia\/#primaryimage"},"thumbnailUrl":"https:\/\/cdn.crusoe.com.br\/uploads\/2026\/04\/jessica-rockowitz-5NLCaz2wJXE-unsplash.jpg","datePublished":"2026-04-09T19:34:04+00:00","author":{"@id":"https:\/\/crusoe.audiencelabs.com.br\/#\/schema\/person\/0cca5874eda7d72cef71e77a9a9c2143"},"breadcrumb":{"@id":"https:\/\/crusoe.audiencelabs.com.br\/os-4-meses-de-nascimento-que-sao-o-coracao-da-familia\/#breadcrumb"},"inLanguage":"pt-BR","potentialAction":[{"@type":"ReadAction","target":["https:\/\/crusoe.audiencelabs.com.br\/os-4-meses-de-nascimento-que-sao-o-coracao-da-familia\/"]}]},{"@type":"ImageObject","inLanguage":"pt-BR","@id":"https:\/\/crusoe.audiencelabs.com.br\/os-4-meses-de-nascimento-que-sao-o-coracao-da-familia\/#primaryimage","url":"https:\/\/cdn.crusoe.com.br\/uploads\/2026\/04\/jessica-rockowitz-5NLCaz2wJXE-unsplash.jpg","contentUrl":"https:\/\/cdn.crusoe.com.br\/uploads\/2026\/04\/jessica-rockowitz-5NLCaz2wJXE-unsplash.jpg","width":640,"height":493,"caption":"Reprodu\u00e7\u00e3o: Unsplash \/ Jessica Rockowitz"},{"@type":"BreadcrumbList","@id":"https:\/\/crusoe.audiencelabs.com.br\/os-4-meses-de-nascimento-que-sao-o-coracao-da-familia\/#breadcrumb","itemListElement":[{"@type":"ListItem","position":1,"name":"Home","item":"https:\/\/crusoe.audiencelabs.com.br\/"},{"@type":"ListItem","position":2,"name":"Os 4 meses de nascimento que s\u00e3o o cora\u00e7\u00e3o da fam\u00edlia"}]},{"@type":"WebSite","@id":"https:\/\/crusoe.audiencelabs.com.br\/#website","url":"https:\/\/crusoe.audiencelabs.com.br\/","name":"Variedades - Cruso\u00e9","description":"","potentialAction":[{"@type":"SearchAction","target":{"@type":"EntryPoint","urlTemplate":"https:\/\/crusoe.audiencelabs.com.br\/?s={search_term_string}"},"query-input":{"@type":"PropertyValueSpecification","valueRequired":true,"valueName":"search_term_string"}}],"inLanguage":"pt-BR"},{"@type":"Person","@id":"https:\/\/crusoe.audiencelabs.com.br\/#\/schema\/person\/0cca5874eda7d72cef71e77a9a9c2143","name":"J\u00falio Nesi","image":{"@type":"ImageObject","inLanguage":"pt-BR","@id":"https:\/\/crusoe.audiencelabs.com.br\/#\/schema\/person\/image\/","url":"https:\/\/secure.gravatar.com\/avatar\/c22eb47c3e2320e71637346b980e09f63de9f75742d3335f94a26b83dff70473?s=96&d=mm&r=g","contentUrl":"https:\/\/secure.gravatar.com\/avatar\/c22eb47c3e2320e71637346b980e09f63de9f75742d3335f94a26b83dff70473?s=96&d=mm&r=g","caption":"J\u00falio Nesi"},"description":"Jornalista alagoano formado pela UFAL, j\u00e1 atuei em produ\u00e7\u00e3o de conte\u00fado digital para portais, r\u00e1dio e redes sociais.","sameAs":["www.linkedin.com\/in\/j\u00falio-nesi"],"url":"https:\/\/crusoe.audiencelabs.com.br\/author\/julionesi\/"}]}},"_links":{"self":[{"href":"https:\/\/crusoe.audiencelabs.com.br\/wp-json\/wp\/v2\/posts\/36777","targetHints":{"allow":["GET"]}}],"collection":[{"href":"https:\/\/crusoe.audiencelabs.com.br\/wp-json\/wp\/v2\/posts"}],"about":[{"href":"https:\/\/crusoe.audiencelabs.com.br\/wp-json\/wp\/v2\/types\/post"}],"author":[{"embeddable":true,"href":"https:\/\/crusoe.audiencelabs.com.br\/wp-json\/wp\/v2\/users\/15"}],"replies":[{"embeddable":true,"href":"https:\/\/crusoe.audiencelabs.com.br\/wp-json\/wp\/v2\/comments?post=36777"}],"version-history":[{"count":1,"href":"https:\/\/crusoe.audiencelabs.com.br\/wp-json\/wp\/v2\/posts\/36777\/revisions"}],"predecessor-version":[{"id":36788,"href":"https:\/\/crusoe.audiencelabs.com.br\/wp-json\/wp\/v2\/posts\/36777\/revisions\/36788"}],"wp:featuredmedia":[{"embeddable":true,"href":"https:\/\/crusoe.audiencelabs.com.br\/wp-json\/wp\/v2\/media\/36787"}],"wp:attachment":[{"href":"https:\/\/crusoe.audiencelabs.com.br\/wp-json\/wp\/v2\/media?parent=36777"}],"wp:term":[{"taxonomy":"category","embeddable":true,"href":"https:\/\/crusoe.audiencelabs.com.br\/wp-json\/wp\/v2\/categories?post=36777"},{"taxonomy":"post_tag","embeddable":true,"href":"https:\/\/crusoe.audiencelabs.com.br\/wp-json\/wp\/v2\/tags?post=36777"}],"curies":[{"name":"wp","href":"https:\/\/api.w.org\/{rel}","templated":true}]}}