{"id":36769,"date":"2026-04-09T14:33:55","date_gmt":"2026-04-09T17:33:55","guid":{"rendered":"https:\/\/crusoe.audiencelabs.com.br\/?p=36769"},"modified":"2026-04-09T11:33:24","modified_gmt":"2026-04-09T14:33:24","slug":"programa-que-marcou-a-decada-de-90-ganha-nova-versao-e-vai-passar-na-tv-aberta","status":"publish","type":"post","link":"https:\/\/crusoe.audiencelabs.com.br\/programa-que-marcou-a-decada-de-90-ganha-nova-versao-e-vai-passar-na-tv-aberta\/","title":{"rendered":"Programa que marcou a d\u00e9cada de 90 ganha nova vers\u00e3o e vai passar na TV aberta"},"content":{"rendered":"<p>A TV Globo abriu seu ba\u00fa de antiguidades e resolveu trazer um de seus programas de maior sucesso da d\u00e9cada de 90 de volta: o &#8220;<strong>Voc\u00ea Decide<\/strong>&#8220;. O programa vai voltar ao ar como um quadro no <strong>Doming\u00e3o com Huck\u00a0<\/strong>durante a Copa do Mundo deste ano.<\/p>\n<p>O programa estreou originalmente em 1992 na Globo e continuou ao ar at\u00e9 2000, transmitindo mais de 300 epis\u00f3dios ao longo de nove temporadas. O programa contou com a apresenta\u00e7\u00e3o e participa\u00e7\u00e3o de diversos artistas como <strong>Tony Ramos<\/strong>, <strong>Ant\u00f4nio Fagundes<\/strong> e <strong>Raul Cortez<\/strong>. O programa tamb\u00e9m contou com a apresenta\u00e7\u00e3o da jornalista <strong>Renata Ceribelli<\/strong> em 1995<\/p>\n<h2>Como era o programa?<\/h2>\n<p>O programa ganhou fama por ter sido um dos pioneiros da <strong>TV brasileira<\/strong> a interagir diretamente com o p\u00fablico, criando engajamento din\u00e2mico. O apresentador abria o programa mostrando o caso do dia e a trama era transmitida em blocos: em cada um o protagonista chegava a uma encruzilhada onde precisava tomar uma decis\u00e3o dif\u00edcil no formato de &#8220;sim&#8221; ou &#8220;n\u00e3o&#8221;.<\/p>\n<p>Ap\u00f3s a decis\u00e3o ser apresentada, o p\u00fablico tinha que votar pela escolha do protagonista e isso podia mudar o final da trama. O apresentador ocasionalmente mostrava as parciais da vota\u00e7\u00e3o e o programa chegou a receber mais de 150 mil chamadas por epis\u00f3dio em seu auge. Os votos eram feitos por telefone (via um sistema 0800 gratuito).<\/p>\n<p>Ap\u00f3s agariar e contar os votos, a produ\u00e7\u00e3o mostrava o final do epis\u00f3dio. Para cada epis\u00f3dio, a produ\u00e7\u00e3o gravava duas vers\u00f5es do final. Apenas o desfecho vencedor da vota\u00e7\u00e3o popular ia ao ar.<\/p>\n<p>Al\u00e9m dos votos, equipes de reportagem tamb\u00e9m iam para as ruas de v\u00e1rias cidades para entrevistar o p\u00fablico. Os entrevistadores pediam para os entrevistados defenderem a escolha do &#8220;sim&#8221; ou &#8220;n\u00e3o&#8221; no problema do protagonista.<\/p>\n<h2>Pol\u00eamica<\/h2>\n<p>O programa era conhecido por levantar quest\u00f5es morais dif\u00edceis em seus epis\u00f3dios. No entanto, um epis\u00f3dio em particular gerou grande pol\u00eamica entre o p\u00fablico.<\/p>\n<p>O epis\u00f3dio contava a hist\u00f3ria de um publicit\u00e1rio desempregado (interpretado por <strong>Diogo Vilela<\/strong>) que, durante uma viagem de avi\u00e3o, conhece um senhor com uma maleta cheia de dinheiro destinado a um orfanato. O epis\u00f3dio ent\u00e3o apresenta a sua quest\u00e3o: o senhor infarta ao lado do protagonista.<\/p>\n<p>Ap\u00f3s apresentar o cen\u00e1rio, o p\u00fablico \u00e9 apresentado com a escolha do protagonista de ficar com todo o dinheiro ou destin\u00e1-lo ao orfanato, seguindo o objetivo do senhor que faleceu. Nessa escolha, o p\u00fablico decidiu que o publicit\u00e1rio deveria pegar o dinheiro para ele e resolver os pr\u00f3prios problemas, o que gerou repercuss\u00e3o negativa.<\/p>\n<h2>Renova\u00e7\u00e3o<\/h2>\n<p>O novo quadro do Doming\u00e3o com Huck vai seguir o mesmo formato do programa original, com o p\u00fablico livre para votar nas op\u00e7\u00f5es e cada epis\u00f3dio ter\u00e1 mais de um final poss\u00edvel. A nova vers\u00e3o do programa tamb\u00e9m promete maior velocidade na vota\u00e7\u00e3o com a integra\u00e7\u00e3o da internet e o engajamento nas redes sociais.<\/p>\n","protected":false},"excerpt":{"rendered":"<p>A TV Globo abriu seu ba\u00fa de antiguidades e resolveu trazer um de seus programas de maior sucesso da d\u00e9cada de 90 de volta: o &#8220;Voc\u00ea Decide&#8220;. O programa vai voltar ao ar como um quadro no Doming\u00e3o com Huck\u00a0durante a Copa do Mundo deste ano. O programa estreou originalmente em 1992 na Globo e [&hellip;]<\/p>\n","protected":false},"author":15,"featured_media":36770,"comment_status":"open","ping_status":"open","sticky":false,"template":"","format":"standard","meta":{"jnews-multi-image_gallery":[],"jnews_single_post":{"format":"standard","jnews_video_option_group":[[]],"override":[{"template":"2","parallax":"1","fullscreen":"1","layout":"right-sidebar","sidebar":"default-sidebar","second_sidebar":"default-sidebar","sticky_sidebar":"1","share_position":"hide","share_float_style":"share-monocrhome","show_featured":"1","show_post_meta":"1","show_post_author":"1","show_post_date":"1","post_date_format":"default","post_date_format_custom":"Y\/m\/d","show_post_category":"1","show_post_reading_time":"0","post_reading_time_wpm":"300","post_calculate_word_method":"str_word_count","show_zoom_button":"0","zoom_button_out_step":"2","zoom_button_in_step":"3","show_post_tag":"1","show_popup_post":"1","number_popup_post":"1","show_author_box":"1","show_post_related":"0"}],"image_override":[{"single_post_thumbnail_size":"crop-500","single_post_gallery_size":"crop-500"}],"trending_post_position":"meta","trending_post_label":"Trending","sponsored_post_label":"Sponsored by","disable_ad":"0","subtitle":"O programa volta com um formato parecido com o original e promete ainda mais intera\u00e7\u00e3o com o p\u00fablico"},"jnews_primary_category":[],"jnews_override_counter":{"view_counter_number":"0","share_counter_number":"0","like_counter_number":"0","dislike_counter_number":"0"},"jnews_post_split":{"post_split":[{"template":"1","tag":"h2","numbering":"asc","mode":"normal","first":"0","enable_toc":"0","toc_type":"normal"}]},"footnotes":""},"categories":[1],"tags":[7110,7112,87,6960,7111,7113],"class_list":["post-36769","post","type-post","status-publish","format-standard","has-post-thumbnail","hentry","category-geral","tag-dilema-moral","tag-domingao-com-huck","tag-globo","tag-televisao","tag-tv-brasileira","tag-voce-decide"],"yoast_head":"<!-- This site is optimized with the Yoast SEO plugin v25.0 - https:\/\/yoast.com\/wordpress\/plugins\/seo\/ -->\n<title>Programa que marcou a d\u00e9cada de 90 ganha nova vers\u00e3o e vai passar na TV aberta<\/title>\n<meta name=\"robots\" content=\"index, follow, max-snippet:-1, max-image-preview:large, max-video-preview:-1\" \/>\n<link rel=\"canonical\" href=\"https:\/\/crusoe.audiencelabs.com.br\/programa-que-marcou-a-decada-de-90-ganha-nova-versao-e-vai-passar-na-tv-aberta\/\" \/>\n<meta property=\"og:locale\" content=\"pt_BR\" \/>\n<meta property=\"og:type\" content=\"article\" \/>\n<meta property=\"og:title\" content=\"Programa que marcou a d\u00e9cada de 90 ganha nova vers\u00e3o e vai passar na TV aberta\" \/>\n<meta property=\"og:description\" content=\"A TV Globo abriu seu ba\u00fa de antiguidades e resolveu trazer um de seus programas de maior sucesso da d\u00e9cada de 90 de volta: o &#8220;Voc\u00ea Decide&#8220;. O programa vai voltar ao ar como um quadro no Doming\u00e3o com Huck\u00a0durante a Copa do Mundo deste ano. O programa estreou originalmente em 1992 na Globo e [&hellip;]\" \/>\n<meta property=\"og:url\" content=\"https:\/\/crusoe.audiencelabs.com.br\/programa-que-marcou-a-decada-de-90-ganha-nova-versao-e-vai-passar-na-tv-aberta\/\" \/>\n<meta property=\"og:site_name\" content=\"Variedades - Cruso\u00e9\" \/>\n<meta property=\"article:published_time\" content=\"2026-04-09T17:33:55+00:00\" \/>\n<meta property=\"og:image\" content=\"https:\/\/cdn.crusoe.com.br\/uploads\/2026\/04\/design_sem_nome_-_2021-02-25t163208.605.jpg\" \/>\n\t<meta property=\"og:image:width\" content=\"1280\" \/>\n\t<meta property=\"og:image:height\" content=\"720\" \/>\n\t<meta property=\"og:image:type\" content=\"image\/jpeg\" \/>\n<meta name=\"author\" content=\"J\u00falio Nesi\" \/>\n<meta name=\"twitter:card\" content=\"summary_large_image\" \/>\n<meta name=\"twitter:label1\" content=\"Escrito por\" \/>\n\t<meta name=\"twitter:data1\" content=\"J\u00falio Nesi\" \/>\n\t<meta name=\"twitter:label2\" content=\"Est. tempo de leitura\" \/>\n\t<meta name=\"twitter:data2\" content=\"3 minutos\" \/>\n<script type=\"application\/ld+json\" class=\"yoast-schema-graph\">{\"@context\":\"https:\/\/schema.org\",\"@graph\":[{\"@type\":\"WebPage\",\"@id\":\"https:\/\/crusoe.audiencelabs.com.br\/programa-que-marcou-a-decada-de-90-ganha-nova-versao-e-vai-passar-na-tv-aberta\/\",\"url\":\"https:\/\/crusoe.audiencelabs.com.br\/programa-que-marcou-a-decada-de-90-ganha-nova-versao-e-vai-passar-na-tv-aberta\/\",\"name\":\"Programa que marcou a d\u00e9cada de 90 ganha nova vers\u00e3o e vai passar na TV aberta\",\"isPartOf\":{\"@id\":\"https:\/\/crusoe.audiencelabs.com.br\/#website\"},\"primaryImageOfPage\":{\"@id\":\"https:\/\/crusoe.audiencelabs.com.br\/programa-que-marcou-a-decada-de-90-ganha-nova-versao-e-vai-passar-na-tv-aberta\/#primaryimage\"},\"image\":{\"@id\":\"https:\/\/crusoe.audiencelabs.com.br\/programa-que-marcou-a-decada-de-90-ganha-nova-versao-e-vai-passar-na-tv-aberta\/#primaryimage\"},\"thumbnailUrl\":\"https:\/\/cdn.crusoe.com.br\/uploads\/2026\/04\/design_sem_nome_-_2021-02-25t163208.605.jpg\",\"datePublished\":\"2026-04-09T17:33:55+00:00\",\"author\":{\"@id\":\"https:\/\/crusoe.audiencelabs.com.br\/#\/schema\/person\/0cca5874eda7d72cef71e77a9a9c2143\"},\"breadcrumb\":{\"@id\":\"https:\/\/crusoe.audiencelabs.com.br\/programa-que-marcou-a-decada-de-90-ganha-nova-versao-e-vai-passar-na-tv-aberta\/#breadcrumb\"},\"inLanguage\":\"pt-BR\",\"potentialAction\":[{\"@type\":\"ReadAction\",\"target\":[\"https:\/\/crusoe.audiencelabs.com.br\/programa-que-marcou-a-decada-de-90-ganha-nova-versao-e-vai-passar-na-tv-aberta\/\"]}]},{\"@type\":\"ImageObject\",\"inLanguage\":\"pt-BR\",\"@id\":\"https:\/\/crusoe.audiencelabs.com.br\/programa-que-marcou-a-decada-de-90-ganha-nova-versao-e-vai-passar-na-tv-aberta\/#primaryimage\",\"url\":\"https:\/\/cdn.crusoe.com.br\/uploads\/2026\/04\/design_sem_nome_-_2021-02-25t163208.605.jpg\",\"contentUrl\":\"https:\/\/cdn.crusoe.com.br\/uploads\/2026\/04\/design_sem_nome_-_2021-02-25t163208.605.jpg\",\"width\":1280,\"height\":720,\"caption\":\"O programa \\\"Voc\u00ea Decide\\\" foi um dos campe\u00f5es da TV nos anos 90. Divulga\u00e7\u00e3o: Rede Globo\"},{\"@type\":\"BreadcrumbList\",\"@id\":\"https:\/\/crusoe.audiencelabs.com.br\/programa-que-marcou-a-decada-de-90-ganha-nova-versao-e-vai-passar-na-tv-aberta\/#breadcrumb\",\"itemListElement\":[{\"@type\":\"ListItem\",\"position\":1,\"name\":\"Home\",\"item\":\"https:\/\/crusoe.audiencelabs.com.br\/\"},{\"@type\":\"ListItem\",\"position\":2,\"name\":\"Programa que marcou a d\u00e9cada de 90 ganha nova vers\u00e3o e vai passar na TV aberta\"}]},{\"@type\":\"WebSite\",\"@id\":\"https:\/\/crusoe.audiencelabs.com.br\/#website\",\"url\":\"https:\/\/crusoe.audiencelabs.com.br\/\",\"name\":\"Variedades - Cruso\u00e9\",\"description\":\"\",\"potentialAction\":[{\"@type\":\"SearchAction\",\"target\":{\"@type\":\"EntryPoint\",\"urlTemplate\":\"https:\/\/crusoe.audiencelabs.com.br\/?s={search_term_string}\"},\"query-input\":{\"@type\":\"PropertyValueSpecification\",\"valueRequired\":true,\"valueName\":\"search_term_string\"}}],\"inLanguage\":\"pt-BR\"},{\"@type\":\"Person\",\"@id\":\"https:\/\/crusoe.audiencelabs.com.br\/#\/schema\/person\/0cca5874eda7d72cef71e77a9a9c2143\",\"name\":\"J\u00falio Nesi\",\"image\":{\"@type\":\"ImageObject\",\"inLanguage\":\"pt-BR\",\"@id\":\"https:\/\/crusoe.audiencelabs.com.br\/#\/schema\/person\/image\/\",\"url\":\"https:\/\/secure.gravatar.com\/avatar\/c22eb47c3e2320e71637346b980e09f63de9f75742d3335f94a26b83dff70473?s=96&d=mm&r=g\",\"contentUrl\":\"https:\/\/secure.gravatar.com\/avatar\/c22eb47c3e2320e71637346b980e09f63de9f75742d3335f94a26b83dff70473?s=96&d=mm&r=g\",\"caption\":\"J\u00falio Nesi\"},\"description\":\"Jornalista alagoano formado pela UFAL, j\u00e1 atuei em produ\u00e7\u00e3o de conte\u00fado digital para portais, r\u00e1dio e redes sociais.\",\"sameAs\":[\"www.linkedin.com\/in\/j\u00falio-nesi\"],\"url\":\"https:\/\/crusoe.audiencelabs.com.br\/author\/julionesi\/\"}]}<\/script>\n<!-- \/ Yoast SEO plugin. -->","yoast_head_json":{"title":"Programa que marcou a d\u00e9cada de 90 ganha nova vers\u00e3o e vai passar na TV aberta","robots":{"index":"index","follow":"follow","max-snippet":"max-snippet:-1","max-image-preview":"max-image-preview:large","max-video-preview":"max-video-preview:-1"},"canonical":"https:\/\/crusoe.audiencelabs.com.br\/programa-que-marcou-a-decada-de-90-ganha-nova-versao-e-vai-passar-na-tv-aberta\/","og_locale":"pt_BR","og_type":"article","og_title":"Programa que marcou a d\u00e9cada de 90 ganha nova vers\u00e3o e vai passar na TV aberta","og_description":"A TV Globo abriu seu ba\u00fa de antiguidades e resolveu trazer um de seus programas de maior sucesso da d\u00e9cada de 90 de volta: o &#8220;Voc\u00ea Decide&#8220;. O programa vai voltar ao ar como um quadro no Doming\u00e3o com Huck\u00a0durante a Copa do Mundo deste ano. O programa estreou originalmente em 1992 na Globo e [&hellip;]","og_url":"https:\/\/crusoe.audiencelabs.com.br\/programa-que-marcou-a-decada-de-90-ganha-nova-versao-e-vai-passar-na-tv-aberta\/","og_site_name":"Variedades - Cruso\u00e9","article_published_time":"2026-04-09T17:33:55+00:00","og_image":[{"width":1280,"height":720,"url":"https:\/\/cdn.crusoe.com.br\/uploads\/2026\/04\/design_sem_nome_-_2021-02-25t163208.605.jpg","type":"image\/jpeg"}],"author":"J\u00falio Nesi","twitter_card":"summary_large_image","twitter_misc":{"Escrito por":"J\u00falio Nesi","Est. tempo de leitura":"3 minutos"},"schema":{"@context":"https:\/\/schema.org","@graph":[{"@type":"WebPage","@id":"https:\/\/crusoe.audiencelabs.com.br\/programa-que-marcou-a-decada-de-90-ganha-nova-versao-e-vai-passar-na-tv-aberta\/","url":"https:\/\/crusoe.audiencelabs.com.br\/programa-que-marcou-a-decada-de-90-ganha-nova-versao-e-vai-passar-na-tv-aberta\/","name":"Programa que marcou a d\u00e9cada de 90 ganha nova vers\u00e3o e vai passar na TV aberta","isPartOf":{"@id":"https:\/\/crusoe.audiencelabs.com.br\/#website"},"primaryImageOfPage":{"@id":"https:\/\/crusoe.audiencelabs.com.br\/programa-que-marcou-a-decada-de-90-ganha-nova-versao-e-vai-passar-na-tv-aberta\/#primaryimage"},"image":{"@id":"https:\/\/crusoe.audiencelabs.com.br\/programa-que-marcou-a-decada-de-90-ganha-nova-versao-e-vai-passar-na-tv-aberta\/#primaryimage"},"thumbnailUrl":"https:\/\/cdn.crusoe.com.br\/uploads\/2026\/04\/design_sem_nome_-_2021-02-25t163208.605.jpg","datePublished":"2026-04-09T17:33:55+00:00","author":{"@id":"https:\/\/crusoe.audiencelabs.com.br\/#\/schema\/person\/0cca5874eda7d72cef71e77a9a9c2143"},"breadcrumb":{"@id":"https:\/\/crusoe.audiencelabs.com.br\/programa-que-marcou-a-decada-de-90-ganha-nova-versao-e-vai-passar-na-tv-aberta\/#breadcrumb"},"inLanguage":"pt-BR","potentialAction":[{"@type":"ReadAction","target":["https:\/\/crusoe.audiencelabs.com.br\/programa-que-marcou-a-decada-de-90-ganha-nova-versao-e-vai-passar-na-tv-aberta\/"]}]},{"@type":"ImageObject","inLanguage":"pt-BR","@id":"https:\/\/crusoe.audiencelabs.com.br\/programa-que-marcou-a-decada-de-90-ganha-nova-versao-e-vai-passar-na-tv-aberta\/#primaryimage","url":"https:\/\/cdn.crusoe.com.br\/uploads\/2026\/04\/design_sem_nome_-_2021-02-25t163208.605.jpg","contentUrl":"https:\/\/cdn.crusoe.com.br\/uploads\/2026\/04\/design_sem_nome_-_2021-02-25t163208.605.jpg","width":1280,"height":720,"caption":"O programa \"Voc\u00ea Decide\" foi um dos campe\u00f5es da TV nos anos 90. Divulga\u00e7\u00e3o: Rede Globo"},{"@type":"BreadcrumbList","@id":"https:\/\/crusoe.audiencelabs.com.br\/programa-que-marcou-a-decada-de-90-ganha-nova-versao-e-vai-passar-na-tv-aberta\/#breadcrumb","itemListElement":[{"@type":"ListItem","position":1,"name":"Home","item":"https:\/\/crusoe.audiencelabs.com.br\/"},{"@type":"ListItem","position":2,"name":"Programa que marcou a d\u00e9cada de 90 ganha nova vers\u00e3o e vai passar na TV aberta"}]},{"@type":"WebSite","@id":"https:\/\/crusoe.audiencelabs.com.br\/#website","url":"https:\/\/crusoe.audiencelabs.com.br\/","name":"Variedades - Cruso\u00e9","description":"","potentialAction":[{"@type":"SearchAction","target":{"@type":"EntryPoint","urlTemplate":"https:\/\/crusoe.audiencelabs.com.br\/?s={search_term_string}"},"query-input":{"@type":"PropertyValueSpecification","valueRequired":true,"valueName":"search_term_string"}}],"inLanguage":"pt-BR"},{"@type":"Person","@id":"https:\/\/crusoe.audiencelabs.com.br\/#\/schema\/person\/0cca5874eda7d72cef71e77a9a9c2143","name":"J\u00falio Nesi","image":{"@type":"ImageObject","inLanguage":"pt-BR","@id":"https:\/\/crusoe.audiencelabs.com.br\/#\/schema\/person\/image\/","url":"https:\/\/secure.gravatar.com\/avatar\/c22eb47c3e2320e71637346b980e09f63de9f75742d3335f94a26b83dff70473?s=96&d=mm&r=g","contentUrl":"https:\/\/secure.gravatar.com\/avatar\/c22eb47c3e2320e71637346b980e09f63de9f75742d3335f94a26b83dff70473?s=96&d=mm&r=g","caption":"J\u00falio Nesi"},"description":"Jornalista alagoano formado pela UFAL, j\u00e1 atuei em produ\u00e7\u00e3o de conte\u00fado digital para portais, r\u00e1dio e redes sociais.","sameAs":["www.linkedin.com\/in\/j\u00falio-nesi"],"url":"https:\/\/crusoe.audiencelabs.com.br\/author\/julionesi\/"}]}},"_links":{"self":[{"href":"https:\/\/crusoe.audiencelabs.com.br\/wp-json\/wp\/v2\/posts\/36769","targetHints":{"allow":["GET"]}}],"collection":[{"href":"https:\/\/crusoe.audiencelabs.com.br\/wp-json\/wp\/v2\/posts"}],"about":[{"href":"https:\/\/crusoe.audiencelabs.com.br\/wp-json\/wp\/v2\/types\/post"}],"author":[{"embeddable":true,"href":"https:\/\/crusoe.audiencelabs.com.br\/wp-json\/wp\/v2\/users\/15"}],"replies":[{"embeddable":true,"href":"https:\/\/crusoe.audiencelabs.com.br\/wp-json\/wp\/v2\/comments?post=36769"}],"version-history":[{"count":1,"href":"https:\/\/crusoe.audiencelabs.com.br\/wp-json\/wp\/v2\/posts\/36769\/revisions"}],"predecessor-version":[{"id":36776,"href":"https:\/\/crusoe.audiencelabs.com.br\/wp-json\/wp\/v2\/posts\/36769\/revisions\/36776"}],"wp:featuredmedia":[{"embeddable":true,"href":"https:\/\/crusoe.audiencelabs.com.br\/wp-json\/wp\/v2\/media\/36770"}],"wp:attachment":[{"href":"https:\/\/crusoe.audiencelabs.com.br\/wp-json\/wp\/v2\/media?parent=36769"}],"wp:term":[{"taxonomy":"category","embeddable":true,"href":"https:\/\/crusoe.audiencelabs.com.br\/wp-json\/wp\/v2\/categories?post=36769"},{"taxonomy":"post_tag","embeddable":true,"href":"https:\/\/crusoe.audiencelabs.com.br\/wp-json\/wp\/v2\/tags?post=36769"}],"curies":[{"name":"wp","href":"https:\/\/api.w.org\/{rel}","templated":true}]}}