{"id":36749,"date":"2026-04-09T15:37:37","date_gmt":"2026-04-09T18:37:37","guid":{"rendered":"https:\/\/crusoe.audiencelabs.com.br\/?p=36749"},"modified":"2026-04-09T09:40:37","modified_gmt":"2026-04-09T12:40:37","slug":"prazo-esta-acabando-quem-ignorar-isso-ate-01-05-pode-enfrentar-problemas","status":"publish","type":"post","link":"https:\/\/crusoe.audiencelabs.com.br\/prazo-esta-acabando-quem-ignorar-isso-ate-01-05-pode-enfrentar-problemas\/","title":{"rendered":"Prazo est\u00e1 acabando: quem ignorar isso at\u00e9 01\/05 pode enfrentar problemas"},"content":{"rendered":"<p><span style=\"font-weight: 400\">A nova Carteira de Identidade Nacional (CIN) voltou ao radar de quem ainda usa o Registro Geral (RG) antigo, adiar a emiss\u00e3o pode trazer dificuldade em atendimentos, cadastros e atualiza\u00e7\u00f5es futuras.<\/span><\/p>\n<h3><b>O que j\u00e1 est\u00e1 valendo<\/b><\/h3>\n<p><span style=\"font-weight: 400\">A CIN \u00e9 o novo modelo nacional de identifica\u00e7\u00e3o civil e usa o Cadastro de Pessoas F\u00edsicas (CPF) como n\u00famero \u00fanico. Segundo o governo federal, ela tem validade nacional, est\u00e1 dispon\u00edvel em formato digital, em papel e cart\u00e3o, e traz QR Code para valida\u00e7\u00e3o dos dados.<\/span><\/p>\n<p><span style=\"font-weight: 400\">A primeira emiss\u00e3o em papel \u00e9 gratuita. O governo tamb\u00e9m informa que os estados e o Distrito Federal passaram a adotar a CIN como padr\u00e3o nacional, com o objetivo de reduzir fraudes e unificar os cadastros de identifica\u00e7\u00e3o.<\/span><\/p>\n<h3><b>01\/05 n\u00e3o \u00e9 prazo final para trocar o RG<\/b><\/h3>\n<p><span style=\"font-weight: 400\">O ponto central da mat\u00e9ria \u00e9 este: as fontes oficiais n\u00e3o sustentam que 1\u00ba de maio seja a data-limite para toda a popula\u00e7\u00e3o substituir o RG antigo. Em publica\u00e7\u00e3o oficial, o Minist\u00e9rio da Gest\u00e3o e da Inova\u00e7\u00e3o em Servi\u00e7os P\u00fablicos afirma que os cidad\u00e3os t\u00eam at\u00e9 2032 para fazer a troca sem pressa.<\/span><\/p>\n<p><span style=\"font-weight: 400\">Em Minas Gerais, por exemplo, a p\u00e1gina oficial do servi\u00e7o informa de forma ainda mais objetiva que o modelo anterior da carteira de identidade ter\u00e1 validade at\u00e9 23 de fevereiro de 2032. O mesmo texto alerta que, apesar desse prazo, o documento pode deixar de ser aceito antes se n\u00e3o permitir mais a identifica\u00e7\u00e3o do portador.<\/span><\/p>\n<h3><b>Por que, ent\u00e3o, vale correr<\/b><\/h3>\n<p><span style=\"font-weight: 400\">Mesmo sem um vencimento geral em 1\u00ba de maio, quem ignora a nova identidade pode enfrentar problemas pr\u00e1ticos. Isso porque a CIN concentra a identifica\u00e7\u00e3o civil em um n\u00famero \u00fanico, padroniza os dados em todo o pa\u00eds e tende a ganhar cada vez mais espa\u00e7o em servi\u00e7os p\u00fablicos e confer\u00eancias cadastrais.\u00a0<\/span><\/p>\n<p><span style=\"font-weight: 400\">Essa conclus\u00e3o decorre das pr\u00f3prias finalidades descritas pelo governo para o novo documento.<\/span><\/p>\n<p><span style=\"font-weight: 400\">Na pr\u00e1tica, deixar para a \u00faltima hora aumenta a chance de dor de cabe\u00e7a quando houver necessidade de atualizar cadastro, emitir vers\u00e3o digital ou comprovar identidade com um documento mais seguro e padronizado.<\/span><\/p>\n<p>&nbsp;<\/p>\n","protected":false},"excerpt":{"rendered":"<p>A nova Carteira de Identidade Nacional (CIN) voltou ao radar de quem ainda usa o Registro Geral (RG) antigo, adiar a emiss\u00e3o pode trazer dificuldade em atendimentos, cadastros e atualiza\u00e7\u00f5es futuras. O que j\u00e1 est\u00e1 valendo A CIN \u00e9 o novo modelo nacional de identifica\u00e7\u00e3o civil e usa o Cadastro de Pessoas F\u00edsicas (CPF) como [&hellip;]<\/p>\n","protected":false},"author":17,"featured_media":36750,"comment_status":"open","ping_status":"open","sticky":false,"template":"","format":"standard","meta":{"jnews-multi-image_gallery":[],"jnews_single_post":{"format":"standard","jnews_video_option_group":[[]],"override":[{"template":"2","parallax":"1","fullscreen":"1","layout":"right-sidebar","sidebar":"default-sidebar","second_sidebar":"default-sidebar","sticky_sidebar":"1","share_position":"hide","share_float_style":"share-monocrhome","show_featured":"1","show_post_meta":"1","show_post_author":"1","show_post_date":"1","post_date_format":"default","post_date_format_custom":"Y\/m\/d","show_post_category":"1","show_post_reading_time":"0","post_reading_time_wpm":"300","post_calculate_word_method":"str_word_count","show_zoom_button":"0","zoom_button_out_step":"2","zoom_button_in_step":"3","show_post_tag":"1","show_popup_post":"1","number_popup_post":"1","show_author_box":"1","show_post_related":"0"}],"image_override":[{"single_post_thumbnail_size":"crop-500","single_post_gallery_size":"crop-500"}],"trending_post_position":"meta","trending_post_label":"Trending","sponsored_post_label":"Sponsored by","disable_ad":"0","subtitle":"Nova identidade j\u00e1 avan\u00e7a nos estados e deixar para depois pode gerar transtornos"},"jnews_primary_category":[],"jnews_override_counter":{"view_counter_number":"0","share_counter_number":"0","like_counter_number":"0","dislike_counter_number":"0"},"jnews_post_split":{"post_split":[{"template":"1","tag":"h2","numbering":"asc","mode":"normal","first":"0","enable_toc":"0","toc_type":"normal"}]},"footnotes":""},"categories":[1],"tags":[],"class_list":["post-36749","post","type-post","status-publish","format-standard","has-post-thumbnail","hentry","category-geral"],"yoast_head":"<!-- This site is optimized with the Yoast SEO plugin v25.0 - https:\/\/yoast.com\/wordpress\/plugins\/seo\/ -->\n<title>Prazo est\u00e1 acabando: quem ignorar isso at\u00e9 01\/05 pode enfrentar problemas<\/title>\n<meta name=\"robots\" content=\"index, follow, max-snippet:-1, max-image-preview:large, max-video-preview:-1\" \/>\n<link rel=\"canonical\" href=\"https:\/\/crusoe.audiencelabs.com.br\/prazo-esta-acabando-quem-ignorar-isso-ate-01-05-pode-enfrentar-problemas\/\" \/>\n<meta property=\"og:locale\" content=\"pt_BR\" \/>\n<meta property=\"og:type\" content=\"article\" \/>\n<meta property=\"og:title\" content=\"Prazo est\u00e1 acabando: quem ignorar isso at\u00e9 01\/05 pode enfrentar problemas\" \/>\n<meta property=\"og:description\" content=\"A nova Carteira de Identidade Nacional (CIN) voltou ao radar de quem ainda usa o Registro Geral (RG) antigo, adiar a emiss\u00e3o pode trazer dificuldade em atendimentos, cadastros e atualiza\u00e7\u00f5es futuras. O que j\u00e1 est\u00e1 valendo A CIN \u00e9 o novo modelo nacional de identifica\u00e7\u00e3o civil e usa o Cadastro de Pessoas F\u00edsicas (CPF) como [&hellip;]\" \/>\n<meta property=\"og:url\" content=\"https:\/\/crusoe.audiencelabs.com.br\/prazo-esta-acabando-quem-ignorar-isso-ate-01-05-pode-enfrentar-problemas\/\" \/>\n<meta property=\"og:site_name\" content=\"Variedades - Cruso\u00e9\" \/>\n<meta property=\"article:published_time\" content=\"2026-04-09T18:37:37+00:00\" \/>\n<meta property=\"og:image\" content=\"https:\/\/cdn.crusoe.com.br\/uploads\/2026\/04\/67d789af-a877-4766-8331-edc01aca254c.jpeg\" \/>\n\t<meta property=\"og:image:width\" content=\"768\" \/>\n\t<meta property=\"og:image:height\" content=\"432\" \/>\n\t<meta property=\"og:image:type\" content=\"image\/jpeg\" \/>\n<meta name=\"author\" content=\"Sofia Volpi\" \/>\n<meta name=\"twitter:card\" content=\"summary_large_image\" \/>\n<meta name=\"twitter:label1\" content=\"Escrito por\" \/>\n\t<meta name=\"twitter:data1\" content=\"Sofia Volpi\" \/>\n\t<meta name=\"twitter:label2\" content=\"Est. tempo de leitura\" \/>\n\t<meta name=\"twitter:data2\" content=\"3 minutos\" \/>\n<script type=\"application\/ld+json\" class=\"yoast-schema-graph\">{\"@context\":\"https:\/\/schema.org\",\"@graph\":[{\"@type\":\"WebPage\",\"@id\":\"https:\/\/crusoe.audiencelabs.com.br\/prazo-esta-acabando-quem-ignorar-isso-ate-01-05-pode-enfrentar-problemas\/\",\"url\":\"https:\/\/crusoe.audiencelabs.com.br\/prazo-esta-acabando-quem-ignorar-isso-ate-01-05-pode-enfrentar-problemas\/\",\"name\":\"Prazo est\u00e1 acabando: quem ignorar isso at\u00e9 01\/05 pode enfrentar problemas\",\"isPartOf\":{\"@id\":\"https:\/\/crusoe.audiencelabs.com.br\/#website\"},\"primaryImageOfPage\":{\"@id\":\"https:\/\/crusoe.audiencelabs.com.br\/prazo-esta-acabando-quem-ignorar-isso-ate-01-05-pode-enfrentar-problemas\/#primaryimage\"},\"image\":{\"@id\":\"https:\/\/crusoe.audiencelabs.com.br\/prazo-esta-acabando-quem-ignorar-isso-ate-01-05-pode-enfrentar-problemas\/#primaryimage\"},\"thumbnailUrl\":\"https:\/\/cdn.crusoe.com.br\/uploads\/2026\/04\/67d789af-a877-4766-8331-edc01aca254c.jpeg\",\"datePublished\":\"2026-04-09T18:37:37+00:00\",\"author\":{\"@id\":\"https:\/\/crusoe.audiencelabs.com.br\/#\/schema\/person\/9d0fb7a15db57f24b87bef41d034cb04\"},\"breadcrumb\":{\"@id\":\"https:\/\/crusoe.audiencelabs.com.br\/prazo-esta-acabando-quem-ignorar-isso-ate-01-05-pode-enfrentar-problemas\/#breadcrumb\"},\"inLanguage\":\"pt-BR\",\"potentialAction\":[{\"@type\":\"ReadAction\",\"target\":[\"https:\/\/crusoe.audiencelabs.com.br\/prazo-esta-acabando-quem-ignorar-isso-ate-01-05-pode-enfrentar-problemas\/\"]}]},{\"@type\":\"ImageObject\",\"inLanguage\":\"pt-BR\",\"@id\":\"https:\/\/crusoe.audiencelabs.com.br\/prazo-esta-acabando-quem-ignorar-isso-ate-01-05-pode-enfrentar-problemas\/#primaryimage\",\"url\":\"https:\/\/cdn.crusoe.com.br\/uploads\/2026\/04\/67d789af-a877-4766-8331-edc01aca254c.jpeg\",\"contentUrl\":\"https:\/\/cdn.crusoe.com.br\/uploads\/2026\/04\/67d789af-a877-4766-8331-edc01aca254c.jpeg\",\"width\":768,\"height\":432,\"caption\":\"Novo modelo \u00e9 horizontal e n\u00e3o cont\u00e9m o n\u00famero do RG. Foto: gov.br\"},{\"@type\":\"BreadcrumbList\",\"@id\":\"https:\/\/crusoe.audiencelabs.com.br\/prazo-esta-acabando-quem-ignorar-isso-ate-01-05-pode-enfrentar-problemas\/#breadcrumb\",\"itemListElement\":[{\"@type\":\"ListItem\",\"position\":1,\"name\":\"Home\",\"item\":\"https:\/\/crusoe.audiencelabs.com.br\/\"},{\"@type\":\"ListItem\",\"position\":2,\"name\":\"Prazo est\u00e1 acabando: quem ignorar isso at\u00e9 01\/05 pode enfrentar problemas\"}]},{\"@type\":\"WebSite\",\"@id\":\"https:\/\/crusoe.audiencelabs.com.br\/#website\",\"url\":\"https:\/\/crusoe.audiencelabs.com.br\/\",\"name\":\"Variedades - Cruso\u00e9\",\"description\":\"\",\"potentialAction\":[{\"@type\":\"SearchAction\",\"target\":{\"@type\":\"EntryPoint\",\"urlTemplate\":\"https:\/\/crusoe.audiencelabs.com.br\/?s={search_term_string}\"},\"query-input\":{\"@type\":\"PropertyValueSpecification\",\"valueRequired\":true,\"valueName\":\"search_term_string\"}}],\"inLanguage\":\"pt-BR\"},{\"@type\":\"Person\",\"@id\":\"https:\/\/crusoe.audiencelabs.com.br\/#\/schema\/person\/9d0fb7a15db57f24b87bef41d034cb04\",\"name\":\"Sofia Volpi\",\"image\":{\"@type\":\"ImageObject\",\"inLanguage\":\"pt-BR\",\"@id\":\"https:\/\/crusoe.audiencelabs.com.br\/#\/schema\/person\/image\/\",\"url\":\"https:\/\/secure.gravatar.com\/avatar\/a34b676379e5491536434fe5f7a9c49c2efbf9be83b707fa9e74568d45d559f8?s=96&d=mm&r=g\",\"contentUrl\":\"https:\/\/secure.gravatar.com\/avatar\/a34b676379e5491536434fe5f7a9c49c2efbf9be83b707fa9e74568d45d559f8?s=96&d=mm&r=g\",\"caption\":\"Sofia Volpi\"},\"description\":\"Comunicadora, jornalista em forma\u00e7\u00e3o. Apaixonada por esportes e cultura, colunista.\",\"url\":\"https:\/\/crusoe.audiencelabs.com.br\/author\/sofiavolpi\/\"}]}<\/script>\n<!-- \/ Yoast SEO plugin. -->","yoast_head_json":{"title":"Prazo est\u00e1 acabando: quem ignorar isso at\u00e9 01\/05 pode enfrentar problemas","robots":{"index":"index","follow":"follow","max-snippet":"max-snippet:-1","max-image-preview":"max-image-preview:large","max-video-preview":"max-video-preview:-1"},"canonical":"https:\/\/crusoe.audiencelabs.com.br\/prazo-esta-acabando-quem-ignorar-isso-ate-01-05-pode-enfrentar-problemas\/","og_locale":"pt_BR","og_type":"article","og_title":"Prazo est\u00e1 acabando: quem ignorar isso at\u00e9 01\/05 pode enfrentar problemas","og_description":"A nova Carteira de Identidade Nacional (CIN) voltou ao radar de quem ainda usa o Registro Geral (RG) antigo, adiar a emiss\u00e3o pode trazer dificuldade em atendimentos, cadastros e atualiza\u00e7\u00f5es futuras. O que j\u00e1 est\u00e1 valendo A CIN \u00e9 o novo modelo nacional de identifica\u00e7\u00e3o civil e usa o Cadastro de Pessoas F\u00edsicas (CPF) como [&hellip;]","og_url":"https:\/\/crusoe.audiencelabs.com.br\/prazo-esta-acabando-quem-ignorar-isso-ate-01-05-pode-enfrentar-problemas\/","og_site_name":"Variedades - Cruso\u00e9","article_published_time":"2026-04-09T18:37:37+00:00","og_image":[{"width":768,"height":432,"url":"https:\/\/cdn.crusoe.com.br\/uploads\/2026\/04\/67d789af-a877-4766-8331-edc01aca254c.jpeg","type":"image\/jpeg"}],"author":"Sofia Volpi","twitter_card":"summary_large_image","twitter_misc":{"Escrito por":"Sofia Volpi","Est. tempo de leitura":"3 minutos"},"schema":{"@context":"https:\/\/schema.org","@graph":[{"@type":"WebPage","@id":"https:\/\/crusoe.audiencelabs.com.br\/prazo-esta-acabando-quem-ignorar-isso-ate-01-05-pode-enfrentar-problemas\/","url":"https:\/\/crusoe.audiencelabs.com.br\/prazo-esta-acabando-quem-ignorar-isso-ate-01-05-pode-enfrentar-problemas\/","name":"Prazo est\u00e1 acabando: quem ignorar isso at\u00e9 01\/05 pode enfrentar problemas","isPartOf":{"@id":"https:\/\/crusoe.audiencelabs.com.br\/#website"},"primaryImageOfPage":{"@id":"https:\/\/crusoe.audiencelabs.com.br\/prazo-esta-acabando-quem-ignorar-isso-ate-01-05-pode-enfrentar-problemas\/#primaryimage"},"image":{"@id":"https:\/\/crusoe.audiencelabs.com.br\/prazo-esta-acabando-quem-ignorar-isso-ate-01-05-pode-enfrentar-problemas\/#primaryimage"},"thumbnailUrl":"https:\/\/cdn.crusoe.com.br\/uploads\/2026\/04\/67d789af-a877-4766-8331-edc01aca254c.jpeg","datePublished":"2026-04-09T18:37:37+00:00","author":{"@id":"https:\/\/crusoe.audiencelabs.com.br\/#\/schema\/person\/9d0fb7a15db57f24b87bef41d034cb04"},"breadcrumb":{"@id":"https:\/\/crusoe.audiencelabs.com.br\/prazo-esta-acabando-quem-ignorar-isso-ate-01-05-pode-enfrentar-problemas\/#breadcrumb"},"inLanguage":"pt-BR","potentialAction":[{"@type":"ReadAction","target":["https:\/\/crusoe.audiencelabs.com.br\/prazo-esta-acabando-quem-ignorar-isso-ate-01-05-pode-enfrentar-problemas\/"]}]},{"@type":"ImageObject","inLanguage":"pt-BR","@id":"https:\/\/crusoe.audiencelabs.com.br\/prazo-esta-acabando-quem-ignorar-isso-ate-01-05-pode-enfrentar-problemas\/#primaryimage","url":"https:\/\/cdn.crusoe.com.br\/uploads\/2026\/04\/67d789af-a877-4766-8331-edc01aca254c.jpeg","contentUrl":"https:\/\/cdn.crusoe.com.br\/uploads\/2026\/04\/67d789af-a877-4766-8331-edc01aca254c.jpeg","width":768,"height":432,"caption":"Novo modelo \u00e9 horizontal e n\u00e3o cont\u00e9m o n\u00famero do RG. Foto: gov.br"},{"@type":"BreadcrumbList","@id":"https:\/\/crusoe.audiencelabs.com.br\/prazo-esta-acabando-quem-ignorar-isso-ate-01-05-pode-enfrentar-problemas\/#breadcrumb","itemListElement":[{"@type":"ListItem","position":1,"name":"Home","item":"https:\/\/crusoe.audiencelabs.com.br\/"},{"@type":"ListItem","position":2,"name":"Prazo est\u00e1 acabando: quem ignorar isso at\u00e9 01\/05 pode enfrentar problemas"}]},{"@type":"WebSite","@id":"https:\/\/crusoe.audiencelabs.com.br\/#website","url":"https:\/\/crusoe.audiencelabs.com.br\/","name":"Variedades - Cruso\u00e9","description":"","potentialAction":[{"@type":"SearchAction","target":{"@type":"EntryPoint","urlTemplate":"https:\/\/crusoe.audiencelabs.com.br\/?s={search_term_string}"},"query-input":{"@type":"PropertyValueSpecification","valueRequired":true,"valueName":"search_term_string"}}],"inLanguage":"pt-BR"},{"@type":"Person","@id":"https:\/\/crusoe.audiencelabs.com.br\/#\/schema\/person\/9d0fb7a15db57f24b87bef41d034cb04","name":"Sofia Volpi","image":{"@type":"ImageObject","inLanguage":"pt-BR","@id":"https:\/\/crusoe.audiencelabs.com.br\/#\/schema\/person\/image\/","url":"https:\/\/secure.gravatar.com\/avatar\/a34b676379e5491536434fe5f7a9c49c2efbf9be83b707fa9e74568d45d559f8?s=96&d=mm&r=g","contentUrl":"https:\/\/secure.gravatar.com\/avatar\/a34b676379e5491536434fe5f7a9c49c2efbf9be83b707fa9e74568d45d559f8?s=96&d=mm&r=g","caption":"Sofia Volpi"},"description":"Comunicadora, jornalista em forma\u00e7\u00e3o. Apaixonada por esportes e cultura, colunista.","url":"https:\/\/crusoe.audiencelabs.com.br\/author\/sofiavolpi\/"}]}},"_links":{"self":[{"href":"https:\/\/crusoe.audiencelabs.com.br\/wp-json\/wp\/v2\/posts\/36749","targetHints":{"allow":["GET"]}}],"collection":[{"href":"https:\/\/crusoe.audiencelabs.com.br\/wp-json\/wp\/v2\/posts"}],"about":[{"href":"https:\/\/crusoe.audiencelabs.com.br\/wp-json\/wp\/v2\/types\/post"}],"author":[{"embeddable":true,"href":"https:\/\/crusoe.audiencelabs.com.br\/wp-json\/wp\/v2\/users\/17"}],"replies":[{"embeddable":true,"href":"https:\/\/crusoe.audiencelabs.com.br\/wp-json\/wp\/v2\/comments?post=36749"}],"version-history":[{"count":1,"href":"https:\/\/crusoe.audiencelabs.com.br\/wp-json\/wp\/v2\/posts\/36749\/revisions"}],"predecessor-version":[{"id":36751,"href":"https:\/\/crusoe.audiencelabs.com.br\/wp-json\/wp\/v2\/posts\/36749\/revisions\/36751"}],"wp:featuredmedia":[{"embeddable":true,"href":"https:\/\/crusoe.audiencelabs.com.br\/wp-json\/wp\/v2\/media\/36750"}],"wp:attachment":[{"href":"https:\/\/crusoe.audiencelabs.com.br\/wp-json\/wp\/v2\/media?parent=36749"}],"wp:term":[{"taxonomy":"category","embeddable":true,"href":"https:\/\/crusoe.audiencelabs.com.br\/wp-json\/wp\/v2\/categories?post=36749"},{"taxonomy":"post_tag","embeddable":true,"href":"https:\/\/crusoe.audiencelabs.com.br\/wp-json\/wp\/v2\/tags?post=36749"}],"curies":[{"name":"wp","href":"https:\/\/api.w.org\/{rel}","templated":true}]}}