{"id":36731,"date":"2026-04-09T09:03:22","date_gmt":"2026-04-09T12:03:22","guid":{"rendered":"https:\/\/crusoe.audiencelabs.com.br\/?p=36731"},"modified":"2026-04-09T08:50:59","modified_gmt":"2026-04-09T11:50:59","slug":"mudanca-no-brasil-pode-pesar-e-muito-para-quem-fuma-cigarro","status":"publish","type":"post","link":"https:\/\/crusoe.audiencelabs.com.br\/mudanca-no-brasil-pode-pesar-e-muito-para-quem-fuma-cigarro\/","title":{"rendered":"Mudan\u00e7a no Brasil pode pesar (e muito) para quem fuma cigarro"},"content":{"rendered":"<p><span style=\"font-weight: 400\">Fumar deve ficar mais caro no Brasil em 2026. O governo federal anunciou aumento na tributa\u00e7\u00e3o do cigarro e tamb\u00e9m reajuste no pre\u00e7o m\u00ednimo de venda no varejo.<\/span><\/p>\n<p><span style=\"font-weight: 400\">A mudan\u00e7a atinge dois pontos. O primeiro \u00e9 a al\u00edquota do Imposto sobre Produtos Industrializados (IPI), que sobe de <\/span><b>40% para 60%<\/b><span style=\"font-weight: 400\">. O segundo \u00e9 o pre\u00e7o m\u00ednimo da carteira, que passa de <\/span><b>R$6,50 para R$7,50<\/b><span style=\"font-weight: 400\">.<\/span><\/p>\n<p><span style=\"font-weight: 400\">A medida foi apresentada dentro do pacote fiscal anunciado para compensar a perda de arrecada\u00e7\u00e3o com outras decis\u00f5es do governo, como a desonera\u00e7\u00e3o ligada ao querosene de avia\u00e7\u00e3o e ao biodiesel. A estimativa da equipe econ\u00f4mica \u00e9 de arrecadar cerca de <\/span><b>R$1,2 bilh\u00e3o<\/b><span style=\"font-weight: 400\"> nos pr\u00f3ximos anos.<\/span><\/p>\n<h3><b>O que muda no bolso<\/b><\/h3>\n<p><span style=\"font-weight: 400\">Na pr\u00e1tica, a decis\u00e3o tende a pressionar o pre\u00e7o final pago pelo fumante. Como o cigarro j\u00e1 tem pre\u00e7o m\u00ednimo definido nacionalmente, o reajuste dificulta a venda abaixo desse piso.<\/span><\/p>\n<p><span style=\"font-weight: 400\">Uma nota t\u00e9cnica do Centro de Estudos Tribut\u00e1rios e Aduaneiros da Receita Federal (Cetad), publicada em dezembro de 2025, j\u00e1 analisava a minuta que previa exatamente essa mudan\u00e7a: aumento do pre\u00e7o m\u00ednimo para <\/span><b>R$7,50<\/b><span style=\"font-weight: 400\"> a partir de 2026.<\/span><\/p>\n<h3><b>O que j\u00e1 existia antes<\/b><\/h3>\n<p><span style=\"font-weight: 400\">A pol\u00edtica de pre\u00e7o m\u00ednimo do cigarro n\u00e3o \u00e9 nova. Ela foi criada pela <\/span><b>Lei n\u00ba 12.546\/2011<\/b><span style=\"font-weight: 400\">, que autorizou o governo a fixar um valor m\u00ednimo de venda no varejo em todo o pa\u00eds. A mesma lei tamb\u00e9m refor\u00e7ou a tributa\u00e7\u00e3o espec\u00edfica sobre o produto.<\/span><\/p>\n<p><span style=\"font-weight: 400\">Em documento oficial do <\/span><b>Minist\u00e9rio da Sa\u00fade<\/b><span style=\"font-weight: 400\">, o governo j\u00e1 defendia que aumentos de pre\u00e7o e de imposto sobre cigarros <\/span><b>reduzissem o consumo e ajudassem no controle do tabagismo<\/b><span style=\"font-weight: 400\">. O texto cita que a pol\u00edtica fiscal sobre o produto <\/span><b>j\u00e1 teve impacto sobre a queda da preval\u00eancia de fumantes no pa\u00eds.<\/b><\/p>\n<h3><b>Por que isso pesa tanto<\/b><\/h3>\n<p><span style=\"font-weight: 400\">O efeito \u00e9 direto porque o cigarro \u00e9 um produto sens\u00edvel a pre\u00e7o. Quando imposto e pre\u00e7o m\u00ednimo sobem ao mesmo tempo, o espa\u00e7o para venda mais barata diminui.<\/span><\/p>\n<p><span style=\"font-weight: 400\">Para quem fuma com frequ\u00eancia, a mudan\u00e7a pode representar um gasto bem maior no m\u00eas. E, para o governo, a medida tem dupla fun\u00e7\u00e3o: aumentar a arrecada\u00e7\u00e3o e desestimular o consumo.<\/span><\/p>\n<p>&nbsp;<\/p>\n","protected":false},"excerpt":{"rendered":"<p>Fumar deve ficar mais caro no Brasil em 2026. O governo federal anunciou aumento na tributa\u00e7\u00e3o do cigarro e tamb\u00e9m reajuste no pre\u00e7o m\u00ednimo de venda no varejo. A mudan\u00e7a atinge dois pontos. O primeiro \u00e9 a al\u00edquota do Imposto sobre Produtos Industrializados (IPI), que sobe de 40% para 60%. O segundo \u00e9 o pre\u00e7o [&hellip;]<\/p>\n","protected":false},"author":17,"featured_media":36732,"comment_status":"open","ping_status":"open","sticky":false,"template":"","format":"standard","meta":{"jnews-multi-image_gallery":[],"jnews_single_post":{"format":"standard","jnews_video_option_group":[[]],"override":[{"template":"2","parallax":"1","fullscreen":"1","layout":"right-sidebar","sidebar":"default-sidebar","second_sidebar":"default-sidebar","sticky_sidebar":"1","share_position":"hide","share_float_style":"share-monocrhome","show_featured":"1","show_post_meta":"1","show_post_author":"1","show_post_date":"1","post_date_format":"default","post_date_format_custom":"Y\/m\/d","show_post_category":"1","show_post_reading_time":"0","post_reading_time_wpm":"300","post_calculate_word_method":"str_word_count","show_zoom_button":"0","zoom_button_out_step":"2","zoom_button_in_step":"3","show_post_tag":"1","show_popup_post":"1","number_popup_post":"1","show_author_box":"1","show_post_related":"0"}],"image_override":[{"single_post_thumbnail_size":"crop-500","single_post_gallery_size":"crop-500"}],"trending_post_position":"meta","trending_post_label":"Trending","sponsored_post_label":"Sponsored by","disable_ad":"0","subtitle":"Medida eleva a al\u00edquota do Imposto sobre Produtos Industrializados (IPI) de 40% para 60% e aumenta o pre\u00e7o m\u00ednimo da carteira"},"jnews_primary_category":[],"jnews_override_counter":{"view_counter_number":"0","share_counter_number":"0","like_counter_number":"0","dislike_counter_number":"0"},"jnews_post_split":{"post_split":[{"template":"1","tag":"h2","numbering":"asc","mode":"normal","first":"0","enable_toc":"0","toc_type":"normal"}]},"footnotes":""},"categories":[1],"tags":[],"class_list":["post-36731","post","type-post","status-publish","format-standard","has-post-thumbnail","hentry","category-geral"],"yoast_head":"<!-- This site is optimized with the Yoast SEO plugin v25.0 - https:\/\/yoast.com\/wordpress\/plugins\/seo\/ -->\n<title>Mudan\u00e7a no Brasil pode pesar (e muito) para quem fuma cigarro<\/title>\n<meta name=\"robots\" content=\"index, follow, max-snippet:-1, max-image-preview:large, max-video-preview:-1\" \/>\n<link rel=\"canonical\" href=\"https:\/\/crusoe.audiencelabs.com.br\/mudanca-no-brasil-pode-pesar-e-muito-para-quem-fuma-cigarro\/\" \/>\n<meta property=\"og:locale\" content=\"pt_BR\" \/>\n<meta property=\"og:type\" content=\"article\" \/>\n<meta property=\"og:title\" content=\"Mudan\u00e7a no Brasil pode pesar (e muito) para quem fuma cigarro\" \/>\n<meta property=\"og:description\" content=\"Fumar deve ficar mais caro no Brasil em 2026. O governo federal anunciou aumento na tributa\u00e7\u00e3o do cigarro e tamb\u00e9m reajuste no pre\u00e7o m\u00ednimo de venda no varejo. A mudan\u00e7a atinge dois pontos. O primeiro \u00e9 a al\u00edquota do Imposto sobre Produtos Industrializados (IPI), que sobe de 40% para 60%. O segundo \u00e9 o pre\u00e7o [&hellip;]\" \/>\n<meta property=\"og:url\" content=\"https:\/\/crusoe.audiencelabs.com.br\/mudanca-no-brasil-pode-pesar-e-muito-para-quem-fuma-cigarro\/\" \/>\n<meta property=\"og:site_name\" content=\"Variedades - Cruso\u00e9\" \/>\n<meta property=\"article:published_time\" content=\"2026-04-09T12:03:22+00:00\" \/>\n<meta property=\"og:image\" content=\"https:\/\/cdn.crusoe.com.br\/uploads\/2026\/04\/pexels-camila-totti-97608655-9295969-scaled.jpg\" \/>\n\t<meta property=\"og:image:width\" content=\"2560\" \/>\n\t<meta property=\"og:image:height\" content=\"1707\" \/>\n\t<meta property=\"og:image:type\" content=\"image\/jpeg\" \/>\n<meta name=\"author\" content=\"Sofia Volpi\" \/>\n<meta name=\"twitter:card\" content=\"summary_large_image\" \/>\n<meta name=\"twitter:label1\" content=\"Escrito por\" \/>\n\t<meta name=\"twitter:data1\" content=\"Sofia Volpi\" \/>\n\t<meta name=\"twitter:label2\" content=\"Est. tempo de leitura\" \/>\n\t<meta name=\"twitter:data2\" content=\"3 minutos\" \/>\n<script type=\"application\/ld+json\" class=\"yoast-schema-graph\">{\"@context\":\"https:\/\/schema.org\",\"@graph\":[{\"@type\":\"WebPage\",\"@id\":\"https:\/\/crusoe.audiencelabs.com.br\/mudanca-no-brasil-pode-pesar-e-muito-para-quem-fuma-cigarro\/\",\"url\":\"https:\/\/crusoe.audiencelabs.com.br\/mudanca-no-brasil-pode-pesar-e-muito-para-quem-fuma-cigarro\/\",\"name\":\"Mudan\u00e7a no Brasil pode pesar (e muito) para quem fuma cigarro\",\"isPartOf\":{\"@id\":\"https:\/\/crusoe.audiencelabs.com.br\/#website\"},\"primaryImageOfPage\":{\"@id\":\"https:\/\/crusoe.audiencelabs.com.br\/mudanca-no-brasil-pode-pesar-e-muito-para-quem-fuma-cigarro\/#primaryimage\"},\"image\":{\"@id\":\"https:\/\/crusoe.audiencelabs.com.br\/mudanca-no-brasil-pode-pesar-e-muito-para-quem-fuma-cigarro\/#primaryimage\"},\"thumbnailUrl\":\"https:\/\/cdn.crusoe.com.br\/uploads\/2026\/04\/pexels-camila-totti-97608655-9295969-scaled.jpg\",\"datePublished\":\"2026-04-09T12:03:22+00:00\",\"author\":{\"@id\":\"https:\/\/crusoe.audiencelabs.com.br\/#\/schema\/person\/9d0fb7a15db57f24b87bef41d034cb04\"},\"breadcrumb\":{\"@id\":\"https:\/\/crusoe.audiencelabs.com.br\/mudanca-no-brasil-pode-pesar-e-muito-para-quem-fuma-cigarro\/#breadcrumb\"},\"inLanguage\":\"pt-BR\",\"potentialAction\":[{\"@type\":\"ReadAction\",\"target\":[\"https:\/\/crusoe.audiencelabs.com.br\/mudanca-no-brasil-pode-pesar-e-muito-para-quem-fuma-cigarro\/\"]}]},{\"@type\":\"ImageObject\",\"inLanguage\":\"pt-BR\",\"@id\":\"https:\/\/crusoe.audiencelabs.com.br\/mudanca-no-brasil-pode-pesar-e-muito-para-quem-fuma-cigarro\/#primaryimage\",\"url\":\"https:\/\/cdn.crusoe.com.br\/uploads\/2026\/04\/pexels-camila-totti-97608655-9295969-scaled.jpg\",\"contentUrl\":\"https:\/\/cdn.crusoe.com.br\/uploads\/2026\/04\/pexels-camila-totti-97608655-9295969-scaled.jpg\",\"width\":2560,\"height\":1707,\"caption\":\"Quase 10% da popula\u00e7\u00e3o adulta no Brasil \u00e9 fumante. Foto de Camila Totti\"},{\"@type\":\"BreadcrumbList\",\"@id\":\"https:\/\/crusoe.audiencelabs.com.br\/mudanca-no-brasil-pode-pesar-e-muito-para-quem-fuma-cigarro\/#breadcrumb\",\"itemListElement\":[{\"@type\":\"ListItem\",\"position\":1,\"name\":\"Home\",\"item\":\"https:\/\/crusoe.audiencelabs.com.br\/\"},{\"@type\":\"ListItem\",\"position\":2,\"name\":\"Mudan\u00e7a no Brasil pode pesar (e muito) para quem fuma cigarro\"}]},{\"@type\":\"WebSite\",\"@id\":\"https:\/\/crusoe.audiencelabs.com.br\/#website\",\"url\":\"https:\/\/crusoe.audiencelabs.com.br\/\",\"name\":\"Variedades - Cruso\u00e9\",\"description\":\"\",\"potentialAction\":[{\"@type\":\"SearchAction\",\"target\":{\"@type\":\"EntryPoint\",\"urlTemplate\":\"https:\/\/crusoe.audiencelabs.com.br\/?s={search_term_string}\"},\"query-input\":{\"@type\":\"PropertyValueSpecification\",\"valueRequired\":true,\"valueName\":\"search_term_string\"}}],\"inLanguage\":\"pt-BR\"},{\"@type\":\"Person\",\"@id\":\"https:\/\/crusoe.audiencelabs.com.br\/#\/schema\/person\/9d0fb7a15db57f24b87bef41d034cb04\",\"name\":\"Sofia Volpi\",\"image\":{\"@type\":\"ImageObject\",\"inLanguage\":\"pt-BR\",\"@id\":\"https:\/\/crusoe.audiencelabs.com.br\/#\/schema\/person\/image\/\",\"url\":\"https:\/\/secure.gravatar.com\/avatar\/a34b676379e5491536434fe5f7a9c49c2efbf9be83b707fa9e74568d45d559f8?s=96&d=mm&r=g\",\"contentUrl\":\"https:\/\/secure.gravatar.com\/avatar\/a34b676379e5491536434fe5f7a9c49c2efbf9be83b707fa9e74568d45d559f8?s=96&d=mm&r=g\",\"caption\":\"Sofia Volpi\"},\"description\":\"Comunicadora, jornalista em forma\u00e7\u00e3o. Apaixonada por esportes e cultura, colunista.\",\"url\":\"https:\/\/crusoe.audiencelabs.com.br\/author\/sofiavolpi\/\"}]}<\/script>\n<!-- \/ Yoast SEO plugin. -->","yoast_head_json":{"title":"Mudan\u00e7a no Brasil pode pesar (e muito) para quem fuma cigarro","robots":{"index":"index","follow":"follow","max-snippet":"max-snippet:-1","max-image-preview":"max-image-preview:large","max-video-preview":"max-video-preview:-1"},"canonical":"https:\/\/crusoe.audiencelabs.com.br\/mudanca-no-brasil-pode-pesar-e-muito-para-quem-fuma-cigarro\/","og_locale":"pt_BR","og_type":"article","og_title":"Mudan\u00e7a no Brasil pode pesar (e muito) para quem fuma cigarro","og_description":"Fumar deve ficar mais caro no Brasil em 2026. O governo federal anunciou aumento na tributa\u00e7\u00e3o do cigarro e tamb\u00e9m reajuste no pre\u00e7o m\u00ednimo de venda no varejo. A mudan\u00e7a atinge dois pontos. O primeiro \u00e9 a al\u00edquota do Imposto sobre Produtos Industrializados (IPI), que sobe de 40% para 60%. O segundo \u00e9 o pre\u00e7o [&hellip;]","og_url":"https:\/\/crusoe.audiencelabs.com.br\/mudanca-no-brasil-pode-pesar-e-muito-para-quem-fuma-cigarro\/","og_site_name":"Variedades - Cruso\u00e9","article_published_time":"2026-04-09T12:03:22+00:00","og_image":[{"width":2560,"height":1707,"url":"https:\/\/cdn.crusoe.com.br\/uploads\/2026\/04\/pexels-camila-totti-97608655-9295969-scaled.jpg","type":"image\/jpeg"}],"author":"Sofia Volpi","twitter_card":"summary_large_image","twitter_misc":{"Escrito por":"Sofia Volpi","Est. tempo de leitura":"3 minutos"},"schema":{"@context":"https:\/\/schema.org","@graph":[{"@type":"WebPage","@id":"https:\/\/crusoe.audiencelabs.com.br\/mudanca-no-brasil-pode-pesar-e-muito-para-quem-fuma-cigarro\/","url":"https:\/\/crusoe.audiencelabs.com.br\/mudanca-no-brasil-pode-pesar-e-muito-para-quem-fuma-cigarro\/","name":"Mudan\u00e7a no Brasil pode pesar (e muito) para quem fuma cigarro","isPartOf":{"@id":"https:\/\/crusoe.audiencelabs.com.br\/#website"},"primaryImageOfPage":{"@id":"https:\/\/crusoe.audiencelabs.com.br\/mudanca-no-brasil-pode-pesar-e-muito-para-quem-fuma-cigarro\/#primaryimage"},"image":{"@id":"https:\/\/crusoe.audiencelabs.com.br\/mudanca-no-brasil-pode-pesar-e-muito-para-quem-fuma-cigarro\/#primaryimage"},"thumbnailUrl":"https:\/\/cdn.crusoe.com.br\/uploads\/2026\/04\/pexels-camila-totti-97608655-9295969-scaled.jpg","datePublished":"2026-04-09T12:03:22+00:00","author":{"@id":"https:\/\/crusoe.audiencelabs.com.br\/#\/schema\/person\/9d0fb7a15db57f24b87bef41d034cb04"},"breadcrumb":{"@id":"https:\/\/crusoe.audiencelabs.com.br\/mudanca-no-brasil-pode-pesar-e-muito-para-quem-fuma-cigarro\/#breadcrumb"},"inLanguage":"pt-BR","potentialAction":[{"@type":"ReadAction","target":["https:\/\/crusoe.audiencelabs.com.br\/mudanca-no-brasil-pode-pesar-e-muito-para-quem-fuma-cigarro\/"]}]},{"@type":"ImageObject","inLanguage":"pt-BR","@id":"https:\/\/crusoe.audiencelabs.com.br\/mudanca-no-brasil-pode-pesar-e-muito-para-quem-fuma-cigarro\/#primaryimage","url":"https:\/\/cdn.crusoe.com.br\/uploads\/2026\/04\/pexels-camila-totti-97608655-9295969-scaled.jpg","contentUrl":"https:\/\/cdn.crusoe.com.br\/uploads\/2026\/04\/pexels-camila-totti-97608655-9295969-scaled.jpg","width":2560,"height":1707,"caption":"Quase 10% da popula\u00e7\u00e3o adulta no Brasil \u00e9 fumante. Foto de Camila Totti"},{"@type":"BreadcrumbList","@id":"https:\/\/crusoe.audiencelabs.com.br\/mudanca-no-brasil-pode-pesar-e-muito-para-quem-fuma-cigarro\/#breadcrumb","itemListElement":[{"@type":"ListItem","position":1,"name":"Home","item":"https:\/\/crusoe.audiencelabs.com.br\/"},{"@type":"ListItem","position":2,"name":"Mudan\u00e7a no Brasil pode pesar (e muito) para quem fuma cigarro"}]},{"@type":"WebSite","@id":"https:\/\/crusoe.audiencelabs.com.br\/#website","url":"https:\/\/crusoe.audiencelabs.com.br\/","name":"Variedades - Cruso\u00e9","description":"","potentialAction":[{"@type":"SearchAction","target":{"@type":"EntryPoint","urlTemplate":"https:\/\/crusoe.audiencelabs.com.br\/?s={search_term_string}"},"query-input":{"@type":"PropertyValueSpecification","valueRequired":true,"valueName":"search_term_string"}}],"inLanguage":"pt-BR"},{"@type":"Person","@id":"https:\/\/crusoe.audiencelabs.com.br\/#\/schema\/person\/9d0fb7a15db57f24b87bef41d034cb04","name":"Sofia Volpi","image":{"@type":"ImageObject","inLanguage":"pt-BR","@id":"https:\/\/crusoe.audiencelabs.com.br\/#\/schema\/person\/image\/","url":"https:\/\/secure.gravatar.com\/avatar\/a34b676379e5491536434fe5f7a9c49c2efbf9be83b707fa9e74568d45d559f8?s=96&d=mm&r=g","contentUrl":"https:\/\/secure.gravatar.com\/avatar\/a34b676379e5491536434fe5f7a9c49c2efbf9be83b707fa9e74568d45d559f8?s=96&d=mm&r=g","caption":"Sofia Volpi"},"description":"Comunicadora, jornalista em forma\u00e7\u00e3o. Apaixonada por esportes e cultura, colunista.","url":"https:\/\/crusoe.audiencelabs.com.br\/author\/sofiavolpi\/"}]}},"_links":{"self":[{"href":"https:\/\/crusoe.audiencelabs.com.br\/wp-json\/wp\/v2\/posts\/36731","targetHints":{"allow":["GET"]}}],"collection":[{"href":"https:\/\/crusoe.audiencelabs.com.br\/wp-json\/wp\/v2\/posts"}],"about":[{"href":"https:\/\/crusoe.audiencelabs.com.br\/wp-json\/wp\/v2\/types\/post"}],"author":[{"embeddable":true,"href":"https:\/\/crusoe.audiencelabs.com.br\/wp-json\/wp\/v2\/users\/17"}],"replies":[{"embeddable":true,"href":"https:\/\/crusoe.audiencelabs.com.br\/wp-json\/wp\/v2\/comments?post=36731"}],"version-history":[{"count":1,"href":"https:\/\/crusoe.audiencelabs.com.br\/wp-json\/wp\/v2\/posts\/36731\/revisions"}],"predecessor-version":[{"id":36733,"href":"https:\/\/crusoe.audiencelabs.com.br\/wp-json\/wp\/v2\/posts\/36731\/revisions\/36733"}],"wp:featuredmedia":[{"embeddable":true,"href":"https:\/\/crusoe.audiencelabs.com.br\/wp-json\/wp\/v2\/media\/36732"}],"wp:attachment":[{"href":"https:\/\/crusoe.audiencelabs.com.br\/wp-json\/wp\/v2\/media?parent=36731"}],"wp:term":[{"taxonomy":"category","embeddable":true,"href":"https:\/\/crusoe.audiencelabs.com.br\/wp-json\/wp\/v2\/categories?post=36731"},{"taxonomy":"post_tag","embeddable":true,"href":"https:\/\/crusoe.audiencelabs.com.br\/wp-json\/wp\/v2\/tags?post=36731"}],"curies":[{"name":"wp","href":"https:\/\/api.w.org\/{rel}","templated":true}]}}