{"id":36683,"date":"2026-04-08T19:32:52","date_gmt":"2026-04-08T22:32:52","guid":{"rendered":"https:\/\/crusoe.audiencelabs.com.br\/?p=36683"},"modified":"2026-04-08T13:42:11","modified_gmt":"2026-04-08T16:42:11","slug":"a-missao-da-nasa-em-que-os-humanos-foram-mais-longe-da-terra-do-que-jamais-na-historia","status":"publish","type":"post","link":"https:\/\/crusoe.audiencelabs.com.br\/a-missao-da-nasa-em-que-os-humanos-foram-mais-longe-da-terra-do-que-jamais-na-historia\/","title":{"rendered":"A miss\u00e3o da NASA em que os humanos foram mais longe da Terra do que jamais na hist\u00f3ria"},"content":{"rendered":"<p>Um dos feitos mais memor\u00e1veis da astronomia humana foi a visita \u00e0 Lua da nave <strong>Apollo 11<\/strong>, em 1969. No entanto, a ci\u00eancia atingiu um novo marco na astronomia neste ano: uma tripula\u00e7\u00e3o de astronautas bateu o recorde de maior dist\u00e2ncia viajada para fora da Terra.<\/p>\n<p>O recorde \u00e9 da tripula\u00e7\u00e3o da nave<strong> Artemis II<\/strong>, que deu a volta na \u00f3rbita da Lua nesta semana, ficando a pouco mais de 400 milh\u00f5es de quil\u00f4metros de dist\u00e2ncia da Terra ao atingir o ponto mais distante da viagem.<\/p>\n<p>O recorde original era ent\u00e3o da equipe da <strong>Apollo 13<\/strong>, que conseguiu chegar a 400.171.432 km de dist\u00e2ncia do nosso planeta em 1970. As estimativas s\u00e3o que a Artemis II ficou pouco mais de seis quil\u00f4metros acima dessa marca.<\/p>\n<h2>Miss\u00e3o da Artemis II<\/h2>\n<p>A miss\u00e3o da Artemis II veio com o sucesso da miss\u00e3o n\u00e3o-tripulada da Artemis I realizado em 2022 pela NASA. A miss\u00e3o tem o objetivo principal de testar os sistemas de suporte de vida da nave <strong>Orion<\/strong>. O teste foi o lan\u00e7amento do foguete <em><strong>Space Launch System<\/strong><\/em> (SLS) e da espa\u00e7onave Orion com tripula\u00e7\u00e3o a bordo, incluindo sistemas de orienta\u00e7\u00e3o, navega\u00e7\u00e3o e comunica\u00e7\u00e3o.<\/p>\n<p>Para testar a capacidade de lan\u00e7amento do SLS e a capacidade de sustenta\u00e7\u00e3o da Orion, a tripula\u00e7\u00e3o foi enviada ao &#8220;lado oculto&#8221; da lua, que ainda n\u00e3o foi explorado. L\u00e1, os astronautas tamb\u00e9m iriam tirar fotos do nosso sat\u00e9lite natural, aproveitando o teste para abrir uma janela para estudos sobre a lua.<\/p>\n<p>A tripula\u00e7\u00e3o n\u00e3o pousou na lua, mas servir\u00e1 como base para lan\u00e7amentos e explora\u00e7\u00f5es futuras. Atualmente a tripula\u00e7\u00e3o retorna para o planeta.<\/p>\n<h2>Quem est\u00e1 na nave?<\/h2>\n<p>A miss\u00e3o tamb\u00e9m tem um outro marco hist\u00f3rico: \u00e9 a primeira miss\u00e3o a levar um homem negro e uma mulher ao espa\u00e7o profundo, al\u00e9m da \u00f3rbita do planeta Terra. <strong>Confira a tripula\u00e7\u00e3o:<\/strong><\/p>\n<ul class=\"KsbFXc U6u95\" data-sfc-root=\"c\" data-sfc-cb=\"\" data-complete=\"true\" data-processed=\"true\">\n<li class=\"dF3vjf\" data-sfc-root=\"c\" data-sfc-cb=\"\" data-hveid=\"CAEIBBAA\" data-complete=\"true\" data-sae=\"\"><strong>Reid Wiseman<\/strong> (Comandante): Astronauta da NASA e veterano da Esta\u00e7\u00e3o Espacial Internacional (ISS), ele lidera a miss\u00e3o.<\/li>\n<li class=\"dF3vjf\" data-sfc-root=\"c\" data-sfc-cb=\"\" data-hveid=\"CAEIBBAA\" data-complete=\"true\" data-sae=\"\"><strong> Victor Glover<\/strong> (Piloto): Astronauta da NASA, ele \u00e9 a\u00a0primeira pessoa negra\u00a0a participar de uma miss\u00e3o lunar.<\/li>\n<li class=\"dF3vjf\" data-sfc-root=\"c\" data-sfc-cb=\"\" data-hveid=\"CAEIBBAA\" data-complete=\"true\" data-sae=\"\"><strong>Christina Koch<\/strong> (Especialista de Miss\u00e3o): Engenheira da NASA, ela det\u00e9m o recorde de voo espacial cont\u00ednuo mais longo por uma mulher e agora \u00e9 a\u00a0primeira mulher\u00a0em uma miss\u00e3o rumo \u00e0 Lua.<\/li>\n<li class=\"dF3vjf\" data-sfc-root=\"c\" data-sfc-cb=\"\" data-hveid=\"CAEIBBAA\" data-complete=\"true\" data-sae=\"\"><strong>Jeremy Hansen<\/strong> (Especialista de Miss\u00e3o): Representante da Ag\u00eancia Espacial Canadense (CSA), ele \u00e9 o\u00a0primeiro n\u00e3o americano\u00a0a viajar para al\u00e9m da \u00f3rbita baixa da Terra.<\/li>\n<\/ul>\n<p>Os astronautas decolaram no come\u00e7o deste m\u00eas e j\u00e1 retornam ao planeta Terra, dentro da c\u00e1psula da nave Orion ap\u00f3s o sucesso da miss\u00e3o.<\/p>\n","protected":false},"excerpt":{"rendered":"<p>Um dos feitos mais memor\u00e1veis da astronomia humana foi a visita \u00e0 Lua da nave Apollo 11, em 1969. No entanto, a ci\u00eancia atingiu um novo marco na astronomia neste ano: uma tripula\u00e7\u00e3o de astronautas bateu o recorde de maior dist\u00e2ncia viajada para fora da Terra. O recorde \u00e9 da tripula\u00e7\u00e3o da nave Artemis II, [&hellip;]<\/p>\n","protected":false},"author":15,"featured_media":36692,"comment_status":"open","ping_status":"open","sticky":false,"template":"","format":"standard","meta":{"jnews-multi-image_gallery":[],"jnews_single_post":{"format":"standard","jnews_video_option_group":[[]],"override":[{"template":"2","parallax":"1","fullscreen":"1","layout":"right-sidebar","sidebar":"default-sidebar","second_sidebar":"default-sidebar","sticky_sidebar":"1","share_position":"hide","share_float_style":"share-monocrhome","show_featured":"1","show_post_meta":"1","show_post_author":"1","show_post_date":"1","post_date_format":"default","post_date_format_custom":"Y\/m\/d","show_post_category":"1","show_post_reading_time":"0","post_reading_time_wpm":"300","post_calculate_word_method":"str_word_count","show_zoom_button":"0","zoom_button_out_step":"2","zoom_button_in_step":"3","show_post_tag":"1","show_popup_post":"1","number_popup_post":"1","show_author_box":"1","show_post_related":"0"}],"image_override":[{"single_post_thumbnail_size":"crop-500","single_post_gallery_size":"crop-500"}],"trending_post_position":"meta","trending_post_label":"Trending","sponsored_post_label":"Sponsored by","disable_ad":"0","subtitle":"Quatro tripulantes foram at\u00e9 o lado escuro da lua e j\u00e1 retornam para a Terra"},"jnews_primary_category":[],"jnews_override_counter":{"view_counter_number":"0","share_counter_number":"0","like_counter_number":"0","dislike_counter_number":"0"},"jnews_post_split":{"post_split":[{"template":"1","tag":"h2","numbering":"asc","mode":"normal","first":"0","enable_toc":"0","toc_type":"normal"}]},"footnotes":""},"categories":[1],"tags":[6858,4958,1095,7081,1177,249,7076,7079,7077,7078,724,7080],"class_list":["post-36683","post","type-post","status-publish","format-standard","has-post-thumbnail","hentry","category-geral","tag-artemis-ii","tag-christina-koch","tag-espaco","tag-jeremy-hansen","tag-lua","tag-nasa","tag-orion","tag-reid-wiseman","tag-sls","tag-space-launch-system","tag-terra","tag-victor-glover"],"yoast_head":"<!-- This site is optimized with the Yoast SEO plugin v25.0 - https:\/\/yoast.com\/wordpress\/plugins\/seo\/ -->\n<title>A miss\u00e3o da NASA em que os humanos foram mais longe da Terra do que jamais na hist\u00f3ria<\/title>\n<meta name=\"robots\" content=\"index, follow, max-snippet:-1, max-image-preview:large, max-video-preview:-1\" \/>\n<link rel=\"canonical\" href=\"https:\/\/crusoe.audiencelabs.com.br\/a-missao-da-nasa-em-que-os-humanos-foram-mais-longe-da-terra-do-que-jamais-na-historia\/\" \/>\n<meta property=\"og:locale\" content=\"pt_BR\" \/>\n<meta property=\"og:type\" content=\"article\" \/>\n<meta property=\"og:title\" content=\"A miss\u00e3o da NASA em que os humanos foram mais longe da Terra do que jamais na hist\u00f3ria\" \/>\n<meta property=\"og:description\" content=\"Um dos feitos mais memor\u00e1veis da astronomia humana foi a visita \u00e0 Lua da nave Apollo 11, em 1969. No entanto, a ci\u00eancia atingiu um novo marco na astronomia neste ano: uma tripula\u00e7\u00e3o de astronautas bateu o recorde de maior dist\u00e2ncia viajada para fora da Terra. O recorde \u00e9 da tripula\u00e7\u00e3o da nave Artemis II, [&hellip;]\" \/>\n<meta property=\"og:url\" content=\"https:\/\/crusoe.audiencelabs.com.br\/a-missao-da-nasa-em-que-os-humanos-foram-mais-longe-da-terra-do-que-jamais-na-historia\/\" \/>\n<meta property=\"og:site_name\" content=\"Variedades - Cruso\u00e9\" \/>\n<meta property=\"article:published_time\" content=\"2026-04-08T22:32:52+00:00\" \/>\n<meta property=\"og:image\" content=\"https:\/\/cdn.crusoe.com.br\/uploads\/2026\/04\/55164631600_06f830a5a6_w.jpg\" \/>\n\t<meta property=\"og:image:width\" content=\"400\" \/>\n\t<meta property=\"og:image:height\" content=\"267\" \/>\n\t<meta property=\"og:image:type\" content=\"image\/jpeg\" \/>\n<meta name=\"author\" content=\"J\u00falio Nesi\" \/>\n<meta name=\"twitter:card\" content=\"summary_large_image\" \/>\n<meta name=\"twitter:label1\" content=\"Escrito por\" \/>\n\t<meta name=\"twitter:data1\" content=\"J\u00falio Nesi\" \/>\n\t<meta name=\"twitter:label2\" content=\"Est. tempo de leitura\" \/>\n\t<meta name=\"twitter:data2\" content=\"3 minutos\" \/>\n<script type=\"application\/ld+json\" class=\"yoast-schema-graph\">{\"@context\":\"https:\/\/schema.org\",\"@graph\":[{\"@type\":\"WebPage\",\"@id\":\"https:\/\/crusoe.audiencelabs.com.br\/a-missao-da-nasa-em-que-os-humanos-foram-mais-longe-da-terra-do-que-jamais-na-historia\/\",\"url\":\"https:\/\/crusoe.audiencelabs.com.br\/a-missao-da-nasa-em-que-os-humanos-foram-mais-longe-da-terra-do-que-jamais-na-historia\/\",\"name\":\"A miss\u00e3o da NASA em que os humanos foram mais longe da Terra do que jamais na hist\u00f3ria\",\"isPartOf\":{\"@id\":\"https:\/\/crusoe.audiencelabs.com.br\/#website\"},\"primaryImageOfPage\":{\"@id\":\"https:\/\/crusoe.audiencelabs.com.br\/a-missao-da-nasa-em-que-os-humanos-foram-mais-longe-da-terra-do-que-jamais-na-historia\/#primaryimage\"},\"image\":{\"@id\":\"https:\/\/crusoe.audiencelabs.com.br\/a-missao-da-nasa-em-que-os-humanos-foram-mais-longe-da-terra-do-que-jamais-na-historia\/#primaryimage\"},\"thumbnailUrl\":\"https:\/\/cdn.crusoe.com.br\/uploads\/2026\/04\/55164631600_06f830a5a6_w.jpg\",\"datePublished\":\"2026-04-08T22:32:52+00:00\",\"author\":{\"@id\":\"https:\/\/crusoe.audiencelabs.com.br\/#\/schema\/person\/0cca5874eda7d72cef71e77a9a9c2143\"},\"breadcrumb\":{\"@id\":\"https:\/\/crusoe.audiencelabs.com.br\/a-missao-da-nasa-em-que-os-humanos-foram-mais-longe-da-terra-do-que-jamais-na-historia\/#breadcrumb\"},\"inLanguage\":\"pt-BR\",\"potentialAction\":[{\"@type\":\"ReadAction\",\"target\":[\"https:\/\/crusoe.audiencelabs.com.br\/a-missao-da-nasa-em-que-os-humanos-foram-mais-longe-da-terra-do-que-jamais-na-historia\/\"]}]},{\"@type\":\"ImageObject\",\"inLanguage\":\"pt-BR\",\"@id\":\"https:\/\/crusoe.audiencelabs.com.br\/a-missao-da-nasa-em-que-os-humanos-foram-mais-longe-da-terra-do-que-jamais-na-historia\/#primaryimage\",\"url\":\"https:\/\/cdn.crusoe.com.br\/uploads\/2026\/04\/55164631600_06f830a5a6_w.jpg\",\"contentUrl\":\"https:\/\/cdn.crusoe.com.br\/uploads\/2026\/04\/55164631600_06f830a5a6_w.jpg\",\"width\":400,\"height\":267,\"caption\":\"Foguete da Artemis II Reprodu\u00e7\u00e3o: Flickr \/ NASA \/ Ben Smegelsky\"},{\"@type\":\"BreadcrumbList\",\"@id\":\"https:\/\/crusoe.audiencelabs.com.br\/a-missao-da-nasa-em-que-os-humanos-foram-mais-longe-da-terra-do-que-jamais-na-historia\/#breadcrumb\",\"itemListElement\":[{\"@type\":\"ListItem\",\"position\":1,\"name\":\"Home\",\"item\":\"https:\/\/crusoe.audiencelabs.com.br\/\"},{\"@type\":\"ListItem\",\"position\":2,\"name\":\"A miss\u00e3o da NASA em que os humanos foram mais longe da Terra do que jamais na hist\u00f3ria\"}]},{\"@type\":\"WebSite\",\"@id\":\"https:\/\/crusoe.audiencelabs.com.br\/#website\",\"url\":\"https:\/\/crusoe.audiencelabs.com.br\/\",\"name\":\"Variedades - Cruso\u00e9\",\"description\":\"\",\"potentialAction\":[{\"@type\":\"SearchAction\",\"target\":{\"@type\":\"EntryPoint\",\"urlTemplate\":\"https:\/\/crusoe.audiencelabs.com.br\/?s={search_term_string}\"},\"query-input\":{\"@type\":\"PropertyValueSpecification\",\"valueRequired\":true,\"valueName\":\"search_term_string\"}}],\"inLanguage\":\"pt-BR\"},{\"@type\":\"Person\",\"@id\":\"https:\/\/crusoe.audiencelabs.com.br\/#\/schema\/person\/0cca5874eda7d72cef71e77a9a9c2143\",\"name\":\"J\u00falio Nesi\",\"image\":{\"@type\":\"ImageObject\",\"inLanguage\":\"pt-BR\",\"@id\":\"https:\/\/crusoe.audiencelabs.com.br\/#\/schema\/person\/image\/\",\"url\":\"https:\/\/secure.gravatar.com\/avatar\/c22eb47c3e2320e71637346b980e09f63de9f75742d3335f94a26b83dff70473?s=96&d=mm&r=g\",\"contentUrl\":\"https:\/\/secure.gravatar.com\/avatar\/c22eb47c3e2320e71637346b980e09f63de9f75742d3335f94a26b83dff70473?s=96&d=mm&r=g\",\"caption\":\"J\u00falio Nesi\"},\"description\":\"Jornalista alagoano formado pela UFAL, j\u00e1 atuei em produ\u00e7\u00e3o de conte\u00fado digital para portais, r\u00e1dio e redes sociais.\",\"sameAs\":[\"www.linkedin.com\/in\/j\u00falio-nesi\"],\"url\":\"https:\/\/crusoe.audiencelabs.com.br\/author\/julionesi\/\"}]}<\/script>\n<!-- \/ Yoast SEO plugin. -->","yoast_head_json":{"title":"A miss\u00e3o da NASA em que os humanos foram mais longe da Terra do que jamais na hist\u00f3ria","robots":{"index":"index","follow":"follow","max-snippet":"max-snippet:-1","max-image-preview":"max-image-preview:large","max-video-preview":"max-video-preview:-1"},"canonical":"https:\/\/crusoe.audiencelabs.com.br\/a-missao-da-nasa-em-que-os-humanos-foram-mais-longe-da-terra-do-que-jamais-na-historia\/","og_locale":"pt_BR","og_type":"article","og_title":"A miss\u00e3o da NASA em que os humanos foram mais longe da Terra do que jamais na hist\u00f3ria","og_description":"Um dos feitos mais memor\u00e1veis da astronomia humana foi a visita \u00e0 Lua da nave Apollo 11, em 1969. No entanto, a ci\u00eancia atingiu um novo marco na astronomia neste ano: uma tripula\u00e7\u00e3o de astronautas bateu o recorde de maior dist\u00e2ncia viajada para fora da Terra. O recorde \u00e9 da tripula\u00e7\u00e3o da nave Artemis II, [&hellip;]","og_url":"https:\/\/crusoe.audiencelabs.com.br\/a-missao-da-nasa-em-que-os-humanos-foram-mais-longe-da-terra-do-que-jamais-na-historia\/","og_site_name":"Variedades - Cruso\u00e9","article_published_time":"2026-04-08T22:32:52+00:00","og_image":[{"width":400,"height":267,"url":"https:\/\/cdn.crusoe.com.br\/uploads\/2026\/04\/55164631600_06f830a5a6_w.jpg","type":"image\/jpeg"}],"author":"J\u00falio Nesi","twitter_card":"summary_large_image","twitter_misc":{"Escrito por":"J\u00falio Nesi","Est. tempo de leitura":"3 minutos"},"schema":{"@context":"https:\/\/schema.org","@graph":[{"@type":"WebPage","@id":"https:\/\/crusoe.audiencelabs.com.br\/a-missao-da-nasa-em-que-os-humanos-foram-mais-longe-da-terra-do-que-jamais-na-historia\/","url":"https:\/\/crusoe.audiencelabs.com.br\/a-missao-da-nasa-em-que-os-humanos-foram-mais-longe-da-terra-do-que-jamais-na-historia\/","name":"A miss\u00e3o da NASA em que os humanos foram mais longe da Terra do que jamais na hist\u00f3ria","isPartOf":{"@id":"https:\/\/crusoe.audiencelabs.com.br\/#website"},"primaryImageOfPage":{"@id":"https:\/\/crusoe.audiencelabs.com.br\/a-missao-da-nasa-em-que-os-humanos-foram-mais-longe-da-terra-do-que-jamais-na-historia\/#primaryimage"},"image":{"@id":"https:\/\/crusoe.audiencelabs.com.br\/a-missao-da-nasa-em-que-os-humanos-foram-mais-longe-da-terra-do-que-jamais-na-historia\/#primaryimage"},"thumbnailUrl":"https:\/\/cdn.crusoe.com.br\/uploads\/2026\/04\/55164631600_06f830a5a6_w.jpg","datePublished":"2026-04-08T22:32:52+00:00","author":{"@id":"https:\/\/crusoe.audiencelabs.com.br\/#\/schema\/person\/0cca5874eda7d72cef71e77a9a9c2143"},"breadcrumb":{"@id":"https:\/\/crusoe.audiencelabs.com.br\/a-missao-da-nasa-em-que-os-humanos-foram-mais-longe-da-terra-do-que-jamais-na-historia\/#breadcrumb"},"inLanguage":"pt-BR","potentialAction":[{"@type":"ReadAction","target":["https:\/\/crusoe.audiencelabs.com.br\/a-missao-da-nasa-em-que-os-humanos-foram-mais-longe-da-terra-do-que-jamais-na-historia\/"]}]},{"@type":"ImageObject","inLanguage":"pt-BR","@id":"https:\/\/crusoe.audiencelabs.com.br\/a-missao-da-nasa-em-que-os-humanos-foram-mais-longe-da-terra-do-que-jamais-na-historia\/#primaryimage","url":"https:\/\/cdn.crusoe.com.br\/uploads\/2026\/04\/55164631600_06f830a5a6_w.jpg","contentUrl":"https:\/\/cdn.crusoe.com.br\/uploads\/2026\/04\/55164631600_06f830a5a6_w.jpg","width":400,"height":267,"caption":"Foguete da Artemis II Reprodu\u00e7\u00e3o: Flickr \/ NASA \/ Ben Smegelsky"},{"@type":"BreadcrumbList","@id":"https:\/\/crusoe.audiencelabs.com.br\/a-missao-da-nasa-em-que-os-humanos-foram-mais-longe-da-terra-do-que-jamais-na-historia\/#breadcrumb","itemListElement":[{"@type":"ListItem","position":1,"name":"Home","item":"https:\/\/crusoe.audiencelabs.com.br\/"},{"@type":"ListItem","position":2,"name":"A miss\u00e3o da NASA em que os humanos foram mais longe da Terra do que jamais na hist\u00f3ria"}]},{"@type":"WebSite","@id":"https:\/\/crusoe.audiencelabs.com.br\/#website","url":"https:\/\/crusoe.audiencelabs.com.br\/","name":"Variedades - Cruso\u00e9","description":"","potentialAction":[{"@type":"SearchAction","target":{"@type":"EntryPoint","urlTemplate":"https:\/\/crusoe.audiencelabs.com.br\/?s={search_term_string}"},"query-input":{"@type":"PropertyValueSpecification","valueRequired":true,"valueName":"search_term_string"}}],"inLanguage":"pt-BR"},{"@type":"Person","@id":"https:\/\/crusoe.audiencelabs.com.br\/#\/schema\/person\/0cca5874eda7d72cef71e77a9a9c2143","name":"J\u00falio Nesi","image":{"@type":"ImageObject","inLanguage":"pt-BR","@id":"https:\/\/crusoe.audiencelabs.com.br\/#\/schema\/person\/image\/","url":"https:\/\/secure.gravatar.com\/avatar\/c22eb47c3e2320e71637346b980e09f63de9f75742d3335f94a26b83dff70473?s=96&d=mm&r=g","contentUrl":"https:\/\/secure.gravatar.com\/avatar\/c22eb47c3e2320e71637346b980e09f63de9f75742d3335f94a26b83dff70473?s=96&d=mm&r=g","caption":"J\u00falio Nesi"},"description":"Jornalista alagoano formado pela UFAL, j\u00e1 atuei em produ\u00e7\u00e3o de conte\u00fado digital para portais, r\u00e1dio e redes sociais.","sameAs":["www.linkedin.com\/in\/j\u00falio-nesi"],"url":"https:\/\/crusoe.audiencelabs.com.br\/author\/julionesi\/"}]}},"_links":{"self":[{"href":"https:\/\/crusoe.audiencelabs.com.br\/wp-json\/wp\/v2\/posts\/36683","targetHints":{"allow":["GET"]}}],"collection":[{"href":"https:\/\/crusoe.audiencelabs.com.br\/wp-json\/wp\/v2\/posts"}],"about":[{"href":"https:\/\/crusoe.audiencelabs.com.br\/wp-json\/wp\/v2\/types\/post"}],"author":[{"embeddable":true,"href":"https:\/\/crusoe.audiencelabs.com.br\/wp-json\/wp\/v2\/users\/15"}],"replies":[{"embeddable":true,"href":"https:\/\/crusoe.audiencelabs.com.br\/wp-json\/wp\/v2\/comments?post=36683"}],"version-history":[{"count":1,"href":"https:\/\/crusoe.audiencelabs.com.br\/wp-json\/wp\/v2\/posts\/36683\/revisions"}],"predecessor-version":[{"id":36694,"href":"https:\/\/crusoe.audiencelabs.com.br\/wp-json\/wp\/v2\/posts\/36683\/revisions\/36694"}],"wp:featuredmedia":[{"embeddable":true,"href":"https:\/\/crusoe.audiencelabs.com.br\/wp-json\/wp\/v2\/media\/36692"}],"wp:attachment":[{"href":"https:\/\/crusoe.audiencelabs.com.br\/wp-json\/wp\/v2\/media?parent=36683"}],"wp:term":[{"taxonomy":"category","embeddable":true,"href":"https:\/\/crusoe.audiencelabs.com.br\/wp-json\/wp\/v2\/categories?post=36683"},{"taxonomy":"post_tag","embeddable":true,"href":"https:\/\/crusoe.audiencelabs.com.br\/wp-json\/wp\/v2\/tags?post=36683"}],"curies":[{"name":"wp","href":"https:\/\/api.w.org\/{rel}","templated":true}]}}