{"id":36665,"date":"2026-04-08T16:34:02","date_gmt":"2026-04-08T19:34:02","guid":{"rendered":"https:\/\/crusoe.audiencelabs.com.br\/?p=36665"},"modified":"2026-04-08T11:50:42","modified_gmt":"2026-04-08T14:50:42","slug":"cientistas-descobriram-a-proteina-responsavel-pelo-envelhecimento-cerebral-e-podem-impedir-sua-acao","status":"publish","type":"post","link":"https:\/\/crusoe.audiencelabs.com.br\/cientistas-descobriram-a-proteina-responsavel-pelo-envelhecimento-cerebral-e-podem-impedir-sua-acao\/","title":{"rendered":"Cientistas descobriram a prote\u00edna respons\u00e1vel pelo envelhecimento cerebral e podem impedir sua a\u00e7\u00e3o"},"content":{"rendered":"<p>Todos n\u00f3s envelhecemos, mas cada parte de nosso corpo passa por processos diferentes, incluindo o nosso c\u00e9rebro que pode diminuir, podemos ficar mais esquecidos e podemos passar a ter dificuldades em fazer tarefas que antes consegu\u00edamos com facilidade. Acontece que agora o fim do envelhecimento cerebral pode estar \u00e0 vista da ci\u00eancia.<\/p>\n<p>No caso, cientistas da Universidade de Calif\u00f3rnia San Francisco, nos EUA, descobriram a prote\u00edna &#8220;<strong>FTL1<\/strong>&#8220;, respons\u00e1vel pelo envelhecimento do c\u00e9rebro e tamb\u00e9m um jeito de interromper esse processo.<\/p>\n<h2>Como foi o estudo?<\/h2>\n<p>Os pesquisadores acompanharam o envelhecimento de ratos em laborat\u00f3rio e descobriram que a <strong>FTL1\u00a0<\/strong>estava presente em maior volume no c\u00e9rebro dos animais mais velhos.<\/p>\n<p>No caso, os pesquisadores estudaram mudan\u00e7as que ocorriam no c\u00e9rebro dos animais, especialmente no hipocampo, a \u00e1rea respons\u00e1vel pelas mem\u00f3rias. Nos estudos eles identificaram que o <strong>FTL1\u00a0<\/strong>foi a \u00fanica prote\u00edna que se diferenciou de forma consistente entre ratos jovens e idosos.<\/p>\n<p>Segundo os pesquisadores, os ratos idosos tinham menos conex\u00f5es entre os neur\u00f4nios no hipocampo, o que causava maiores problemas de mem\u00f3ria. Com isso, os cientistas associaram a maior presen\u00e7a da prote\u00edna \u00e0 redu\u00e7\u00e3o das conex\u00f5es entre as c\u00e9lulas cerebrais.<\/p>\n<p>Ao identificar isso, os pesquisadores come\u00e7aram a reduzir o volume de <strong>FTL1\u00a0<\/strong>do c\u00e9rebro dos animais afetados. Com isso, descobriram que os animais afetados come\u00e7aram a se recuperar, ou seja, o c\u00e9rebro n\u00e3o apenas parou de envelhecer, como come\u00e7ou a se &#8220;renovar&#8221;, restaurando a mem\u00f3ria.<\/p>\n<h2>O que isso significa para n\u00f3s?<\/h2>\n<p>O estudo, publicado na revista cient\u00edfica <strong><em>Nature Aging<\/em><\/strong>, pode ser uma janela para novos tratamentos para problemas de mem\u00f3ria e at\u00e9 mesmo doen\u00e7as de degenera\u00e7\u00e3o cognitiva como o <strong>Alzheimer<\/strong> e\u00a0<a href=\"https:\/\/crusoe.com.br\/variedades\/estudo-descobre-novo-remedio-para-parkinson-que-estava-diante-de-nos-o-tempo-todo\/\"><span style=\"margin: 0px;padding: 0px\"><strong>Parkinson<\/strong><\/span><\/a>.<\/p>\n<p>De acordo com os pesquisadores, a <strong>FTL1\u00a0<\/strong>tem o nome completo como &#8220;<em>Ferritin Light Chain 1<\/em>&#8221; e seu papel principal \u00e9 armazenar ferro no c\u00e9rebro para auxiliar no metabolismo. No entanto, ao avan\u00e7ar a idade, a <strong>FTL1\u00a0<\/strong>come\u00e7a a se acumular e a causar efeitos negativos ao afetar o metabolismo do c\u00e9rebro.<\/p>\n<p>Com esses estudos, cientistas poder\u00e3o investigar melhor os efeitos do metabolismo cerebral e os n\u00edveis saud\u00e1veis da prote\u00edna para garantir que ela continue fazendo sua fun\u00e7\u00e3o sem causar <strong>envelhecimento cerebral<\/strong>.<\/p>\n<p>Saul Villeda, pesquisador s\u00eanior do estudo, comemorou a descoberta: &#8220;N\u00f3s descobrimos como reverter a perda de mem\u00f3ria. \u00c9 muito mais que simplesmente atrasar ou interromper esses sintomas&#8221;, declarou.<\/p>\n<p>&nbsp;<\/p>\n<p>&nbsp;<\/p>\n","protected":false},"excerpt":{"rendered":"<p>Todos n\u00f3s envelhecemos, mas cada parte de nosso corpo passa por processos diferentes, incluindo o nosso c\u00e9rebro que pode diminuir, podemos ficar mais esquecidos e podemos passar a ter dificuldades em fazer tarefas que antes consegu\u00edamos com facilidade. Acontece que agora o fim do envelhecimento cerebral pode estar \u00e0 vista da ci\u00eancia. No caso, cientistas [&hellip;]<\/p>\n","protected":false},"author":15,"featured_media":36667,"comment_status":"open","ping_status":"open","sticky":false,"template":"","format":"standard","meta":{"jnews-multi-image_gallery":[],"jnews_single_post":{"format":"standard","jnews_video_option_group":[[]],"override":[{"template":"2","parallax":"1","fullscreen":"1","layout":"right-sidebar","sidebar":"default-sidebar","second_sidebar":"default-sidebar","sticky_sidebar":"1","share_position":"hide","share_float_style":"share-monocrhome","show_featured":"1","show_post_meta":"1","show_post_author":"1","show_post_date":"1","post_date_format":"default","post_date_format_custom":"Y\/m\/d","show_post_category":"1","show_post_reading_time":"0","post_reading_time_wpm":"300","post_calculate_word_method":"str_word_count","show_zoom_button":"0","zoom_button_out_step":"2","zoom_button_in_step":"3","show_post_tag":"1","show_popup_post":"1","number_popup_post":"1","show_author_box":"1","show_post_related":"0"}],"image_override":[{"single_post_thumbnail_size":"crop-500","single_post_gallery_size":"crop-500"}],"trending_post_position":"meta","trending_post_label":"Trending","sponsored_post_label":"Sponsored by","disable_ad":"0","subtitle":"Cientistas ainda levantaram a possibilidade do estudo ser usado para tratar Alzheimer e Parkinson"},"jnews_primary_category":[],"jnews_override_counter":{"view_counter_number":"0","share_counter_number":"0","like_counter_number":"0","dislike_counter_number":"0"},"jnews_post_split":{"post_split":[{"template":"1","tag":"h2","numbering":"asc","mode":"normal","first":"0","enable_toc":"0","toc_type":"normal"}]},"footnotes":""},"categories":[1],"tags":[1249,251,1008,3228,7066,564,1575,234,7067],"class_list":["post-36665","post","type-post","status-publish","format-standard","has-post-thumbnail","hentry","category-geral","tag-alzheimer","tag-ciencia","tag-envelhecimento","tag-envelhecimento-cerebral","tag-ftl1","tag-memoria","tag-parkinson","tag-saude","tag-saude-do-cerebro"],"yoast_head":"<!-- This site is optimized with the Yoast SEO plugin v25.0 - https:\/\/yoast.com\/wordpress\/plugins\/seo\/ -->\n<title>Cientistas descobriram a prote\u00edna respons\u00e1vel pelo envelhecimento cerebral e podem impedir sua a\u00e7\u00e3o<\/title>\n<meta name=\"robots\" content=\"index, follow, max-snippet:-1, max-image-preview:large, max-video-preview:-1\" \/>\n<link rel=\"canonical\" href=\"https:\/\/crusoe.audiencelabs.com.br\/cientistas-descobriram-a-proteina-responsavel-pelo-envelhecimento-cerebral-e-podem-impedir-sua-acao\/\" \/>\n<meta property=\"og:locale\" content=\"pt_BR\" \/>\n<meta property=\"og:type\" content=\"article\" \/>\n<meta property=\"og:title\" content=\"Cientistas descobriram a prote\u00edna respons\u00e1vel pelo envelhecimento cerebral e podem impedir sua a\u00e7\u00e3o\" \/>\n<meta property=\"og:description\" content=\"Todos n\u00f3s envelhecemos, mas cada parte de nosso corpo passa por processos diferentes, incluindo o nosso c\u00e9rebro que pode diminuir, podemos ficar mais esquecidos e podemos passar a ter dificuldades em fazer tarefas que antes consegu\u00edamos com facilidade. Acontece que agora o fim do envelhecimento cerebral pode estar \u00e0 vista da ci\u00eancia. No caso, cientistas [&hellip;]\" \/>\n<meta property=\"og:url\" content=\"https:\/\/crusoe.audiencelabs.com.br\/cientistas-descobriram-a-proteina-responsavel-pelo-envelhecimento-cerebral-e-podem-impedir-sua-acao\/\" \/>\n<meta property=\"og:site_name\" content=\"Variedades - Cruso\u00e9\" \/>\n<meta property=\"article:published_time\" content=\"2026-04-08T19:34:02+00:00\" \/>\n<meta property=\"og:image\" content=\"https:\/\/cdn.crusoe.com.br\/uploads\/2026\/04\/vitaly-gariev-X_tBkG0U9yM-unsplash.jpg\" \/>\n\t<meta property=\"og:image:width\" content=\"640\" \/>\n\t<meta property=\"og:image:height\" content=\"360\" \/>\n\t<meta property=\"og:image:type\" content=\"image\/jpeg\" \/>\n<meta name=\"author\" content=\"J\u00falio Nesi\" \/>\n<meta name=\"twitter:card\" content=\"summary_large_image\" \/>\n<meta name=\"twitter:label1\" content=\"Escrito por\" \/>\n\t<meta name=\"twitter:data1\" content=\"J\u00falio Nesi\" \/>\n\t<meta name=\"twitter:label2\" content=\"Est. tempo de leitura\" \/>\n\t<meta name=\"twitter:data2\" content=\"3 minutos\" \/>\n<script type=\"application\/ld+json\" class=\"yoast-schema-graph\">{\"@context\":\"https:\/\/schema.org\",\"@graph\":[{\"@type\":\"WebPage\",\"@id\":\"https:\/\/crusoe.audiencelabs.com.br\/cientistas-descobriram-a-proteina-responsavel-pelo-envelhecimento-cerebral-e-podem-impedir-sua-acao\/\",\"url\":\"https:\/\/crusoe.audiencelabs.com.br\/cientistas-descobriram-a-proteina-responsavel-pelo-envelhecimento-cerebral-e-podem-impedir-sua-acao\/\",\"name\":\"Cientistas descobriram a prote\u00edna respons\u00e1vel pelo envelhecimento cerebral e podem impedir sua a\u00e7\u00e3o\",\"isPartOf\":{\"@id\":\"https:\/\/crusoe.audiencelabs.com.br\/#website\"},\"primaryImageOfPage\":{\"@id\":\"https:\/\/crusoe.audiencelabs.com.br\/cientistas-descobriram-a-proteina-responsavel-pelo-envelhecimento-cerebral-e-podem-impedir-sua-acao\/#primaryimage\"},\"image\":{\"@id\":\"https:\/\/crusoe.audiencelabs.com.br\/cientistas-descobriram-a-proteina-responsavel-pelo-envelhecimento-cerebral-e-podem-impedir-sua-acao\/#primaryimage\"},\"thumbnailUrl\":\"https:\/\/cdn.crusoe.com.br\/uploads\/2026\/04\/vitaly-gariev-X_tBkG0U9yM-unsplash.jpg\",\"datePublished\":\"2026-04-08T19:34:02+00:00\",\"author\":{\"@id\":\"https:\/\/crusoe.audiencelabs.com.br\/#\/schema\/person\/0cca5874eda7d72cef71e77a9a9c2143\"},\"breadcrumb\":{\"@id\":\"https:\/\/crusoe.audiencelabs.com.br\/cientistas-descobriram-a-proteina-responsavel-pelo-envelhecimento-cerebral-e-podem-impedir-sua-acao\/#breadcrumb\"},\"inLanguage\":\"pt-BR\",\"potentialAction\":[{\"@type\":\"ReadAction\",\"target\":[\"https:\/\/crusoe.audiencelabs.com.br\/cientistas-descobriram-a-proteina-responsavel-pelo-envelhecimento-cerebral-e-podem-impedir-sua-acao\/\"]}]},{\"@type\":\"ImageObject\",\"inLanguage\":\"pt-BR\",\"@id\":\"https:\/\/crusoe.audiencelabs.com.br\/cientistas-descobriram-a-proteina-responsavel-pelo-envelhecimento-cerebral-e-podem-impedir-sua-acao\/#primaryimage\",\"url\":\"https:\/\/cdn.crusoe.com.br\/uploads\/2026\/04\/vitaly-gariev-X_tBkG0U9yM-unsplash.jpg\",\"contentUrl\":\"https:\/\/cdn.crusoe.com.br\/uploads\/2026\/04\/vitaly-gariev-X_tBkG0U9yM-unsplash.jpg\",\"width\":640,\"height\":360,\"caption\":\"Reprodu\u00e7\u00e3o: Unsplash \/ Vitaly Gariev\"},{\"@type\":\"BreadcrumbList\",\"@id\":\"https:\/\/crusoe.audiencelabs.com.br\/cientistas-descobriram-a-proteina-responsavel-pelo-envelhecimento-cerebral-e-podem-impedir-sua-acao\/#breadcrumb\",\"itemListElement\":[{\"@type\":\"ListItem\",\"position\":1,\"name\":\"Home\",\"item\":\"https:\/\/crusoe.audiencelabs.com.br\/\"},{\"@type\":\"ListItem\",\"position\":2,\"name\":\"Cientistas descobriram a prote\u00edna respons\u00e1vel pelo envelhecimento cerebral e podem impedir sua a\u00e7\u00e3o\"}]},{\"@type\":\"WebSite\",\"@id\":\"https:\/\/crusoe.audiencelabs.com.br\/#website\",\"url\":\"https:\/\/crusoe.audiencelabs.com.br\/\",\"name\":\"Variedades - Cruso\u00e9\",\"description\":\"\",\"potentialAction\":[{\"@type\":\"SearchAction\",\"target\":{\"@type\":\"EntryPoint\",\"urlTemplate\":\"https:\/\/crusoe.audiencelabs.com.br\/?s={search_term_string}\"},\"query-input\":{\"@type\":\"PropertyValueSpecification\",\"valueRequired\":true,\"valueName\":\"search_term_string\"}}],\"inLanguage\":\"pt-BR\"},{\"@type\":\"Person\",\"@id\":\"https:\/\/crusoe.audiencelabs.com.br\/#\/schema\/person\/0cca5874eda7d72cef71e77a9a9c2143\",\"name\":\"J\u00falio Nesi\",\"image\":{\"@type\":\"ImageObject\",\"inLanguage\":\"pt-BR\",\"@id\":\"https:\/\/crusoe.audiencelabs.com.br\/#\/schema\/person\/image\/\",\"url\":\"https:\/\/secure.gravatar.com\/avatar\/c22eb47c3e2320e71637346b980e09f63de9f75742d3335f94a26b83dff70473?s=96&d=mm&r=g\",\"contentUrl\":\"https:\/\/secure.gravatar.com\/avatar\/c22eb47c3e2320e71637346b980e09f63de9f75742d3335f94a26b83dff70473?s=96&d=mm&r=g\",\"caption\":\"J\u00falio Nesi\"},\"description\":\"Jornalista alagoano formado pela UFAL, j\u00e1 atuei em produ\u00e7\u00e3o de conte\u00fado digital para portais, r\u00e1dio e redes sociais.\",\"sameAs\":[\"www.linkedin.com\/in\/j\u00falio-nesi\"],\"url\":\"https:\/\/crusoe.audiencelabs.com.br\/author\/julionesi\/\"}]}<\/script>\n<!-- \/ Yoast SEO plugin. -->","yoast_head_json":{"title":"Cientistas descobriram a prote\u00edna respons\u00e1vel pelo envelhecimento cerebral e podem impedir sua a\u00e7\u00e3o","robots":{"index":"index","follow":"follow","max-snippet":"max-snippet:-1","max-image-preview":"max-image-preview:large","max-video-preview":"max-video-preview:-1"},"canonical":"https:\/\/crusoe.audiencelabs.com.br\/cientistas-descobriram-a-proteina-responsavel-pelo-envelhecimento-cerebral-e-podem-impedir-sua-acao\/","og_locale":"pt_BR","og_type":"article","og_title":"Cientistas descobriram a prote\u00edna respons\u00e1vel pelo envelhecimento cerebral e podem impedir sua a\u00e7\u00e3o","og_description":"Todos n\u00f3s envelhecemos, mas cada parte de nosso corpo passa por processos diferentes, incluindo o nosso c\u00e9rebro que pode diminuir, podemos ficar mais esquecidos e podemos passar a ter dificuldades em fazer tarefas que antes consegu\u00edamos com facilidade. Acontece que agora o fim do envelhecimento cerebral pode estar \u00e0 vista da ci\u00eancia. No caso, cientistas [&hellip;]","og_url":"https:\/\/crusoe.audiencelabs.com.br\/cientistas-descobriram-a-proteina-responsavel-pelo-envelhecimento-cerebral-e-podem-impedir-sua-acao\/","og_site_name":"Variedades - Cruso\u00e9","article_published_time":"2026-04-08T19:34:02+00:00","og_image":[{"width":640,"height":360,"url":"https:\/\/cdn.crusoe.com.br\/uploads\/2026\/04\/vitaly-gariev-X_tBkG0U9yM-unsplash.jpg","type":"image\/jpeg"}],"author":"J\u00falio Nesi","twitter_card":"summary_large_image","twitter_misc":{"Escrito por":"J\u00falio Nesi","Est. tempo de leitura":"3 minutos"},"schema":{"@context":"https:\/\/schema.org","@graph":[{"@type":"WebPage","@id":"https:\/\/crusoe.audiencelabs.com.br\/cientistas-descobriram-a-proteina-responsavel-pelo-envelhecimento-cerebral-e-podem-impedir-sua-acao\/","url":"https:\/\/crusoe.audiencelabs.com.br\/cientistas-descobriram-a-proteina-responsavel-pelo-envelhecimento-cerebral-e-podem-impedir-sua-acao\/","name":"Cientistas descobriram a prote\u00edna respons\u00e1vel pelo envelhecimento cerebral e podem impedir sua a\u00e7\u00e3o","isPartOf":{"@id":"https:\/\/crusoe.audiencelabs.com.br\/#website"},"primaryImageOfPage":{"@id":"https:\/\/crusoe.audiencelabs.com.br\/cientistas-descobriram-a-proteina-responsavel-pelo-envelhecimento-cerebral-e-podem-impedir-sua-acao\/#primaryimage"},"image":{"@id":"https:\/\/crusoe.audiencelabs.com.br\/cientistas-descobriram-a-proteina-responsavel-pelo-envelhecimento-cerebral-e-podem-impedir-sua-acao\/#primaryimage"},"thumbnailUrl":"https:\/\/cdn.crusoe.com.br\/uploads\/2026\/04\/vitaly-gariev-X_tBkG0U9yM-unsplash.jpg","datePublished":"2026-04-08T19:34:02+00:00","author":{"@id":"https:\/\/crusoe.audiencelabs.com.br\/#\/schema\/person\/0cca5874eda7d72cef71e77a9a9c2143"},"breadcrumb":{"@id":"https:\/\/crusoe.audiencelabs.com.br\/cientistas-descobriram-a-proteina-responsavel-pelo-envelhecimento-cerebral-e-podem-impedir-sua-acao\/#breadcrumb"},"inLanguage":"pt-BR","potentialAction":[{"@type":"ReadAction","target":["https:\/\/crusoe.audiencelabs.com.br\/cientistas-descobriram-a-proteina-responsavel-pelo-envelhecimento-cerebral-e-podem-impedir-sua-acao\/"]}]},{"@type":"ImageObject","inLanguage":"pt-BR","@id":"https:\/\/crusoe.audiencelabs.com.br\/cientistas-descobriram-a-proteina-responsavel-pelo-envelhecimento-cerebral-e-podem-impedir-sua-acao\/#primaryimage","url":"https:\/\/cdn.crusoe.com.br\/uploads\/2026\/04\/vitaly-gariev-X_tBkG0U9yM-unsplash.jpg","contentUrl":"https:\/\/cdn.crusoe.com.br\/uploads\/2026\/04\/vitaly-gariev-X_tBkG0U9yM-unsplash.jpg","width":640,"height":360,"caption":"Reprodu\u00e7\u00e3o: Unsplash \/ Vitaly Gariev"},{"@type":"BreadcrumbList","@id":"https:\/\/crusoe.audiencelabs.com.br\/cientistas-descobriram-a-proteina-responsavel-pelo-envelhecimento-cerebral-e-podem-impedir-sua-acao\/#breadcrumb","itemListElement":[{"@type":"ListItem","position":1,"name":"Home","item":"https:\/\/crusoe.audiencelabs.com.br\/"},{"@type":"ListItem","position":2,"name":"Cientistas descobriram a prote\u00edna respons\u00e1vel pelo envelhecimento cerebral e podem impedir sua a\u00e7\u00e3o"}]},{"@type":"WebSite","@id":"https:\/\/crusoe.audiencelabs.com.br\/#website","url":"https:\/\/crusoe.audiencelabs.com.br\/","name":"Variedades - Cruso\u00e9","description":"","potentialAction":[{"@type":"SearchAction","target":{"@type":"EntryPoint","urlTemplate":"https:\/\/crusoe.audiencelabs.com.br\/?s={search_term_string}"},"query-input":{"@type":"PropertyValueSpecification","valueRequired":true,"valueName":"search_term_string"}}],"inLanguage":"pt-BR"},{"@type":"Person","@id":"https:\/\/crusoe.audiencelabs.com.br\/#\/schema\/person\/0cca5874eda7d72cef71e77a9a9c2143","name":"J\u00falio Nesi","image":{"@type":"ImageObject","inLanguage":"pt-BR","@id":"https:\/\/crusoe.audiencelabs.com.br\/#\/schema\/person\/image\/","url":"https:\/\/secure.gravatar.com\/avatar\/c22eb47c3e2320e71637346b980e09f63de9f75742d3335f94a26b83dff70473?s=96&d=mm&r=g","contentUrl":"https:\/\/secure.gravatar.com\/avatar\/c22eb47c3e2320e71637346b980e09f63de9f75742d3335f94a26b83dff70473?s=96&d=mm&r=g","caption":"J\u00falio Nesi"},"description":"Jornalista alagoano formado pela UFAL, j\u00e1 atuei em produ\u00e7\u00e3o de conte\u00fado digital para portais, r\u00e1dio e redes sociais.","sameAs":["www.linkedin.com\/in\/j\u00falio-nesi"],"url":"https:\/\/crusoe.audiencelabs.com.br\/author\/julionesi\/"}]}},"_links":{"self":[{"href":"https:\/\/crusoe.audiencelabs.com.br\/wp-json\/wp\/v2\/posts\/36665","targetHints":{"allow":["GET"]}}],"collection":[{"href":"https:\/\/crusoe.audiencelabs.com.br\/wp-json\/wp\/v2\/posts"}],"about":[{"href":"https:\/\/crusoe.audiencelabs.com.br\/wp-json\/wp\/v2\/types\/post"}],"author":[{"embeddable":true,"href":"https:\/\/crusoe.audiencelabs.com.br\/wp-json\/wp\/v2\/users\/15"}],"replies":[{"embeddable":true,"href":"https:\/\/crusoe.audiencelabs.com.br\/wp-json\/wp\/v2\/comments?post=36665"}],"version-history":[{"count":1,"href":"https:\/\/crusoe.audiencelabs.com.br\/wp-json\/wp\/v2\/posts\/36665\/revisions"}],"predecessor-version":[{"id":36679,"href":"https:\/\/crusoe.audiencelabs.com.br\/wp-json\/wp\/v2\/posts\/36665\/revisions\/36679"}],"wp:featuredmedia":[{"embeddable":true,"href":"https:\/\/crusoe.audiencelabs.com.br\/wp-json\/wp\/v2\/media\/36667"}],"wp:attachment":[{"href":"https:\/\/crusoe.audiencelabs.com.br\/wp-json\/wp\/v2\/media?parent=36665"}],"wp:term":[{"taxonomy":"category","embeddable":true,"href":"https:\/\/crusoe.audiencelabs.com.br\/wp-json\/wp\/v2\/categories?post=36665"},{"taxonomy":"post_tag","embeddable":true,"href":"https:\/\/crusoe.audiencelabs.com.br\/wp-json\/wp\/v2\/tags?post=36665"}],"curies":[{"name":"wp","href":"https:\/\/api.w.org\/{rel}","templated":true}]}}