{"id":3665,"date":"2025-07-02T19:11:54","date_gmt":"2025-07-02T22:11:54","guid":{"rendered":"https:\/\/crusoe.com.br\/variedades\/?p=3665"},"modified":"2025-07-02T19:11:56","modified_gmt":"2025-07-02T22:11:56","slug":"os-principais-fatores-que-ameacam-a-aposentadoria-no-brasil","status":"publish","type":"post","link":"https:\/\/crusoe.audiencelabs.com.br\/os-principais-fatores-que-ameacam-a-aposentadoria-no-brasil\/","title":{"rendered":"Os principais fatores que amea\u00e7am a aposentadoria no Brasil"},"content":{"rendered":"\n<p>Atualmente, o Brasil j\u00e1 soma mais de 25 milh\u00f5es\u00a0de aposentados e pensionistas, que recebem um valor mensal do Instituto Nacional do Seguro Social (INSS).<\/p>\n\n\n\n<p>Mas apesar de ser um direito adquirido por conta do tempo de contribui\u00e7\u00e3o destas pessoas, o benef\u00edcio pode dar in\u00edcio <strong>a uma grande crise<\/strong> muito em breve.<\/p>\n\n\n\n<p>Isso porque uma grande parcela do or\u00e7amento p\u00fablico \u00e9 hoje consumido por aposentadorias, pens\u00f5es e aux\u00edlios. E caso n\u00e3o haja uma mudan\u00e7a estrutural no sistema, estima-se que o sistema previdenci\u00e1rio brasileiro pode entrar em colapso.<\/p>\n\n\n\n<p>Vale destacar que, embora quatro grandes reformas j\u00e1 tenham sido realizadas, nenhuma delas conseguiu garantir a sustentabilidade do modelo.<\/p>\n\n\n\n<p>Inclusive, de acordo com um artigo publicado recentemente, estima-se que o d\u00e9ficit do INSS, que continua aumentando, pode chegar<strong> a R$ 725 bilh\u00f5es at\u00e9 2029<\/strong> (via Di\u00e1rio do Com\u00e9rcio).<\/p>\n\n\n\n<h2 class=\"wp-block-heading\">Nova reforma precisa ocorrer com urg\u00eancia, alerta especialista<\/h2>\n\n\n\n<p>Dados apresentados pelo economista e pesquisador do Instituto de Pesquisa Econ\u00f4mica Aplicada (Ipea), Rog\u00e9rio Nagamine, apontam a necessidade urgente de uma nova reforma.<\/p>\n\n\n\n<p>Atrav\u00e9s de um estudo, ele destacou que discuss\u00f5es sobre o t\u00f3pico deveriam ocorrer em meados de 2027, logo no in\u00edcio do pr\u00f3ximo governo, para tentar conter os efeitos negativos, principalmente para os que dependem da aposentadoria (via Instituto de Longevidade).<\/p>\n\n\n\n<h2 class=\"wp-block-heading\">Justificativas para o crescimento de aposentadorias e aumento dos riscos<\/h2>\n\n\n\n<p>Al\u00e9m do crescimento da popula\u00e7\u00e3o idosa, a concess\u00e3o de aposentadorias rurais tamb\u00e9m contribuiu para o aumento dos n\u00fameros no Brasil, alcan\u00e7ando 1,19 milh\u00e3o em 2024.<\/p>\n\n\n\n<p>A significativa expans\u00e3o da cobertura previdenci\u00e1ria tamb\u00e9m resultou, no longo prazo, em um crescimento proporcional do n\u00famero de benef\u00edcios concedidos.<\/p>\n\n\n\n<p>Vale destacar que a combina\u00e7\u00e3o entre o grande n\u00famero de aposentados e a queda da taxa de natalidade tamb\u00e9m tem gerado preocupa\u00e7\u00f5es entre especialistas, pois com menos pessoas em idade ativa e mais idosos, o sistema pode enfrentar um desequil\u00edbrio financeiro grave.<\/p>\n","protected":false},"excerpt":{"rendered":"<p>Atualmente, o Brasil j\u00e1 soma mais de 25 milh\u00f5es\u00a0de aposentados e pensionistas, que recebem um valor mensal do Instituto Nacional do Seguro Social (INSS). Mas apesar de ser um direito adquirido por conta do tempo de contribui\u00e7\u00e3o destas pessoas, o benef\u00edcio pode dar in\u00edcio a uma grande crise muito em breve. Isso porque uma grande [&hellip;]<\/p>\n","protected":false},"author":7,"featured_media":3666,"comment_status":"open","ping_status":"open","sticky":false,"template":"","format":"standard","meta":{"jnews-multi-image_gallery":[],"jnews_single_post":{"format":"standard"},"jnews_primary_category":[],"jnews_override_counter":[],"jnews_post_split":[],"footnotes":""},"categories":[1],"tags":[],"class_list":["post-3665","post","type-post","status-publish","format-standard","has-post-thumbnail","hentry","category-geral"],"yoast_head":"<!-- This site is optimized with the Yoast SEO plugin v25.0 - https:\/\/yoast.com\/wordpress\/plugins\/seo\/ -->\n<title>Os principais fatores que amea\u00e7am a aposentadoria no Brasil<\/title>\n<meta name=\"robots\" content=\"index, follow, max-snippet:-1, max-image-preview:large, max-video-preview:-1\" \/>\n<link rel=\"canonical\" href=\"https:\/\/crusoe.audiencelabs.com.br\/os-principais-fatores-que-ameacam-a-aposentadoria-no-brasil\/\" \/>\n<meta property=\"og:locale\" content=\"pt_BR\" \/>\n<meta property=\"og:type\" content=\"article\" \/>\n<meta property=\"og:title\" content=\"Os principais fatores que amea\u00e7am a aposentadoria no Brasil\" \/>\n<meta property=\"og:description\" content=\"Atualmente, o Brasil j\u00e1 soma mais de 25 milh\u00f5es\u00a0de aposentados e pensionistas, que recebem um valor mensal do Instituto Nacional do Seguro Social (INSS). Mas apesar de ser um direito adquirido por conta do tempo de contribui\u00e7\u00e3o destas pessoas, o benef\u00edcio pode dar in\u00edcio a uma grande crise muito em breve. Isso porque uma grande [&hellip;]\" \/>\n<meta property=\"og:url\" content=\"https:\/\/crusoe.audiencelabs.com.br\/os-principais-fatores-que-ameacam-a-aposentadoria-no-brasil\/\" \/>\n<meta property=\"og:site_name\" content=\"Variedades - Cruso\u00e9\" \/>\n<meta property=\"article:published_time\" content=\"2025-07-02T22:11:54+00:00\" \/>\n<meta property=\"article:modified_time\" content=\"2025-07-02T22:11:56+00:00\" \/>\n<meta property=\"og:image\" content=\"https:\/\/cdn.crusoe.com.br\/uploads\/2025\/07\/fatores-ameacam-aposentadoria-brasil.jpg\" \/>\n\t<meta property=\"og:image:width\" content=\"1500\" \/>\n\t<meta property=\"og:image:height\" content=\"844\" \/>\n\t<meta property=\"og:image:type\" content=\"image\/jpeg\" \/>\n<meta name=\"author\" content=\"Jo\u00e3o Carlos Gomes\" \/>\n<meta name=\"twitter:card\" content=\"summary_large_image\" \/>\n<meta name=\"twitter:label1\" content=\"Escrito por\" \/>\n\t<meta name=\"twitter:data1\" content=\"Jo\u00e3o Carlos Gomes\" \/>\n\t<meta name=\"twitter:label2\" content=\"Est. tempo de leitura\" \/>\n\t<meta name=\"twitter:data2\" content=\"2 minutos\" \/>\n<script type=\"application\/ld+json\" class=\"yoast-schema-graph\">{\"@context\":\"https:\/\/schema.org\",\"@graph\":[{\"@type\":\"WebPage\",\"@id\":\"https:\/\/crusoe.audiencelabs.com.br\/os-principais-fatores-que-ameacam-a-aposentadoria-no-brasil\/\",\"url\":\"https:\/\/crusoe.audiencelabs.com.br\/os-principais-fatores-que-ameacam-a-aposentadoria-no-brasil\/\",\"name\":\"Os principais fatores que amea\u00e7am a aposentadoria no Brasil\",\"isPartOf\":{\"@id\":\"https:\/\/crusoe.audiencelabs.com.br\/#website\"},\"primaryImageOfPage\":{\"@id\":\"https:\/\/crusoe.audiencelabs.com.br\/os-principais-fatores-que-ameacam-a-aposentadoria-no-brasil\/#primaryimage\"},\"image\":{\"@id\":\"https:\/\/crusoe.audiencelabs.com.br\/os-principais-fatores-que-ameacam-a-aposentadoria-no-brasil\/#primaryimage\"},\"thumbnailUrl\":\"https:\/\/cdn.crusoe.com.br\/uploads\/2025\/07\/fatores-ameacam-aposentadoria-brasil.jpg\",\"datePublished\":\"2025-07-02T22:11:54+00:00\",\"dateModified\":\"2025-07-02T22:11:56+00:00\",\"author\":{\"@id\":\"https:\/\/crusoe.audiencelabs.com.br\/#\/schema\/person\/4a23399b23149df2eab6637fd2fd2bfc\"},\"breadcrumb\":{\"@id\":\"https:\/\/crusoe.audiencelabs.com.br\/os-principais-fatores-que-ameacam-a-aposentadoria-no-brasil\/#breadcrumb\"},\"inLanguage\":\"pt-BR\",\"potentialAction\":[{\"@type\":\"ReadAction\",\"target\":[\"https:\/\/crusoe.audiencelabs.com.br\/os-principais-fatores-que-ameacam-a-aposentadoria-no-brasil\/\"]}]},{\"@type\":\"ImageObject\",\"inLanguage\":\"pt-BR\",\"@id\":\"https:\/\/crusoe.audiencelabs.com.br\/os-principais-fatores-que-ameacam-a-aposentadoria-no-brasil\/#primaryimage\",\"url\":\"https:\/\/cdn.crusoe.com.br\/uploads\/2025\/07\/fatores-ameacam-aposentadoria-brasil.jpg\",\"contentUrl\":\"https:\/\/cdn.crusoe.com.br\/uploads\/2025\/07\/fatores-ameacam-aposentadoria-brasil.jpg\",\"width\":1500,\"height\":844,\"caption\":\"Foto: Freepik\"},{\"@type\":\"BreadcrumbList\",\"@id\":\"https:\/\/crusoe.audiencelabs.com.br\/os-principais-fatores-que-ameacam-a-aposentadoria-no-brasil\/#breadcrumb\",\"itemListElement\":[{\"@type\":\"ListItem\",\"position\":1,\"name\":\"Home\",\"item\":\"https:\/\/crusoe.audiencelabs.com.br\/\"},{\"@type\":\"ListItem\",\"position\":2,\"name\":\"Os principais fatores que amea\u00e7am a aposentadoria no Brasil\"}]},{\"@type\":\"WebSite\",\"@id\":\"https:\/\/crusoe.audiencelabs.com.br\/#website\",\"url\":\"https:\/\/crusoe.audiencelabs.com.br\/\",\"name\":\"Variedades - Cruso\u00e9\",\"description\":\"\",\"potentialAction\":[{\"@type\":\"SearchAction\",\"target\":{\"@type\":\"EntryPoint\",\"urlTemplate\":\"https:\/\/crusoe.audiencelabs.com.br\/?s={search_term_string}\"},\"query-input\":{\"@type\":\"PropertyValueSpecification\",\"valueRequired\":true,\"valueName\":\"search_term_string\"}}],\"inLanguage\":\"pt-BR\"},{\"@type\":\"Person\",\"@id\":\"https:\/\/crusoe.audiencelabs.com.br\/#\/schema\/person\/4a23399b23149df2eab6637fd2fd2bfc\",\"name\":\"Jo\u00e3o Carlos Gomes\",\"image\":{\"@type\":\"ImageObject\",\"inLanguage\":\"pt-BR\",\"@id\":\"https:\/\/crusoe.audiencelabs.com.br\/#\/schema\/person\/image\/\",\"url\":\"https:\/\/secure.gravatar.com\/avatar\/4ce4672dbdd694b329cd6fdb51bee7d1409be1f0ff76a537e4c4a737b2c7d1a9?s=96&d=mm&r=g\",\"contentUrl\":\"https:\/\/secure.gravatar.com\/avatar\/4ce4672dbdd694b329cd6fdb51bee7d1409be1f0ff76a537e4c4a737b2c7d1a9?s=96&d=mm&r=g\",\"caption\":\"Jo\u00e3o Carlos Gomes\"},\"description\":\"Jornalista, criador de conte\u00fado e m\u00fasico independente nas horas vagas.\",\"url\":\"https:\/\/crusoe.audiencelabs.com.br\/author\/joaoc-junior66\/\"}]}<\/script>\n<!-- \/ Yoast SEO plugin. -->","yoast_head_json":{"title":"Os principais fatores que amea\u00e7am a aposentadoria no Brasil","robots":{"index":"index","follow":"follow","max-snippet":"max-snippet:-1","max-image-preview":"max-image-preview:large","max-video-preview":"max-video-preview:-1"},"canonical":"https:\/\/crusoe.audiencelabs.com.br\/os-principais-fatores-que-ameacam-a-aposentadoria-no-brasil\/","og_locale":"pt_BR","og_type":"article","og_title":"Os principais fatores que amea\u00e7am a aposentadoria no Brasil","og_description":"Atualmente, o Brasil j\u00e1 soma mais de 25 milh\u00f5es\u00a0de aposentados e pensionistas, que recebem um valor mensal do Instituto Nacional do Seguro Social (INSS). Mas apesar de ser um direito adquirido por conta do tempo de contribui\u00e7\u00e3o destas pessoas, o benef\u00edcio pode dar in\u00edcio a uma grande crise muito em breve. Isso porque uma grande [&hellip;]","og_url":"https:\/\/crusoe.audiencelabs.com.br\/os-principais-fatores-que-ameacam-a-aposentadoria-no-brasil\/","og_site_name":"Variedades - Cruso\u00e9","article_published_time":"2025-07-02T22:11:54+00:00","article_modified_time":"2025-07-02T22:11:56+00:00","og_image":[{"width":1500,"height":844,"url":"https:\/\/cdn.crusoe.com.br\/uploads\/2025\/07\/fatores-ameacam-aposentadoria-brasil.jpg","type":"image\/jpeg"}],"author":"Jo\u00e3o Carlos Gomes","twitter_card":"summary_large_image","twitter_misc":{"Escrito por":"Jo\u00e3o Carlos Gomes","Est. tempo de leitura":"2 minutos"},"schema":{"@context":"https:\/\/schema.org","@graph":[{"@type":"WebPage","@id":"https:\/\/crusoe.audiencelabs.com.br\/os-principais-fatores-que-ameacam-a-aposentadoria-no-brasil\/","url":"https:\/\/crusoe.audiencelabs.com.br\/os-principais-fatores-que-ameacam-a-aposentadoria-no-brasil\/","name":"Os principais fatores que amea\u00e7am a aposentadoria no Brasil","isPartOf":{"@id":"https:\/\/crusoe.audiencelabs.com.br\/#website"},"primaryImageOfPage":{"@id":"https:\/\/crusoe.audiencelabs.com.br\/os-principais-fatores-que-ameacam-a-aposentadoria-no-brasil\/#primaryimage"},"image":{"@id":"https:\/\/crusoe.audiencelabs.com.br\/os-principais-fatores-que-ameacam-a-aposentadoria-no-brasil\/#primaryimage"},"thumbnailUrl":"https:\/\/cdn.crusoe.com.br\/uploads\/2025\/07\/fatores-ameacam-aposentadoria-brasil.jpg","datePublished":"2025-07-02T22:11:54+00:00","dateModified":"2025-07-02T22:11:56+00:00","author":{"@id":"https:\/\/crusoe.audiencelabs.com.br\/#\/schema\/person\/4a23399b23149df2eab6637fd2fd2bfc"},"breadcrumb":{"@id":"https:\/\/crusoe.audiencelabs.com.br\/os-principais-fatores-que-ameacam-a-aposentadoria-no-brasil\/#breadcrumb"},"inLanguage":"pt-BR","potentialAction":[{"@type":"ReadAction","target":["https:\/\/crusoe.audiencelabs.com.br\/os-principais-fatores-que-ameacam-a-aposentadoria-no-brasil\/"]}]},{"@type":"ImageObject","inLanguage":"pt-BR","@id":"https:\/\/crusoe.audiencelabs.com.br\/os-principais-fatores-que-ameacam-a-aposentadoria-no-brasil\/#primaryimage","url":"https:\/\/cdn.crusoe.com.br\/uploads\/2025\/07\/fatores-ameacam-aposentadoria-brasil.jpg","contentUrl":"https:\/\/cdn.crusoe.com.br\/uploads\/2025\/07\/fatores-ameacam-aposentadoria-brasil.jpg","width":1500,"height":844,"caption":"Foto: Freepik"},{"@type":"BreadcrumbList","@id":"https:\/\/crusoe.audiencelabs.com.br\/os-principais-fatores-que-ameacam-a-aposentadoria-no-brasil\/#breadcrumb","itemListElement":[{"@type":"ListItem","position":1,"name":"Home","item":"https:\/\/crusoe.audiencelabs.com.br\/"},{"@type":"ListItem","position":2,"name":"Os principais fatores que amea\u00e7am a aposentadoria no Brasil"}]},{"@type":"WebSite","@id":"https:\/\/crusoe.audiencelabs.com.br\/#website","url":"https:\/\/crusoe.audiencelabs.com.br\/","name":"Variedades - Cruso\u00e9","description":"","potentialAction":[{"@type":"SearchAction","target":{"@type":"EntryPoint","urlTemplate":"https:\/\/crusoe.audiencelabs.com.br\/?s={search_term_string}"},"query-input":{"@type":"PropertyValueSpecification","valueRequired":true,"valueName":"search_term_string"}}],"inLanguage":"pt-BR"},{"@type":"Person","@id":"https:\/\/crusoe.audiencelabs.com.br\/#\/schema\/person\/4a23399b23149df2eab6637fd2fd2bfc","name":"Jo\u00e3o Carlos Gomes","image":{"@type":"ImageObject","inLanguage":"pt-BR","@id":"https:\/\/crusoe.audiencelabs.com.br\/#\/schema\/person\/image\/","url":"https:\/\/secure.gravatar.com\/avatar\/4ce4672dbdd694b329cd6fdb51bee7d1409be1f0ff76a537e4c4a737b2c7d1a9?s=96&d=mm&r=g","contentUrl":"https:\/\/secure.gravatar.com\/avatar\/4ce4672dbdd694b329cd6fdb51bee7d1409be1f0ff76a537e4c4a737b2c7d1a9?s=96&d=mm&r=g","caption":"Jo\u00e3o Carlos Gomes"},"description":"Jornalista, criador de conte\u00fado e m\u00fasico independente nas horas vagas.","url":"https:\/\/crusoe.audiencelabs.com.br\/author\/joaoc-junior66\/"}]}},"_links":{"self":[{"href":"https:\/\/crusoe.audiencelabs.com.br\/wp-json\/wp\/v2\/posts\/3665","targetHints":{"allow":["GET"]}}],"collection":[{"href":"https:\/\/crusoe.audiencelabs.com.br\/wp-json\/wp\/v2\/posts"}],"about":[{"href":"https:\/\/crusoe.audiencelabs.com.br\/wp-json\/wp\/v2\/types\/post"}],"author":[{"embeddable":true,"href":"https:\/\/crusoe.audiencelabs.com.br\/wp-json\/wp\/v2\/users\/7"}],"replies":[{"embeddable":true,"href":"https:\/\/crusoe.audiencelabs.com.br\/wp-json\/wp\/v2\/comments?post=3665"}],"version-history":[{"count":1,"href":"https:\/\/crusoe.audiencelabs.com.br\/wp-json\/wp\/v2\/posts\/3665\/revisions"}],"predecessor-version":[{"id":3671,"href":"https:\/\/crusoe.audiencelabs.com.br\/wp-json\/wp\/v2\/posts\/3665\/revisions\/3671"}],"wp:featuredmedia":[{"embeddable":true,"href":"https:\/\/crusoe.audiencelabs.com.br\/wp-json\/wp\/v2\/media\/3666"}],"wp:attachment":[{"href":"https:\/\/crusoe.audiencelabs.com.br\/wp-json\/wp\/v2\/media?parent=3665"}],"wp:term":[{"taxonomy":"category","embeddable":true,"href":"https:\/\/crusoe.audiencelabs.com.br\/wp-json\/wp\/v2\/categories?post=3665"},{"taxonomy":"post_tag","embeddable":true,"href":"https:\/\/crusoe.audiencelabs.com.br\/wp-json\/wp\/v2\/tags?post=3665"}],"curies":[{"name":"wp","href":"https:\/\/api.w.org\/{rel}","templated":true}]}}