{"id":36641,"date":"2026-04-08T17:32:30","date_gmt":"2026-04-08T20:32:30","guid":{"rendered":"https:\/\/crusoe.audiencelabs.com.br\/?p=36641"},"modified":"2026-04-08T10:18:39","modified_gmt":"2026-04-08T13:18:39","slug":"estudo-revela-que-as-pessoas-nao-envelhecem-de-forma-gradual-mas-sim-em-surtos-em-duas-idades-especificas","status":"publish","type":"post","link":"https:\/\/crusoe.audiencelabs.com.br\/estudo-revela-que-as-pessoas-nao-envelhecem-de-forma-gradual-mas-sim-em-surtos-em-duas-idades-especificas\/","title":{"rendered":"Estudo revela que as pessoas n\u00e3o envelhecem de forma gradual, mas sim em &#8220;surtos&#8221; em duas idades espec\u00edficas"},"content":{"rendered":"<p><span style=\"font-weight: 400\">Um estudo da <\/span><b>Universidade Stanford<\/b><span style=\"font-weight: 400\">, publicado na <\/span><b>Nature Aging<\/b><span style=\"font-weight: 400\">, indica que o envelhecimento humano n\u00e3o acontece de forma totalmente gradual. Segundo os pesquisadores, o corpo passa por duas fases de mudan\u00e7as biol\u00f3gicas mais intensas, em torno dos <\/span><b>44 anos<\/b><span style=\"font-weight: 400\"> e dos <\/span><b>60 anos<\/b><span style=\"font-weight: 400\">.<\/span><\/p>\n<p><span style=\"font-weight: 400\">A pesquisa acompanhou <\/span><b>108 adultos entre 25 e 75 anos<\/b><span style=\"font-weight: 400\"> e analisou milhares de mol\u00e9culas e microrganismos ao longo do tempo. Os cientistas conclu\u00edram que boa parte dessas altera\u00e7\u00f5es n\u00e3o segue uma linha cont\u00ednua, mas aparece em picos mais marcados.<\/span><\/p>\n<h3><b>As duas fases<\/b><\/h3>\n<p><span style=\"font-weight: 400\">A primeira fase, por volta dos <\/span><b>44 anos<\/b><span style=\"font-weight: 400\">, concentrou mudan\u00e7as ligadas ao metabolismo, ao risco cardiovascular e ao envelhecimento da pele e dos m\u00fasculos.<\/span><\/p>\n<p><span style=\"font-weight: 400\">A segunda, em torno dos <\/span><b>60 anos<\/b><span style=\"font-weight: 400\">, reuniu altera\u00e7\u00f5es mais fortes em marcadores ligados ao sistema imune, \u00e0 fun\u00e7\u00e3o renal e ao metabolismo de carboidratos.<\/span><\/p>\n<h3><b>O que isso significa<\/b><\/h3>\n<p><span style=\"font-weight: 400\">O estudo ajuda a explicar por que muita gente sente que o corpo \u201cmuda de uma vez\u201d em certas fases da vida. A hip\u00f3tese dos pesquisadores \u00e9 que o envelhecimento biol\u00f3gico tenha per\u00edodos de acelera\u00e7\u00e3o, e n\u00e3o apenas um desgaste lento e constante.<\/span><\/p>\n<p><span style=\"font-weight: 400\">Os autores, por\u00e9m, n\u00e3o dizem que isso acontece exatamente da mesma forma com todo mundo. O resultado aponta uma tend\u00eancia, n\u00e3o uma regra fixa.<\/span><\/p>\n<p>&nbsp;<\/p>\n","protected":false},"excerpt":{"rendered":"<p>Um estudo da Universidade Stanford, publicado na Nature Aging, indica que o envelhecimento humano n\u00e3o acontece de forma totalmente gradual. Segundo os pesquisadores, o corpo passa por duas fases de mudan\u00e7as biol\u00f3gicas mais intensas, em torno dos 44 anos e dos 60 anos. A pesquisa acompanhou 108 adultos entre 25 e 75 anos e analisou [&hellip;]<\/p>\n","protected":false},"author":17,"featured_media":36642,"comment_status":"open","ping_status":"open","sticky":false,"template":"","format":"standard","meta":{"jnews-multi-image_gallery":[],"jnews_single_post":{"format":"standard","jnews_video_option_group":[[]],"override":[{"template":"2","parallax":"1","fullscreen":"1","layout":"right-sidebar","sidebar":"default-sidebar","second_sidebar":"default-sidebar","sticky_sidebar":"1","share_position":"hide","share_float_style":"share-monocrhome","show_featured":"1","show_post_meta":"1","show_post_author":"1","show_post_date":"1","post_date_format":"default","post_date_format_custom":"Y\/m\/d","show_post_category":"1","show_post_reading_time":"0","post_reading_time_wpm":"300","post_calculate_word_method":"str_word_count","show_zoom_button":"0","zoom_button_out_step":"2","zoom_button_in_step":"3","show_post_tag":"1","show_popup_post":"1","number_popup_post":"1","show_author_box":"1","show_post_related":"0"}],"image_override":[{"single_post_thumbnail_size":"crop-500","single_post_gallery_size":"crop-500"}],"trending_post_position":"meta","trending_post_label":"Trending","sponsored_post_label":"Sponsored by","disable_ad":"0","subtitle":"Pesquisa da Universidade Stanford identificou duas fases de mudan\u00e7as biol\u00f3gicas mais intensas, em torno dos 44 e dos 60 anos"},"jnews_primary_category":[],"jnews_override_counter":{"view_counter_number":"0","share_counter_number":"0","like_counter_number":"0","dislike_counter_number":"0"},"jnews_post_split":{"post_split":[{"template":"1","tag":"h2","numbering":"asc","mode":"normal","first":"0","enable_toc":"0","toc_type":"normal"}]},"footnotes":""},"categories":[1],"tags":[],"class_list":["post-36641","post","type-post","status-publish","format-standard","has-post-thumbnail","hentry","category-geral"],"yoast_head":"<!-- This site is optimized with the Yoast SEO plugin v25.0 - https:\/\/yoast.com\/wordpress\/plugins\/seo\/ -->\n<title>Estudo revela que as pessoas n\u00e3o envelhecem de forma gradual, mas sim em &quot;surtos&quot; em duas idades espec\u00edficas<\/title>\n<meta name=\"robots\" content=\"index, follow, max-snippet:-1, max-image-preview:large, max-video-preview:-1\" \/>\n<link rel=\"canonical\" href=\"https:\/\/crusoe.audiencelabs.com.br\/estudo-revela-que-as-pessoas-nao-envelhecem-de-forma-gradual-mas-sim-em-surtos-em-duas-idades-especificas\/\" \/>\n<meta property=\"og:locale\" content=\"pt_BR\" \/>\n<meta property=\"og:type\" content=\"article\" \/>\n<meta property=\"og:title\" content=\"Estudo revela que as pessoas n\u00e3o envelhecem de forma gradual, mas sim em &quot;surtos&quot; em duas idades espec\u00edficas\" \/>\n<meta property=\"og:description\" content=\"Um estudo da Universidade Stanford, publicado na Nature Aging, indica que o envelhecimento humano n\u00e3o acontece de forma totalmente gradual. Segundo os pesquisadores, o corpo passa por duas fases de mudan\u00e7as biol\u00f3gicas mais intensas, em torno dos 44 anos e dos 60 anos. A pesquisa acompanhou 108 adultos entre 25 e 75 anos e analisou [&hellip;]\" \/>\n<meta property=\"og:url\" content=\"https:\/\/crusoe.audiencelabs.com.br\/estudo-revela-que-as-pessoas-nao-envelhecem-de-forma-gradual-mas-sim-em-surtos-em-duas-idades-especificas\/\" \/>\n<meta property=\"og:site_name\" content=\"Variedades - Cruso\u00e9\" \/>\n<meta property=\"article:published_time\" content=\"2026-04-08T20:32:30+00:00\" \/>\n<meta property=\"og:image\" content=\"https:\/\/cdn.crusoe.com.br\/uploads\/2026\/04\/imagem-1.jpg\" \/>\n\t<meta property=\"og:image:width\" content=\"1500\" \/>\n\t<meta property=\"og:image:height\" content=\"994\" \/>\n\t<meta property=\"og:image:type\" content=\"image\/jpeg\" \/>\n<meta name=\"author\" content=\"Sofia Volpi\" \/>\n<meta name=\"twitter:card\" content=\"summary_large_image\" \/>\n<meta name=\"twitter:label1\" content=\"Escrito por\" \/>\n\t<meta name=\"twitter:data1\" content=\"Sofia Volpi\" \/>\n\t<meta name=\"twitter:label2\" content=\"Est. tempo de leitura\" \/>\n\t<meta name=\"twitter:data2\" content=\"2 minutos\" \/>\n<script type=\"application\/ld+json\" class=\"yoast-schema-graph\">{\"@context\":\"https:\/\/schema.org\",\"@graph\":[{\"@type\":\"WebPage\",\"@id\":\"https:\/\/crusoe.audiencelabs.com.br\/estudo-revela-que-as-pessoas-nao-envelhecem-de-forma-gradual-mas-sim-em-surtos-em-duas-idades-especificas\/\",\"url\":\"https:\/\/crusoe.audiencelabs.com.br\/estudo-revela-que-as-pessoas-nao-envelhecem-de-forma-gradual-mas-sim-em-surtos-em-duas-idades-especificas\/\",\"name\":\"Estudo revela que as pessoas n\u00e3o envelhecem de forma gradual, mas sim em \\\"surtos\\\" em duas idades espec\u00edficas\",\"isPartOf\":{\"@id\":\"https:\/\/crusoe.audiencelabs.com.br\/#website\"},\"primaryImageOfPage\":{\"@id\":\"https:\/\/crusoe.audiencelabs.com.br\/estudo-revela-que-as-pessoas-nao-envelhecem-de-forma-gradual-mas-sim-em-surtos-em-duas-idades-especificas\/#primaryimage\"},\"image\":{\"@id\":\"https:\/\/crusoe.audiencelabs.com.br\/estudo-revela-que-as-pessoas-nao-envelhecem-de-forma-gradual-mas-sim-em-surtos-em-duas-idades-especificas\/#primaryimage\"},\"thumbnailUrl\":\"https:\/\/cdn.crusoe.com.br\/uploads\/2026\/04\/imagem-1.jpg\",\"datePublished\":\"2026-04-08T20:32:30+00:00\",\"author\":{\"@id\":\"https:\/\/crusoe.audiencelabs.com.br\/#\/schema\/person\/9d0fb7a15db57f24b87bef41d034cb04\"},\"breadcrumb\":{\"@id\":\"https:\/\/crusoe.audiencelabs.com.br\/estudo-revela-que-as-pessoas-nao-envelhecem-de-forma-gradual-mas-sim-em-surtos-em-duas-idades-especificas\/#breadcrumb\"},\"inLanguage\":\"pt-BR\",\"potentialAction\":[{\"@type\":\"ReadAction\",\"target\":[\"https:\/\/crusoe.audiencelabs.com.br\/estudo-revela-que-as-pessoas-nao-envelhecem-de-forma-gradual-mas-sim-em-surtos-em-duas-idades-especificas\/\"]}]},{\"@type\":\"ImageObject\",\"inLanguage\":\"pt-BR\",\"@id\":\"https:\/\/crusoe.audiencelabs.com.br\/estudo-revela-que-as-pessoas-nao-envelhecem-de-forma-gradual-mas-sim-em-surtos-em-duas-idades-especificas\/#primaryimage\",\"url\":\"https:\/\/cdn.crusoe.com.br\/uploads\/2026\/04\/imagem-1.jpg\",\"contentUrl\":\"https:\/\/cdn.crusoe.com.br\/uploads\/2026\/04\/imagem-1.jpg\",\"width\":1500,\"height\":994,\"caption\":\"Foto: Cec\u00edlia Bastos\/USP Imagens - Fonte: Ag\u00eancia Senado\"},{\"@type\":\"BreadcrumbList\",\"@id\":\"https:\/\/crusoe.audiencelabs.com.br\/estudo-revela-que-as-pessoas-nao-envelhecem-de-forma-gradual-mas-sim-em-surtos-em-duas-idades-especificas\/#breadcrumb\",\"itemListElement\":[{\"@type\":\"ListItem\",\"position\":1,\"name\":\"Home\",\"item\":\"https:\/\/crusoe.audiencelabs.com.br\/\"},{\"@type\":\"ListItem\",\"position\":2,\"name\":\"Estudo revela que as pessoas n\u00e3o envelhecem de forma gradual, mas sim em &#8220;surtos&#8221; em duas idades espec\u00edficas\"}]},{\"@type\":\"WebSite\",\"@id\":\"https:\/\/crusoe.audiencelabs.com.br\/#website\",\"url\":\"https:\/\/crusoe.audiencelabs.com.br\/\",\"name\":\"Variedades - Cruso\u00e9\",\"description\":\"\",\"potentialAction\":[{\"@type\":\"SearchAction\",\"target\":{\"@type\":\"EntryPoint\",\"urlTemplate\":\"https:\/\/crusoe.audiencelabs.com.br\/?s={search_term_string}\"},\"query-input\":{\"@type\":\"PropertyValueSpecification\",\"valueRequired\":true,\"valueName\":\"search_term_string\"}}],\"inLanguage\":\"pt-BR\"},{\"@type\":\"Person\",\"@id\":\"https:\/\/crusoe.audiencelabs.com.br\/#\/schema\/person\/9d0fb7a15db57f24b87bef41d034cb04\",\"name\":\"Sofia Volpi\",\"image\":{\"@type\":\"ImageObject\",\"inLanguage\":\"pt-BR\",\"@id\":\"https:\/\/crusoe.audiencelabs.com.br\/#\/schema\/person\/image\/\",\"url\":\"https:\/\/secure.gravatar.com\/avatar\/a34b676379e5491536434fe5f7a9c49c2efbf9be83b707fa9e74568d45d559f8?s=96&d=mm&r=g\",\"contentUrl\":\"https:\/\/secure.gravatar.com\/avatar\/a34b676379e5491536434fe5f7a9c49c2efbf9be83b707fa9e74568d45d559f8?s=96&d=mm&r=g\",\"caption\":\"Sofia Volpi\"},\"description\":\"Comunicadora, jornalista em forma\u00e7\u00e3o. Apaixonada por esportes e cultura, colunista.\",\"url\":\"https:\/\/crusoe.audiencelabs.com.br\/author\/sofiavolpi\/\"}]}<\/script>\n<!-- \/ Yoast SEO plugin. -->","yoast_head_json":{"title":"Estudo revela que as pessoas n\u00e3o envelhecem de forma gradual, mas sim em \"surtos\" em duas idades espec\u00edficas","robots":{"index":"index","follow":"follow","max-snippet":"max-snippet:-1","max-image-preview":"max-image-preview:large","max-video-preview":"max-video-preview:-1"},"canonical":"https:\/\/crusoe.audiencelabs.com.br\/estudo-revela-que-as-pessoas-nao-envelhecem-de-forma-gradual-mas-sim-em-surtos-em-duas-idades-especificas\/","og_locale":"pt_BR","og_type":"article","og_title":"Estudo revela que as pessoas n\u00e3o envelhecem de forma gradual, mas sim em \"surtos\" em duas idades espec\u00edficas","og_description":"Um estudo da Universidade Stanford, publicado na Nature Aging, indica que o envelhecimento humano n\u00e3o acontece de forma totalmente gradual. Segundo os pesquisadores, o corpo passa por duas fases de mudan\u00e7as biol\u00f3gicas mais intensas, em torno dos 44 anos e dos 60 anos. A pesquisa acompanhou 108 adultos entre 25 e 75 anos e analisou [&hellip;]","og_url":"https:\/\/crusoe.audiencelabs.com.br\/estudo-revela-que-as-pessoas-nao-envelhecem-de-forma-gradual-mas-sim-em-surtos-em-duas-idades-especificas\/","og_site_name":"Variedades - Cruso\u00e9","article_published_time":"2026-04-08T20:32:30+00:00","og_image":[{"width":1500,"height":994,"url":"https:\/\/cdn.crusoe.com.br\/uploads\/2026\/04\/imagem-1.jpg","type":"image\/jpeg"}],"author":"Sofia Volpi","twitter_card":"summary_large_image","twitter_misc":{"Escrito por":"Sofia Volpi","Est. tempo de leitura":"2 minutos"},"schema":{"@context":"https:\/\/schema.org","@graph":[{"@type":"WebPage","@id":"https:\/\/crusoe.audiencelabs.com.br\/estudo-revela-que-as-pessoas-nao-envelhecem-de-forma-gradual-mas-sim-em-surtos-em-duas-idades-especificas\/","url":"https:\/\/crusoe.audiencelabs.com.br\/estudo-revela-que-as-pessoas-nao-envelhecem-de-forma-gradual-mas-sim-em-surtos-em-duas-idades-especificas\/","name":"Estudo revela que as pessoas n\u00e3o envelhecem de forma gradual, mas sim em \"surtos\" em duas idades espec\u00edficas","isPartOf":{"@id":"https:\/\/crusoe.audiencelabs.com.br\/#website"},"primaryImageOfPage":{"@id":"https:\/\/crusoe.audiencelabs.com.br\/estudo-revela-que-as-pessoas-nao-envelhecem-de-forma-gradual-mas-sim-em-surtos-em-duas-idades-especificas\/#primaryimage"},"image":{"@id":"https:\/\/crusoe.audiencelabs.com.br\/estudo-revela-que-as-pessoas-nao-envelhecem-de-forma-gradual-mas-sim-em-surtos-em-duas-idades-especificas\/#primaryimage"},"thumbnailUrl":"https:\/\/cdn.crusoe.com.br\/uploads\/2026\/04\/imagem-1.jpg","datePublished":"2026-04-08T20:32:30+00:00","author":{"@id":"https:\/\/crusoe.audiencelabs.com.br\/#\/schema\/person\/9d0fb7a15db57f24b87bef41d034cb04"},"breadcrumb":{"@id":"https:\/\/crusoe.audiencelabs.com.br\/estudo-revela-que-as-pessoas-nao-envelhecem-de-forma-gradual-mas-sim-em-surtos-em-duas-idades-especificas\/#breadcrumb"},"inLanguage":"pt-BR","potentialAction":[{"@type":"ReadAction","target":["https:\/\/crusoe.audiencelabs.com.br\/estudo-revela-que-as-pessoas-nao-envelhecem-de-forma-gradual-mas-sim-em-surtos-em-duas-idades-especificas\/"]}]},{"@type":"ImageObject","inLanguage":"pt-BR","@id":"https:\/\/crusoe.audiencelabs.com.br\/estudo-revela-que-as-pessoas-nao-envelhecem-de-forma-gradual-mas-sim-em-surtos-em-duas-idades-especificas\/#primaryimage","url":"https:\/\/cdn.crusoe.com.br\/uploads\/2026\/04\/imagem-1.jpg","contentUrl":"https:\/\/cdn.crusoe.com.br\/uploads\/2026\/04\/imagem-1.jpg","width":1500,"height":994,"caption":"Foto: Cec\u00edlia Bastos\/USP Imagens - Fonte: Ag\u00eancia Senado"},{"@type":"BreadcrumbList","@id":"https:\/\/crusoe.audiencelabs.com.br\/estudo-revela-que-as-pessoas-nao-envelhecem-de-forma-gradual-mas-sim-em-surtos-em-duas-idades-especificas\/#breadcrumb","itemListElement":[{"@type":"ListItem","position":1,"name":"Home","item":"https:\/\/crusoe.audiencelabs.com.br\/"},{"@type":"ListItem","position":2,"name":"Estudo revela que as pessoas n\u00e3o envelhecem de forma gradual, mas sim em &#8220;surtos&#8221; em duas idades espec\u00edficas"}]},{"@type":"WebSite","@id":"https:\/\/crusoe.audiencelabs.com.br\/#website","url":"https:\/\/crusoe.audiencelabs.com.br\/","name":"Variedades - Cruso\u00e9","description":"","potentialAction":[{"@type":"SearchAction","target":{"@type":"EntryPoint","urlTemplate":"https:\/\/crusoe.audiencelabs.com.br\/?s={search_term_string}"},"query-input":{"@type":"PropertyValueSpecification","valueRequired":true,"valueName":"search_term_string"}}],"inLanguage":"pt-BR"},{"@type":"Person","@id":"https:\/\/crusoe.audiencelabs.com.br\/#\/schema\/person\/9d0fb7a15db57f24b87bef41d034cb04","name":"Sofia Volpi","image":{"@type":"ImageObject","inLanguage":"pt-BR","@id":"https:\/\/crusoe.audiencelabs.com.br\/#\/schema\/person\/image\/","url":"https:\/\/secure.gravatar.com\/avatar\/a34b676379e5491536434fe5f7a9c49c2efbf9be83b707fa9e74568d45d559f8?s=96&d=mm&r=g","contentUrl":"https:\/\/secure.gravatar.com\/avatar\/a34b676379e5491536434fe5f7a9c49c2efbf9be83b707fa9e74568d45d559f8?s=96&d=mm&r=g","caption":"Sofia Volpi"},"description":"Comunicadora, jornalista em forma\u00e7\u00e3o. Apaixonada por esportes e cultura, colunista.","url":"https:\/\/crusoe.audiencelabs.com.br\/author\/sofiavolpi\/"}]}},"_links":{"self":[{"href":"https:\/\/crusoe.audiencelabs.com.br\/wp-json\/wp\/v2\/posts\/36641","targetHints":{"allow":["GET"]}}],"collection":[{"href":"https:\/\/crusoe.audiencelabs.com.br\/wp-json\/wp\/v2\/posts"}],"about":[{"href":"https:\/\/crusoe.audiencelabs.com.br\/wp-json\/wp\/v2\/types\/post"}],"author":[{"embeddable":true,"href":"https:\/\/crusoe.audiencelabs.com.br\/wp-json\/wp\/v2\/users\/17"}],"replies":[{"embeddable":true,"href":"https:\/\/crusoe.audiencelabs.com.br\/wp-json\/wp\/v2\/comments?post=36641"}],"version-history":[{"count":3,"href":"https:\/\/crusoe.audiencelabs.com.br\/wp-json\/wp\/v2\/posts\/36641\/revisions"}],"predecessor-version":[{"id":36650,"href":"https:\/\/crusoe.audiencelabs.com.br\/wp-json\/wp\/v2\/posts\/36641\/revisions\/36650"}],"wp:featuredmedia":[{"embeddable":true,"href":"https:\/\/crusoe.audiencelabs.com.br\/wp-json\/wp\/v2\/media\/36642"}],"wp:attachment":[{"href":"https:\/\/crusoe.audiencelabs.com.br\/wp-json\/wp\/v2\/media?parent=36641"}],"wp:term":[{"taxonomy":"category","embeddable":true,"href":"https:\/\/crusoe.audiencelabs.com.br\/wp-json\/wp\/v2\/categories?post=36641"},{"taxonomy":"post_tag","embeddable":true,"href":"https:\/\/crusoe.audiencelabs.com.br\/wp-json\/wp\/v2\/tags?post=36641"}],"curies":[{"name":"wp","href":"https:\/\/api.w.org\/{rel}","templated":true}]}}