{"id":36612,"date":"2026-04-08T08:08:55","date_gmt":"2026-04-08T11:08:55","guid":{"rendered":"https:\/\/crusoe.audiencelabs.com.br\/?p=36612"},"modified":"2026-04-08T08:08:55","modified_gmt":"2026-04-08T11:08:55","slug":"alerta-maximo-catastrofe-que-chega-ao-brasil-em-08-04-e-pior-do-que-se-pensava","status":"publish","type":"post","link":"https:\/\/crusoe.audiencelabs.com.br\/alerta-maximo-catastrofe-que-chega-ao-brasil-em-08-04-e-pior-do-que-se-pensava\/","title":{"rendered":"Alerta m\u00e1ximo: cat\u00e1strofe que chega ao Brasil em 08\/04 \u00e9 pior do que se pensava"},"content":{"rendered":"<p>O Instituto Nacional de Meteorologia (Inmet) alerta que o <strong><a href=\"https:\/\/crusoe.com.br\/variedades\/novo-ciclone-vai-atingir-o-brasil-com-ventos-de-100-km-h-agora-em-abril\/\">ciclone extratropical<\/a><\/strong> que estava previsto para atingir o Brasil nesta quarta-feira (08) pode ser muito mais forte do que foi antecipado. O alerta destaca que a tempestade tinha potencial para ventos de 100 km\/h, mas agora pode chegar a 125 km\/h.<\/p>\n<p>De acordo com o instituto, a tempestade come\u00e7ou a se formar nesta ter\u00e7a-feira (07) no norte da <strong>Argentina<\/strong> e j\u00e1 come\u00e7ou a provocar mudan\u00e7as no clima do pa\u00eds, mas tamb\u00e9m do <strong>Uruguai<\/strong> e do Rio Grande do Sul (RS).<\/p>\n<h2>Evolu\u00e7\u00e3o do ciclone<\/h2>\n<p>Originalmente foi previsto que a tempestade tinha o potencial de atingir ventos de cerca de 100 km\/h em seu pico. No entanto, o Inmet relatou que o ciclone vem ganhando for\u00e7a e seus ventos devem chegar a 125 km\/h. Para especialistas, a expectativa \u00e9 que a tempestade continue crescendo, especialmente enquanto se move em dire\u00e7\u00e3o ao oceano.<\/p>\n<h2>Passagem pelo Brasil<\/h2>\n<p>O Inmet emitiu alertas para toda a regi\u00e3o sul do pa\u00eds, \u00e1rea que ser\u00e1 mais afetada pela tempestade. Segundo informa\u00e7\u00f5es obtidas pelo portal <strong>Meteored<\/strong>, o RS \u00e9 o estado brasileiro que ser\u00e1 mais atingido e a previs\u00e3o \u00e9 que sejam registrados ventos de at\u00e9 90 km\/h nas \u00e1reas do interior, enquanto poder\u00e3o chegar a 125 km\/h no litoral do estado.<\/p>\n<p>Al\u00e9m dos fortes ventos, a previs\u00e3o tamb\u00e9m aponta at\u00e9 100 mm de chuvas di\u00e1rias e at\u00e9 a possibilidade de granizo. Al\u00e9m disso, o Inmet alerta sobre a possibilidade de apag\u00f5es na energia el\u00e9trica, alagamentos, queda de \u00e1rvores nas ruas e at\u00e9 deslizamento de terra. O alerta segue at\u00e9 o fim de hoje (08).<\/p>\n<h2>Como se proteger?<\/h2>\n<p>Junto ao alerta, o instituto tamb\u00e9m listou algumas formas de se proteger e prevenir danos materiais causados pelo ciclone; <strong>s\u00e3o elas:<\/strong><\/p>\n<ul>\n<li>N\u00e3o se abrigar sob \u00e1rvores durante rajadas de vento;<\/li>\n<li>Evitar estacionar ve\u00edculos pr\u00f3ximos a estruturas elevadas;<\/li>\n<li>N\u00e3o permanecer em locais abertos ou fr\u00e1geis durante tempestades com raios;<\/li>\n<li>Desligar aparelhos el\u00e9tricos durante descargas atmosf\u00e9ricas;<\/li>\n<li>N\u00e3o atravessar \u00e1reas alagadas ou com correnteza;<\/li>\n<li>Evitar circula\u00e7\u00e3o em encostas e \u00e1reas com risco de deslizamento.<\/li>\n<\/ul>\n<p>O Inmet tamb\u00e9m pede que os moradores das regi\u00f5es afetadas continuem acompanhando os avisos para saber sobre atualiza\u00e7\u00f5es de melhoras ou pioras no clima da regi\u00e3o. Pelo menos 26 munic\u00edpios do RS seguem em alerta vermelho de &#8220;grande perigo&#8221; com a tempestade.<\/p>\n","protected":false},"excerpt":{"rendered":"<p>O Instituto Nacional de Meteorologia (Inmet) alerta que o ciclone extratropical que estava previsto para atingir o Brasil nesta quarta-feira (08) pode ser muito mais forte do que foi antecipado. O alerta destaca que a tempestade tinha potencial para ventos de 100 km\/h, mas agora pode chegar a 125 km\/h. De acordo com o instituto, [&hellip;]<\/p>\n","protected":false},"author":15,"featured_media":36613,"comment_status":"open","ping_status":"open","sticky":false,"template":"","format":"standard","meta":{"jnews-multi-image_gallery":[],"jnews_single_post":{"format":"standard","jnews_video_option_group":[[]],"override":[{"template":"2","parallax":"1","fullscreen":"1","layout":"right-sidebar","sidebar":"default-sidebar","second_sidebar":"default-sidebar","sticky_sidebar":"1","share_position":"hide","share_float_style":"share-monocrhome","show_featured":"1","show_post_meta":"1","show_post_author":"1","show_post_date":"1","post_date_format":"default","post_date_format_custom":"Y\/m\/d","show_post_category":"1","show_post_reading_time":"0","post_reading_time_wpm":"300","post_calculate_word_method":"str_word_count","show_zoom_button":"0","zoom_button_out_step":"2","zoom_button_in_step":"3","show_post_tag":"1","show_popup_post":"1","number_popup_post":"1","show_author_box":"1","show_post_related":"0"}],"image_override":[{"single_post_thumbnail_size":"crop-500","single_post_gallery_size":"crop-500"}],"trending_post_position":"meta","trending_post_label":"Trending","sponsored_post_label":"Sponsored by","disable_ad":"0","subtitle":"A tempestade se intensificou e pode apresentar ventos ainda mais poderosos"},"jnews_primary_category":[],"jnews_override_counter":{"view_counter_number":"0","share_counter_number":"0","like_counter_number":"0","dislike_counter_number":"0"},"jnews_post_split":{"post_split":[{"template":"1","tag":"h2","numbering":"asc","mode":"normal","first":"0","enable_toc":"0","toc_type":"normal"}]},"footnotes":""},"categories":[1],"tags":[2024,47,3897,5332,7047,7046,128,127,4810],"class_list":["post-36612","post","type-post","status-publish","format-standard","has-post-thumbnail","hentry","category-geral","tag-argentina","tag-brasil","tag-ciclone-extratropical","tag-inmet","tag-meteored","tag-meteorologia","tag-rio-grande-do-sul","tag-rs","tag-uruguai"],"yoast_head":"<!-- This site is optimized with the Yoast SEO plugin v25.0 - https:\/\/yoast.com\/wordpress\/plugins\/seo\/ -->\n<title>Alerta m\u00e1ximo: cat\u00e1strofe que chega ao Brasil em 08\/04 \u00e9 pior do que se pensava<\/title>\n<meta name=\"robots\" content=\"index, follow, max-snippet:-1, max-image-preview:large, max-video-preview:-1\" \/>\n<link rel=\"canonical\" href=\"https:\/\/crusoe.audiencelabs.com.br\/alerta-maximo-catastrofe-que-chega-ao-brasil-em-08-04-e-pior-do-que-se-pensava\/\" \/>\n<meta property=\"og:locale\" content=\"pt_BR\" \/>\n<meta property=\"og:type\" content=\"article\" \/>\n<meta property=\"og:title\" content=\"Alerta m\u00e1ximo: cat\u00e1strofe que chega ao Brasil em 08\/04 \u00e9 pior do que se pensava\" \/>\n<meta property=\"og:description\" content=\"O Instituto Nacional de Meteorologia (Inmet) alerta que o ciclone extratropical que estava previsto para atingir o Brasil nesta quarta-feira (08) pode ser muito mais forte do que foi antecipado. O alerta destaca que a tempestade tinha potencial para ventos de 100 km\/h, mas agora pode chegar a 125 km\/h. De acordo com o instituto, [&hellip;]\" \/>\n<meta property=\"og:url\" content=\"https:\/\/crusoe.audiencelabs.com.br\/alerta-maximo-catastrofe-que-chega-ao-brasil-em-08-04-e-pior-do-que-se-pensava\/\" \/>\n<meta property=\"og:site_name\" content=\"Variedades - Cruso\u00e9\" \/>\n<meta property=\"article:published_time\" content=\"2026-04-08T11:08:55+00:00\" \/>\n<meta property=\"og:image\" content=\"https:\/\/cdn.crusoe.com.br\/uploads\/2026\/04\/pexels-connorscottmcmanus-14920362.jpg\" \/>\n\t<meta property=\"og:image:width\" content=\"640\" \/>\n\t<meta property=\"og:image:height\" content=\"427\" \/>\n\t<meta property=\"og:image:type\" content=\"image\/jpeg\" \/>\n<meta name=\"author\" content=\"J\u00falio Nesi\" \/>\n<meta name=\"twitter:card\" content=\"summary_large_image\" \/>\n<meta name=\"twitter:label1\" content=\"Escrito por\" \/>\n\t<meta name=\"twitter:data1\" content=\"J\u00falio Nesi\" \/>\n\t<meta name=\"twitter:label2\" content=\"Est. tempo de leitura\" \/>\n\t<meta name=\"twitter:data2\" content=\"3 minutos\" \/>\n<script type=\"application\/ld+json\" class=\"yoast-schema-graph\">{\"@context\":\"https:\/\/schema.org\",\"@graph\":[{\"@type\":\"WebPage\",\"@id\":\"https:\/\/crusoe.audiencelabs.com.br\/alerta-maximo-catastrofe-que-chega-ao-brasil-em-08-04-e-pior-do-que-se-pensava\/\",\"url\":\"https:\/\/crusoe.audiencelabs.com.br\/alerta-maximo-catastrofe-que-chega-ao-brasil-em-08-04-e-pior-do-que-se-pensava\/\",\"name\":\"Alerta m\u00e1ximo: cat\u00e1strofe que chega ao Brasil em 08\/04 \u00e9 pior do que se pensava\",\"isPartOf\":{\"@id\":\"https:\/\/crusoe.audiencelabs.com.br\/#website\"},\"primaryImageOfPage\":{\"@id\":\"https:\/\/crusoe.audiencelabs.com.br\/alerta-maximo-catastrofe-que-chega-ao-brasil-em-08-04-e-pior-do-que-se-pensava\/#primaryimage\"},\"image\":{\"@id\":\"https:\/\/crusoe.audiencelabs.com.br\/alerta-maximo-catastrofe-que-chega-ao-brasil-em-08-04-e-pior-do-que-se-pensava\/#primaryimage\"},\"thumbnailUrl\":\"https:\/\/cdn.crusoe.com.br\/uploads\/2026\/04\/pexels-connorscottmcmanus-14920362.jpg\",\"datePublished\":\"2026-04-08T11:08:55+00:00\",\"author\":{\"@id\":\"https:\/\/crusoe.audiencelabs.com.br\/#\/schema\/person\/0cca5874eda7d72cef71e77a9a9c2143\"},\"breadcrumb\":{\"@id\":\"https:\/\/crusoe.audiencelabs.com.br\/alerta-maximo-catastrofe-que-chega-ao-brasil-em-08-04-e-pior-do-que-se-pensava\/#breadcrumb\"},\"inLanguage\":\"pt-BR\",\"potentialAction\":[{\"@type\":\"ReadAction\",\"target\":[\"https:\/\/crusoe.audiencelabs.com.br\/alerta-maximo-catastrofe-que-chega-ao-brasil-em-08-04-e-pior-do-que-se-pensava\/\"]}]},{\"@type\":\"ImageObject\",\"inLanguage\":\"pt-BR\",\"@id\":\"https:\/\/crusoe.audiencelabs.com.br\/alerta-maximo-catastrofe-que-chega-ao-brasil-em-08-04-e-pior-do-que-se-pensava\/#primaryimage\",\"url\":\"https:\/\/cdn.crusoe.com.br\/uploads\/2026\/04\/pexels-connorscottmcmanus-14920362.jpg\",\"contentUrl\":\"https:\/\/cdn.crusoe.com.br\/uploads\/2026\/04\/pexels-connorscottmcmanus-14920362.jpg\",\"width\":640,\"height\":427,\"caption\":\"Reprodu\u00e7\u00e3o: Pexels \/ Connor Scott McManus\"},{\"@type\":\"BreadcrumbList\",\"@id\":\"https:\/\/crusoe.audiencelabs.com.br\/alerta-maximo-catastrofe-que-chega-ao-brasil-em-08-04-e-pior-do-que-se-pensava\/#breadcrumb\",\"itemListElement\":[{\"@type\":\"ListItem\",\"position\":1,\"name\":\"Home\",\"item\":\"https:\/\/crusoe.audiencelabs.com.br\/\"},{\"@type\":\"ListItem\",\"position\":2,\"name\":\"Alerta m\u00e1ximo: cat\u00e1strofe que chega ao Brasil em 08\/04 \u00e9 pior do que se pensava\"}]},{\"@type\":\"WebSite\",\"@id\":\"https:\/\/crusoe.audiencelabs.com.br\/#website\",\"url\":\"https:\/\/crusoe.audiencelabs.com.br\/\",\"name\":\"Variedades - Cruso\u00e9\",\"description\":\"\",\"potentialAction\":[{\"@type\":\"SearchAction\",\"target\":{\"@type\":\"EntryPoint\",\"urlTemplate\":\"https:\/\/crusoe.audiencelabs.com.br\/?s={search_term_string}\"},\"query-input\":{\"@type\":\"PropertyValueSpecification\",\"valueRequired\":true,\"valueName\":\"search_term_string\"}}],\"inLanguage\":\"pt-BR\"},{\"@type\":\"Person\",\"@id\":\"https:\/\/crusoe.audiencelabs.com.br\/#\/schema\/person\/0cca5874eda7d72cef71e77a9a9c2143\",\"name\":\"J\u00falio Nesi\",\"image\":{\"@type\":\"ImageObject\",\"inLanguage\":\"pt-BR\",\"@id\":\"https:\/\/crusoe.audiencelabs.com.br\/#\/schema\/person\/image\/\",\"url\":\"https:\/\/secure.gravatar.com\/avatar\/c22eb47c3e2320e71637346b980e09f63de9f75742d3335f94a26b83dff70473?s=96&d=mm&r=g\",\"contentUrl\":\"https:\/\/secure.gravatar.com\/avatar\/c22eb47c3e2320e71637346b980e09f63de9f75742d3335f94a26b83dff70473?s=96&d=mm&r=g\",\"caption\":\"J\u00falio Nesi\"},\"description\":\"Jornalista alagoano formado pela UFAL, j\u00e1 atuei em produ\u00e7\u00e3o de conte\u00fado digital para portais, r\u00e1dio e redes sociais.\",\"sameAs\":[\"www.linkedin.com\/in\/j\u00falio-nesi\"],\"url\":\"https:\/\/crusoe.audiencelabs.com.br\/author\/julionesi\/\"}]}<\/script>\n<!-- \/ Yoast SEO plugin. -->","yoast_head_json":{"title":"Alerta m\u00e1ximo: cat\u00e1strofe que chega ao Brasil em 08\/04 \u00e9 pior do que se pensava","robots":{"index":"index","follow":"follow","max-snippet":"max-snippet:-1","max-image-preview":"max-image-preview:large","max-video-preview":"max-video-preview:-1"},"canonical":"https:\/\/crusoe.audiencelabs.com.br\/alerta-maximo-catastrofe-que-chega-ao-brasil-em-08-04-e-pior-do-que-se-pensava\/","og_locale":"pt_BR","og_type":"article","og_title":"Alerta m\u00e1ximo: cat\u00e1strofe que chega ao Brasil em 08\/04 \u00e9 pior do que se pensava","og_description":"O Instituto Nacional de Meteorologia (Inmet) alerta que o ciclone extratropical que estava previsto para atingir o Brasil nesta quarta-feira (08) pode ser muito mais forte do que foi antecipado. O alerta destaca que a tempestade tinha potencial para ventos de 100 km\/h, mas agora pode chegar a 125 km\/h. De acordo com o instituto, [&hellip;]","og_url":"https:\/\/crusoe.audiencelabs.com.br\/alerta-maximo-catastrofe-que-chega-ao-brasil-em-08-04-e-pior-do-que-se-pensava\/","og_site_name":"Variedades - Cruso\u00e9","article_published_time":"2026-04-08T11:08:55+00:00","og_image":[{"width":640,"height":427,"url":"https:\/\/cdn.crusoe.com.br\/uploads\/2026\/04\/pexels-connorscottmcmanus-14920362.jpg","type":"image\/jpeg"}],"author":"J\u00falio Nesi","twitter_card":"summary_large_image","twitter_misc":{"Escrito por":"J\u00falio Nesi","Est. tempo de leitura":"3 minutos"},"schema":{"@context":"https:\/\/schema.org","@graph":[{"@type":"WebPage","@id":"https:\/\/crusoe.audiencelabs.com.br\/alerta-maximo-catastrofe-que-chega-ao-brasil-em-08-04-e-pior-do-que-se-pensava\/","url":"https:\/\/crusoe.audiencelabs.com.br\/alerta-maximo-catastrofe-que-chega-ao-brasil-em-08-04-e-pior-do-que-se-pensava\/","name":"Alerta m\u00e1ximo: cat\u00e1strofe que chega ao Brasil em 08\/04 \u00e9 pior do que se pensava","isPartOf":{"@id":"https:\/\/crusoe.audiencelabs.com.br\/#website"},"primaryImageOfPage":{"@id":"https:\/\/crusoe.audiencelabs.com.br\/alerta-maximo-catastrofe-que-chega-ao-brasil-em-08-04-e-pior-do-que-se-pensava\/#primaryimage"},"image":{"@id":"https:\/\/crusoe.audiencelabs.com.br\/alerta-maximo-catastrofe-que-chega-ao-brasil-em-08-04-e-pior-do-que-se-pensava\/#primaryimage"},"thumbnailUrl":"https:\/\/cdn.crusoe.com.br\/uploads\/2026\/04\/pexels-connorscottmcmanus-14920362.jpg","datePublished":"2026-04-08T11:08:55+00:00","author":{"@id":"https:\/\/crusoe.audiencelabs.com.br\/#\/schema\/person\/0cca5874eda7d72cef71e77a9a9c2143"},"breadcrumb":{"@id":"https:\/\/crusoe.audiencelabs.com.br\/alerta-maximo-catastrofe-que-chega-ao-brasil-em-08-04-e-pior-do-que-se-pensava\/#breadcrumb"},"inLanguage":"pt-BR","potentialAction":[{"@type":"ReadAction","target":["https:\/\/crusoe.audiencelabs.com.br\/alerta-maximo-catastrofe-que-chega-ao-brasil-em-08-04-e-pior-do-que-se-pensava\/"]}]},{"@type":"ImageObject","inLanguage":"pt-BR","@id":"https:\/\/crusoe.audiencelabs.com.br\/alerta-maximo-catastrofe-que-chega-ao-brasil-em-08-04-e-pior-do-que-se-pensava\/#primaryimage","url":"https:\/\/cdn.crusoe.com.br\/uploads\/2026\/04\/pexels-connorscottmcmanus-14920362.jpg","contentUrl":"https:\/\/cdn.crusoe.com.br\/uploads\/2026\/04\/pexels-connorscottmcmanus-14920362.jpg","width":640,"height":427,"caption":"Reprodu\u00e7\u00e3o: Pexels \/ Connor Scott McManus"},{"@type":"BreadcrumbList","@id":"https:\/\/crusoe.audiencelabs.com.br\/alerta-maximo-catastrofe-que-chega-ao-brasil-em-08-04-e-pior-do-que-se-pensava\/#breadcrumb","itemListElement":[{"@type":"ListItem","position":1,"name":"Home","item":"https:\/\/crusoe.audiencelabs.com.br\/"},{"@type":"ListItem","position":2,"name":"Alerta m\u00e1ximo: cat\u00e1strofe que chega ao Brasil em 08\/04 \u00e9 pior do que se pensava"}]},{"@type":"WebSite","@id":"https:\/\/crusoe.audiencelabs.com.br\/#website","url":"https:\/\/crusoe.audiencelabs.com.br\/","name":"Variedades - Cruso\u00e9","description":"","potentialAction":[{"@type":"SearchAction","target":{"@type":"EntryPoint","urlTemplate":"https:\/\/crusoe.audiencelabs.com.br\/?s={search_term_string}"},"query-input":{"@type":"PropertyValueSpecification","valueRequired":true,"valueName":"search_term_string"}}],"inLanguage":"pt-BR"},{"@type":"Person","@id":"https:\/\/crusoe.audiencelabs.com.br\/#\/schema\/person\/0cca5874eda7d72cef71e77a9a9c2143","name":"J\u00falio Nesi","image":{"@type":"ImageObject","inLanguage":"pt-BR","@id":"https:\/\/crusoe.audiencelabs.com.br\/#\/schema\/person\/image\/","url":"https:\/\/secure.gravatar.com\/avatar\/c22eb47c3e2320e71637346b980e09f63de9f75742d3335f94a26b83dff70473?s=96&d=mm&r=g","contentUrl":"https:\/\/secure.gravatar.com\/avatar\/c22eb47c3e2320e71637346b980e09f63de9f75742d3335f94a26b83dff70473?s=96&d=mm&r=g","caption":"J\u00falio Nesi"},"description":"Jornalista alagoano formado pela UFAL, j\u00e1 atuei em produ\u00e7\u00e3o de conte\u00fado digital para portais, r\u00e1dio e redes sociais.","sameAs":["www.linkedin.com\/in\/j\u00falio-nesi"],"url":"https:\/\/crusoe.audiencelabs.com.br\/author\/julionesi\/"}]}},"_links":{"self":[{"href":"https:\/\/crusoe.audiencelabs.com.br\/wp-json\/wp\/v2\/posts\/36612","targetHints":{"allow":["GET"]}}],"collection":[{"href":"https:\/\/crusoe.audiencelabs.com.br\/wp-json\/wp\/v2\/posts"}],"about":[{"href":"https:\/\/crusoe.audiencelabs.com.br\/wp-json\/wp\/v2\/types\/post"}],"author":[{"embeddable":true,"href":"https:\/\/crusoe.audiencelabs.com.br\/wp-json\/wp\/v2\/users\/15"}],"replies":[{"embeddable":true,"href":"https:\/\/crusoe.audiencelabs.com.br\/wp-json\/wp\/v2\/comments?post=36612"}],"version-history":[{"count":1,"href":"https:\/\/crusoe.audiencelabs.com.br\/wp-json\/wp\/v2\/posts\/36612\/revisions"}],"predecessor-version":[{"id":36614,"href":"https:\/\/crusoe.audiencelabs.com.br\/wp-json\/wp\/v2\/posts\/36612\/revisions\/36614"}],"wp:featuredmedia":[{"embeddable":true,"href":"https:\/\/crusoe.audiencelabs.com.br\/wp-json\/wp\/v2\/media\/36613"}],"wp:attachment":[{"href":"https:\/\/crusoe.audiencelabs.com.br\/wp-json\/wp\/v2\/media?parent=36612"}],"wp:term":[{"taxonomy":"category","embeddable":true,"href":"https:\/\/crusoe.audiencelabs.com.br\/wp-json\/wp\/v2\/categories?post=36612"},{"taxonomy":"post_tag","embeddable":true,"href":"https:\/\/crusoe.audiencelabs.com.br\/wp-json\/wp\/v2\/tags?post=36612"}],"curies":[{"name":"wp","href":"https:\/\/api.w.org\/{rel}","templated":true}]}}