{"id":36573,"date":"2026-04-07T19:32:20","date_gmt":"2026-04-07T22:32:20","guid":{"rendered":"https:\/\/crusoe.audiencelabs.com.br\/?p=36573"},"modified":"2026-04-07T12:12:27","modified_gmt":"2026-04-07T15:12:27","slug":"o-que-seus-olhos-podem-revelar-sobre-o-futuro-do-seu-cerebro-segundo-a-ciencia","status":"publish","type":"post","link":"https:\/\/crusoe.audiencelabs.com.br\/o-que-seus-olhos-podem-revelar-sobre-o-futuro-do-seu-cerebro-segundo-a-ciencia\/","title":{"rendered":"O que seus olhos podem revelar sobre o futuro do seu c\u00e9rebro, segundo a ci\u00eancia"},"content":{"rendered":"<p>A ci\u00eancia descobriu que examinar os olhos de uma pessoa pode fornecer muita informa\u00e7\u00e3o, n\u00e3o s\u00f3 a sa\u00fade dos globos oculares, mas at\u00e9 mesmo sobre a sa\u00fade cognitiva. Pesquisadores do instituto Neuroscience Research Australia (NeuRA) descobriram que testes de vis\u00e3o podem nos ajudar a prever riscos de dem\u00eancia anos antes dos sintomas aparecerem.<\/p>\n<p>Segundo os pesquisadores, que analisaram mais de dois mil participantes nos testes, h\u00e1 uma rela\u00e7\u00e3o entre a acuidade visual e o desempenho cognitivo das pessoas e a perda de vis\u00e3o pode ser sinal de doen\u00e7as que causam perda cognitiva como o <strong>Alzheimer<\/strong>.<\/p>\n<h2>Como a perda de vis\u00e3o aponta Alzheimer?<\/h2>\n<p>Uma comiss\u00e3o da revista cient\u00edfica <strong>The Lancet\u00a0<\/strong>lan\u00e7ou, em 2024, uma atualiza\u00e7\u00e3o dos principais fatores de risco para dem\u00eancia e um deles foi a perda de vis\u00e3o, correspondendo a 2% dos casos totais.<\/p>\n<p>Nikki-Anne Wilson, uma das autoras do estudo da NeuRA, destaca que certas prote\u00ednas se acumulam no c\u00e9rebro de pacientes com Alzheimer e essas mesmas prote\u00ednas podem ser encontradas na retina dos pacientes. Com a identifica\u00e7\u00e3o dessas prote\u00ednas, o examinador pode achar ind\u00edcios da degenera\u00e7\u00e3o cognitiva at\u00e9 12 anos antes dos primeiros sintomas aparecerem.<\/p>\n<p>Al\u00e9m disso, ela tamb\u00e9m apontou que outros achados revelaram que a defici\u00eancia visual pode resultar de mudan\u00e7as no c\u00e9rebro.<\/p>\n<p>Wilson ainda revelou que a dem\u00eancia pode ser agravada por diversos fatores, como a falta de socializa\u00e7\u00e3o. No caso de pessoas com problemas de vis\u00e3o, elas t\u00eam maior probabilidade de evitar eventos sociais devido \u00e0 ansiedade. Essa dificuldade tamb\u00e9m pode impactar negativamente o desempenho cognitivo da pessoa.<\/p>\n<h2>Como foi feito o estudo?<\/h2>\n<p>Os pesquisadores acompanharam um total de 2.281 pacientes. Eles coletaram e analisaram dados de uma avalia\u00e7\u00e3o realizada por meio do teste de logaritmo do \u00e2ngulo m\u00ednimo de resolu\u00e7\u00e3o (logMAR). Esse teste \u00e9 um exame que mede o quanto o paciente consegue enxergar detalhes finos e pode revelar a qualidade da vis\u00e3o da pessoa.<\/p>\n<p>Com os dados do logMAR, os pesquisadores tamb\u00e9m avaliaram o decl\u00ednio cognitivo dos pacientes. Cruzando os dados, descobriram que os pacientes que apresentavam menor qualidade de vis\u00e3o tamb\u00e9m apresentavam maior decl\u00ednio cognitivo.<\/p>\n<h2>O que isso significa?<\/h2>\n<p>Essa nova descoberta abre uma nova janela para a medicina moderna, permitindo a descoberta precoce de doen\u00e7as que causam degenera\u00e7\u00e3o cognitiva. Isso permite que m\u00e9dicos e pacientes possam tratar e at\u00e9 mesmo evitar a doen\u00e7a antes que a mesma se instale irreversivelmente no paciente.<\/p>\n","protected":false},"excerpt":{"rendered":"<p>A ci\u00eancia descobriu que examinar os olhos de uma pessoa pode fornecer muita informa\u00e7\u00e3o, n\u00e3o s\u00f3 a sa\u00fade dos globos oculares, mas at\u00e9 mesmo sobre a sa\u00fade cognitiva. Pesquisadores do instituto Neuroscience Research Australia (NeuRA) descobriram que testes de vis\u00e3o podem nos ajudar a prever riscos de dem\u00eancia anos antes dos sintomas aparecerem. Segundo os [&hellip;]<\/p>\n","protected":false},"author":15,"featured_media":36580,"comment_status":"open","ping_status":"open","sticky":false,"template":"","format":"standard","meta":{"jnews-multi-image_gallery":[],"jnews_single_post":{"format":"standard","jnews_video_option_group":[[]],"override":[{"template":"2","parallax":"1","fullscreen":"1","layout":"right-sidebar","sidebar":"default-sidebar","second_sidebar":"default-sidebar","sticky_sidebar":"1","share_position":"hide","share_float_style":"share-monocrhome","show_featured":"1","show_post_meta":"1","show_post_author":"1","show_post_date":"1","post_date_format":"default","post_date_format_custom":"Y\/m\/d","show_post_category":"1","show_post_reading_time":"0","post_reading_time_wpm":"300","post_calculate_word_method":"str_word_count","show_zoom_button":"0","zoom_button_out_step":"2","zoom_button_in_step":"3","show_post_tag":"1","show_popup_post":"1","number_popup_post":"1","show_author_box":"1","show_post_related":"0"}],"image_override":[{"single_post_thumbnail_size":"crop-500","single_post_gallery_size":"crop-500"}],"trending_post_position":"meta","trending_post_label":"Trending","sponsored_post_label":"Sponsored by","disable_ad":"0","subtitle":"Cientistas descobriram que \u00e9 poss\u00edvel prever a chegada de doen\u00e7as cognitivas apenas examinando os olhos dos pacientes"},"jnews_primary_category":[],"jnews_override_counter":{"view_counter_number":"0","share_counter_number":"0","like_counter_number":"0","dislike_counter_number":"0"},"jnews_post_split":{"post_split":[{"template":"1","tag":"h2","numbering":"asc","mode":"normal","first":"0","enable_toc":"0","toc_type":"normal"}]},"footnotes":""},"categories":[1],"tags":[1249,251,1450,252,7023,7022,4161,7024],"class_list":["post-36573","post","type-post","status-publish","format-standard","has-post-thumbnail","hentry","category-geral","tag-alzheimer","tag-ciencia","tag-demencia","tag-medicina","tag-neura","tag-saude-cognitiva","tag-saude-ocular","tag-the-lancet"],"yoast_head":"<!-- This site is optimized with the Yoast SEO plugin v25.0 - https:\/\/yoast.com\/wordpress\/plugins\/seo\/ -->\n<title>O que seus olhos podem revelar sobre o futuro do seu c\u00e9rebro, segundo a ci\u00eancia<\/title>\n<meta name=\"robots\" content=\"index, follow, max-snippet:-1, max-image-preview:large, max-video-preview:-1\" \/>\n<link rel=\"canonical\" href=\"https:\/\/crusoe.audiencelabs.com.br\/o-que-seus-olhos-podem-revelar-sobre-o-futuro-do-seu-cerebro-segundo-a-ciencia\/\" \/>\n<meta property=\"og:locale\" content=\"pt_BR\" \/>\n<meta property=\"og:type\" content=\"article\" \/>\n<meta property=\"og:title\" content=\"O que seus olhos podem revelar sobre o futuro do seu c\u00e9rebro, segundo a ci\u00eancia\" \/>\n<meta property=\"og:description\" content=\"A ci\u00eancia descobriu que examinar os olhos de uma pessoa pode fornecer muita informa\u00e7\u00e3o, n\u00e3o s\u00f3 a sa\u00fade dos globos oculares, mas at\u00e9 mesmo sobre a sa\u00fade cognitiva. Pesquisadores do instituto Neuroscience Research Australia (NeuRA) descobriram que testes de vis\u00e3o podem nos ajudar a prever riscos de dem\u00eancia anos antes dos sintomas aparecerem. Segundo os [&hellip;]\" \/>\n<meta property=\"og:url\" content=\"https:\/\/crusoe.audiencelabs.com.br\/o-que-seus-olhos-podem-revelar-sobre-o-futuro-do-seu-cerebro-segundo-a-ciencia\/\" \/>\n<meta property=\"og:site_name\" content=\"Variedades - Cruso\u00e9\" \/>\n<meta property=\"article:published_time\" content=\"2026-04-07T22:32:20+00:00\" \/>\n<meta property=\"og:image\" content=\"https:\/\/cdn.crusoe.com.br\/uploads\/2026\/04\/nrd-aMmDIsdnUro-unsplash.jpg\" \/>\n\t<meta property=\"og:image:width\" content=\"640\" \/>\n\t<meta property=\"og:image:height\" content=\"427\" \/>\n\t<meta property=\"og:image:type\" content=\"image\/jpeg\" \/>\n<meta name=\"author\" content=\"J\u00falio Nesi\" \/>\n<meta name=\"twitter:card\" content=\"summary_large_image\" \/>\n<meta name=\"twitter:label1\" content=\"Escrito por\" \/>\n\t<meta name=\"twitter:data1\" content=\"J\u00falio Nesi\" \/>\n\t<meta name=\"twitter:label2\" content=\"Est. tempo de leitura\" \/>\n\t<meta name=\"twitter:data2\" content=\"3 minutos\" \/>\n<script type=\"application\/ld+json\" class=\"yoast-schema-graph\">{\"@context\":\"https:\/\/schema.org\",\"@graph\":[{\"@type\":\"WebPage\",\"@id\":\"https:\/\/crusoe.audiencelabs.com.br\/o-que-seus-olhos-podem-revelar-sobre-o-futuro-do-seu-cerebro-segundo-a-ciencia\/\",\"url\":\"https:\/\/crusoe.audiencelabs.com.br\/o-que-seus-olhos-podem-revelar-sobre-o-futuro-do-seu-cerebro-segundo-a-ciencia\/\",\"name\":\"O que seus olhos podem revelar sobre o futuro do seu c\u00e9rebro, segundo a ci\u00eancia\",\"isPartOf\":{\"@id\":\"https:\/\/crusoe.audiencelabs.com.br\/#website\"},\"primaryImageOfPage\":{\"@id\":\"https:\/\/crusoe.audiencelabs.com.br\/o-que-seus-olhos-podem-revelar-sobre-o-futuro-do-seu-cerebro-segundo-a-ciencia\/#primaryimage\"},\"image\":{\"@id\":\"https:\/\/crusoe.audiencelabs.com.br\/o-que-seus-olhos-podem-revelar-sobre-o-futuro-do-seu-cerebro-segundo-a-ciencia\/#primaryimage\"},\"thumbnailUrl\":\"https:\/\/cdn.crusoe.com.br\/uploads\/2026\/04\/nrd-aMmDIsdnUro-unsplash.jpg\",\"datePublished\":\"2026-04-07T22:32:20+00:00\",\"author\":{\"@id\":\"https:\/\/crusoe.audiencelabs.com.br\/#\/schema\/person\/0cca5874eda7d72cef71e77a9a9c2143\"},\"breadcrumb\":{\"@id\":\"https:\/\/crusoe.audiencelabs.com.br\/o-que-seus-olhos-podem-revelar-sobre-o-futuro-do-seu-cerebro-segundo-a-ciencia\/#breadcrumb\"},\"inLanguage\":\"pt-BR\",\"potentialAction\":[{\"@type\":\"ReadAction\",\"target\":[\"https:\/\/crusoe.audiencelabs.com.br\/o-que-seus-olhos-podem-revelar-sobre-o-futuro-do-seu-cerebro-segundo-a-ciencia\/\"]}]},{\"@type\":\"ImageObject\",\"inLanguage\":\"pt-BR\",\"@id\":\"https:\/\/crusoe.audiencelabs.com.br\/o-que-seus-olhos-podem-revelar-sobre-o-futuro-do-seu-cerebro-segundo-a-ciencia\/#primaryimage\",\"url\":\"https:\/\/cdn.crusoe.com.br\/uploads\/2026\/04\/nrd-aMmDIsdnUro-unsplash.jpg\",\"contentUrl\":\"https:\/\/cdn.crusoe.com.br\/uploads\/2026\/04\/nrd-aMmDIsdnUro-unsplash.jpg\",\"width\":640,\"height\":427,\"caption\":\"Reprodu\u00e7\u00e3o: Unsplash \/ nrd\"},{\"@type\":\"BreadcrumbList\",\"@id\":\"https:\/\/crusoe.audiencelabs.com.br\/o-que-seus-olhos-podem-revelar-sobre-o-futuro-do-seu-cerebro-segundo-a-ciencia\/#breadcrumb\",\"itemListElement\":[{\"@type\":\"ListItem\",\"position\":1,\"name\":\"Home\",\"item\":\"https:\/\/crusoe.audiencelabs.com.br\/\"},{\"@type\":\"ListItem\",\"position\":2,\"name\":\"O que seus olhos podem revelar sobre o futuro do seu c\u00e9rebro, segundo a ci\u00eancia\"}]},{\"@type\":\"WebSite\",\"@id\":\"https:\/\/crusoe.audiencelabs.com.br\/#website\",\"url\":\"https:\/\/crusoe.audiencelabs.com.br\/\",\"name\":\"Variedades - Cruso\u00e9\",\"description\":\"\",\"potentialAction\":[{\"@type\":\"SearchAction\",\"target\":{\"@type\":\"EntryPoint\",\"urlTemplate\":\"https:\/\/crusoe.audiencelabs.com.br\/?s={search_term_string}\"},\"query-input\":{\"@type\":\"PropertyValueSpecification\",\"valueRequired\":true,\"valueName\":\"search_term_string\"}}],\"inLanguage\":\"pt-BR\"},{\"@type\":\"Person\",\"@id\":\"https:\/\/crusoe.audiencelabs.com.br\/#\/schema\/person\/0cca5874eda7d72cef71e77a9a9c2143\",\"name\":\"J\u00falio Nesi\",\"image\":{\"@type\":\"ImageObject\",\"inLanguage\":\"pt-BR\",\"@id\":\"https:\/\/crusoe.audiencelabs.com.br\/#\/schema\/person\/image\/\",\"url\":\"https:\/\/secure.gravatar.com\/avatar\/c22eb47c3e2320e71637346b980e09f63de9f75742d3335f94a26b83dff70473?s=96&d=mm&r=g\",\"contentUrl\":\"https:\/\/secure.gravatar.com\/avatar\/c22eb47c3e2320e71637346b980e09f63de9f75742d3335f94a26b83dff70473?s=96&d=mm&r=g\",\"caption\":\"J\u00falio Nesi\"},\"description\":\"Jornalista alagoano formado pela UFAL, j\u00e1 atuei em produ\u00e7\u00e3o de conte\u00fado digital para portais, r\u00e1dio e redes sociais.\",\"sameAs\":[\"www.linkedin.com\/in\/j\u00falio-nesi\"],\"url\":\"https:\/\/crusoe.audiencelabs.com.br\/author\/julionesi\/\"}]}<\/script>\n<!-- \/ Yoast SEO plugin. -->","yoast_head_json":{"title":"O que seus olhos podem revelar sobre o futuro do seu c\u00e9rebro, segundo a ci\u00eancia","robots":{"index":"index","follow":"follow","max-snippet":"max-snippet:-1","max-image-preview":"max-image-preview:large","max-video-preview":"max-video-preview:-1"},"canonical":"https:\/\/crusoe.audiencelabs.com.br\/o-que-seus-olhos-podem-revelar-sobre-o-futuro-do-seu-cerebro-segundo-a-ciencia\/","og_locale":"pt_BR","og_type":"article","og_title":"O que seus olhos podem revelar sobre o futuro do seu c\u00e9rebro, segundo a ci\u00eancia","og_description":"A ci\u00eancia descobriu que examinar os olhos de uma pessoa pode fornecer muita informa\u00e7\u00e3o, n\u00e3o s\u00f3 a sa\u00fade dos globos oculares, mas at\u00e9 mesmo sobre a sa\u00fade cognitiva. Pesquisadores do instituto Neuroscience Research Australia (NeuRA) descobriram que testes de vis\u00e3o podem nos ajudar a prever riscos de dem\u00eancia anos antes dos sintomas aparecerem. Segundo os [&hellip;]","og_url":"https:\/\/crusoe.audiencelabs.com.br\/o-que-seus-olhos-podem-revelar-sobre-o-futuro-do-seu-cerebro-segundo-a-ciencia\/","og_site_name":"Variedades - Cruso\u00e9","article_published_time":"2026-04-07T22:32:20+00:00","og_image":[{"width":640,"height":427,"url":"https:\/\/cdn.crusoe.com.br\/uploads\/2026\/04\/nrd-aMmDIsdnUro-unsplash.jpg","type":"image\/jpeg"}],"author":"J\u00falio Nesi","twitter_card":"summary_large_image","twitter_misc":{"Escrito por":"J\u00falio Nesi","Est. tempo de leitura":"3 minutos"},"schema":{"@context":"https:\/\/schema.org","@graph":[{"@type":"WebPage","@id":"https:\/\/crusoe.audiencelabs.com.br\/o-que-seus-olhos-podem-revelar-sobre-o-futuro-do-seu-cerebro-segundo-a-ciencia\/","url":"https:\/\/crusoe.audiencelabs.com.br\/o-que-seus-olhos-podem-revelar-sobre-o-futuro-do-seu-cerebro-segundo-a-ciencia\/","name":"O que seus olhos podem revelar sobre o futuro do seu c\u00e9rebro, segundo a ci\u00eancia","isPartOf":{"@id":"https:\/\/crusoe.audiencelabs.com.br\/#website"},"primaryImageOfPage":{"@id":"https:\/\/crusoe.audiencelabs.com.br\/o-que-seus-olhos-podem-revelar-sobre-o-futuro-do-seu-cerebro-segundo-a-ciencia\/#primaryimage"},"image":{"@id":"https:\/\/crusoe.audiencelabs.com.br\/o-que-seus-olhos-podem-revelar-sobre-o-futuro-do-seu-cerebro-segundo-a-ciencia\/#primaryimage"},"thumbnailUrl":"https:\/\/cdn.crusoe.com.br\/uploads\/2026\/04\/nrd-aMmDIsdnUro-unsplash.jpg","datePublished":"2026-04-07T22:32:20+00:00","author":{"@id":"https:\/\/crusoe.audiencelabs.com.br\/#\/schema\/person\/0cca5874eda7d72cef71e77a9a9c2143"},"breadcrumb":{"@id":"https:\/\/crusoe.audiencelabs.com.br\/o-que-seus-olhos-podem-revelar-sobre-o-futuro-do-seu-cerebro-segundo-a-ciencia\/#breadcrumb"},"inLanguage":"pt-BR","potentialAction":[{"@type":"ReadAction","target":["https:\/\/crusoe.audiencelabs.com.br\/o-que-seus-olhos-podem-revelar-sobre-o-futuro-do-seu-cerebro-segundo-a-ciencia\/"]}]},{"@type":"ImageObject","inLanguage":"pt-BR","@id":"https:\/\/crusoe.audiencelabs.com.br\/o-que-seus-olhos-podem-revelar-sobre-o-futuro-do-seu-cerebro-segundo-a-ciencia\/#primaryimage","url":"https:\/\/cdn.crusoe.com.br\/uploads\/2026\/04\/nrd-aMmDIsdnUro-unsplash.jpg","contentUrl":"https:\/\/cdn.crusoe.com.br\/uploads\/2026\/04\/nrd-aMmDIsdnUro-unsplash.jpg","width":640,"height":427,"caption":"Reprodu\u00e7\u00e3o: Unsplash \/ nrd"},{"@type":"BreadcrumbList","@id":"https:\/\/crusoe.audiencelabs.com.br\/o-que-seus-olhos-podem-revelar-sobre-o-futuro-do-seu-cerebro-segundo-a-ciencia\/#breadcrumb","itemListElement":[{"@type":"ListItem","position":1,"name":"Home","item":"https:\/\/crusoe.audiencelabs.com.br\/"},{"@type":"ListItem","position":2,"name":"O que seus olhos podem revelar sobre o futuro do seu c\u00e9rebro, segundo a ci\u00eancia"}]},{"@type":"WebSite","@id":"https:\/\/crusoe.audiencelabs.com.br\/#website","url":"https:\/\/crusoe.audiencelabs.com.br\/","name":"Variedades - Cruso\u00e9","description":"","potentialAction":[{"@type":"SearchAction","target":{"@type":"EntryPoint","urlTemplate":"https:\/\/crusoe.audiencelabs.com.br\/?s={search_term_string}"},"query-input":{"@type":"PropertyValueSpecification","valueRequired":true,"valueName":"search_term_string"}}],"inLanguage":"pt-BR"},{"@type":"Person","@id":"https:\/\/crusoe.audiencelabs.com.br\/#\/schema\/person\/0cca5874eda7d72cef71e77a9a9c2143","name":"J\u00falio Nesi","image":{"@type":"ImageObject","inLanguage":"pt-BR","@id":"https:\/\/crusoe.audiencelabs.com.br\/#\/schema\/person\/image\/","url":"https:\/\/secure.gravatar.com\/avatar\/c22eb47c3e2320e71637346b980e09f63de9f75742d3335f94a26b83dff70473?s=96&d=mm&r=g","contentUrl":"https:\/\/secure.gravatar.com\/avatar\/c22eb47c3e2320e71637346b980e09f63de9f75742d3335f94a26b83dff70473?s=96&d=mm&r=g","caption":"J\u00falio Nesi"},"description":"Jornalista alagoano formado pela UFAL, j\u00e1 atuei em produ\u00e7\u00e3o de conte\u00fado digital para portais, r\u00e1dio e redes sociais.","sameAs":["www.linkedin.com\/in\/j\u00falio-nesi"],"url":"https:\/\/crusoe.audiencelabs.com.br\/author\/julionesi\/"}]}},"_links":{"self":[{"href":"https:\/\/crusoe.audiencelabs.com.br\/wp-json\/wp\/v2\/posts\/36573","targetHints":{"allow":["GET"]}}],"collection":[{"href":"https:\/\/crusoe.audiencelabs.com.br\/wp-json\/wp\/v2\/posts"}],"about":[{"href":"https:\/\/crusoe.audiencelabs.com.br\/wp-json\/wp\/v2\/types\/post"}],"author":[{"embeddable":true,"href":"https:\/\/crusoe.audiencelabs.com.br\/wp-json\/wp\/v2\/users\/15"}],"replies":[{"embeddable":true,"href":"https:\/\/crusoe.audiencelabs.com.br\/wp-json\/wp\/v2\/comments?post=36573"}],"version-history":[{"count":1,"href":"https:\/\/crusoe.audiencelabs.com.br\/wp-json\/wp\/v2\/posts\/36573\/revisions"}],"predecessor-version":[{"id":36587,"href":"https:\/\/crusoe.audiencelabs.com.br\/wp-json\/wp\/v2\/posts\/36573\/revisions\/36587"}],"wp:featuredmedia":[{"embeddable":true,"href":"https:\/\/crusoe.audiencelabs.com.br\/wp-json\/wp\/v2\/media\/36580"}],"wp:attachment":[{"href":"https:\/\/crusoe.audiencelabs.com.br\/wp-json\/wp\/v2\/media?parent=36573"}],"wp:term":[{"taxonomy":"category","embeddable":true,"href":"https:\/\/crusoe.audiencelabs.com.br\/wp-json\/wp\/v2\/categories?post=36573"},{"taxonomy":"post_tag","embeddable":true,"href":"https:\/\/crusoe.audiencelabs.com.br\/wp-json\/wp\/v2\/tags?post=36573"}],"curies":[{"name":"wp","href":"https:\/\/api.w.org\/{rel}","templated":true}]}}