{"id":36564,"date":"2026-04-07T18:33:23","date_gmt":"2026-04-07T21:33:23","guid":{"rendered":"https:\/\/crusoe.audiencelabs.com.br\/?p=36564"},"modified":"2026-04-07T11:39:32","modified_gmt":"2026-04-07T14:39:32","slug":"governo-impoe-nova-restricao-e-andar-de-bicicleta-nao-sera-mais-permitido-em-certos-pontos","status":"publish","type":"post","link":"https:\/\/crusoe.audiencelabs.com.br\/governo-impoe-nova-restricao-e-andar-de-bicicleta-nao-sera-mais-permitido-em-certos-pontos\/","title":{"rendered":"Governo imp\u00f5e nova restri\u00e7\u00e3o e andar de bicicleta n\u00e3o ser\u00e1 mais permitido em certos pontos"},"content":{"rendered":"<p>Pessoas que utilizam bicicletas el\u00e9tricas e ciclomotores ter\u00e3o uma nova restri\u00e7\u00e3o na capital do Rio de Janeiro. A partir desta semana, a prefeitura proibiu a circula\u00e7\u00e3o desses ve\u00edculos em alguns pontos da cidade, incluindo vias cuja velocidade m\u00e1xima permitida \u00e9 de 60 km\/h e limite das bicicletas \u00e0s ciclovias.<\/p>\n<p>A medida veio no Di\u00e1rio Oficial da capital nesta segunda-feira (06). O prefeito <strong>Eduardo Cavaliere<\/strong> alegou que o objetivo da medida \u00e9 reduzir o n\u00famero de acidentes envolvendo esses ve\u00edculos, pois a capital vem registrando um n\u00famero crescente desses acidentes.<\/p>\n<h2>Quais s\u00e3o as proibi\u00e7\u00f5es?<\/h2>\n<p>A principal restri\u00e7\u00e3o da medida \u00e9 o uso de bicicletas el\u00e9tricas em vias que tenham o limite de velocidade acima de 60 km\/h. Nesses locais, os ciclomotores poder\u00e3o se locomover apenas na lateral direita da via, j\u00e1 as bicicletas ser\u00e3o proibidas.<\/p>\n<p>A regulamenta\u00e7\u00e3o ainda diz que as bicicletas el\u00e9tricas devem circular apenas nas ciclovias em locais de velocidade m\u00e1xima de at\u00e9 40 km\/h. Caso n\u00e3o estejam dispon\u00edveis, as bicicletas dever\u00e3o circular no mesmo espa\u00e7o dos ciclomotores. Nas vias com limite de 40 km\/h, os ciclomotores ser\u00e3o permitidos na pista de rolamento, pelo lado direito e no sentido da via.<\/p>\n<p>Al\u00e9m disso, a prefeitura tamb\u00e9m proibiu a circula\u00e7\u00e3o de todos os tipos de ve\u00edculos el\u00e9tricos em cal\u00e7adas.<\/p>\n<h2>Novas implementa\u00e7\u00f5es<\/h2>\n<p>Para compensar pelas proibi\u00e7\u00f5es, Cavaliere anunciou um pacote de medidas para implementar novas ciclovias e ciclofaixas na capital. De acordo com o prefeito, ser\u00e3o inseridos cerca de 50 quil\u00f4metros de vias at\u00e9 2028 na cidade. O investimento previsto \u00e9 de R$ 20 milh\u00f5es.<\/p>\n<p>As novas ciclovias e ciclofaixas ser\u00e3o instaladas em v\u00e1rias \u00e1reas da cidade: no Centro, na Zona Sul, Zona Norte, Zona Oeste e Zona Sudoeste.<\/p>\n<h2>Medidas v\u00eam ap\u00f3s acidente<\/h2>\n<p>As novas regras foram anunciadas pelo prefeito uma semana ap\u00f3s uma m\u00e3e e um filho morrerem atropelados por um \u00f4nibus no bairro da Tijuca, na Zona Norte da capital.<\/p>\n<p>Segundo informa\u00e7\u00f5es sobre o caso, os dois trafegavam em uma bicicleta el\u00e9trica na faixa esquerda na Rua Conde de Bonfim quando um outro carro teria fechado-os. Ao serem fechados, os dois ca\u00edram da bicicleta na faixa do meio, quando o \u00f4nibus acabou atropelando-os. A m\u00e3e morreu na hora, o filho chegou a ser socorrido, mas n\u00e3o resistiu.<\/p>\n<p>Com as novas medidas, o gestor da cidade espera que esse tipo de acidente seja reduzido nas ruas do Rio de Janeiro.<\/p>\n","protected":false},"excerpt":{"rendered":"<p>Pessoas que utilizam bicicletas el\u00e9tricas e ciclomotores ter\u00e3o uma nova restri\u00e7\u00e3o na capital do Rio de Janeiro. A partir desta semana, a prefeitura proibiu a circula\u00e7\u00e3o desses ve\u00edculos em alguns pontos da cidade, incluindo vias cuja velocidade m\u00e1xima permitida \u00e9 de 60 km\/h e limite das bicicletas \u00e0s ciclovias. A medida veio no Di\u00e1rio Oficial [&hellip;]<\/p>\n","protected":false},"author":15,"featured_media":36567,"comment_status":"open","ping_status":"open","sticky":false,"template":"","format":"standard","meta":{"jnews-multi-image_gallery":[],"jnews_single_post":{"format":"standard","jnews_video_option_group":[[]],"override":[{"template":"2","parallax":"1","fullscreen":"1","layout":"right-sidebar","sidebar":"default-sidebar","second_sidebar":"default-sidebar","sticky_sidebar":"1","share_position":"hide","share_float_style":"share-monocrhome","show_featured":"1","show_post_meta":"1","show_post_author":"1","show_post_date":"1","post_date_format":"default","post_date_format_custom":"Y\/m\/d","show_post_category":"1","show_post_reading_time":"0","post_reading_time_wpm":"300","post_calculate_word_method":"str_word_count","show_zoom_button":"0","zoom_button_out_step":"2","zoom_button_in_step":"3","show_post_tag":"1","show_popup_post":"1","number_popup_post":"1","show_author_box":"1","show_post_related":"0"}],"image_override":[{"single_post_thumbnail_size":"crop-500","single_post_gallery_size":"crop-500"}],"trending_post_position":"meta","trending_post_label":"Trending","sponsored_post_label":"Sponsored by","disable_ad":"0","subtitle":"As medidas tem o objetivo de aumentar a seguran\u00e7a no tr\u00e2nsito"},"jnews_primary_category":[],"jnews_override_counter":{"view_counter_number":"0","share_counter_number":"0","like_counter_number":"0","dislike_counter_number":"0"},"jnews_post_split":{"post_split":[{"template":"1","tag":"h2","numbering":"asc","mode":"normal","first":"0","enable_toc":"0","toc_type":"normal"}]},"footnotes":""},"categories":[1],"tags":[7021,7020,644,2196,270,6816,493],"class_list":["post-36564","post","type-post","status-publish","format-standard","has-post-thumbnail","hentry","category-geral","tag-bicicleta-eletrica","tag-eduardo-cavaliere","tag-rio-de-janeiro","tag-rj","tag-seguranca","tag-seguranca-no-transito","tag-transito"],"yoast_head":"<!-- This site is optimized with the Yoast SEO plugin v25.0 - https:\/\/yoast.com\/wordpress\/plugins\/seo\/ -->\n<title>Governo imp\u00f5e nova restri\u00e7\u00e3o e andar de bicicleta n\u00e3o ser\u00e1 mais permitido em certos pontos<\/title>\n<meta name=\"robots\" content=\"index, follow, max-snippet:-1, max-image-preview:large, max-video-preview:-1\" \/>\n<link rel=\"canonical\" href=\"https:\/\/crusoe.audiencelabs.com.br\/governo-impoe-nova-restricao-e-andar-de-bicicleta-nao-sera-mais-permitido-em-certos-pontos\/\" \/>\n<meta property=\"og:locale\" content=\"pt_BR\" \/>\n<meta property=\"og:type\" content=\"article\" \/>\n<meta property=\"og:title\" content=\"Governo imp\u00f5e nova restri\u00e7\u00e3o e andar de bicicleta n\u00e3o ser\u00e1 mais permitido em certos pontos\" \/>\n<meta property=\"og:description\" content=\"Pessoas que utilizam bicicletas el\u00e9tricas e ciclomotores ter\u00e3o uma nova restri\u00e7\u00e3o na capital do Rio de Janeiro. A partir desta semana, a prefeitura proibiu a circula\u00e7\u00e3o desses ve\u00edculos em alguns pontos da cidade, incluindo vias cuja velocidade m\u00e1xima permitida \u00e9 de 60 km\/h e limite das bicicletas \u00e0s ciclovias. A medida veio no Di\u00e1rio Oficial [&hellip;]\" \/>\n<meta property=\"og:url\" content=\"https:\/\/crusoe.audiencelabs.com.br\/governo-impoe-nova-restricao-e-andar-de-bicicleta-nao-sera-mais-permitido-em-certos-pontos\/\" \/>\n<meta property=\"og:site_name\" content=\"Variedades - Cruso\u00e9\" \/>\n<meta property=\"article:published_time\" content=\"2026-04-07T21:33:23+00:00\" \/>\n<meta property=\"og:image\" content=\"https:\/\/cdn.crusoe.com.br\/uploads\/2026\/04\/kbo-bike-aUb6Fi45k70-unsplash.jpg\" \/>\n\t<meta property=\"og:image:width\" content=\"640\" \/>\n\t<meta property=\"og:image:height\" content=\"427\" \/>\n\t<meta property=\"og:image:type\" content=\"image\/jpeg\" \/>\n<meta name=\"author\" content=\"J\u00falio Nesi\" \/>\n<meta name=\"twitter:card\" content=\"summary_large_image\" \/>\n<meta name=\"twitter:label1\" content=\"Escrito por\" \/>\n\t<meta name=\"twitter:data1\" content=\"J\u00falio Nesi\" \/>\n\t<meta name=\"twitter:label2\" content=\"Est. tempo de leitura\" \/>\n\t<meta name=\"twitter:data2\" content=\"3 minutos\" \/>\n<script type=\"application\/ld+json\" class=\"yoast-schema-graph\">{\"@context\":\"https:\/\/schema.org\",\"@graph\":[{\"@type\":\"WebPage\",\"@id\":\"https:\/\/crusoe.audiencelabs.com.br\/governo-impoe-nova-restricao-e-andar-de-bicicleta-nao-sera-mais-permitido-em-certos-pontos\/\",\"url\":\"https:\/\/crusoe.audiencelabs.com.br\/governo-impoe-nova-restricao-e-andar-de-bicicleta-nao-sera-mais-permitido-em-certos-pontos\/\",\"name\":\"Governo imp\u00f5e nova restri\u00e7\u00e3o e andar de bicicleta n\u00e3o ser\u00e1 mais permitido em certos pontos\",\"isPartOf\":{\"@id\":\"https:\/\/crusoe.audiencelabs.com.br\/#website\"},\"primaryImageOfPage\":{\"@id\":\"https:\/\/crusoe.audiencelabs.com.br\/governo-impoe-nova-restricao-e-andar-de-bicicleta-nao-sera-mais-permitido-em-certos-pontos\/#primaryimage\"},\"image\":{\"@id\":\"https:\/\/crusoe.audiencelabs.com.br\/governo-impoe-nova-restricao-e-andar-de-bicicleta-nao-sera-mais-permitido-em-certos-pontos\/#primaryimage\"},\"thumbnailUrl\":\"https:\/\/cdn.crusoe.com.br\/uploads\/2026\/04\/kbo-bike-aUb6Fi45k70-unsplash.jpg\",\"datePublished\":\"2026-04-07T21:33:23+00:00\",\"author\":{\"@id\":\"https:\/\/crusoe.audiencelabs.com.br\/#\/schema\/person\/0cca5874eda7d72cef71e77a9a9c2143\"},\"breadcrumb\":{\"@id\":\"https:\/\/crusoe.audiencelabs.com.br\/governo-impoe-nova-restricao-e-andar-de-bicicleta-nao-sera-mais-permitido-em-certos-pontos\/#breadcrumb\"},\"inLanguage\":\"pt-BR\",\"potentialAction\":[{\"@type\":\"ReadAction\",\"target\":[\"https:\/\/crusoe.audiencelabs.com.br\/governo-impoe-nova-restricao-e-andar-de-bicicleta-nao-sera-mais-permitido-em-certos-pontos\/\"]}]},{\"@type\":\"ImageObject\",\"inLanguage\":\"pt-BR\",\"@id\":\"https:\/\/crusoe.audiencelabs.com.br\/governo-impoe-nova-restricao-e-andar-de-bicicleta-nao-sera-mais-permitido-em-certos-pontos\/#primaryimage\",\"url\":\"https:\/\/cdn.crusoe.com.br\/uploads\/2026\/04\/kbo-bike-aUb6Fi45k70-unsplash.jpg\",\"contentUrl\":\"https:\/\/cdn.crusoe.com.br\/uploads\/2026\/04\/kbo-bike-aUb6Fi45k70-unsplash.jpg\",\"width\":640,\"height\":427,\"caption\":\"Reprodu\u00e7\u00e3o: Unplash \/ KBO Bike\"},{\"@type\":\"BreadcrumbList\",\"@id\":\"https:\/\/crusoe.audiencelabs.com.br\/governo-impoe-nova-restricao-e-andar-de-bicicleta-nao-sera-mais-permitido-em-certos-pontos\/#breadcrumb\",\"itemListElement\":[{\"@type\":\"ListItem\",\"position\":1,\"name\":\"Home\",\"item\":\"https:\/\/crusoe.audiencelabs.com.br\/\"},{\"@type\":\"ListItem\",\"position\":2,\"name\":\"Governo imp\u00f5e nova restri\u00e7\u00e3o e andar de bicicleta n\u00e3o ser\u00e1 mais permitido em certos pontos\"}]},{\"@type\":\"WebSite\",\"@id\":\"https:\/\/crusoe.audiencelabs.com.br\/#website\",\"url\":\"https:\/\/crusoe.audiencelabs.com.br\/\",\"name\":\"Variedades - Cruso\u00e9\",\"description\":\"\",\"potentialAction\":[{\"@type\":\"SearchAction\",\"target\":{\"@type\":\"EntryPoint\",\"urlTemplate\":\"https:\/\/crusoe.audiencelabs.com.br\/?s={search_term_string}\"},\"query-input\":{\"@type\":\"PropertyValueSpecification\",\"valueRequired\":true,\"valueName\":\"search_term_string\"}}],\"inLanguage\":\"pt-BR\"},{\"@type\":\"Person\",\"@id\":\"https:\/\/crusoe.audiencelabs.com.br\/#\/schema\/person\/0cca5874eda7d72cef71e77a9a9c2143\",\"name\":\"J\u00falio Nesi\",\"image\":{\"@type\":\"ImageObject\",\"inLanguage\":\"pt-BR\",\"@id\":\"https:\/\/crusoe.audiencelabs.com.br\/#\/schema\/person\/image\/\",\"url\":\"https:\/\/secure.gravatar.com\/avatar\/c22eb47c3e2320e71637346b980e09f63de9f75742d3335f94a26b83dff70473?s=96&d=mm&r=g\",\"contentUrl\":\"https:\/\/secure.gravatar.com\/avatar\/c22eb47c3e2320e71637346b980e09f63de9f75742d3335f94a26b83dff70473?s=96&d=mm&r=g\",\"caption\":\"J\u00falio Nesi\"},\"description\":\"Jornalista alagoano formado pela UFAL, j\u00e1 atuei em produ\u00e7\u00e3o de conte\u00fado digital para portais, r\u00e1dio e redes sociais.\",\"sameAs\":[\"www.linkedin.com\/in\/j\u00falio-nesi\"],\"url\":\"https:\/\/crusoe.audiencelabs.com.br\/author\/julionesi\/\"}]}<\/script>\n<!-- \/ Yoast SEO plugin. -->","yoast_head_json":{"title":"Governo imp\u00f5e nova restri\u00e7\u00e3o e andar de bicicleta n\u00e3o ser\u00e1 mais permitido em certos pontos","robots":{"index":"index","follow":"follow","max-snippet":"max-snippet:-1","max-image-preview":"max-image-preview:large","max-video-preview":"max-video-preview:-1"},"canonical":"https:\/\/crusoe.audiencelabs.com.br\/governo-impoe-nova-restricao-e-andar-de-bicicleta-nao-sera-mais-permitido-em-certos-pontos\/","og_locale":"pt_BR","og_type":"article","og_title":"Governo imp\u00f5e nova restri\u00e7\u00e3o e andar de bicicleta n\u00e3o ser\u00e1 mais permitido em certos pontos","og_description":"Pessoas que utilizam bicicletas el\u00e9tricas e ciclomotores ter\u00e3o uma nova restri\u00e7\u00e3o na capital do Rio de Janeiro. A partir desta semana, a prefeitura proibiu a circula\u00e7\u00e3o desses ve\u00edculos em alguns pontos da cidade, incluindo vias cuja velocidade m\u00e1xima permitida \u00e9 de 60 km\/h e limite das bicicletas \u00e0s ciclovias. A medida veio no Di\u00e1rio Oficial [&hellip;]","og_url":"https:\/\/crusoe.audiencelabs.com.br\/governo-impoe-nova-restricao-e-andar-de-bicicleta-nao-sera-mais-permitido-em-certos-pontos\/","og_site_name":"Variedades - Cruso\u00e9","article_published_time":"2026-04-07T21:33:23+00:00","og_image":[{"width":640,"height":427,"url":"https:\/\/cdn.crusoe.com.br\/uploads\/2026\/04\/kbo-bike-aUb6Fi45k70-unsplash.jpg","type":"image\/jpeg"}],"author":"J\u00falio Nesi","twitter_card":"summary_large_image","twitter_misc":{"Escrito por":"J\u00falio Nesi","Est. tempo de leitura":"3 minutos"},"schema":{"@context":"https:\/\/schema.org","@graph":[{"@type":"WebPage","@id":"https:\/\/crusoe.audiencelabs.com.br\/governo-impoe-nova-restricao-e-andar-de-bicicleta-nao-sera-mais-permitido-em-certos-pontos\/","url":"https:\/\/crusoe.audiencelabs.com.br\/governo-impoe-nova-restricao-e-andar-de-bicicleta-nao-sera-mais-permitido-em-certos-pontos\/","name":"Governo imp\u00f5e nova restri\u00e7\u00e3o e andar de bicicleta n\u00e3o ser\u00e1 mais permitido em certos pontos","isPartOf":{"@id":"https:\/\/crusoe.audiencelabs.com.br\/#website"},"primaryImageOfPage":{"@id":"https:\/\/crusoe.audiencelabs.com.br\/governo-impoe-nova-restricao-e-andar-de-bicicleta-nao-sera-mais-permitido-em-certos-pontos\/#primaryimage"},"image":{"@id":"https:\/\/crusoe.audiencelabs.com.br\/governo-impoe-nova-restricao-e-andar-de-bicicleta-nao-sera-mais-permitido-em-certos-pontos\/#primaryimage"},"thumbnailUrl":"https:\/\/cdn.crusoe.com.br\/uploads\/2026\/04\/kbo-bike-aUb6Fi45k70-unsplash.jpg","datePublished":"2026-04-07T21:33:23+00:00","author":{"@id":"https:\/\/crusoe.audiencelabs.com.br\/#\/schema\/person\/0cca5874eda7d72cef71e77a9a9c2143"},"breadcrumb":{"@id":"https:\/\/crusoe.audiencelabs.com.br\/governo-impoe-nova-restricao-e-andar-de-bicicleta-nao-sera-mais-permitido-em-certos-pontos\/#breadcrumb"},"inLanguage":"pt-BR","potentialAction":[{"@type":"ReadAction","target":["https:\/\/crusoe.audiencelabs.com.br\/governo-impoe-nova-restricao-e-andar-de-bicicleta-nao-sera-mais-permitido-em-certos-pontos\/"]}]},{"@type":"ImageObject","inLanguage":"pt-BR","@id":"https:\/\/crusoe.audiencelabs.com.br\/governo-impoe-nova-restricao-e-andar-de-bicicleta-nao-sera-mais-permitido-em-certos-pontos\/#primaryimage","url":"https:\/\/cdn.crusoe.com.br\/uploads\/2026\/04\/kbo-bike-aUb6Fi45k70-unsplash.jpg","contentUrl":"https:\/\/cdn.crusoe.com.br\/uploads\/2026\/04\/kbo-bike-aUb6Fi45k70-unsplash.jpg","width":640,"height":427,"caption":"Reprodu\u00e7\u00e3o: Unplash \/ KBO Bike"},{"@type":"BreadcrumbList","@id":"https:\/\/crusoe.audiencelabs.com.br\/governo-impoe-nova-restricao-e-andar-de-bicicleta-nao-sera-mais-permitido-em-certos-pontos\/#breadcrumb","itemListElement":[{"@type":"ListItem","position":1,"name":"Home","item":"https:\/\/crusoe.audiencelabs.com.br\/"},{"@type":"ListItem","position":2,"name":"Governo imp\u00f5e nova restri\u00e7\u00e3o e andar de bicicleta n\u00e3o ser\u00e1 mais permitido em certos pontos"}]},{"@type":"WebSite","@id":"https:\/\/crusoe.audiencelabs.com.br\/#website","url":"https:\/\/crusoe.audiencelabs.com.br\/","name":"Variedades - Cruso\u00e9","description":"","potentialAction":[{"@type":"SearchAction","target":{"@type":"EntryPoint","urlTemplate":"https:\/\/crusoe.audiencelabs.com.br\/?s={search_term_string}"},"query-input":{"@type":"PropertyValueSpecification","valueRequired":true,"valueName":"search_term_string"}}],"inLanguage":"pt-BR"},{"@type":"Person","@id":"https:\/\/crusoe.audiencelabs.com.br\/#\/schema\/person\/0cca5874eda7d72cef71e77a9a9c2143","name":"J\u00falio Nesi","image":{"@type":"ImageObject","inLanguage":"pt-BR","@id":"https:\/\/crusoe.audiencelabs.com.br\/#\/schema\/person\/image\/","url":"https:\/\/secure.gravatar.com\/avatar\/c22eb47c3e2320e71637346b980e09f63de9f75742d3335f94a26b83dff70473?s=96&d=mm&r=g","contentUrl":"https:\/\/secure.gravatar.com\/avatar\/c22eb47c3e2320e71637346b980e09f63de9f75742d3335f94a26b83dff70473?s=96&d=mm&r=g","caption":"J\u00falio Nesi"},"description":"Jornalista alagoano formado pela UFAL, j\u00e1 atuei em produ\u00e7\u00e3o de conte\u00fado digital para portais, r\u00e1dio e redes sociais.","sameAs":["www.linkedin.com\/in\/j\u00falio-nesi"],"url":"https:\/\/crusoe.audiencelabs.com.br\/author\/julionesi\/"}]}},"_links":{"self":[{"href":"https:\/\/crusoe.audiencelabs.com.br\/wp-json\/wp\/v2\/posts\/36564","targetHints":{"allow":["GET"]}}],"collection":[{"href":"https:\/\/crusoe.audiencelabs.com.br\/wp-json\/wp\/v2\/posts"}],"about":[{"href":"https:\/\/crusoe.audiencelabs.com.br\/wp-json\/wp\/v2\/types\/post"}],"author":[{"embeddable":true,"href":"https:\/\/crusoe.audiencelabs.com.br\/wp-json\/wp\/v2\/users\/15"}],"replies":[{"embeddable":true,"href":"https:\/\/crusoe.audiencelabs.com.br\/wp-json\/wp\/v2\/comments?post=36564"}],"version-history":[{"count":1,"href":"https:\/\/crusoe.audiencelabs.com.br\/wp-json\/wp\/v2\/posts\/36564\/revisions"}],"predecessor-version":[{"id":36571,"href":"https:\/\/crusoe.audiencelabs.com.br\/wp-json\/wp\/v2\/posts\/36564\/revisions\/36571"}],"wp:featuredmedia":[{"embeddable":true,"href":"https:\/\/crusoe.audiencelabs.com.br\/wp-json\/wp\/v2\/media\/36567"}],"wp:attachment":[{"href":"https:\/\/crusoe.audiencelabs.com.br\/wp-json\/wp\/v2\/media?parent=36564"}],"wp:term":[{"taxonomy":"category","embeddable":true,"href":"https:\/\/crusoe.audiencelabs.com.br\/wp-json\/wp\/v2\/categories?post=36564"},{"taxonomy":"post_tag","embeddable":true,"href":"https:\/\/crusoe.audiencelabs.com.br\/wp-json\/wp\/v2\/tags?post=36564"}],"curies":[{"name":"wp","href":"https:\/\/api.w.org\/{rel}","templated":true}]}}