{"id":36562,"date":"2026-04-07T21:32:54","date_gmt":"2026-04-08T00:32:54","guid":{"rendered":"https:\/\/crusoe.audiencelabs.com.br\/?p=36562"},"modified":"2026-04-07T11:10:15","modified_gmt":"2026-04-07T14:10:15","slug":"antes-de-esquecer-pessoas-quem-tem-alzheimer-costuma-perder-isso-primeiro","status":"publish","type":"post","link":"https:\/\/crusoe.audiencelabs.com.br\/antes-de-esquecer-pessoas-quem-tem-alzheimer-costuma-perder-isso-primeiro\/","title":{"rendered":"Antes de esquecer pessoas, quem tem Alzheimer costuma perder isso primeiro"},"content":{"rendered":"<p><span style=\"font-weight: 400\">Antes de surgir a dificuldade para reconhecer pessoas, o sintoma mais comum no in\u00edcio do Alzheimer costuma ser a <\/span><b>perda de mem\u00f3ria recente<\/b><span style=\"font-weight: 400\">. Segundo o <\/span><b>Minist\u00e9rio da Sa\u00fade do Brasil<\/b><span style=\"font-weight: 400\">, esse \u00e9 o primeiro sinal e tamb\u00e9m o mais caracter\u00edstico da doen\u00e7a. A pasta informa que, nas fases iniciais, o paciente passa a esquecer acontecimentos recentes, repetir a mesma pergunta v\u00e1rias vezes e ter dificuldade para acompanhar conversas ou pensamentos mais complexos.<\/span><\/p>\n<p><span style=\"font-weight: 400\">Na pr\u00e1tica, isso significa que o quadro costuma come\u00e7ar com falhas em situa\u00e7\u00f5es corriqueiras, como esquecer um compromisso marcado, perder objetos com frequ\u00eancia, repetir hist\u00f3rias ou n\u00e3o lembrar de algo que acabou de ser dito. Em orienta\u00e7\u00e3o publicada pela rede de hospitais universit\u00e1rios federais, a geriatria afirma que os esquecimentos iniciais aparecem em fatos do dia a dia, incluindo confus\u00e3o com datas de compromissos e at\u00e9 com a organiza\u00e7\u00e3o financeira dom\u00e9stica, como pagamento de contas.<\/span><\/p>\n<p><span style=\"font-weight: 400\">O reconhecimento de pessoas costuma ser comprometido em fases mais avan\u00e7adas, ainda o Minist\u00e9rio da Sa\u00fade explica que, com a progress\u00e3o do Alzheimer, passam a surgir sintomas mais graves, como perda de mem\u00f3ria remota, falhas na linguagem e preju\u00edzo na capacidade de se orientar no espa\u00e7o e no tempo, ou seja: antes de esquecer rostos e v\u00ednculos importantes, a pessoa geralmente come\u00e7a esquecendo aquilo que aconteceu h\u00e1 pouco.<\/span><\/p>\n<h3><b>O que costuma aparecer primeiro<\/b><\/h3>\n<p><span style=\"font-weight: 400\">Segundo a <\/span><a href=\"http:\/\/www.abraz.com.br\/\"><span style=\"font-weight: 400\">Associa\u00e7\u00e3o Brasileira de Alzheimer<\/span><\/a><span style=\"font-weight: 400\"> os sinais iniciais mais comuns incluem falta de mem\u00f3ria para acontecimentos recentes, repeti\u00e7\u00e3o da mesma pergunta v\u00e1rias vezes, dificuldade para acompanhar conversas complexas, incapacidade de elaborar estrat\u00e9gias para resolver problemas e dificuldade para encontrar palavras que expressem ideias ou sentimentos.<\/span><\/p>\n<p><span style=\"font-weight: 400\">A <\/span><b>ABRAz<\/b><span style=\"font-weight: 400\"> descreve a fase leve de forma semelhante. A entidade informa que, no come\u00e7o da doen\u00e7a, podem surgir perda de mem\u00f3ria recente, dificuldade para encontrar palavras, desorienta\u00e7\u00e3o no tempo e no espa\u00e7o, dificuldade para tomar decis\u00f5es, perda de iniciativa e diminui\u00e7\u00e3o do interesse por atividades e passatempos.<\/span><\/p>\n<p><span style=\"font-weight: 400\">Isso ajuda a explicar por que muitas fam\u00edlias demoram a perceber o problema como algo neurol\u00f3gico. No in\u00edcio, o quadro pode parecer apenas distra\u00e7\u00e3o, envelhecimento normal ou esquecimento pontual. O Minist\u00e9rio da Sa\u00fade, por\u00e9m, trata a <\/span><a href=\"https:\/\/bvsms.saude.gov.br\/doenca-de-alzheimer-3\/\"><b>perda de mem\u00f3ria recente<\/b><span style=\"font-weight: 400\"> como o principal sinal de alerta para investiga\u00e7\u00e3o.<\/span><\/a><\/p>\n<h3><b>Esquecer pessoas n\u00e3o costuma ser o primeiro passo<\/b><\/h3>\n<p><span style=\"font-weight: 400\">A dificuldade para reconhecer pessoas conhecidas pode acontecer no Alzheimer, mas geralmente n\u00e3o \u00e9 o primeiro sintoma. O diagn\u00f3stico \u00e9 descrito a partir de relatos como repeti\u00e7\u00e3o de perguntas, altera\u00e7\u00e3o de mem\u00f3ria e dificuldade em reconhecer locais e pessoas, para o EBSERH, esse tipo de confus\u00e3o aparece dentro de um quadro j\u00e1 mais ampliado de preju\u00edzo cognitivo.<\/span><\/p>\n<p><span style=\"font-weight: 400\">O <\/span><a href=\"https:\/\/www.gov.br\/conitec\/pt-br\/midias\/protocolos\/portaria-conjunta-13-pcdt-alzheimer-atualizada-em-20-05-2020.pdf\"><b>Protocolo Cl\u00ednico e Diretrizes Terap\u00eauticas da Doen\u00e7a de Alzheimer<\/b><\/a><span style=\"font-weight: 400\">, adotado no SUS, tamb\u00e9m descreve que, na progress\u00e3o da dem\u00eancia, a perda de mem\u00f3ria se torna mais acentuada para fatos recentes, e o d\u00e9ficit come\u00e7a a interferir no cotidiano de forma mais evidente.<\/span><\/p>\n<p><img loading=\"lazy\" decoding=\"async\" class=\" wp-image-36566 aligncenter\" src=\"https:\/\/cdn.crusoe.com.br\/uploads\/2026\/04\/imagem-115x300.png\" alt=\"\" width=\"168\" height=\"438\" srcset=\"https:\/\/cdn.crusoe.com.br\/uploads\/2026\/04\/imagem-115x300.png 115w, https:\/\/cdn.crusoe.com.br\/uploads\/2026\/04\/imagem-392x1024.png 392w, https:\/\/cdn.crusoe.com.br\/uploads\/2026\/04\/imagem.png 420w\" sizes=\"auto, (max-width: 168px) 100vw, 168px\" \/><\/p>\n<h3><b>Quando procurar avalia\u00e7\u00e3o?<\/b><\/h3>\n<p><span style=\"font-weight: 400\">A investiga\u00e7\u00e3o deve considerar qual foi a primeira altera\u00e7\u00e3o notada e qual a sequ\u00eancia das perdas cognitivas. Isso inclui mem\u00f3ria recente, planejamento, organiza\u00e7\u00e3o, linguagem, autocuidado e altera\u00e7\u00f5es de personalidade. Vale buscar avalia\u00e7\u00e3o m\u00e9dica quando os esquecimentos deixam de ser espor\u00e1dicos e passam a atrapalhar a rotina, principalmente se vier acompanhados de repeti\u00e7\u00e3o frequente, desorienta\u00e7\u00e3o, dificuldade para resolver tarefas simples ou mudan\u00e7a importante de comportamento. Quanto mais cedo o diagn\u00f3stico, maior a chance de organizar o tratamento e retardar a progress\u00e3o dos sintomas.\u00a0<\/span><\/p>\n<p>&nbsp;<\/p>\n","protected":false},"excerpt":{"rendered":"<p>Antes de surgir a dificuldade para reconhecer pessoas, o sintoma mais comum no in\u00edcio do Alzheimer costuma ser a perda de mem\u00f3ria recente. Segundo o Minist\u00e9rio da Sa\u00fade do Brasil, esse \u00e9 o primeiro sinal e tamb\u00e9m o mais caracter\u00edstico da doen\u00e7a. A pasta informa que, nas fases iniciais, o paciente passa a esquecer acontecimentos [&hellip;]<\/p>\n","protected":false},"author":17,"featured_media":36565,"comment_status":"open","ping_status":"open","sticky":false,"template":"","format":"standard","meta":{"jnews-multi-image_gallery":[],"jnews_single_post":{"format":"standard","jnews_video_option_group":[[]],"override":[{"template":"2","parallax":"1","fullscreen":"1","layout":"right-sidebar","sidebar":"default-sidebar","second_sidebar":"default-sidebar","sticky_sidebar":"1","share_position":"hide","share_float_style":"share-monocrhome","show_featured":"1","show_post_meta":"1","show_post_author":"1","show_post_date":"1","post_date_format":"default","post_date_format_custom":"Y\/m\/d","show_post_category":"1","show_post_reading_time":"0","post_reading_time_wpm":"300","post_calculate_word_method":"str_word_count","show_zoom_button":"0","zoom_button_out_step":"2","zoom_button_in_step":"3","show_post_tag":"1","show_popup_post":"1","number_popup_post":"1","show_author_box":"1","show_post_related":"0"}],"image_override":[{"single_post_thumbnail_size":"crop-500","single_post_gallery_size":"crop-500"}],"trending_post_position":"meta","trending_post_label":"Trending","sponsored_post_label":"Sponsored by","disable_ad":"0","subtitle":"Minist\u00e9rio da Sa\u00fade e especialistas apontam que o sinal mais caracter\u00edstico no in\u00edcio da doen\u00e7a \u00e9 a perda de mem\u00f3ria recente, com repeti\u00e7\u00e3o de perguntas e esquecimento de fatos do dia a dia"},"jnews_primary_category":[],"jnews_override_counter":{"view_counter_number":"0","share_counter_number":"0","like_counter_number":"0","dislike_counter_number":"0"},"jnews_post_split":{"post_split":[{"template":"1","tag":"h2","numbering":"asc","mode":"normal","first":"0","enable_toc":"0","toc_type":"normal"}]},"footnotes":""},"categories":[1],"tags":[],"class_list":["post-36562","post","type-post","status-publish","format-standard","has-post-thumbnail","hentry","category-geral"],"yoast_head":"<!-- This site is optimized with the Yoast SEO plugin v25.0 - https:\/\/yoast.com\/wordpress\/plugins\/seo\/ -->\n<title>Antes de esquecer pessoas, quem tem Alzheimer costuma perder isso primeiro<\/title>\n<meta name=\"robots\" content=\"index, follow, max-snippet:-1, max-image-preview:large, max-video-preview:-1\" \/>\n<link rel=\"canonical\" href=\"https:\/\/crusoe.audiencelabs.com.br\/antes-de-esquecer-pessoas-quem-tem-alzheimer-costuma-perder-isso-primeiro\/\" \/>\n<meta property=\"og:locale\" content=\"pt_BR\" \/>\n<meta property=\"og:type\" content=\"article\" \/>\n<meta property=\"og:title\" content=\"Antes de esquecer pessoas, quem tem Alzheimer costuma perder isso primeiro\" \/>\n<meta property=\"og:description\" content=\"Antes de surgir a dificuldade para reconhecer pessoas, o sintoma mais comum no in\u00edcio do Alzheimer costuma ser a perda de mem\u00f3ria recente. Segundo o Minist\u00e9rio da Sa\u00fade do Brasil, esse \u00e9 o primeiro sinal e tamb\u00e9m o mais caracter\u00edstico da doen\u00e7a. A pasta informa que, nas fases iniciais, o paciente passa a esquecer acontecimentos [&hellip;]\" \/>\n<meta property=\"og:url\" content=\"https:\/\/crusoe.audiencelabs.com.br\/antes-de-esquecer-pessoas-quem-tem-alzheimer-costuma-perder-isso-primeiro\/\" \/>\n<meta property=\"og:site_name\" content=\"Variedades - Cruso\u00e9\" \/>\n<meta property=\"article:published_time\" content=\"2026-04-08T00:32:54+00:00\" \/>\n<meta property=\"og:image\" content=\"https:\/\/cdn.crusoe.com.br\/uploads\/2026\/04\/imagem.jpg\" \/>\n\t<meta property=\"og:image:width\" content=\"860\" \/>\n\t<meta property=\"og:image:height\" content=\"570\" \/>\n\t<meta property=\"og:image:type\" content=\"image\/jpeg\" \/>\n<meta name=\"author\" content=\"Sofia Volpi\" \/>\n<meta name=\"twitter:card\" content=\"summary_large_image\" \/>\n<meta name=\"twitter:label1\" content=\"Escrito por\" \/>\n\t<meta name=\"twitter:data1\" content=\"Sofia Volpi\" \/>\n\t<meta name=\"twitter:label2\" content=\"Est. tempo de leitura\" \/>\n\t<meta name=\"twitter:data2\" content=\"4 minutos\" \/>\n<script type=\"application\/ld+json\" class=\"yoast-schema-graph\">{\"@context\":\"https:\/\/schema.org\",\"@graph\":[{\"@type\":\"WebPage\",\"@id\":\"https:\/\/crusoe.audiencelabs.com.br\/antes-de-esquecer-pessoas-quem-tem-alzheimer-costuma-perder-isso-primeiro\/\",\"url\":\"https:\/\/crusoe.audiencelabs.com.br\/antes-de-esquecer-pessoas-quem-tem-alzheimer-costuma-perder-isso-primeiro\/\",\"name\":\"Antes de esquecer pessoas, quem tem Alzheimer costuma perder isso primeiro\",\"isPartOf\":{\"@id\":\"https:\/\/crusoe.audiencelabs.com.br\/#website\"},\"primaryImageOfPage\":{\"@id\":\"https:\/\/crusoe.audiencelabs.com.br\/antes-de-esquecer-pessoas-quem-tem-alzheimer-costuma-perder-isso-primeiro\/#primaryimage\"},\"image\":{\"@id\":\"https:\/\/crusoe.audiencelabs.com.br\/antes-de-esquecer-pessoas-quem-tem-alzheimer-costuma-perder-isso-primeiro\/#primaryimage\"},\"thumbnailUrl\":\"https:\/\/cdn.crusoe.com.br\/uploads\/2026\/04\/imagem.jpg\",\"datePublished\":\"2026-04-08T00:32:54+00:00\",\"author\":{\"@id\":\"https:\/\/crusoe.audiencelabs.com.br\/#\/schema\/person\/9d0fb7a15db57f24b87bef41d034cb04\"},\"breadcrumb\":{\"@id\":\"https:\/\/crusoe.audiencelabs.com.br\/antes-de-esquecer-pessoas-quem-tem-alzheimer-costuma-perder-isso-primeiro\/#breadcrumb\"},\"inLanguage\":\"pt-BR\",\"potentialAction\":[{\"@type\":\"ReadAction\",\"target\":[\"https:\/\/crusoe.audiencelabs.com.br\/antes-de-esquecer-pessoas-quem-tem-alzheimer-costuma-perder-isso-primeiro\/\"]}]},{\"@type\":\"ImageObject\",\"inLanguage\":\"pt-BR\",\"@id\":\"https:\/\/crusoe.audiencelabs.com.br\/antes-de-esquecer-pessoas-quem-tem-alzheimer-costuma-perder-isso-primeiro\/#primaryimage\",\"url\":\"https:\/\/cdn.crusoe.com.br\/uploads\/2026\/04\/imagem.jpg\",\"contentUrl\":\"https:\/\/cdn.crusoe.com.br\/uploads\/2026\/04\/imagem.jpg\",\"width\":860,\"height\":570,\"caption\":\"o Sistema \u00danico de Sa\u00fade (SUS) deve fornecer meios para ajudar as fam\u00edlias a cuidar do paciente dentro de sua pr\u00f3pria casa. Foto: Divino Adv\u00edncula\/Pref. Belo Horizonte Fonte: Ag\u00eancia Senado\"},{\"@type\":\"BreadcrumbList\",\"@id\":\"https:\/\/crusoe.audiencelabs.com.br\/antes-de-esquecer-pessoas-quem-tem-alzheimer-costuma-perder-isso-primeiro\/#breadcrumb\",\"itemListElement\":[{\"@type\":\"ListItem\",\"position\":1,\"name\":\"Home\",\"item\":\"https:\/\/crusoe.audiencelabs.com.br\/\"},{\"@type\":\"ListItem\",\"position\":2,\"name\":\"Antes de esquecer pessoas, quem tem Alzheimer costuma perder isso primeiro\"}]},{\"@type\":\"WebSite\",\"@id\":\"https:\/\/crusoe.audiencelabs.com.br\/#website\",\"url\":\"https:\/\/crusoe.audiencelabs.com.br\/\",\"name\":\"Variedades - Cruso\u00e9\",\"description\":\"\",\"potentialAction\":[{\"@type\":\"SearchAction\",\"target\":{\"@type\":\"EntryPoint\",\"urlTemplate\":\"https:\/\/crusoe.audiencelabs.com.br\/?s={search_term_string}\"},\"query-input\":{\"@type\":\"PropertyValueSpecification\",\"valueRequired\":true,\"valueName\":\"search_term_string\"}}],\"inLanguage\":\"pt-BR\"},{\"@type\":\"Person\",\"@id\":\"https:\/\/crusoe.audiencelabs.com.br\/#\/schema\/person\/9d0fb7a15db57f24b87bef41d034cb04\",\"name\":\"Sofia Volpi\",\"image\":{\"@type\":\"ImageObject\",\"inLanguage\":\"pt-BR\",\"@id\":\"https:\/\/crusoe.audiencelabs.com.br\/#\/schema\/person\/image\/\",\"url\":\"https:\/\/secure.gravatar.com\/avatar\/a34b676379e5491536434fe5f7a9c49c2efbf9be83b707fa9e74568d45d559f8?s=96&d=mm&r=g\",\"contentUrl\":\"https:\/\/secure.gravatar.com\/avatar\/a34b676379e5491536434fe5f7a9c49c2efbf9be83b707fa9e74568d45d559f8?s=96&d=mm&r=g\",\"caption\":\"Sofia Volpi\"},\"description\":\"Comunicadora, jornalista em forma\u00e7\u00e3o. Apaixonada por esportes e cultura, colunista.\",\"url\":\"https:\/\/crusoe.audiencelabs.com.br\/author\/sofiavolpi\/\"}]}<\/script>\n<!-- \/ Yoast SEO plugin. -->","yoast_head_json":{"title":"Antes de esquecer pessoas, quem tem Alzheimer costuma perder isso primeiro","robots":{"index":"index","follow":"follow","max-snippet":"max-snippet:-1","max-image-preview":"max-image-preview:large","max-video-preview":"max-video-preview:-1"},"canonical":"https:\/\/crusoe.audiencelabs.com.br\/antes-de-esquecer-pessoas-quem-tem-alzheimer-costuma-perder-isso-primeiro\/","og_locale":"pt_BR","og_type":"article","og_title":"Antes de esquecer pessoas, quem tem Alzheimer costuma perder isso primeiro","og_description":"Antes de surgir a dificuldade para reconhecer pessoas, o sintoma mais comum no in\u00edcio do Alzheimer costuma ser a perda de mem\u00f3ria recente. Segundo o Minist\u00e9rio da Sa\u00fade do Brasil, esse \u00e9 o primeiro sinal e tamb\u00e9m o mais caracter\u00edstico da doen\u00e7a. A pasta informa que, nas fases iniciais, o paciente passa a esquecer acontecimentos [&hellip;]","og_url":"https:\/\/crusoe.audiencelabs.com.br\/antes-de-esquecer-pessoas-quem-tem-alzheimer-costuma-perder-isso-primeiro\/","og_site_name":"Variedades - Cruso\u00e9","article_published_time":"2026-04-08T00:32:54+00:00","og_image":[{"width":860,"height":570,"url":"https:\/\/cdn.crusoe.com.br\/uploads\/2026\/04\/imagem.jpg","type":"image\/jpeg"}],"author":"Sofia Volpi","twitter_card":"summary_large_image","twitter_misc":{"Escrito por":"Sofia Volpi","Est. tempo de leitura":"4 minutos"},"schema":{"@context":"https:\/\/schema.org","@graph":[{"@type":"WebPage","@id":"https:\/\/crusoe.audiencelabs.com.br\/antes-de-esquecer-pessoas-quem-tem-alzheimer-costuma-perder-isso-primeiro\/","url":"https:\/\/crusoe.audiencelabs.com.br\/antes-de-esquecer-pessoas-quem-tem-alzheimer-costuma-perder-isso-primeiro\/","name":"Antes de esquecer pessoas, quem tem Alzheimer costuma perder isso primeiro","isPartOf":{"@id":"https:\/\/crusoe.audiencelabs.com.br\/#website"},"primaryImageOfPage":{"@id":"https:\/\/crusoe.audiencelabs.com.br\/antes-de-esquecer-pessoas-quem-tem-alzheimer-costuma-perder-isso-primeiro\/#primaryimage"},"image":{"@id":"https:\/\/crusoe.audiencelabs.com.br\/antes-de-esquecer-pessoas-quem-tem-alzheimer-costuma-perder-isso-primeiro\/#primaryimage"},"thumbnailUrl":"https:\/\/cdn.crusoe.com.br\/uploads\/2026\/04\/imagem.jpg","datePublished":"2026-04-08T00:32:54+00:00","author":{"@id":"https:\/\/crusoe.audiencelabs.com.br\/#\/schema\/person\/9d0fb7a15db57f24b87bef41d034cb04"},"breadcrumb":{"@id":"https:\/\/crusoe.audiencelabs.com.br\/antes-de-esquecer-pessoas-quem-tem-alzheimer-costuma-perder-isso-primeiro\/#breadcrumb"},"inLanguage":"pt-BR","potentialAction":[{"@type":"ReadAction","target":["https:\/\/crusoe.audiencelabs.com.br\/antes-de-esquecer-pessoas-quem-tem-alzheimer-costuma-perder-isso-primeiro\/"]}]},{"@type":"ImageObject","inLanguage":"pt-BR","@id":"https:\/\/crusoe.audiencelabs.com.br\/antes-de-esquecer-pessoas-quem-tem-alzheimer-costuma-perder-isso-primeiro\/#primaryimage","url":"https:\/\/cdn.crusoe.com.br\/uploads\/2026\/04\/imagem.jpg","contentUrl":"https:\/\/cdn.crusoe.com.br\/uploads\/2026\/04\/imagem.jpg","width":860,"height":570,"caption":"o Sistema \u00danico de Sa\u00fade (SUS) deve fornecer meios para ajudar as fam\u00edlias a cuidar do paciente dentro de sua pr\u00f3pria casa. Foto: Divino Adv\u00edncula\/Pref. Belo Horizonte Fonte: Ag\u00eancia Senado"},{"@type":"BreadcrumbList","@id":"https:\/\/crusoe.audiencelabs.com.br\/antes-de-esquecer-pessoas-quem-tem-alzheimer-costuma-perder-isso-primeiro\/#breadcrumb","itemListElement":[{"@type":"ListItem","position":1,"name":"Home","item":"https:\/\/crusoe.audiencelabs.com.br\/"},{"@type":"ListItem","position":2,"name":"Antes de esquecer pessoas, quem tem Alzheimer costuma perder isso primeiro"}]},{"@type":"WebSite","@id":"https:\/\/crusoe.audiencelabs.com.br\/#website","url":"https:\/\/crusoe.audiencelabs.com.br\/","name":"Variedades - Cruso\u00e9","description":"","potentialAction":[{"@type":"SearchAction","target":{"@type":"EntryPoint","urlTemplate":"https:\/\/crusoe.audiencelabs.com.br\/?s={search_term_string}"},"query-input":{"@type":"PropertyValueSpecification","valueRequired":true,"valueName":"search_term_string"}}],"inLanguage":"pt-BR"},{"@type":"Person","@id":"https:\/\/crusoe.audiencelabs.com.br\/#\/schema\/person\/9d0fb7a15db57f24b87bef41d034cb04","name":"Sofia Volpi","image":{"@type":"ImageObject","inLanguage":"pt-BR","@id":"https:\/\/crusoe.audiencelabs.com.br\/#\/schema\/person\/image\/","url":"https:\/\/secure.gravatar.com\/avatar\/a34b676379e5491536434fe5f7a9c49c2efbf9be83b707fa9e74568d45d559f8?s=96&d=mm&r=g","contentUrl":"https:\/\/secure.gravatar.com\/avatar\/a34b676379e5491536434fe5f7a9c49c2efbf9be83b707fa9e74568d45d559f8?s=96&d=mm&r=g","caption":"Sofia Volpi"},"description":"Comunicadora, jornalista em forma\u00e7\u00e3o. Apaixonada por esportes e cultura, colunista.","url":"https:\/\/crusoe.audiencelabs.com.br\/author\/sofiavolpi\/"}]}},"_links":{"self":[{"href":"https:\/\/crusoe.audiencelabs.com.br\/wp-json\/wp\/v2\/posts\/36562","targetHints":{"allow":["GET"]}}],"collection":[{"href":"https:\/\/crusoe.audiencelabs.com.br\/wp-json\/wp\/v2\/posts"}],"about":[{"href":"https:\/\/crusoe.audiencelabs.com.br\/wp-json\/wp\/v2\/types\/post"}],"author":[{"embeddable":true,"href":"https:\/\/crusoe.audiencelabs.com.br\/wp-json\/wp\/v2\/users\/17"}],"replies":[{"embeddable":true,"href":"https:\/\/crusoe.audiencelabs.com.br\/wp-json\/wp\/v2\/comments?post=36562"}],"version-history":[{"count":1,"href":"https:\/\/crusoe.audiencelabs.com.br\/wp-json\/wp\/v2\/posts\/36562\/revisions"}],"predecessor-version":[{"id":36568,"href":"https:\/\/crusoe.audiencelabs.com.br\/wp-json\/wp\/v2\/posts\/36562\/revisions\/36568"}],"wp:featuredmedia":[{"embeddable":true,"href":"https:\/\/crusoe.audiencelabs.com.br\/wp-json\/wp\/v2\/media\/36565"}],"wp:attachment":[{"href":"https:\/\/crusoe.audiencelabs.com.br\/wp-json\/wp\/v2\/media?parent=36562"}],"wp:term":[{"taxonomy":"category","embeddable":true,"href":"https:\/\/crusoe.audiencelabs.com.br\/wp-json\/wp\/v2\/categories?post=36562"},{"taxonomy":"post_tag","embeddable":true,"href":"https:\/\/crusoe.audiencelabs.com.br\/wp-json\/wp\/v2\/tags?post=36562"}],"curies":[{"name":"wp","href":"https:\/\/api.w.org\/{rel}","templated":true}]}}