{"id":36550,"date":"2026-04-07T20:38:19","date_gmt":"2026-04-07T23:38:19","guid":{"rendered":"https:\/\/crusoe.audiencelabs.com.br\/?p=36550"},"modified":"2026-04-07T10:54:59","modified_gmt":"2026-04-07T13:54:59","slug":"quantas-horas-voce-realmente-precisa-dormir-a-resposta-muda-com-a-sua-idade","status":"publish","type":"post","link":"https:\/\/crusoe.audiencelabs.com.br\/quantas-horas-voce-realmente-precisa-dormir-a-resposta-muda-com-a-sua-idade\/","title":{"rendered":"Quantas horas voc\u00ea realmente precisa dormir? A resposta muda com a sua idade"},"content":{"rendered":"<p><span style=\"font-weight: 400\">Segundo o Minist\u00e9rio da Sa\u00fade, adultos devem manter de 7 a 9 horas de sono por noite, enquanto adolescentes precisam dormir um pouco mais. J\u00e1 para crian\u00e7as e beb\u00eas, a Associa\u00e7\u00e3o Brasileira do Sono indica necessidades maiores, que variam conforme a faixa et\u00e1ria. A quantidade de sono que uma pessoa precisa n\u00e3o \u00e9 fixa, segundo o <\/span><b>Centro de Controle e Preven\u00e7\u00e3o de Doen\u00e7as<\/b><span style=\"font-weight: 400\"> dos Estados Unidos (CDC), a necessidade de sono muda com a idade, e dormir o suficiente \u00e9 essencial para sa\u00fade f\u00edsica, mental e emocional. <\/span><\/p>\n<p><span style=\"font-weight: 400\">No caso das crian\u00e7as e adolescentes, a <\/span>American Academy of Sleep Medicine (AASM)<span style=\"font-weight: 400\"> recomenda que <\/span><b>beb\u00eas de 4 a 12 meses<\/b><span style=\"font-weight: 400\"> durmam <\/span><b>12 a 16 horas por dia<\/b><span style=\"font-weight: 400\">, incluindo cochilos; <\/span><b>crian\u00e7as de 1 a 2 anos<\/b><span style=\"font-weight: 400\">, <\/span><b>11 a 14 horas<\/b><span style=\"font-weight: 400\">; <\/span><b>de 3 a 5 anos<\/b><span style=\"font-weight: 400\">, <\/span><b>10 a 13 horas<\/b><span style=\"font-weight: 400\">; <\/span><b>de 6 a 12 anos<\/b><span style=\"font-weight: 400\">, <\/span><b>9 a 12 horas<\/b><span style=\"font-weight: 400\">; e <\/span><b>adolescentes de 13 a 18 anos<\/b><span style=\"font-weight: 400\">, <\/span><b>8 a 10 horas<\/b><span style=\"font-weight: 400\"> por dia.<\/span><\/p>\n<p><span style=\"font-weight: 400\">Para os adultos, a orienta\u00e7\u00e3o \u00e9 mais simples. A <\/span><b>AASM<\/b><span style=\"font-weight: 400\"> e a <\/span><b>Sleep Research Society<\/b><span style=\"font-weight: 400\"> recomendam que adultos durmam <\/span><b>7 horas ou mais por noite<\/b><span style=\"font-weight: 400\"> para evitar riscos associados \u00e0 priva\u00e7\u00e3o cr\u00f4nica de sono, o <\/span><b>CDC<\/b><span style=\"font-weight: 400\"> usa o mesmo corte e considera insuficiente dormir menos de 7 horas por dia de forma regular.<\/span><\/p>\n<h3><b>Quanto dormir em cada fase da vida?<\/b><\/h3>\n<ul>\n<li style=\"font-weight: 400\"><b>4 a 12 meses:<\/b><span style=\"font-weight: 400\"> 12 a 16 horas por dia, incluindo cochilos.<\/span><\/li>\n<li style=\"font-weight: 400\"><b>1 a 2 anos:<\/b><span style=\"font-weight: 400\"> 11 a 14 horas por dia, incluindo cochilos.<\/span><\/li>\n<li style=\"font-weight: 400\"><b>3 a 5 anos:<\/b><span style=\"font-weight: 400\"> 10 a 13 horas por dia, incluindo cochilos.<\/span><\/li>\n<li style=\"font-weight: 400\"><b>6 a 12 anos:<\/b><span style=\"font-weight: 400\"> 9 a 12 horas por dia.<\/span><\/li>\n<li style=\"font-weight: 400\"><b>13 a 18 anos:<\/b><span style=\"font-weight: 400\"> 8 a 10 horas por dia.<\/span><\/li>\n<li style=\"font-weight: 400\"><b>Adultos:<\/b><span style=\"font-weight: 400\"> pelo menos 7 horas por noite.<\/span><\/li>\n<\/ul>\n<p><span style=\"font-weight: 400\">O sono passa por mudan\u00e7as naturais ao longo da vida, beb\u00eas e crian\u00e7as pequenas precisam dormir mais porque est\u00e3o em fase intensa de crescimento e desenvolvimento cerebral. Na adolesc\u00eancia, o organismo ainda exige longos per\u00edodos de descanso, mesmo com tend\u00eancia a dormir e acordar mais tarde, j\u00e1 na vida adulta, a necessidade de horas tende a se estabilizar, mas, com o envelhecimento, o sono pode se tornar mais leve e fragmentado.<\/span><\/p>\n<p><span style=\"font-weight: 400\">Isso ajuda a explicar por que muitas pessoas mais velhas relatam acordar mais vezes durante a noite ou sentir que dormem pior, mesmo mantendo um n\u00famero de horas aparentemente suficiente.\u00a0<\/span><\/p>\n<figure id=\"attachment_36557\" aria-describedby=\"caption-attachment-36557\" style=\"width: 512px\" class=\"wp-caption aligncenter\"><img loading=\"lazy\" decoding=\"async\" class=\"wp-image-36557\" src=\"https:\/\/cdn.crusoe.com.br\/uploads\/2026\/04\/2-VPF-INFOGRAFICO-VOCE-SABIA-TABELA-DO-SONO-980x659-1-300x202.jpg\" alt=\"\" width=\"512\" height=\"345\" srcset=\"https:\/\/cdn.crusoe.com.br\/uploads\/2026\/04\/2-VPF-INFOGRAFICO-VOCE-SABIA-TABELA-DO-SONO-980x659-1-300x202.jpg 300w, https:\/\/cdn.crusoe.com.br\/uploads\/2026\/04\/2-VPF-INFOGRAFICO-VOCE-SABIA-TABELA-DO-SONO-980x659-1-768x516.jpg 768w, https:\/\/cdn.crusoe.com.br\/uploads\/2026\/04\/2-VPF-INFOGRAFICO-VOCE-SABIA-TABELA-DO-SONO-980x659-1-750x504.jpg 750w, https:\/\/cdn.crusoe.com.br\/uploads\/2026\/04\/2-VPF-INFOGRAFICO-VOCE-SABIA-TABELA-DO-SONO-980x659-1.jpg 980w\" sizes=\"auto, (max-width: 512px) 100vw, 512px\" \/><figcaption id=\"caption-attachment-36557\" class=\"wp-caption-text\">Fonte: National Sleep Foundation<\/figcaption><\/figure>\n<h3><b>Dormir pouco afeta mais do que o cansa\u00e7o<\/b><\/h3>\n<p><span style=\"font-weight: 400\">Crian\u00e7as e adolescentes que n\u00e3o dormem o suficiente t\u00eam maior risco de problemas como obesidade, diabetes tipo 2, pior sa\u00fade mental, les\u00f5es e dificuldades de aten\u00e7\u00e3o e comportamento, de acordo com a CDC. Nos adultos, a priva\u00e7\u00e3o de sono cr\u00f4nica tamb\u00e9m est\u00e1 associada a riscos \u00e0 sa\u00fade, raz\u00e3o pela qual as recomenda\u00e7\u00f5es se concentram em um m\u00ednimo di\u00e1rio regular, e n\u00e3o apenas em \u201ccompensar\u201d depois.<\/span><\/p>\n<p><span style=\"font-weight: 400\">A quantidade ideal, por\u00e9m, n\u00e3o depende s\u00f3 da idade, fatores individuais, como sa\u00fade, rotina e qualidade do sono, tamb\u00e9m influenciam a necessidade real de descanso, ainda assim, a faixa et\u00e1ria continua sendo o ponto de partida mais seguro para entender quantas horas uma pessoa deve dormir.\u00a0<\/span><\/p>\n<p>&nbsp;<\/p>\n","protected":false},"excerpt":{"rendered":"<p>Segundo o Minist\u00e9rio da Sa\u00fade, adultos devem manter de 7 a 9 horas de sono por noite, enquanto adolescentes precisam dormir um pouco mais. J\u00e1 para crian\u00e7as e beb\u00eas, a Associa\u00e7\u00e3o Brasileira do Sono indica necessidades maiores, que variam conforme a faixa et\u00e1ria. A quantidade de sono que uma pessoa precisa n\u00e3o \u00e9 fixa, segundo [&hellip;]<\/p>\n","protected":false},"author":17,"featured_media":36551,"comment_status":"open","ping_status":"open","sticky":false,"template":"","format":"standard","meta":{"jnews-multi-image_gallery":[],"jnews_single_post":{"format":"standard","jnews_video_option_group":[[]],"override":[{"template":"2","parallax":"1","fullscreen":"1","layout":"right-sidebar","sidebar":"default-sidebar","second_sidebar":"default-sidebar","sticky_sidebar":"1","share_position":"hide","share_float_style":"share-monocrhome","show_featured":"1","show_post_meta":"1","show_post_author":"1","show_post_date":"1","post_date_format":"default","post_date_format_custom":"Y\/m\/d","show_post_category":"1","show_post_reading_time":"0","post_reading_time_wpm":"300","post_calculate_word_method":"str_word_count","show_zoom_button":"0","zoom_button_out_step":"2","zoom_button_in_step":"3","show_post_tag":"1","show_popup_post":"1","number_popup_post":"1","show_author_box":"1","show_post_related":"0"}],"image_override":[{"single_post_thumbnail_size":"crop-500","single_post_gallery_size":"crop-500"}],"trending_post_position":"meta","trending_post_label":"Trending","sponsored_post_label":"Sponsored by","disable_ad":"0","subtitle":"Recomenda\u00e7\u00f5es de especialistas variam ao longo da vida e mostram que beb\u00eas, crian\u00e7as e adolescentes precisam dormir mais do que adultos"},"jnews_primary_category":[],"jnews_override_counter":{"view_counter_number":"0","share_counter_number":"0","like_counter_number":"0","dislike_counter_number":"0"},"jnews_post_split":{"post_split":[{"template":"1","tag":"h2","numbering":"asc","mode":"normal","first":"0","enable_toc":"0","toc_type":"normal"}]},"footnotes":""},"categories":[1],"tags":[],"class_list":["post-36550","post","type-post","status-publish","format-standard","has-post-thumbnail","hentry","category-geral"],"yoast_head":"<!-- This site is optimized with the Yoast SEO plugin v25.0 - https:\/\/yoast.com\/wordpress\/plugins\/seo\/ -->\n<title>Quantas horas voc\u00ea realmente precisa dormir? A resposta muda com a sua idade<\/title>\n<meta name=\"robots\" content=\"index, follow, max-snippet:-1, max-image-preview:large, max-video-preview:-1\" \/>\n<link rel=\"canonical\" href=\"https:\/\/crusoe.audiencelabs.com.br\/quantas-horas-voce-realmente-precisa-dormir-a-resposta-muda-com-a-sua-idade\/\" \/>\n<meta property=\"og:locale\" content=\"pt_BR\" \/>\n<meta property=\"og:type\" content=\"article\" \/>\n<meta property=\"og:title\" content=\"Quantas horas voc\u00ea realmente precisa dormir? A resposta muda com a sua idade\" \/>\n<meta property=\"og:description\" content=\"Segundo o Minist\u00e9rio da Sa\u00fade, adultos devem manter de 7 a 9 horas de sono por noite, enquanto adolescentes precisam dormir um pouco mais. J\u00e1 para crian\u00e7as e beb\u00eas, a Associa\u00e7\u00e3o Brasileira do Sono indica necessidades maiores, que variam conforme a faixa et\u00e1ria. A quantidade de sono que uma pessoa precisa n\u00e3o \u00e9 fixa, segundo [&hellip;]\" \/>\n<meta property=\"og:url\" content=\"https:\/\/crusoe.audiencelabs.com.br\/quantas-horas-voce-realmente-precisa-dormir-a-resposta-muda-com-a-sua-idade\/\" \/>\n<meta property=\"og:site_name\" content=\"Variedades - Cruso\u00e9\" \/>\n<meta property=\"article:published_time\" content=\"2026-04-07T23:38:19+00:00\" \/>\n<meta property=\"og:image\" content=\"https:\/\/cdn.crusoe.com.br\/uploads\/2026\/04\/06sleepgallery.webp\" \/>\n\t<meta property=\"og:image:width\" content=\"1190\" \/>\n\t<meta property=\"og:image:height\" content=\"790\" \/>\n\t<meta property=\"og:image:type\" content=\"image\/webp\" \/>\n<meta name=\"author\" content=\"Sofia Volpi\" \/>\n<meta name=\"twitter:card\" content=\"summary_large_image\" \/>\n<meta name=\"twitter:label1\" content=\"Escrito por\" \/>\n\t<meta name=\"twitter:data1\" content=\"Sofia Volpi\" \/>\n\t<meta name=\"twitter:label2\" content=\"Est. tempo de leitura\" \/>\n\t<meta name=\"twitter:data2\" content=\"4 minutos\" \/>\n<script type=\"application\/ld+json\" class=\"yoast-schema-graph\">{\"@context\":\"https:\/\/schema.org\",\"@graph\":[{\"@type\":\"WebPage\",\"@id\":\"https:\/\/crusoe.audiencelabs.com.br\/quantas-horas-voce-realmente-precisa-dormir-a-resposta-muda-com-a-sua-idade\/\",\"url\":\"https:\/\/crusoe.audiencelabs.com.br\/quantas-horas-voce-realmente-precisa-dormir-a-resposta-muda-com-a-sua-idade\/\",\"name\":\"Quantas horas voc\u00ea realmente precisa dormir? A resposta muda com a sua idade\",\"isPartOf\":{\"@id\":\"https:\/\/crusoe.audiencelabs.com.br\/#website\"},\"primaryImageOfPage\":{\"@id\":\"https:\/\/crusoe.audiencelabs.com.br\/quantas-horas-voce-realmente-precisa-dormir-a-resposta-muda-com-a-sua-idade\/#primaryimage\"},\"image\":{\"@id\":\"https:\/\/crusoe.audiencelabs.com.br\/quantas-horas-voce-realmente-precisa-dormir-a-resposta-muda-com-a-sua-idade\/#primaryimage\"},\"thumbnailUrl\":\"https:\/\/cdn.crusoe.com.br\/uploads\/2026\/04\/06sleepgallery.webp\",\"datePublished\":\"2026-04-07T23:38:19+00:00\",\"author\":{\"@id\":\"https:\/\/crusoe.audiencelabs.com.br\/#\/schema\/person\/9d0fb7a15db57f24b87bef41d034cb04\"},\"breadcrumb\":{\"@id\":\"https:\/\/crusoe.audiencelabs.com.br\/quantas-horas-voce-realmente-precisa-dormir-a-resposta-muda-com-a-sua-idade\/#breadcrumb\"},\"inLanguage\":\"pt-BR\",\"potentialAction\":[{\"@type\":\"ReadAction\",\"target\":[\"https:\/\/crusoe.audiencelabs.com.br\/quantas-horas-voce-realmente-precisa-dormir-a-resposta-muda-com-a-sua-idade\/\"]}]},{\"@type\":\"ImageObject\",\"inLanguage\":\"pt-BR\",\"@id\":\"https:\/\/crusoe.audiencelabs.com.br\/quantas-horas-voce-realmente-precisa-dormir-a-resposta-muda-com-a-sua-idade\/#primaryimage\",\"url\":\"https:\/\/cdn.crusoe.com.br\/uploads\/2026\/04\/06sleepgallery.webp\",\"contentUrl\":\"https:\/\/cdn.crusoe.com.br\/uploads\/2026\/04\/06sleepgallery.webp\",\"width\":1190,\"height\":790,\"caption\":\"Quanto mais jovem a pessoa, maior tende a ser a necessidade de dormir. Foto: Joseph John Kotlowski, National Geographic\"},{\"@type\":\"BreadcrumbList\",\"@id\":\"https:\/\/crusoe.audiencelabs.com.br\/quantas-horas-voce-realmente-precisa-dormir-a-resposta-muda-com-a-sua-idade\/#breadcrumb\",\"itemListElement\":[{\"@type\":\"ListItem\",\"position\":1,\"name\":\"Home\",\"item\":\"https:\/\/crusoe.audiencelabs.com.br\/\"},{\"@type\":\"ListItem\",\"position\":2,\"name\":\"Quantas horas voc\u00ea realmente precisa dormir? A resposta muda com a sua idade\"}]},{\"@type\":\"WebSite\",\"@id\":\"https:\/\/crusoe.audiencelabs.com.br\/#website\",\"url\":\"https:\/\/crusoe.audiencelabs.com.br\/\",\"name\":\"Variedades - Cruso\u00e9\",\"description\":\"\",\"potentialAction\":[{\"@type\":\"SearchAction\",\"target\":{\"@type\":\"EntryPoint\",\"urlTemplate\":\"https:\/\/crusoe.audiencelabs.com.br\/?s={search_term_string}\"},\"query-input\":{\"@type\":\"PropertyValueSpecification\",\"valueRequired\":true,\"valueName\":\"search_term_string\"}}],\"inLanguage\":\"pt-BR\"},{\"@type\":\"Person\",\"@id\":\"https:\/\/crusoe.audiencelabs.com.br\/#\/schema\/person\/9d0fb7a15db57f24b87bef41d034cb04\",\"name\":\"Sofia Volpi\",\"image\":{\"@type\":\"ImageObject\",\"inLanguage\":\"pt-BR\",\"@id\":\"https:\/\/crusoe.audiencelabs.com.br\/#\/schema\/person\/image\/\",\"url\":\"https:\/\/secure.gravatar.com\/avatar\/a34b676379e5491536434fe5f7a9c49c2efbf9be83b707fa9e74568d45d559f8?s=96&d=mm&r=g\",\"contentUrl\":\"https:\/\/secure.gravatar.com\/avatar\/a34b676379e5491536434fe5f7a9c49c2efbf9be83b707fa9e74568d45d559f8?s=96&d=mm&r=g\",\"caption\":\"Sofia Volpi\"},\"description\":\"Comunicadora, jornalista em forma\u00e7\u00e3o. Apaixonada por esportes e cultura, colunista.\",\"url\":\"https:\/\/crusoe.audiencelabs.com.br\/author\/sofiavolpi\/\"}]}<\/script>\n<!-- \/ Yoast SEO plugin. -->","yoast_head_json":{"title":"Quantas horas voc\u00ea realmente precisa dormir? A resposta muda com a sua idade","robots":{"index":"index","follow":"follow","max-snippet":"max-snippet:-1","max-image-preview":"max-image-preview:large","max-video-preview":"max-video-preview:-1"},"canonical":"https:\/\/crusoe.audiencelabs.com.br\/quantas-horas-voce-realmente-precisa-dormir-a-resposta-muda-com-a-sua-idade\/","og_locale":"pt_BR","og_type":"article","og_title":"Quantas horas voc\u00ea realmente precisa dormir? A resposta muda com a sua idade","og_description":"Segundo o Minist\u00e9rio da Sa\u00fade, adultos devem manter de 7 a 9 horas de sono por noite, enquanto adolescentes precisam dormir um pouco mais. J\u00e1 para crian\u00e7as e beb\u00eas, a Associa\u00e7\u00e3o Brasileira do Sono indica necessidades maiores, que variam conforme a faixa et\u00e1ria. A quantidade de sono que uma pessoa precisa n\u00e3o \u00e9 fixa, segundo [&hellip;]","og_url":"https:\/\/crusoe.audiencelabs.com.br\/quantas-horas-voce-realmente-precisa-dormir-a-resposta-muda-com-a-sua-idade\/","og_site_name":"Variedades - Cruso\u00e9","article_published_time":"2026-04-07T23:38:19+00:00","og_image":[{"width":1190,"height":790,"url":"https:\/\/cdn.crusoe.com.br\/uploads\/2026\/04\/06sleepgallery.webp","type":"image\/webp"}],"author":"Sofia Volpi","twitter_card":"summary_large_image","twitter_misc":{"Escrito por":"Sofia Volpi","Est. tempo de leitura":"4 minutos"},"schema":{"@context":"https:\/\/schema.org","@graph":[{"@type":"WebPage","@id":"https:\/\/crusoe.audiencelabs.com.br\/quantas-horas-voce-realmente-precisa-dormir-a-resposta-muda-com-a-sua-idade\/","url":"https:\/\/crusoe.audiencelabs.com.br\/quantas-horas-voce-realmente-precisa-dormir-a-resposta-muda-com-a-sua-idade\/","name":"Quantas horas voc\u00ea realmente precisa dormir? A resposta muda com a sua idade","isPartOf":{"@id":"https:\/\/crusoe.audiencelabs.com.br\/#website"},"primaryImageOfPage":{"@id":"https:\/\/crusoe.audiencelabs.com.br\/quantas-horas-voce-realmente-precisa-dormir-a-resposta-muda-com-a-sua-idade\/#primaryimage"},"image":{"@id":"https:\/\/crusoe.audiencelabs.com.br\/quantas-horas-voce-realmente-precisa-dormir-a-resposta-muda-com-a-sua-idade\/#primaryimage"},"thumbnailUrl":"https:\/\/cdn.crusoe.com.br\/uploads\/2026\/04\/06sleepgallery.webp","datePublished":"2026-04-07T23:38:19+00:00","author":{"@id":"https:\/\/crusoe.audiencelabs.com.br\/#\/schema\/person\/9d0fb7a15db57f24b87bef41d034cb04"},"breadcrumb":{"@id":"https:\/\/crusoe.audiencelabs.com.br\/quantas-horas-voce-realmente-precisa-dormir-a-resposta-muda-com-a-sua-idade\/#breadcrumb"},"inLanguage":"pt-BR","potentialAction":[{"@type":"ReadAction","target":["https:\/\/crusoe.audiencelabs.com.br\/quantas-horas-voce-realmente-precisa-dormir-a-resposta-muda-com-a-sua-idade\/"]}]},{"@type":"ImageObject","inLanguage":"pt-BR","@id":"https:\/\/crusoe.audiencelabs.com.br\/quantas-horas-voce-realmente-precisa-dormir-a-resposta-muda-com-a-sua-idade\/#primaryimage","url":"https:\/\/cdn.crusoe.com.br\/uploads\/2026\/04\/06sleepgallery.webp","contentUrl":"https:\/\/cdn.crusoe.com.br\/uploads\/2026\/04\/06sleepgallery.webp","width":1190,"height":790,"caption":"Quanto mais jovem a pessoa, maior tende a ser a necessidade de dormir. Foto: Joseph John Kotlowski, National Geographic"},{"@type":"BreadcrumbList","@id":"https:\/\/crusoe.audiencelabs.com.br\/quantas-horas-voce-realmente-precisa-dormir-a-resposta-muda-com-a-sua-idade\/#breadcrumb","itemListElement":[{"@type":"ListItem","position":1,"name":"Home","item":"https:\/\/crusoe.audiencelabs.com.br\/"},{"@type":"ListItem","position":2,"name":"Quantas horas voc\u00ea realmente precisa dormir? A resposta muda com a sua idade"}]},{"@type":"WebSite","@id":"https:\/\/crusoe.audiencelabs.com.br\/#website","url":"https:\/\/crusoe.audiencelabs.com.br\/","name":"Variedades - Cruso\u00e9","description":"","potentialAction":[{"@type":"SearchAction","target":{"@type":"EntryPoint","urlTemplate":"https:\/\/crusoe.audiencelabs.com.br\/?s={search_term_string}"},"query-input":{"@type":"PropertyValueSpecification","valueRequired":true,"valueName":"search_term_string"}}],"inLanguage":"pt-BR"},{"@type":"Person","@id":"https:\/\/crusoe.audiencelabs.com.br\/#\/schema\/person\/9d0fb7a15db57f24b87bef41d034cb04","name":"Sofia Volpi","image":{"@type":"ImageObject","inLanguage":"pt-BR","@id":"https:\/\/crusoe.audiencelabs.com.br\/#\/schema\/person\/image\/","url":"https:\/\/secure.gravatar.com\/avatar\/a34b676379e5491536434fe5f7a9c49c2efbf9be83b707fa9e74568d45d559f8?s=96&d=mm&r=g","contentUrl":"https:\/\/secure.gravatar.com\/avatar\/a34b676379e5491536434fe5f7a9c49c2efbf9be83b707fa9e74568d45d559f8?s=96&d=mm&r=g","caption":"Sofia Volpi"},"description":"Comunicadora, jornalista em forma\u00e7\u00e3o. Apaixonada por esportes e cultura, colunista.","url":"https:\/\/crusoe.audiencelabs.com.br\/author\/sofiavolpi\/"}]}},"_links":{"self":[{"href":"https:\/\/crusoe.audiencelabs.com.br\/wp-json\/wp\/v2\/posts\/36550","targetHints":{"allow":["GET"]}}],"collection":[{"href":"https:\/\/crusoe.audiencelabs.com.br\/wp-json\/wp\/v2\/posts"}],"about":[{"href":"https:\/\/crusoe.audiencelabs.com.br\/wp-json\/wp\/v2\/types\/post"}],"author":[{"embeddable":true,"href":"https:\/\/crusoe.audiencelabs.com.br\/wp-json\/wp\/v2\/users\/17"}],"replies":[{"embeddable":true,"href":"https:\/\/crusoe.audiencelabs.com.br\/wp-json\/wp\/v2\/comments?post=36550"}],"version-history":[{"count":6,"href":"https:\/\/crusoe.audiencelabs.com.br\/wp-json\/wp\/v2\/posts\/36550\/revisions"}],"predecessor-version":[{"id":36561,"href":"https:\/\/crusoe.audiencelabs.com.br\/wp-json\/wp\/v2\/posts\/36550\/revisions\/36561"}],"wp:featuredmedia":[{"embeddable":true,"href":"https:\/\/crusoe.audiencelabs.com.br\/wp-json\/wp\/v2\/media\/36551"}],"wp:attachment":[{"href":"https:\/\/crusoe.audiencelabs.com.br\/wp-json\/wp\/v2\/media?parent=36550"}],"wp:term":[{"taxonomy":"category","embeddable":true,"href":"https:\/\/crusoe.audiencelabs.com.br\/wp-json\/wp\/v2\/categories?post=36550"},{"taxonomy":"post_tag","embeddable":true,"href":"https:\/\/crusoe.audiencelabs.com.br\/wp-json\/wp\/v2\/tags?post=36550"}],"curies":[{"name":"wp","href":"https:\/\/api.w.org\/{rel}","templated":true}]}}