{"id":36534,"date":"2026-04-07T15:37:21","date_gmt":"2026-04-07T18:37:21","guid":{"rendered":"https:\/\/crusoe.audiencelabs.com.br\/?p=36534"},"modified":"2026-04-07T09:36:02","modified_gmt":"2026-04-07T12:36:02","slug":"a-idade-do-seu-cerebro-pode-estar-adiantada-ou-atrasada-veja-como-descobrir","status":"publish","type":"post","link":"https:\/\/crusoe.audiencelabs.com.br\/a-idade-do-seu-cerebro-pode-estar-adiantada-ou-atrasada-veja-como-descobrir\/","title":{"rendered":"A idade do seu c\u00e9rebro pode estar adiantada (ou atrasada): veja como descobrir"},"content":{"rendered":"<p><span style=\"font-weight: 400\">A idade do c\u00e9rebro nem sempre acompanha a idade do calend\u00e1rio. Na neuroci\u00eancia, esse descompasso \u00e9 chamado de <\/span><b>brain age gap<\/b><span style=\"font-weight: 400\">, ou diferen\u00e7a entre a idade cronol\u00f3gica da pessoa e a idade estimada do c\u00e9rebro com base em exames, principalmente de resson\u00e2ncia magn\u00e9tica. Quando o c\u00e9rebro parece mais velho do que a idade real, os pesquisadores falam em envelhecimento cerebral acelerado; quando parece mais jovem, o resultado sugere uma condi\u00e7\u00e3o cerebral mais preservada.\u00a0<\/span><\/p>\n<p><span style=\"font-weight: 400\">Essa estimativa n\u00e3o \u00e9 feita por teste caseiro, aplicativo ou checklist de internet. Segundo revis\u00f5es sobre o tema, a idade cerebral \u00e9 calculada por modelos estat\u00edsticos e de aprendizado de m\u00e1quina treinados com exames de imagem, que comparam o c\u00e9rebro de um indiv\u00edduo com grandes bancos de dados populacionais. \u00c9 por isso que, hoje, a forma mais pr\u00f3xima de \u201cdescobrir\u201d a idade do c\u00e9rebro continua sendo a combina\u00e7\u00e3o entre resson\u00e2ncia magn\u00e9tica, an\u00e1lise computacional e avalia\u00e7\u00e3o cl\u00ednica.\u00a0<\/span><\/p>\n<p><span style=\"font-weight: 400\">Um estudo publicado na Nature Communications em 2025 tamb\u00e9m refor\u00e7a que o c\u00e9rebro n\u00e3o envelhece de forma linear ao longo da vida. Os pesquisadores identificaram quatro grandes <\/span><b>pontos de virada no desenvolvimento e no envelhecimento cerebral, por volta dos 9, 32, 66 e 83 anos, <\/b><span style=\"font-weight: 400\">o que permitiu dividir a trajet\u00f3ria do c\u00e9rebro em cinco grandes fases. O achado ajuda a entender por que algumas mudan\u00e7as aparecem cedo e outras s\u00f3 ganham for\u00e7a d\u00e9cadas depois.<\/span><\/p>\n<p><b>Inf\u00e2ncia:<\/b><span style=\"font-weight: 400\"> do nascimento at\u00e9 os <\/span><b>9 anos<\/b><span style=\"font-weight: 400\">. \u00c9 a fase de consolida\u00e7\u00e3o das redes neuronais, com fortalecimento das conex\u00f5es entre os neur\u00f4nios e aumento do volume das subst\u00e2ncias branca e cinzenta.<\/span><\/p>\n<p><b>Adolesc\u00eancia:<\/b><span style=\"font-weight: 400\"> dos <\/span><b>9 aos 32 anos<\/b><span style=\"font-weight: 400\">. Nesse per\u00edodo, h\u00e1 ganho de efici\u00eancia das conex\u00f5es em todo o c\u00e9rebro, processo associado ao aumento da capacidade cognitiva.<\/span><\/p>\n<p><b>Fase adulta:<\/b><span style=\"font-weight: 400\"> dos <\/span><b>32 aos 66 anos<\/b><span style=\"font-weight: 400\">. As redes neurais entram em um \u201cmodo adulto\u201d mais est\u00e1vel, com menos mudan\u00e7as estruturais do que nas fases anteriores. Segundo os autores, essa etapa corresponde a um plat\u00f4 relativo da intelig\u00eancia e da personalidade, al\u00e9m de maior compartimentaliza\u00e7\u00e3o entre as regi\u00f5es cerebrais.<\/span><\/p>\n<p><b>Envelhecimento inicial:<\/b><span style=\"font-weight: 400\"> dos <\/span><b>66 aos 83 anos<\/b><span style=\"font-weight: 400\">. A principal marca dessa fase \u00e9 a queda da conectividade cerebral, associada ao envelhecimento e \u00e0 degenera\u00e7\u00e3o da subst\u00e2ncia branca.<\/span><\/p>\n<p><b>Envelhecimento tardio:<\/b><span style=\"font-weight: 400\"> a partir dos <\/span><b>83 anos<\/b><span style=\"font-weight: 400\">. Nessa etapa, a perda de conectividade cerebral se torna ainda mais acentuada.<\/span><\/p>\n<h3><b>O que significa ter um c\u00e9rebro \u201cmais velho\u201d ou \u201cmais jovem\u201d<\/b><\/h3>\n<p><span style=\"font-weight: 400\">Segundo uma revis\u00e3o publicada na Npj Digital Medicine, a diferen\u00e7a entre idade cerebral prevista e idade cronol\u00f3gica vem sendo estudada como biomarcador de sa\u00fade cerebral. Em termos pr\u00e1ticos, um c\u00e9rebro que aparenta estar mais velho do que a idade real pode estar associado a maior risco de decl\u00ednio cognitivo, doen\u00e7as neurol\u00f3gicas e piores desfechos de sa\u00fade.\u00a0<\/span><\/p>\n<p><span style=\"font-weight: 400\">Essa rela\u00e7\u00e3o aparece tamb\u00e9m em um estudo de 2025 com mais de 40 mil participantes, que concluiu que um brain age gap maior esteve ligado a risco mais elevado de decl\u00ednio cognitivo, dem\u00eancia, esclerose m\u00faltipla e menor sobrevida. O trabalho refor\u00e7a que a idade do c\u00e9rebro n\u00e3o \u00e9 apenas curiosidade cient\u00edfica: ela pode funcionar como marcador antecipado de vulnerabilidade. Por outro lado, um c\u00e9rebro com idade estimada abaixo da cronol\u00f3gica costuma ser interpretado como sinal de envelhecimento mais lento ou maior preserva\u00e7\u00e3o estrutural. Isso n\u00e3o significa imunidade a doen\u00e7as, mas sugere, em m\u00e9dia, uma condi\u00e7\u00e3o cerebral mais favor\u00e1vel.\u00a0<\/span><\/p>\n<h3><b>Como descobrir de forma confi\u00e1vel<\/b><\/h3>\n<p><span style=\"font-weight: 400\">A resposta mais correta \u00e9: n\u00e3o d\u00e1 para saber com precis\u00e3o sem exame de imagem e an\u00e1lise especializada. Segundo revis\u00f5es sobre estimativa de idade cerebral, os modelos usados neste campo dependem de medidas estruturais e funcionais do c\u00e9rebro obtidas por resson\u00e2ncia magn\u00e9tica e processadas por algoritmos treinados em grandes bases de dados.<\/span><\/p>\n<p><span style=\"font-weight: 400\">Isso n\u00e3o impede, por\u00e9m, que alguns fatores sejam usados como alerta indireto. A literatura associa envelhecimento cerebral acelerado a condi\u00e7\u00f5es como doen\u00e7as neurodegenerativas, transtornos psiqui\u00e1tricos, esclerose m\u00faltipla e outros problemas de sa\u00fade que afetam a estrutura cerebral. Ou seja: lapsos persistentes de mem\u00f3ria, piora cognitiva, perda funcional e hist\u00f3rico de doen\u00e7as neurol\u00f3gicas ou vasculares s\u00e3o sinais que justificam avalia\u00e7\u00e3o m\u00e9dica, embora n\u00e3o \u201cme\u00e7am\u201d a idade do c\u00e9rebro sozinhos.\u00a0<\/span><\/p>\n<p><span style=\"font-weight: 400\">O caminho respons\u00e1vel, portanto, n\u00e3o \u00e9 tentar adivinhar a idade cerebral com base em sintomas isolados, mas procurar avalia\u00e7\u00e3o profissional quando houver queixa cognitiva ou suspeita cl\u00ednica. Na pr\u00e1tica, a idade do c\u00e9rebro ainda \u00e9 mais uma ferramenta de pesquisa e de apoio ao diagn\u00f3stico do que um n\u00famero pronto para uso popular.\u00a0<\/span><\/p>\n<h3><b>O c\u00e9rebro muda por fases, n\u00e3o em linha reta<\/b><\/h3>\n<p><span style=\"font-weight: 400\">O estudo da Nature Communications ajuda a desmontar a ideia de que o c\u00e9rebro envelhece no mesmo ritmo durante toda a vida. Segundo os pesquisadores, h\u00e1 per\u00edodos mais est\u00e1veis e outros de transi\u00e7\u00e3o mais marcada, e esses pontos de mudan\u00e7a surgem ao redor dos 9, 32, 66 e 83 anos. Esses marcos definem cinco grandes \u00e9pocas de desenvolvimento e envelhecimento cerebral.\u00a0<\/span><\/p>\n<p><span style=\"font-weight: 400\">Esse dado \u00e9 importante porque mostra que a idade do c\u00e9rebro n\u00e3o deve ser entendida como n\u00famero fixo ou destino fechado. <\/span><b>O envelhecimento cerebral \u00e9 um processo din\u00e2mico, influenciado por biologia, sa\u00fade geral e possivelmente por fatores de estilo de vida, ainda que a medi\u00e7\u00e3o formal continue dependente de exame e modelagem computacional.<\/b><\/p>\n<p>&nbsp;<\/p>\n<figure id=\"attachment_36538\" aria-describedby=\"caption-attachment-36538\" style=\"width: 670px\" class=\"wp-caption aligncenter\"><img loading=\"lazy\" decoding=\"async\" class=\" wp-image-36538\" src=\"https:\/\/cdn.crusoe.com.br\/uploads\/2026\/04\/058-060_cerebro_316-0-desktop-true-300x153.png\" alt=\"\" width=\"670\" height=\"342\" srcset=\"https:\/\/cdn.crusoe.com.br\/uploads\/2026\/04\/058-060_cerebro_316-0-desktop-true-300x153.png 300w, https:\/\/cdn.crusoe.com.br\/uploads\/2026\/04\/058-060_cerebro_316-0-desktop-true-1024x521.png 1024w, https:\/\/cdn.crusoe.com.br\/uploads\/2026\/04\/058-060_cerebro_316-0-desktop-true-768x391.png 768w, https:\/\/cdn.crusoe.com.br\/uploads\/2026\/04\/058-060_cerebro_316-0-desktop-true-750x382.png 750w, https:\/\/cdn.crusoe.com.br\/uploads\/2026\/04\/058-060_cerebro_316-0-desktop-true.png 1140w\" sizes=\"auto, (max-width: 670px) 100vw, 670px\" \/><figcaption id=\"caption-attachment-36538\" class=\"wp-caption-text\"><strong>FONTE BETHLEHEM, R. A. I .; ET AL. NATURE. 6ABR. 2022.<\/strong><\/figcaption><\/figure>\n","protected":false},"excerpt":{"rendered":"<p>A idade do c\u00e9rebro nem sempre acompanha a idade do calend\u00e1rio. Na neuroci\u00eancia, esse descompasso \u00e9 chamado de brain age gap, ou diferen\u00e7a entre a idade cronol\u00f3gica da pessoa e a idade estimada do c\u00e9rebro com base em exames, principalmente de resson\u00e2ncia magn\u00e9tica. Quando o c\u00e9rebro parece mais velho do que a idade real, os [&hellip;]<\/p>\n","protected":false},"author":17,"featured_media":36537,"comment_status":"open","ping_status":"open","sticky":false,"template":"","format":"standard","meta":{"jnews-multi-image_gallery":[],"jnews_single_post":{"format":"standard","jnews_video_option_group":[[]],"override":[{"template":"2","parallax":"1","fullscreen":"1","layout":"right-sidebar","sidebar":"default-sidebar","second_sidebar":"default-sidebar","sticky_sidebar":"1","share_position":"hide","share_float_style":"share-monocrhome","show_featured":"1","show_post_meta":"1","show_post_author":"1","show_post_date":"1","post_date_format":"default","post_date_format_custom":"Y\/m\/d","show_post_category":"1","show_post_reading_time":"0","post_reading_time_wpm":"300","post_calculate_word_method":"str_word_count","show_zoom_button":"0","zoom_button_out_step":"2","zoom_button_in_step":"3","show_post_tag":"1","show_popup_post":"1","number_popup_post":"1","show_author_box":"1","show_post_related":"0"}],"image_override":[{"single_post_thumbnail_size":"crop-500","single_post_gallery_size":"crop-500"}],"trending_post_position":"meta","trending_post_label":"Trending","sponsored_post_label":"Sponsored by","disable_ad":"0","subtitle":"Estudos mostram que o c\u00e9rebro nem sempre envelhece no mesmo ritmo do corpo; diferen\u00e7a s\u00f3 pode ser estimada com exames e modelos de imagem, mas alguns sinais ajudam a entender quando esse envelhecimento pode estar fora do esperado"},"jnews_primary_category":[],"jnews_override_counter":{"view_counter_number":"0","share_counter_number":"0","like_counter_number":"0","dislike_counter_number":"0"},"jnews_post_split":{"post_split":[{"template":"1","tag":"h2","numbering":"asc","mode":"normal","first":"0","enable_toc":"0","toc_type":"normal"}]},"footnotes":""},"categories":[1],"tags":[],"class_list":["post-36534","post","type-post","status-publish","format-standard","has-post-thumbnail","hentry","category-geral"],"yoast_head":"<!-- This site is optimized with the Yoast SEO plugin v25.0 - https:\/\/yoast.com\/wordpress\/plugins\/seo\/ -->\n<title>A idade do seu c\u00e9rebro pode estar adiantada (ou atrasada): veja como descobrir<\/title>\n<meta name=\"robots\" content=\"index, follow, max-snippet:-1, max-image-preview:large, max-video-preview:-1\" \/>\n<link rel=\"canonical\" href=\"https:\/\/crusoe.audiencelabs.com.br\/a-idade-do-seu-cerebro-pode-estar-adiantada-ou-atrasada-veja-como-descobrir\/\" \/>\n<meta property=\"og:locale\" content=\"pt_BR\" \/>\n<meta property=\"og:type\" content=\"article\" \/>\n<meta property=\"og:title\" content=\"A idade do seu c\u00e9rebro pode estar adiantada (ou atrasada): veja como descobrir\" \/>\n<meta property=\"og:description\" content=\"A idade do c\u00e9rebro nem sempre acompanha a idade do calend\u00e1rio. Na neuroci\u00eancia, esse descompasso \u00e9 chamado de brain age gap, ou diferen\u00e7a entre a idade cronol\u00f3gica da pessoa e a idade estimada do c\u00e9rebro com base em exames, principalmente de resson\u00e2ncia magn\u00e9tica. Quando o c\u00e9rebro parece mais velho do que a idade real, os [&hellip;]\" \/>\n<meta property=\"og:url\" content=\"https:\/\/crusoe.audiencelabs.com.br\/a-idade-do-seu-cerebro-pode-estar-adiantada-ou-atrasada-veja-como-descobrir\/\" \/>\n<meta property=\"og:site_name\" content=\"Variedades - Cruso\u00e9\" \/>\n<meta property=\"article:published_time\" content=\"2026-04-07T18:37:21+00:00\" \/>\n<meta property=\"og:image\" content=\"https:\/\/cdn.crusoe.com.br\/uploads\/2026\/04\/058-060_cerebro_316-0-1140.jpg\" \/>\n\t<meta property=\"og:image:width\" content=\"1140\" \/>\n\t<meta property=\"og:image:height\" content=\"641\" \/>\n\t<meta property=\"og:image:type\" content=\"image\/jpeg\" \/>\n<meta name=\"author\" content=\"Sofia Volpi\" \/>\n<meta name=\"twitter:card\" content=\"summary_large_image\" \/>\n<meta name=\"twitter:label1\" content=\"Escrito por\" \/>\n\t<meta name=\"twitter:data1\" content=\"Sofia Volpi\" \/>\n\t<meta name=\"twitter:label2\" content=\"Est. tempo de leitura\" \/>\n\t<meta name=\"twitter:data2\" content=\"6 minutos\" \/>\n<script type=\"application\/ld+json\" class=\"yoast-schema-graph\">{\"@context\":\"https:\/\/schema.org\",\"@graph\":[{\"@type\":\"WebPage\",\"@id\":\"https:\/\/crusoe.audiencelabs.com.br\/a-idade-do-seu-cerebro-pode-estar-adiantada-ou-atrasada-veja-como-descobrir\/\",\"url\":\"https:\/\/crusoe.audiencelabs.com.br\/a-idade-do-seu-cerebro-pode-estar-adiantada-ou-atrasada-veja-como-descobrir\/\",\"name\":\"A idade do seu c\u00e9rebro pode estar adiantada (ou atrasada): veja como descobrir\",\"isPartOf\":{\"@id\":\"https:\/\/crusoe.audiencelabs.com.br\/#website\"},\"primaryImageOfPage\":{\"@id\":\"https:\/\/crusoe.audiencelabs.com.br\/a-idade-do-seu-cerebro-pode-estar-adiantada-ou-atrasada-veja-como-descobrir\/#primaryimage\"},\"image\":{\"@id\":\"https:\/\/crusoe.audiencelabs.com.br\/a-idade-do-seu-cerebro-pode-estar-adiantada-ou-atrasada-veja-como-descobrir\/#primaryimage\"},\"thumbnailUrl\":\"https:\/\/cdn.crusoe.com.br\/uploads\/2026\/04\/058-060_cerebro_316-0-1140.jpg\",\"datePublished\":\"2026-04-07T18:37:21+00:00\",\"author\":{\"@id\":\"https:\/\/crusoe.audiencelabs.com.br\/#\/schema\/person\/9d0fb7a15db57f24b87bef41d034cb04\"},\"breadcrumb\":{\"@id\":\"https:\/\/crusoe.audiencelabs.com.br\/a-idade-do-seu-cerebro-pode-estar-adiantada-ou-atrasada-veja-como-descobrir\/#breadcrumb\"},\"inLanguage\":\"pt-BR\",\"potentialAction\":[{\"@type\":\"ReadAction\",\"target\":[\"https:\/\/crusoe.audiencelabs.com.br\/a-idade-do-seu-cerebro-pode-estar-adiantada-ou-atrasada-veja-como-descobrir\/\"]}]},{\"@type\":\"ImageObject\",\"inLanguage\":\"pt-BR\",\"@id\":\"https:\/\/crusoe.audiencelabs.com.br\/a-idade-do-seu-cerebro-pode-estar-adiantada-ou-atrasada-veja-como-descobrir\/#primaryimage\",\"url\":\"https:\/\/cdn.crusoe.com.br\/uploads\/2026\/04\/058-060_cerebro_316-0-1140.jpg\",\"contentUrl\":\"https:\/\/cdn.crusoe.com.br\/uploads\/2026\/04\/058-060_cerebro_316-0-1140.jpg\",\"width\":1140,\"height\":641,\"caption\":\"Por volta da metade da gesta\u00e7\u00e3o, o \u00f3rg\u00e3o s\u00f3 tem 10% do volume m\u00e1ximo que alcan\u00e7ar\u00e1 no adulto. Foto: Eduardo Cesar\u2009\/\u2009Revista Pesquisa FAPESP\"},{\"@type\":\"BreadcrumbList\",\"@id\":\"https:\/\/crusoe.audiencelabs.com.br\/a-idade-do-seu-cerebro-pode-estar-adiantada-ou-atrasada-veja-como-descobrir\/#breadcrumb\",\"itemListElement\":[{\"@type\":\"ListItem\",\"position\":1,\"name\":\"Home\",\"item\":\"https:\/\/crusoe.audiencelabs.com.br\/\"},{\"@type\":\"ListItem\",\"position\":2,\"name\":\"A idade do seu c\u00e9rebro pode estar adiantada (ou atrasada): veja como descobrir\"}]},{\"@type\":\"WebSite\",\"@id\":\"https:\/\/crusoe.audiencelabs.com.br\/#website\",\"url\":\"https:\/\/crusoe.audiencelabs.com.br\/\",\"name\":\"Variedades - Cruso\u00e9\",\"description\":\"\",\"potentialAction\":[{\"@type\":\"SearchAction\",\"target\":{\"@type\":\"EntryPoint\",\"urlTemplate\":\"https:\/\/crusoe.audiencelabs.com.br\/?s={search_term_string}\"},\"query-input\":{\"@type\":\"PropertyValueSpecification\",\"valueRequired\":true,\"valueName\":\"search_term_string\"}}],\"inLanguage\":\"pt-BR\"},{\"@type\":\"Person\",\"@id\":\"https:\/\/crusoe.audiencelabs.com.br\/#\/schema\/person\/9d0fb7a15db57f24b87bef41d034cb04\",\"name\":\"Sofia Volpi\",\"image\":{\"@type\":\"ImageObject\",\"inLanguage\":\"pt-BR\",\"@id\":\"https:\/\/crusoe.audiencelabs.com.br\/#\/schema\/person\/image\/\",\"url\":\"https:\/\/secure.gravatar.com\/avatar\/a34b676379e5491536434fe5f7a9c49c2efbf9be83b707fa9e74568d45d559f8?s=96&d=mm&r=g\",\"contentUrl\":\"https:\/\/secure.gravatar.com\/avatar\/a34b676379e5491536434fe5f7a9c49c2efbf9be83b707fa9e74568d45d559f8?s=96&d=mm&r=g\",\"caption\":\"Sofia Volpi\"},\"description\":\"Comunicadora, jornalista em forma\u00e7\u00e3o. Apaixonada por esportes e cultura, colunista.\",\"url\":\"https:\/\/crusoe.audiencelabs.com.br\/author\/sofiavolpi\/\"}]}<\/script>\n<!-- \/ Yoast SEO plugin. -->","yoast_head_json":{"title":"A idade do seu c\u00e9rebro pode estar adiantada (ou atrasada): veja como descobrir","robots":{"index":"index","follow":"follow","max-snippet":"max-snippet:-1","max-image-preview":"max-image-preview:large","max-video-preview":"max-video-preview:-1"},"canonical":"https:\/\/crusoe.audiencelabs.com.br\/a-idade-do-seu-cerebro-pode-estar-adiantada-ou-atrasada-veja-como-descobrir\/","og_locale":"pt_BR","og_type":"article","og_title":"A idade do seu c\u00e9rebro pode estar adiantada (ou atrasada): veja como descobrir","og_description":"A idade do c\u00e9rebro nem sempre acompanha a idade do calend\u00e1rio. Na neuroci\u00eancia, esse descompasso \u00e9 chamado de brain age gap, ou diferen\u00e7a entre a idade cronol\u00f3gica da pessoa e a idade estimada do c\u00e9rebro com base em exames, principalmente de resson\u00e2ncia magn\u00e9tica. Quando o c\u00e9rebro parece mais velho do que a idade real, os [&hellip;]","og_url":"https:\/\/crusoe.audiencelabs.com.br\/a-idade-do-seu-cerebro-pode-estar-adiantada-ou-atrasada-veja-como-descobrir\/","og_site_name":"Variedades - Cruso\u00e9","article_published_time":"2026-04-07T18:37:21+00:00","og_image":[{"width":1140,"height":641,"url":"https:\/\/cdn.crusoe.com.br\/uploads\/2026\/04\/058-060_cerebro_316-0-1140.jpg","type":"image\/jpeg"}],"author":"Sofia Volpi","twitter_card":"summary_large_image","twitter_misc":{"Escrito por":"Sofia Volpi","Est. tempo de leitura":"6 minutos"},"schema":{"@context":"https:\/\/schema.org","@graph":[{"@type":"WebPage","@id":"https:\/\/crusoe.audiencelabs.com.br\/a-idade-do-seu-cerebro-pode-estar-adiantada-ou-atrasada-veja-como-descobrir\/","url":"https:\/\/crusoe.audiencelabs.com.br\/a-idade-do-seu-cerebro-pode-estar-adiantada-ou-atrasada-veja-como-descobrir\/","name":"A idade do seu c\u00e9rebro pode estar adiantada (ou atrasada): veja como descobrir","isPartOf":{"@id":"https:\/\/crusoe.audiencelabs.com.br\/#website"},"primaryImageOfPage":{"@id":"https:\/\/crusoe.audiencelabs.com.br\/a-idade-do-seu-cerebro-pode-estar-adiantada-ou-atrasada-veja-como-descobrir\/#primaryimage"},"image":{"@id":"https:\/\/crusoe.audiencelabs.com.br\/a-idade-do-seu-cerebro-pode-estar-adiantada-ou-atrasada-veja-como-descobrir\/#primaryimage"},"thumbnailUrl":"https:\/\/cdn.crusoe.com.br\/uploads\/2026\/04\/058-060_cerebro_316-0-1140.jpg","datePublished":"2026-04-07T18:37:21+00:00","author":{"@id":"https:\/\/crusoe.audiencelabs.com.br\/#\/schema\/person\/9d0fb7a15db57f24b87bef41d034cb04"},"breadcrumb":{"@id":"https:\/\/crusoe.audiencelabs.com.br\/a-idade-do-seu-cerebro-pode-estar-adiantada-ou-atrasada-veja-como-descobrir\/#breadcrumb"},"inLanguage":"pt-BR","potentialAction":[{"@type":"ReadAction","target":["https:\/\/crusoe.audiencelabs.com.br\/a-idade-do-seu-cerebro-pode-estar-adiantada-ou-atrasada-veja-como-descobrir\/"]}]},{"@type":"ImageObject","inLanguage":"pt-BR","@id":"https:\/\/crusoe.audiencelabs.com.br\/a-idade-do-seu-cerebro-pode-estar-adiantada-ou-atrasada-veja-como-descobrir\/#primaryimage","url":"https:\/\/cdn.crusoe.com.br\/uploads\/2026\/04\/058-060_cerebro_316-0-1140.jpg","contentUrl":"https:\/\/cdn.crusoe.com.br\/uploads\/2026\/04\/058-060_cerebro_316-0-1140.jpg","width":1140,"height":641,"caption":"Por volta da metade da gesta\u00e7\u00e3o, o \u00f3rg\u00e3o s\u00f3 tem 10% do volume m\u00e1ximo que alcan\u00e7ar\u00e1 no adulto. Foto: Eduardo Cesar\u2009\/\u2009Revista Pesquisa FAPESP"},{"@type":"BreadcrumbList","@id":"https:\/\/crusoe.audiencelabs.com.br\/a-idade-do-seu-cerebro-pode-estar-adiantada-ou-atrasada-veja-como-descobrir\/#breadcrumb","itemListElement":[{"@type":"ListItem","position":1,"name":"Home","item":"https:\/\/crusoe.audiencelabs.com.br\/"},{"@type":"ListItem","position":2,"name":"A idade do seu c\u00e9rebro pode estar adiantada (ou atrasada): veja como descobrir"}]},{"@type":"WebSite","@id":"https:\/\/crusoe.audiencelabs.com.br\/#website","url":"https:\/\/crusoe.audiencelabs.com.br\/","name":"Variedades - Cruso\u00e9","description":"","potentialAction":[{"@type":"SearchAction","target":{"@type":"EntryPoint","urlTemplate":"https:\/\/crusoe.audiencelabs.com.br\/?s={search_term_string}"},"query-input":{"@type":"PropertyValueSpecification","valueRequired":true,"valueName":"search_term_string"}}],"inLanguage":"pt-BR"},{"@type":"Person","@id":"https:\/\/crusoe.audiencelabs.com.br\/#\/schema\/person\/9d0fb7a15db57f24b87bef41d034cb04","name":"Sofia Volpi","image":{"@type":"ImageObject","inLanguage":"pt-BR","@id":"https:\/\/crusoe.audiencelabs.com.br\/#\/schema\/person\/image\/","url":"https:\/\/secure.gravatar.com\/avatar\/a34b676379e5491536434fe5f7a9c49c2efbf9be83b707fa9e74568d45d559f8?s=96&d=mm&r=g","contentUrl":"https:\/\/secure.gravatar.com\/avatar\/a34b676379e5491536434fe5f7a9c49c2efbf9be83b707fa9e74568d45d559f8?s=96&d=mm&r=g","caption":"Sofia Volpi"},"description":"Comunicadora, jornalista em forma\u00e7\u00e3o. Apaixonada por esportes e cultura, colunista.","url":"https:\/\/crusoe.audiencelabs.com.br\/author\/sofiavolpi\/"}]}},"_links":{"self":[{"href":"https:\/\/crusoe.audiencelabs.com.br\/wp-json\/wp\/v2\/posts\/36534","targetHints":{"allow":["GET"]}}],"collection":[{"href":"https:\/\/crusoe.audiencelabs.com.br\/wp-json\/wp\/v2\/posts"}],"about":[{"href":"https:\/\/crusoe.audiencelabs.com.br\/wp-json\/wp\/v2\/types\/post"}],"author":[{"embeddable":true,"href":"https:\/\/crusoe.audiencelabs.com.br\/wp-json\/wp\/v2\/users\/17"}],"replies":[{"embeddable":true,"href":"https:\/\/crusoe.audiencelabs.com.br\/wp-json\/wp\/v2\/comments?post=36534"}],"version-history":[{"count":2,"href":"https:\/\/crusoe.audiencelabs.com.br\/wp-json\/wp\/v2\/posts\/36534\/revisions"}],"predecessor-version":[{"id":36540,"href":"https:\/\/crusoe.audiencelabs.com.br\/wp-json\/wp\/v2\/posts\/36534\/revisions\/36540"}],"wp:featuredmedia":[{"embeddable":true,"href":"https:\/\/crusoe.audiencelabs.com.br\/wp-json\/wp\/v2\/media\/36537"}],"wp:attachment":[{"href":"https:\/\/crusoe.audiencelabs.com.br\/wp-json\/wp\/v2\/media?parent=36534"}],"wp:term":[{"taxonomy":"category","embeddable":true,"href":"https:\/\/crusoe.audiencelabs.com.br\/wp-json\/wp\/v2\/categories?post=36534"},{"taxonomy":"post_tag","embeddable":true,"href":"https:\/\/crusoe.audiencelabs.com.br\/wp-json\/wp\/v2\/tags?post=36534"}],"curies":[{"name":"wp","href":"https:\/\/api.w.org\/{rel}","templated":true}]}}