{"id":36521,"date":"2026-04-07T10:02:57","date_gmt":"2026-04-07T13:02:57","guid":{"rendered":"https:\/\/crusoe.audiencelabs.com.br\/?p=36521"},"modified":"2026-04-07T08:59:48","modified_gmt":"2026-04-07T11:59:48","slug":"o-chocolate-amargo-vai-desaparecer-do-brasil-entenda-o-que-esta-acontecendo","status":"publish","type":"post","link":"https:\/\/crusoe.audiencelabs.com.br\/o-chocolate-amargo-vai-desaparecer-do-brasil-entenda-o-que-esta-acontecendo\/","title":{"rendered":"O chocolate amargo vai desaparecer do Brasil? Entenda o que est\u00e1 acontecendo"},"content":{"rendered":"<p>Com a tramita\u00e7\u00e3o do Projeto de Lei (PL) 1769\/2019 no Congresso Nacional, as defini\u00e7\u00f5es de chocolate podem mudar completamente no Brasil. A proposta prev\u00ea que termos como chocolate \u201camargo\u201d e \u201cmeio amargo\u201d devem ser substitu\u00eddos por crit\u00e9rios t\u00e9cnicos com base na quantidade de cacau presente no doce.<\/p>\n<p>Com a nova defini\u00e7\u00e3o, os chocolates amargos e at\u00e9 meio amargos podem deixar de existir nos supermercados, substitu\u00eddos por novas nomenclaturas.<\/p>\n<h2>O que \u00e9 esse PL?<\/h2>\n<p>O Projeto de Lei prop\u00f5e o estabelecimento de uma quantidade m\u00ednima de cacau nos chocolates para serem considerados como tal, al\u00e9m de obrigar que o teor de cacau fique \u00e0 mostra nas embalagens. Na pr\u00e1tica, o PL diz que para uma empresa poder vender um produto como chocolate, esse produto deve ter uma porcentagem de cacau.<\/p>\n<p>No caso dessa lei, para ser considerado chocolate, o doce dever\u00e1 conter pelo menos 35% de s\u00f3lidos de cacau. Ou seja, massa e manteiga de cacau. Se estiver abaixo dessa porcentagem, o produto n\u00e3o ser\u00e1 reconhecido como chocolate. A \u00fanica exce\u00e7\u00e3o desse caso \u00e9 o chocolate ao leite, que deve ter no m\u00ednimo 25% de s\u00f3lidos de cacau e 14% de leite ou derivados.<\/p>\n<p>Esse projeto tem o objetivo de garantir uma maior transpar\u00eancia ao consumidor sobre os produtos vendidos como chocolate. O PL prev\u00ea que o aviso do teor deve ocupar pelo menos 15% da \u00e1rea de r\u00f3tulo para que o consumidor possa ver com clareza.<\/p>\n<h2>O que isso muda na pr\u00e1tica?<\/h2>\n<p>Para o lado do consumidor, a engenheira de alimentos Priscila Efraim destaca que a mudan\u00e7a vai garantir maior consci\u00eancia nos consumidores. No caso, os clientes poder\u00e3o escolher chocolates com base no teor de cacau e n\u00e3o no &#8220;tipo de chocolate&#8221; escrito na caixa.<\/p>\n<p>J\u00e1 do lado das empresas, a mudan\u00e7a pode acarretar maiores custos de produ\u00e7\u00e3o. Grupos que produzem chocolates mais baratos ao &#8220;poupar&#8221; no cacau podem precisar de novas f\u00f3rmulas com maior teor da fruta. No entanto, o cacau \u00e9 o ingrediente de maior custo do chocolate. Com isso, o pre\u00e7o dos chocolates comuns no mercado pode aumentar e refletir no bolso do consumidor.<\/p>\n","protected":false},"excerpt":{"rendered":"<p>Com a tramita\u00e7\u00e3o do Projeto de Lei (PL) 1769\/2019 no Congresso Nacional, as defini\u00e7\u00f5es de chocolate podem mudar completamente no Brasil. A proposta prev\u00ea que termos como chocolate \u201camargo\u201d e \u201cmeio amargo\u201d devem ser substitu\u00eddos por crit\u00e9rios t\u00e9cnicos com base na quantidade de cacau presente no doce. Com a nova defini\u00e7\u00e3o, os chocolates amargos e [&hellip;]<\/p>\n","protected":false},"author":15,"featured_media":36522,"comment_status":"open","ping_status":"open","sticky":false,"template":"","format":"standard","meta":{"jnews-multi-image_gallery":[],"jnews_single_post":{"format":"standard","jnews_video_option_group":[[]],"override":[{"template":"2","parallax":"1","fullscreen":"1","layout":"right-sidebar","sidebar":"default-sidebar","second_sidebar":"default-sidebar","sticky_sidebar":"1","share_position":"hide","share_float_style":"share-monocrhome","show_featured":"1","show_post_meta":"1","show_post_author":"1","show_post_date":"1","post_date_format":"default","post_date_format_custom":"Y\/m\/d","show_post_category":"1","show_post_reading_time":"0","post_reading_time_wpm":"300","post_calculate_word_method":"str_word_count","show_zoom_button":"0","zoom_button_out_step":"2","zoom_button_in_step":"3","show_post_tag":"1","show_popup_post":"1","number_popup_post":"1","show_author_box":"1","show_post_related":"0"}],"image_override":[{"single_post_thumbnail_size":"crop-500","single_post_gallery_size":"crop-500"}],"trending_post_position":"meta","trending_post_label":"Trending","sponsored_post_label":"Sponsored by","disable_ad":"0","subtitle":"Nova lei pode causar o fim dos chocolates amargos e meio amargos nos supermercados brasileiros"},"jnews_primary_category":[],"jnews_override_counter":{"view_counter_number":"0","share_counter_number":"0","like_counter_number":"0","dislike_counter_number":"0"},"jnews_post_split":{"post_split":[{"template":"1","tag":"h2","numbering":"asc","mode":"normal","first":"0","enable_toc":"0","toc_type":"normal"}]},"footnotes":""},"categories":[1],"tags":[703,5581,1391,6873,3911,577,7014,7013],"class_list":["post-36521","post","type-post","status-publish","format-standard","has-post-thumbnail","hentry","category-geral","tag-alimentacao","tag-cacau","tag-chocolate","tag-congresso-nacional","tag-legislacao","tag-lei","tag-pl-1769-2019","tag-transparencia"],"yoast_head":"<!-- This site is optimized with the Yoast SEO plugin v25.0 - https:\/\/yoast.com\/wordpress\/plugins\/seo\/ -->\n<title>O chocolate amargo vai desaparecer do Brasil? Entenda o que est\u00e1 acontecendo<\/title>\n<meta name=\"robots\" content=\"index, follow, max-snippet:-1, max-image-preview:large, max-video-preview:-1\" \/>\n<link rel=\"canonical\" href=\"https:\/\/crusoe.audiencelabs.com.br\/o-chocolate-amargo-vai-desaparecer-do-brasil-entenda-o-que-esta-acontecendo\/\" \/>\n<meta property=\"og:locale\" content=\"pt_BR\" \/>\n<meta property=\"og:type\" content=\"article\" \/>\n<meta property=\"og:title\" content=\"O chocolate amargo vai desaparecer do Brasil? Entenda o que est\u00e1 acontecendo\" \/>\n<meta property=\"og:description\" content=\"Com a tramita\u00e7\u00e3o do Projeto de Lei (PL) 1769\/2019 no Congresso Nacional, as defini\u00e7\u00f5es de chocolate podem mudar completamente no Brasil. A proposta prev\u00ea que termos como chocolate \u201camargo\u201d e \u201cmeio amargo\u201d devem ser substitu\u00eddos por crit\u00e9rios t\u00e9cnicos com base na quantidade de cacau presente no doce. Com a nova defini\u00e7\u00e3o, os chocolates amargos e [&hellip;]\" \/>\n<meta property=\"og:url\" content=\"https:\/\/crusoe.audiencelabs.com.br\/o-chocolate-amargo-vai-desaparecer-do-brasil-entenda-o-que-esta-acontecendo\/\" \/>\n<meta property=\"og:site_name\" content=\"Variedades - Cruso\u00e9\" \/>\n<meta property=\"article:published_time\" content=\"2026-04-07T13:02:57+00:00\" \/>\n<meta property=\"og:image\" content=\"https:\/\/cdn.crusoe.com.br\/uploads\/2026\/04\/60-seconds-of-love-sr2QGGnzy8k-unsplash.jpg\" \/>\n\t<meta property=\"og:image:width\" content=\"640\" \/>\n\t<meta property=\"og:image:height\" content=\"427\" \/>\n\t<meta property=\"og:image:type\" content=\"image\/jpeg\" \/>\n<meta name=\"author\" content=\"J\u00falio Nesi\" \/>\n<meta name=\"twitter:card\" content=\"summary_large_image\" \/>\n<meta name=\"twitter:label1\" content=\"Escrito por\" \/>\n\t<meta name=\"twitter:data1\" content=\"J\u00falio Nesi\" \/>\n\t<meta name=\"twitter:label2\" content=\"Est. tempo de leitura\" \/>\n\t<meta name=\"twitter:data2\" content=\"3 minutos\" \/>\n<script type=\"application\/ld+json\" class=\"yoast-schema-graph\">{\"@context\":\"https:\/\/schema.org\",\"@graph\":[{\"@type\":\"WebPage\",\"@id\":\"https:\/\/crusoe.audiencelabs.com.br\/o-chocolate-amargo-vai-desaparecer-do-brasil-entenda-o-que-esta-acontecendo\/\",\"url\":\"https:\/\/crusoe.audiencelabs.com.br\/o-chocolate-amargo-vai-desaparecer-do-brasil-entenda-o-que-esta-acontecendo\/\",\"name\":\"O chocolate amargo vai desaparecer do Brasil? Entenda o que est\u00e1 acontecendo\",\"isPartOf\":{\"@id\":\"https:\/\/crusoe.audiencelabs.com.br\/#website\"},\"primaryImageOfPage\":{\"@id\":\"https:\/\/crusoe.audiencelabs.com.br\/o-chocolate-amargo-vai-desaparecer-do-brasil-entenda-o-que-esta-acontecendo\/#primaryimage\"},\"image\":{\"@id\":\"https:\/\/crusoe.audiencelabs.com.br\/o-chocolate-amargo-vai-desaparecer-do-brasil-entenda-o-que-esta-acontecendo\/#primaryimage\"},\"thumbnailUrl\":\"https:\/\/cdn.crusoe.com.br\/uploads\/2026\/04\/60-seconds-of-love-sr2QGGnzy8k-unsplash.jpg\",\"datePublished\":\"2026-04-07T13:02:57+00:00\",\"author\":{\"@id\":\"https:\/\/crusoe.audiencelabs.com.br\/#\/schema\/person\/0cca5874eda7d72cef71e77a9a9c2143\"},\"breadcrumb\":{\"@id\":\"https:\/\/crusoe.audiencelabs.com.br\/o-chocolate-amargo-vai-desaparecer-do-brasil-entenda-o-que-esta-acontecendo\/#breadcrumb\"},\"inLanguage\":\"pt-BR\",\"potentialAction\":[{\"@type\":\"ReadAction\",\"target\":[\"https:\/\/crusoe.audiencelabs.com.br\/o-chocolate-amargo-vai-desaparecer-do-brasil-entenda-o-que-esta-acontecendo\/\"]}]},{\"@type\":\"ImageObject\",\"inLanguage\":\"pt-BR\",\"@id\":\"https:\/\/crusoe.audiencelabs.com.br\/o-chocolate-amargo-vai-desaparecer-do-brasil-entenda-o-que-esta-acontecendo\/#primaryimage\",\"url\":\"https:\/\/cdn.crusoe.com.br\/uploads\/2026\/04\/60-seconds-of-love-sr2QGGnzy8k-unsplash.jpg\",\"contentUrl\":\"https:\/\/cdn.crusoe.com.br\/uploads\/2026\/04\/60-seconds-of-love-sr2QGGnzy8k-unsplash.jpg\",\"width\":640,\"height\":427,\"caption\":\"Reprodu\u00e7\u00e3o: Unsplash \/ 60 seconds Of love\"},{\"@type\":\"BreadcrumbList\",\"@id\":\"https:\/\/crusoe.audiencelabs.com.br\/o-chocolate-amargo-vai-desaparecer-do-brasil-entenda-o-que-esta-acontecendo\/#breadcrumb\",\"itemListElement\":[{\"@type\":\"ListItem\",\"position\":1,\"name\":\"Home\",\"item\":\"https:\/\/crusoe.audiencelabs.com.br\/\"},{\"@type\":\"ListItem\",\"position\":2,\"name\":\"O chocolate amargo vai desaparecer do Brasil? Entenda o que est\u00e1 acontecendo\"}]},{\"@type\":\"WebSite\",\"@id\":\"https:\/\/crusoe.audiencelabs.com.br\/#website\",\"url\":\"https:\/\/crusoe.audiencelabs.com.br\/\",\"name\":\"Variedades - Cruso\u00e9\",\"description\":\"\",\"potentialAction\":[{\"@type\":\"SearchAction\",\"target\":{\"@type\":\"EntryPoint\",\"urlTemplate\":\"https:\/\/crusoe.audiencelabs.com.br\/?s={search_term_string}\"},\"query-input\":{\"@type\":\"PropertyValueSpecification\",\"valueRequired\":true,\"valueName\":\"search_term_string\"}}],\"inLanguage\":\"pt-BR\"},{\"@type\":\"Person\",\"@id\":\"https:\/\/crusoe.audiencelabs.com.br\/#\/schema\/person\/0cca5874eda7d72cef71e77a9a9c2143\",\"name\":\"J\u00falio Nesi\",\"image\":{\"@type\":\"ImageObject\",\"inLanguage\":\"pt-BR\",\"@id\":\"https:\/\/crusoe.audiencelabs.com.br\/#\/schema\/person\/image\/\",\"url\":\"https:\/\/secure.gravatar.com\/avatar\/c22eb47c3e2320e71637346b980e09f63de9f75742d3335f94a26b83dff70473?s=96&d=mm&r=g\",\"contentUrl\":\"https:\/\/secure.gravatar.com\/avatar\/c22eb47c3e2320e71637346b980e09f63de9f75742d3335f94a26b83dff70473?s=96&d=mm&r=g\",\"caption\":\"J\u00falio Nesi\"},\"description\":\"Jornalista alagoano formado pela UFAL, j\u00e1 atuei em produ\u00e7\u00e3o de conte\u00fado digital para portais, r\u00e1dio e redes sociais.\",\"sameAs\":[\"www.linkedin.com\/in\/j\u00falio-nesi\"],\"url\":\"https:\/\/crusoe.audiencelabs.com.br\/author\/julionesi\/\"}]}<\/script>\n<!-- \/ Yoast SEO plugin. -->","yoast_head_json":{"title":"O chocolate amargo vai desaparecer do Brasil? Entenda o que est\u00e1 acontecendo","robots":{"index":"index","follow":"follow","max-snippet":"max-snippet:-1","max-image-preview":"max-image-preview:large","max-video-preview":"max-video-preview:-1"},"canonical":"https:\/\/crusoe.audiencelabs.com.br\/o-chocolate-amargo-vai-desaparecer-do-brasil-entenda-o-que-esta-acontecendo\/","og_locale":"pt_BR","og_type":"article","og_title":"O chocolate amargo vai desaparecer do Brasil? Entenda o que est\u00e1 acontecendo","og_description":"Com a tramita\u00e7\u00e3o do Projeto de Lei (PL) 1769\/2019 no Congresso Nacional, as defini\u00e7\u00f5es de chocolate podem mudar completamente no Brasil. A proposta prev\u00ea que termos como chocolate \u201camargo\u201d e \u201cmeio amargo\u201d devem ser substitu\u00eddos por crit\u00e9rios t\u00e9cnicos com base na quantidade de cacau presente no doce. Com a nova defini\u00e7\u00e3o, os chocolates amargos e [&hellip;]","og_url":"https:\/\/crusoe.audiencelabs.com.br\/o-chocolate-amargo-vai-desaparecer-do-brasil-entenda-o-que-esta-acontecendo\/","og_site_name":"Variedades - Cruso\u00e9","article_published_time":"2026-04-07T13:02:57+00:00","og_image":[{"width":640,"height":427,"url":"https:\/\/cdn.crusoe.com.br\/uploads\/2026\/04\/60-seconds-of-love-sr2QGGnzy8k-unsplash.jpg","type":"image\/jpeg"}],"author":"J\u00falio Nesi","twitter_card":"summary_large_image","twitter_misc":{"Escrito por":"J\u00falio Nesi","Est. tempo de leitura":"3 minutos"},"schema":{"@context":"https:\/\/schema.org","@graph":[{"@type":"WebPage","@id":"https:\/\/crusoe.audiencelabs.com.br\/o-chocolate-amargo-vai-desaparecer-do-brasil-entenda-o-que-esta-acontecendo\/","url":"https:\/\/crusoe.audiencelabs.com.br\/o-chocolate-amargo-vai-desaparecer-do-brasil-entenda-o-que-esta-acontecendo\/","name":"O chocolate amargo vai desaparecer do Brasil? Entenda o que est\u00e1 acontecendo","isPartOf":{"@id":"https:\/\/crusoe.audiencelabs.com.br\/#website"},"primaryImageOfPage":{"@id":"https:\/\/crusoe.audiencelabs.com.br\/o-chocolate-amargo-vai-desaparecer-do-brasil-entenda-o-que-esta-acontecendo\/#primaryimage"},"image":{"@id":"https:\/\/crusoe.audiencelabs.com.br\/o-chocolate-amargo-vai-desaparecer-do-brasil-entenda-o-que-esta-acontecendo\/#primaryimage"},"thumbnailUrl":"https:\/\/cdn.crusoe.com.br\/uploads\/2026\/04\/60-seconds-of-love-sr2QGGnzy8k-unsplash.jpg","datePublished":"2026-04-07T13:02:57+00:00","author":{"@id":"https:\/\/crusoe.audiencelabs.com.br\/#\/schema\/person\/0cca5874eda7d72cef71e77a9a9c2143"},"breadcrumb":{"@id":"https:\/\/crusoe.audiencelabs.com.br\/o-chocolate-amargo-vai-desaparecer-do-brasil-entenda-o-que-esta-acontecendo\/#breadcrumb"},"inLanguage":"pt-BR","potentialAction":[{"@type":"ReadAction","target":["https:\/\/crusoe.audiencelabs.com.br\/o-chocolate-amargo-vai-desaparecer-do-brasil-entenda-o-que-esta-acontecendo\/"]}]},{"@type":"ImageObject","inLanguage":"pt-BR","@id":"https:\/\/crusoe.audiencelabs.com.br\/o-chocolate-amargo-vai-desaparecer-do-brasil-entenda-o-que-esta-acontecendo\/#primaryimage","url":"https:\/\/cdn.crusoe.com.br\/uploads\/2026\/04\/60-seconds-of-love-sr2QGGnzy8k-unsplash.jpg","contentUrl":"https:\/\/cdn.crusoe.com.br\/uploads\/2026\/04\/60-seconds-of-love-sr2QGGnzy8k-unsplash.jpg","width":640,"height":427,"caption":"Reprodu\u00e7\u00e3o: Unsplash \/ 60 seconds Of love"},{"@type":"BreadcrumbList","@id":"https:\/\/crusoe.audiencelabs.com.br\/o-chocolate-amargo-vai-desaparecer-do-brasil-entenda-o-que-esta-acontecendo\/#breadcrumb","itemListElement":[{"@type":"ListItem","position":1,"name":"Home","item":"https:\/\/crusoe.audiencelabs.com.br\/"},{"@type":"ListItem","position":2,"name":"O chocolate amargo vai desaparecer do Brasil? Entenda o que est\u00e1 acontecendo"}]},{"@type":"WebSite","@id":"https:\/\/crusoe.audiencelabs.com.br\/#website","url":"https:\/\/crusoe.audiencelabs.com.br\/","name":"Variedades - Cruso\u00e9","description":"","potentialAction":[{"@type":"SearchAction","target":{"@type":"EntryPoint","urlTemplate":"https:\/\/crusoe.audiencelabs.com.br\/?s={search_term_string}"},"query-input":{"@type":"PropertyValueSpecification","valueRequired":true,"valueName":"search_term_string"}}],"inLanguage":"pt-BR"},{"@type":"Person","@id":"https:\/\/crusoe.audiencelabs.com.br\/#\/schema\/person\/0cca5874eda7d72cef71e77a9a9c2143","name":"J\u00falio Nesi","image":{"@type":"ImageObject","inLanguage":"pt-BR","@id":"https:\/\/crusoe.audiencelabs.com.br\/#\/schema\/person\/image\/","url":"https:\/\/secure.gravatar.com\/avatar\/c22eb47c3e2320e71637346b980e09f63de9f75742d3335f94a26b83dff70473?s=96&d=mm&r=g","contentUrl":"https:\/\/secure.gravatar.com\/avatar\/c22eb47c3e2320e71637346b980e09f63de9f75742d3335f94a26b83dff70473?s=96&d=mm&r=g","caption":"J\u00falio Nesi"},"description":"Jornalista alagoano formado pela UFAL, j\u00e1 atuei em produ\u00e7\u00e3o de conte\u00fado digital para portais, r\u00e1dio e redes sociais.","sameAs":["www.linkedin.com\/in\/j\u00falio-nesi"],"url":"https:\/\/crusoe.audiencelabs.com.br\/author\/julionesi\/"}]}},"_links":{"self":[{"href":"https:\/\/crusoe.audiencelabs.com.br\/wp-json\/wp\/v2\/posts\/36521","targetHints":{"allow":["GET"]}}],"collection":[{"href":"https:\/\/crusoe.audiencelabs.com.br\/wp-json\/wp\/v2\/posts"}],"about":[{"href":"https:\/\/crusoe.audiencelabs.com.br\/wp-json\/wp\/v2\/types\/post"}],"author":[{"embeddable":true,"href":"https:\/\/crusoe.audiencelabs.com.br\/wp-json\/wp\/v2\/users\/15"}],"replies":[{"embeddable":true,"href":"https:\/\/crusoe.audiencelabs.com.br\/wp-json\/wp\/v2\/comments?post=36521"}],"version-history":[{"count":1,"href":"https:\/\/crusoe.audiencelabs.com.br\/wp-json\/wp\/v2\/posts\/36521\/revisions"}],"predecessor-version":[{"id":36526,"href":"https:\/\/crusoe.audiencelabs.com.br\/wp-json\/wp\/v2\/posts\/36521\/revisions\/36526"}],"wp:featuredmedia":[{"embeddable":true,"href":"https:\/\/crusoe.audiencelabs.com.br\/wp-json\/wp\/v2\/media\/36522"}],"wp:attachment":[{"href":"https:\/\/crusoe.audiencelabs.com.br\/wp-json\/wp\/v2\/media?parent=36521"}],"wp:term":[{"taxonomy":"category","embeddable":true,"href":"https:\/\/crusoe.audiencelabs.com.br\/wp-json\/wp\/v2\/categories?post=36521"},{"taxonomy":"post_tag","embeddable":true,"href":"https:\/\/crusoe.audiencelabs.com.br\/wp-json\/wp\/v2\/tags?post=36521"}],"curies":[{"name":"wp","href":"https:\/\/api.w.org\/{rel}","templated":true}]}}