{"id":36462,"date":"2026-04-06T15:57:41","date_gmt":"2026-04-06T18:57:41","guid":{"rendered":"https:\/\/crusoe.audiencelabs.com.br\/?p=36462"},"modified":"2026-04-06T15:57:41","modified_gmt":"2026-04-06T18:57:41","slug":"calor-extremo-pode-atingir-todo-o-brasil-em-2026-aponta-estudo","status":"publish","type":"post","link":"https:\/\/crusoe.audiencelabs.com.br\/calor-extremo-pode-atingir-todo-o-brasil-em-2026-aponta-estudo\/","title":{"rendered":"Calor extremo pode atingir todo o Brasil em 2026, aponta estudo"},"content":{"rendered":"<p><span style=\"font-weight: 400\">O risco de um \u201cdesastre t\u00e9rmico\u201d no Brasil em 2026 entrou no radar de especialistas depois dos alertas sobre a poss\u00edvel forma\u00e7\u00e3o de um novo El Ni\u00f1o no segundo semestre, em um planeta que j\u00e1 vive sob os efeitos da crise clim\u00e1tica. A preocupa\u00e7\u00e3o n\u00e3o est\u00e1 apenas em recordes pontuais de temperatura, mas na chance de o pa\u00eds enfrentar ondas de calor mais longas, mais frequentes e com efeitos mais pesados sobre a rotina da popula\u00e7\u00e3o mundial.<\/span><\/p>\n<p><span style=\"font-weight: 400\">Dados do INMET indicam 62% de probabilidade de forma\u00e7\u00e3o do El Ni\u00f1o no trimestre entre junho e agosto e mais de 80% de chance de persist\u00eancia do fen\u00f4meno a partir de agosto at\u00e9 o fim de 2026. A NOAA tamb\u00e9m apontou, em mar\u00e7o, uma probabilidade de 62% de surgimento do fen\u00f4meno nesse mesmo per\u00edodo, o que refor\u00e7a o cen\u00e1rio de aten\u00e7\u00e3o para os pr\u00f3ximos meses.<\/span><\/p>\n<p><span style=\"font-weight: 400\">O El Ni\u00f1o encontraria um pa\u00eds que j\u00e1 vem registrando eventos extremos, com sucessivas ondas de calor e secas mais intensas, o que aumenta o potencial de agravamento. Na pr\u00e1tica, isso significa que o calor pode deixar de ser apenas um desconforto sazonal e passar a pressionar a sa\u00fade p\u00fablica, o consumo de energia, o abastecimento e a produ\u00e7\u00e3o de alimentos.<\/span><\/p>\n<h3><b>Calor prolongado pesa mais do que recorde isolado<\/b><\/h3>\n<p><span style=\"font-weight: 400\">Segundo o <\/span><b>Lancet Countdown<\/b><span style=\"font-weight: 400\">, um dos principais relat\u00f3rios internacionais sobre sa\u00fade e clima, o impacto do calor extremo n\u00e3o se resume \u00e0 temperatura m\u00e1xima registrada durante o dia. O relat\u00f3rio aponta que a exposi\u00e7\u00e3o ao calor tamb\u00e9m afeta o sono e a produtividade, sobretudo quando as temperaturas permanecem elevadas durante a noite, o que reduz o tempo de recupera\u00e7\u00e3o do corpo entre um dia e outro. Em 2024, a perda de horas de sono associada ao calor chegou a um recorde global, com aumento de 9% em rela\u00e7\u00e3o \u00e0 m\u00e9dia de 1986 a 2005.\u00a0<\/span><\/p>\n<p><span style=\"font-weight: 400\">No Brasil, a <\/span><b>Fiocruz<\/b><span style=\"font-weight: 400\"> aponta que as ondas de calor representam maior risco para idosos e para pessoas com doen\u00e7as cr\u00f4nicas, como diabetes, hipertens\u00e3o, Alzheimer, insufici\u00eancia renal e problemas cardiovasculares. A institui\u00e7\u00e3o tamb\u00e9m tem destacado que esse impacto n\u00e3o atinge todos os grupos da mesma forma: dados do Observat\u00f3rio de Clima e Sa\u00fade mostram que os efeitos das ondas de calor s\u00e3o mais intensos entre pessoas pretas e pardas, pessoas com baixa escolaridade, idosos e mulheres.<\/span><\/p>\n<p><span style=\"font-weight: 400\">A express\u00e3o \u201cdesastre t\u00e9rmico\u201d ganhou for\u00e7a exatamente por isso, ela tenta dar nome a um fen\u00f4meno que nem sempre produz imagens espetaculares, como enchentes ou deslizamentos, mas que se espalha pela vida cotidiana de forma silenciosa, desgastando a sa\u00fade, a produtividade e a infraestrutura das cidades.<\/span><\/p>\n<h3><b>El Ni\u00f1o pode mexer com chuva, seca e energia<\/b><\/h3>\n<p><span style=\"font-weight: 400\">No Brasil, o El Ni\u00f1o costuma alterar o regime de chuvas e a distribui\u00e7\u00e3o de calor entre as regi\u00f5es. Segundo o INMET, o fen\u00f4meno pode reduzir chuvas em partes do Norte e do Nordeste e tamb\u00e9m afetar \u00e1reas do Centro-Oeste e do Sudeste, favorecendo estiagens e agravando per\u00edodos secos.<\/span><\/p>\n<p><span style=\"font-weight: 400\">Esse quadro tem efeito em cadeia: menos chuva e mais calor afetam reservat\u00f3rios, elevam a demanda por energia el\u00e9trica e prejudicam a produ\u00e7\u00e3o agr\u00edcola, o que pode pressionar pre\u00e7os e ampliar o custo de vida. O calor extremo, portanto, n\u00e3o fica restrito \u00e0 previs\u00e3o do tempo, ele entra na conta de luz, no abastecimento e no or\u00e7amento das fam\u00edlias.<\/span><\/p>\n<p><span style=\"font-weight: 400\">Ainda assim, especialistas evitam tratar o pior cen\u00e1rio como certeza. A NOAA ressalta que a intensidade do poss\u00edvel El Ni\u00f1o de 2026 ainda \u00e9 incerta, o que exige cuidado para n\u00e3o transformar probabilidade em fato consumado. O alerta, por\u00e9m, \u00e9 suficiente para mostrar que o pa\u00eds precisa acompanhar o segundo semestre com mais aten\u00e7\u00e3o.<\/span><\/p>\n<h3><b>Brasil discute agora um calor que virou problema estrutural<\/b><\/h3>\n<p><span style=\"font-weight: 400\">O centro da discuss\u00e3o j\u00e1 n\u00e3o est\u00e1 apenas em saber se 2026 ser\u00e1 \u201cmuito quente\u201d. A quest\u00e3o mais importante \u00e9 o quanto o pa\u00eds est\u00e1 preparado para conviver com extremos t\u00e9rmicos cada vez mais comuns em um cen\u00e1rio de aquecimento global. Esse debate envolve sa\u00fade p\u00fablica, planejamento urbano, adapta\u00e7\u00e3o clim\u00e1tica e capacidade de resposta do poder p\u00fablico.<\/span><\/p>\n<p><span style=\"font-weight: 400\">As cidades brasileiras ainda mostram muitas fragilidades nesse campo: com a falta de arboriza\u00e7\u00e3o, faltam estrat\u00e9gias de resfriamento urbano e sobram \u00e1reas em que concreto e asfalto ampliam as chamadas ilhas de calor. <\/span><a href=\"https:\/\/wmo.int\/news\/media-centre\/extreme-weather-and-climate-impacts-bite-latin-america-and-caribbean?utm_source=chatgpt.com\"><span style=\"font-weight: 400\">A Organiza\u00e7\u00e3o Meteorol\u00f3gica Mundial mostrou que a Am\u00e9rica Latina<\/span><\/a><span style=\"font-weight: 400\"> e o Caribe tiveram, em 2024, temperatura m\u00e9dia 0,90\u00b0C acima da m\u00e9dia de 1991-2020, e classificou o ano como o mais quente ou o segundo mais quente j\u00e1 registrado em partes importantes da regi\u00e3o.\u00a0<\/span><\/p>\n<p><span style=\"font-weight: 400\">Nessas regi\u00f5es, o aumento da temperatura pesa mais e o cotidiano se torna mais hostil, a pr\u00f3pria ONU-Habitat trata esse tipo de solu\u00e7\u00e3o como parte central do repert\u00f3rio de <\/span><a href=\"https:\/\/unhabitat.org\/sites\/default\/files\/2025\/12\/nbs_integration_into_urban_and_territorial_planning_-_final.pdf?utm_source=chatgpt.com\"><span style=\"font-weight: 400\">Solu\u00e7\u00f5es Baseadas na Natureza<\/span><\/a><span style=\"font-weight: 400\">, que incluem corredores verdes, florestas urbanas, \u00e1reas alag\u00e1veis restauradas e outras formas de infraestrutura ecol\u00f3gica que reduzem temperatura e aumentam resili\u00eancia.<\/span><\/p>\n<p>&nbsp;<\/p>\n","protected":false},"excerpt":{"rendered":"<p>O risco de um \u201cdesastre t\u00e9rmico\u201d no Brasil em 2026 entrou no radar de especialistas depois dos alertas sobre a poss\u00edvel forma\u00e7\u00e3o de um novo El Ni\u00f1o no segundo semestre, em um planeta que j\u00e1 vive sob os efeitos da crise clim\u00e1tica. A preocupa\u00e7\u00e3o n\u00e3o est\u00e1 apenas em recordes pontuais de temperatura, mas na chance [&hellip;]<\/p>\n","protected":false},"author":17,"featured_media":36465,"comment_status":"open","ping_status":"open","sticky":false,"template":"","format":"standard","meta":{"jnews-multi-image_gallery":[],"jnews_single_post":{"format":"standard","jnews_video_option_group":[[]],"override":[{"template":"2","parallax":"1","fullscreen":"1","layout":"right-sidebar","sidebar":"default-sidebar","second_sidebar":"default-sidebar","sticky_sidebar":"1","share_position":"hide","share_float_style":"share-monocrhome","show_featured":"1","show_post_meta":"1","show_post_author":"1","show_post_date":"1","post_date_format":"default","post_date_format_custom":"Y\/m\/d","show_post_category":"1","show_post_reading_time":"0","post_reading_time_wpm":"300","post_calculate_word_method":"str_word_count","show_zoom_button":"0","zoom_button_out_step":"2","zoom_button_in_step":"3","show_post_tag":"1","show_popup_post":"1","number_popup_post":"1","show_author_box":"1","show_post_related":"0"}],"image_override":[{"single_post_thumbnail_size":"crop-500","single_post_gallery_size":"crop-500"}],"trending_post_position":"meta","trending_post_label":"Trending","sponsored_post_label":"Sponsored by","disable_ad":"0","subtitle":"Poss\u00edvel volta do El Ni\u00f1o soma for\u00e7a \u00e0 crise clim\u00e1tica e coloca no horizonte um cen\u00e1rio de ondas de calor mais longas, secas e press\u00e3o sobre sa\u00fade, energia e alimentos"},"jnews_primary_category":[],"jnews_override_counter":{"view_counter_number":"0","share_counter_number":"0","like_counter_number":"0","dislike_counter_number":"0"},"jnews_post_split":{"post_split":[{"template":"1","tag":"h2","numbering":"asc","mode":"normal","first":"0","enable_toc":"0","toc_type":"normal"}]},"footnotes":""},"categories":[1],"tags":[],"class_list":["post-36462","post","type-post","status-publish","format-standard","has-post-thumbnail","hentry","category-geral"],"yoast_head":"<!-- This site is optimized with the Yoast SEO plugin v25.0 - https:\/\/yoast.com\/wordpress\/plugins\/seo\/ -->\n<title>Calor extremo pode atingir todo o Brasil em 2026, aponta estudo<\/title>\n<meta name=\"robots\" content=\"index, follow, max-snippet:-1, max-image-preview:large, max-video-preview:-1\" \/>\n<link rel=\"canonical\" href=\"https:\/\/crusoe.audiencelabs.com.br\/calor-extremo-pode-atingir-todo-o-brasil-em-2026-aponta-estudo\/\" \/>\n<meta property=\"og:locale\" content=\"pt_BR\" \/>\n<meta property=\"og:type\" content=\"article\" \/>\n<meta property=\"og:title\" content=\"Calor extremo pode atingir todo o Brasil em 2026, aponta estudo\" \/>\n<meta property=\"og:description\" content=\"O risco de um \u201cdesastre t\u00e9rmico\u201d no Brasil em 2026 entrou no radar de especialistas depois dos alertas sobre a poss\u00edvel forma\u00e7\u00e3o de um novo El Ni\u00f1o no segundo semestre, em um planeta que j\u00e1 vive sob os efeitos da crise clim\u00e1tica. A preocupa\u00e7\u00e3o n\u00e3o est\u00e1 apenas em recordes pontuais de temperatura, mas na chance [&hellip;]\" \/>\n<meta property=\"og:url\" content=\"https:\/\/crusoe.audiencelabs.com.br\/calor-extremo-pode-atingir-todo-o-brasil-em-2026-aponta-estudo\/\" \/>\n<meta property=\"og:site_name\" content=\"Variedades - Cruso\u00e9\" \/>\n<meta property=\"article:published_time\" content=\"2026-04-06T18:57:41+00:00\" \/>\n<meta property=\"og:image\" content=\"https:\/\/cdn.crusoe.com.br\/uploads\/2026\/04\/1745341180431.webp\" \/>\n\t<meta property=\"og:image:width\" content=\"1170\" \/>\n\t<meta property=\"og:image:height\" content=\"700\" \/>\n\t<meta property=\"og:image:type\" content=\"image\/webp\" \/>\n<meta name=\"author\" content=\"Sofia Volpi\" \/>\n<meta name=\"twitter:card\" content=\"summary_large_image\" \/>\n<meta name=\"twitter:label1\" content=\"Escrito por\" \/>\n\t<meta name=\"twitter:data1\" content=\"Sofia Volpi\" \/>\n\t<meta name=\"twitter:label2\" content=\"Est. tempo de leitura\" \/>\n\t<meta name=\"twitter:data2\" content=\"5 minutos\" \/>\n<script type=\"application\/ld+json\" class=\"yoast-schema-graph\">{\"@context\":\"https:\/\/schema.org\",\"@graph\":[{\"@type\":\"WebPage\",\"@id\":\"https:\/\/crusoe.audiencelabs.com.br\/calor-extremo-pode-atingir-todo-o-brasil-em-2026-aponta-estudo\/\",\"url\":\"https:\/\/crusoe.audiencelabs.com.br\/calor-extremo-pode-atingir-todo-o-brasil-em-2026-aponta-estudo\/\",\"name\":\"Calor extremo pode atingir todo o Brasil em 2026, aponta estudo\",\"isPartOf\":{\"@id\":\"https:\/\/crusoe.audiencelabs.com.br\/#website\"},\"primaryImageOfPage\":{\"@id\":\"https:\/\/crusoe.audiencelabs.com.br\/calor-extremo-pode-atingir-todo-o-brasil-em-2026-aponta-estudo\/#primaryimage\"},\"image\":{\"@id\":\"https:\/\/crusoe.audiencelabs.com.br\/calor-extremo-pode-atingir-todo-o-brasil-em-2026-aponta-estudo\/#primaryimage\"},\"thumbnailUrl\":\"https:\/\/cdn.crusoe.com.br\/uploads\/2026\/04\/1745341180431.webp\",\"datePublished\":\"2026-04-06T18:57:41+00:00\",\"author\":{\"@id\":\"https:\/\/crusoe.audiencelabs.com.br\/#\/schema\/person\/9d0fb7a15db57f24b87bef41d034cb04\"},\"breadcrumb\":{\"@id\":\"https:\/\/crusoe.audiencelabs.com.br\/calor-extremo-pode-atingir-todo-o-brasil-em-2026-aponta-estudo\/#breadcrumb\"},\"inLanguage\":\"pt-BR\",\"potentialAction\":[{\"@type\":\"ReadAction\",\"target\":[\"https:\/\/crusoe.audiencelabs.com.br\/calor-extremo-pode-atingir-todo-o-brasil-em-2026-aponta-estudo\/\"]}]},{\"@type\":\"ImageObject\",\"inLanguage\":\"pt-BR\",\"@id\":\"https:\/\/crusoe.audiencelabs.com.br\/calor-extremo-pode-atingir-todo-o-brasil-em-2026-aponta-estudo\/#primaryimage\",\"url\":\"https:\/\/cdn.crusoe.com.br\/uploads\/2026\/04\/1745341180431.webp\",\"contentUrl\":\"https:\/\/cdn.crusoe.com.br\/uploads\/2026\/04\/1745341180431.webp\",\"width\":1170,\"height\":700,\"caption\":\"A falta de arboriza\u00e7\u00e3o urbana incomoda no dia-a-dia. - Foto: Jo\u00e9dson Alves\/Ag\u00eancia Brasil\"},{\"@type\":\"BreadcrumbList\",\"@id\":\"https:\/\/crusoe.audiencelabs.com.br\/calor-extremo-pode-atingir-todo-o-brasil-em-2026-aponta-estudo\/#breadcrumb\",\"itemListElement\":[{\"@type\":\"ListItem\",\"position\":1,\"name\":\"Home\",\"item\":\"https:\/\/crusoe.audiencelabs.com.br\/\"},{\"@type\":\"ListItem\",\"position\":2,\"name\":\"Calor extremo pode atingir todo o Brasil em 2026, aponta estudo\"}]},{\"@type\":\"WebSite\",\"@id\":\"https:\/\/crusoe.audiencelabs.com.br\/#website\",\"url\":\"https:\/\/crusoe.audiencelabs.com.br\/\",\"name\":\"Variedades - Cruso\u00e9\",\"description\":\"\",\"potentialAction\":[{\"@type\":\"SearchAction\",\"target\":{\"@type\":\"EntryPoint\",\"urlTemplate\":\"https:\/\/crusoe.audiencelabs.com.br\/?s={search_term_string}\"},\"query-input\":{\"@type\":\"PropertyValueSpecification\",\"valueRequired\":true,\"valueName\":\"search_term_string\"}}],\"inLanguage\":\"pt-BR\"},{\"@type\":\"Person\",\"@id\":\"https:\/\/crusoe.audiencelabs.com.br\/#\/schema\/person\/9d0fb7a15db57f24b87bef41d034cb04\",\"name\":\"Sofia Volpi\",\"image\":{\"@type\":\"ImageObject\",\"inLanguage\":\"pt-BR\",\"@id\":\"https:\/\/crusoe.audiencelabs.com.br\/#\/schema\/person\/image\/\",\"url\":\"https:\/\/secure.gravatar.com\/avatar\/a34b676379e5491536434fe5f7a9c49c2efbf9be83b707fa9e74568d45d559f8?s=96&d=mm&r=g\",\"contentUrl\":\"https:\/\/secure.gravatar.com\/avatar\/a34b676379e5491536434fe5f7a9c49c2efbf9be83b707fa9e74568d45d559f8?s=96&d=mm&r=g\",\"caption\":\"Sofia Volpi\"},\"description\":\"Comunicadora, jornalista em forma\u00e7\u00e3o. Apaixonada por esportes e cultura, colunista.\",\"url\":\"https:\/\/crusoe.audiencelabs.com.br\/author\/sofiavolpi\/\"}]}<\/script>\n<!-- \/ Yoast SEO plugin. -->","yoast_head_json":{"title":"Calor extremo pode atingir todo o Brasil em 2026, aponta estudo","robots":{"index":"index","follow":"follow","max-snippet":"max-snippet:-1","max-image-preview":"max-image-preview:large","max-video-preview":"max-video-preview:-1"},"canonical":"https:\/\/crusoe.audiencelabs.com.br\/calor-extremo-pode-atingir-todo-o-brasil-em-2026-aponta-estudo\/","og_locale":"pt_BR","og_type":"article","og_title":"Calor extremo pode atingir todo o Brasil em 2026, aponta estudo","og_description":"O risco de um \u201cdesastre t\u00e9rmico\u201d no Brasil em 2026 entrou no radar de especialistas depois dos alertas sobre a poss\u00edvel forma\u00e7\u00e3o de um novo El Ni\u00f1o no segundo semestre, em um planeta que j\u00e1 vive sob os efeitos da crise clim\u00e1tica. A preocupa\u00e7\u00e3o n\u00e3o est\u00e1 apenas em recordes pontuais de temperatura, mas na chance [&hellip;]","og_url":"https:\/\/crusoe.audiencelabs.com.br\/calor-extremo-pode-atingir-todo-o-brasil-em-2026-aponta-estudo\/","og_site_name":"Variedades - Cruso\u00e9","article_published_time":"2026-04-06T18:57:41+00:00","og_image":[{"width":1170,"height":700,"url":"https:\/\/cdn.crusoe.com.br\/uploads\/2026\/04\/1745341180431.webp","type":"image\/webp"}],"author":"Sofia Volpi","twitter_card":"summary_large_image","twitter_misc":{"Escrito por":"Sofia Volpi","Est. tempo de leitura":"5 minutos"},"schema":{"@context":"https:\/\/schema.org","@graph":[{"@type":"WebPage","@id":"https:\/\/crusoe.audiencelabs.com.br\/calor-extremo-pode-atingir-todo-o-brasil-em-2026-aponta-estudo\/","url":"https:\/\/crusoe.audiencelabs.com.br\/calor-extremo-pode-atingir-todo-o-brasil-em-2026-aponta-estudo\/","name":"Calor extremo pode atingir todo o Brasil em 2026, aponta estudo","isPartOf":{"@id":"https:\/\/crusoe.audiencelabs.com.br\/#website"},"primaryImageOfPage":{"@id":"https:\/\/crusoe.audiencelabs.com.br\/calor-extremo-pode-atingir-todo-o-brasil-em-2026-aponta-estudo\/#primaryimage"},"image":{"@id":"https:\/\/crusoe.audiencelabs.com.br\/calor-extremo-pode-atingir-todo-o-brasil-em-2026-aponta-estudo\/#primaryimage"},"thumbnailUrl":"https:\/\/cdn.crusoe.com.br\/uploads\/2026\/04\/1745341180431.webp","datePublished":"2026-04-06T18:57:41+00:00","author":{"@id":"https:\/\/crusoe.audiencelabs.com.br\/#\/schema\/person\/9d0fb7a15db57f24b87bef41d034cb04"},"breadcrumb":{"@id":"https:\/\/crusoe.audiencelabs.com.br\/calor-extremo-pode-atingir-todo-o-brasil-em-2026-aponta-estudo\/#breadcrumb"},"inLanguage":"pt-BR","potentialAction":[{"@type":"ReadAction","target":["https:\/\/crusoe.audiencelabs.com.br\/calor-extremo-pode-atingir-todo-o-brasil-em-2026-aponta-estudo\/"]}]},{"@type":"ImageObject","inLanguage":"pt-BR","@id":"https:\/\/crusoe.audiencelabs.com.br\/calor-extremo-pode-atingir-todo-o-brasil-em-2026-aponta-estudo\/#primaryimage","url":"https:\/\/cdn.crusoe.com.br\/uploads\/2026\/04\/1745341180431.webp","contentUrl":"https:\/\/cdn.crusoe.com.br\/uploads\/2026\/04\/1745341180431.webp","width":1170,"height":700,"caption":"A falta de arboriza\u00e7\u00e3o urbana incomoda no dia-a-dia. - Foto: Jo\u00e9dson Alves\/Ag\u00eancia Brasil"},{"@type":"BreadcrumbList","@id":"https:\/\/crusoe.audiencelabs.com.br\/calor-extremo-pode-atingir-todo-o-brasil-em-2026-aponta-estudo\/#breadcrumb","itemListElement":[{"@type":"ListItem","position":1,"name":"Home","item":"https:\/\/crusoe.audiencelabs.com.br\/"},{"@type":"ListItem","position":2,"name":"Calor extremo pode atingir todo o Brasil em 2026, aponta estudo"}]},{"@type":"WebSite","@id":"https:\/\/crusoe.audiencelabs.com.br\/#website","url":"https:\/\/crusoe.audiencelabs.com.br\/","name":"Variedades - Cruso\u00e9","description":"","potentialAction":[{"@type":"SearchAction","target":{"@type":"EntryPoint","urlTemplate":"https:\/\/crusoe.audiencelabs.com.br\/?s={search_term_string}"},"query-input":{"@type":"PropertyValueSpecification","valueRequired":true,"valueName":"search_term_string"}}],"inLanguage":"pt-BR"},{"@type":"Person","@id":"https:\/\/crusoe.audiencelabs.com.br\/#\/schema\/person\/9d0fb7a15db57f24b87bef41d034cb04","name":"Sofia Volpi","image":{"@type":"ImageObject","inLanguage":"pt-BR","@id":"https:\/\/crusoe.audiencelabs.com.br\/#\/schema\/person\/image\/","url":"https:\/\/secure.gravatar.com\/avatar\/a34b676379e5491536434fe5f7a9c49c2efbf9be83b707fa9e74568d45d559f8?s=96&d=mm&r=g","contentUrl":"https:\/\/secure.gravatar.com\/avatar\/a34b676379e5491536434fe5f7a9c49c2efbf9be83b707fa9e74568d45d559f8?s=96&d=mm&r=g","caption":"Sofia Volpi"},"description":"Comunicadora, jornalista em forma\u00e7\u00e3o. Apaixonada por esportes e cultura, colunista.","url":"https:\/\/crusoe.audiencelabs.com.br\/author\/sofiavolpi\/"}]}},"_links":{"self":[{"href":"https:\/\/crusoe.audiencelabs.com.br\/wp-json\/wp\/v2\/posts\/36462","targetHints":{"allow":["GET"]}}],"collection":[{"href":"https:\/\/crusoe.audiencelabs.com.br\/wp-json\/wp\/v2\/posts"}],"about":[{"href":"https:\/\/crusoe.audiencelabs.com.br\/wp-json\/wp\/v2\/types\/post"}],"author":[{"embeddable":true,"href":"https:\/\/crusoe.audiencelabs.com.br\/wp-json\/wp\/v2\/users\/17"}],"replies":[{"embeddable":true,"href":"https:\/\/crusoe.audiencelabs.com.br\/wp-json\/wp\/v2\/comments?post=36462"}],"version-history":[{"count":1,"href":"https:\/\/crusoe.audiencelabs.com.br\/wp-json\/wp\/v2\/posts\/36462\/revisions"}],"predecessor-version":[{"id":36466,"href":"https:\/\/crusoe.audiencelabs.com.br\/wp-json\/wp\/v2\/posts\/36462\/revisions\/36466"}],"wp:featuredmedia":[{"embeddable":true,"href":"https:\/\/crusoe.audiencelabs.com.br\/wp-json\/wp\/v2\/media\/36465"}],"wp:attachment":[{"href":"https:\/\/crusoe.audiencelabs.com.br\/wp-json\/wp\/v2\/media?parent=36462"}],"wp:term":[{"taxonomy":"category","embeddable":true,"href":"https:\/\/crusoe.audiencelabs.com.br\/wp-json\/wp\/v2\/categories?post=36462"},{"taxonomy":"post_tag","embeddable":true,"href":"https:\/\/crusoe.audiencelabs.com.br\/wp-json\/wp\/v2\/tags?post=36462"}],"curies":[{"name":"wp","href":"https:\/\/api.w.org\/{rel}","templated":true}]}}