{"id":36405,"date":"2026-04-06T12:02:52","date_gmt":"2026-04-06T15:02:52","guid":{"rendered":"https:\/\/crusoe.audiencelabs.com.br\/?p=36405"},"modified":"2026-04-06T10:23:12","modified_gmt":"2026-04-06T13:23:12","slug":"a-vila-de-40-habitantes-que-procura-novos-moradores-oferece-casa-de-graca-emprego-e-uma-nova-vida-nas-montanhas","status":"publish","type":"post","link":"https:\/\/crusoe.audiencelabs.com.br\/a-vila-de-40-habitantes-que-procura-novos-moradores-oferece-casa-de-graca-emprego-e-uma-nova-vida-nas-montanhas\/","title":{"rendered":"A vila de 40 habitantes que procura novos moradores: oferece casa de gra\u00e7a, emprego e uma nova vida nas montanhas"},"content":{"rendered":"<p>Interessados em uma mudan\u00e7a total no estilo de vida agora t\u00eam uma nova oportunidade em uma vila de apenas 40 habitantes na Espanha. A vila Arenillas, localizada no munic\u00edpio de Sorias, no pa\u00eds europeu, est\u00e1 procurando pessoas para aumentar sua popula\u00e7\u00e3o, com garantia de moradia gratuita e emprego.<\/p>\n<p>Os gestores da vila pensaram na iniciativa para combater o despovoamento da regi\u00e3o, que vem acontecendo de forma progressiva nos \u00faltimos anos. Arenillas faz parte das regi\u00f5es interioranas do pa\u00eds, tamb\u00e9m chamada de &#8220;Espanha Deserta&#8221;. Isso ocorre, pois cerca de 70% do territ\u00f3rio do pa\u00eds \u00e9 praticamente desabitado, com a popula\u00e7\u00e3o e o turismo concentrados apenas no litoral.<\/p>\n<h2>Como \u00e9 a iniciativa?<\/h2>\n<p>A vila busca pessoas que querem mudar de ares e recome\u00e7ar a vida, priorizando aqueles que querem se mudar de forma permanente. A medida n\u00e3o vai garantir apenas moradia gratuita, mas tamb\u00e9m o emprego como pedreiro para fazer a manuten\u00e7\u00e3o e reforma dos im\u00f3veis municipais de Sorias.<\/p>\n<p>Al\u00e9m disso, o projeto garante ainda que, quem quiser, pode tamb\u00e9m assumir a gest\u00e3o do bar social da vila, o principal ponto de encontro entre os moradores da cidade. Os gestores do bar ter\u00e3o renda garantida e tamb\u00e9m dever\u00e3o ter &#8220;mente empreendedora&#8221; para trazer tamb\u00e9m clientes de fora e garantir boa visibilidade para a vila.<\/p>\n<p>Como o principal objetivo do projeto \u00e9 revitalizar a vila, aqueles que se mudarem para Arenillas tamb\u00e9m s\u00e3o encorajados a iniciar projetos e empreendimentos pr\u00f3prios.<\/p>\n<h2>O que \u00e9 Arenillas?<\/h2>\n<p>Arenillas \u00e9 uma pequena vila rural de cerca de 30 km\u00b2 no interior da Espanha. A regi\u00e3o \u00e9 especialmente conhecida por sua tranquilidade e contato direto com a natureza, como os campos de lavanda que a rodeiam. Visitantes relatam que os campos de flores possuem um forte aroma que \u00e9 levado \u00e0 vila pelo vento; essas mesmas flores tamb\u00e9m s\u00e3o usadas na produ\u00e7\u00e3o de mel.<\/p>\n<p>A vila tamb\u00e9m conta com servi\u00e7os essenciais como consult\u00f3rio m\u00e9dico, escolas e espa\u00e7os comunit\u00e1rios para a popula\u00e7\u00e3o. Apesar disso, visitantes tamb\u00e9m relatam que o transporte p\u00fablico \u00e9 limitado e muitos tr\u00e2mites requerem o deslocamento para outras \u00e1reas pr\u00f3ximas.<\/p>\n<h2>Quais s\u00e3o os requisitos?<\/h2>\n<p>O projeto de repovoamento est\u00e1 aberto para muitas pessoas, mas h\u00e1 requisitos essenciais que os volunt\u00e1rios estejam dispostos a cumprir. O primeiro deles \u00e9 que a vila busca pessoas e fam\u00edlias dispostas a se deslocar permanentemente para a vila. O projeto n\u00e3o \u00e9 para turismo, e sim repovoamento.<\/p>\n<p>Al\u00e9m disso, os gestores da vila esperam que os candidatos sejam membros ativos da comunidade e se adequem. Os volunt\u00e1rios dever\u00e3o exercer suas profiss\u00f5es como pedreiro ou como gestor do bar de forma competente e de fato somar \u00e0 comunidade de Arenillas.<\/p>\n<p>Pessoas interessadas em empreender e renovar a economia local tamb\u00e9m ser\u00e3o priorizadas.<\/p>\n<h2>O que tem para fazer?<\/h2>\n<p>Apesar de pequena, a vila \u00e9 conhecida por ter pontos tur\u00edsticos com forte valor hist\u00f3rico e cultural; <strong>alguns deles s\u00e3o:<\/strong><\/p>\n<ul>\n<li>Igreja de S\u00e3o Cipriano e Santa Justina;<\/li>\n<li>Casa Solar do Curato;<\/li>\n<li>Capela de S\u00e3o Martinho;<\/li>\n<li>Museu Etnogr\u00e1fico;<\/li>\n<li>Alambique para a destila\u00e7\u00e3o de ervas arom\u00e1ticas;<\/li>\n<li>Fonte Romana<\/li>\n<\/ul>\n<p>Al\u00e9m dos pontos tur\u00edsticos, a vila tamb\u00e9m conta com duas datas festivas espec\u00edficas de l\u00e1:<\/p>\n<ul>\n<li>15 de maio: S\u00e3o Isidro Labrador;<\/li>\n<li>Primeira semana de agosto ou final de setembro: S\u00e3o Cipriano.<\/li>\n<\/ul>\n<p>&nbsp;<\/p>\n","protected":false},"excerpt":{"rendered":"<p>Interessados em uma mudan\u00e7a total no estilo de vida agora t\u00eam uma nova oportunidade em uma vila de apenas 40 habitantes na Espanha. A vila Arenillas, localizada no munic\u00edpio de Sorias, no pa\u00eds europeu, est\u00e1 procurando pessoas para aumentar sua popula\u00e7\u00e3o, com garantia de moradia gratuita e emprego. Os gestores da vila pensaram na iniciativa [&hellip;]<\/p>\n","protected":false},"author":15,"featured_media":36406,"comment_status":"open","ping_status":"open","sticky":false,"template":"","format":"standard","meta":{"jnews-multi-image_gallery":[],"jnews_single_post":{"format":"standard","jnews_video_option_group":[[]],"override":[{"template":"2","parallax":"1","fullscreen":"1","layout":"right-sidebar","sidebar":"default-sidebar","second_sidebar":"default-sidebar","sticky_sidebar":"1","share_position":"hide","share_float_style":"share-monocrhome","show_featured":"1","show_post_meta":"1","show_post_author":"1","show_post_date":"1","post_date_format":"default","post_date_format_custom":"Y\/m\/d","show_post_category":"1","show_post_reading_time":"0","post_reading_time_wpm":"300","post_calculate_word_method":"str_word_count","show_zoom_button":"0","zoom_button_out_step":"2","zoom_button_in_step":"3","show_post_tag":"1","show_popup_post":"1","number_popup_post":"1","show_author_box":"1","show_post_related":"0"}],"image_override":[{"single_post_thumbnail_size":"crop-500","single_post_gallery_size":"crop-500"}],"trending_post_position":"meta","trending_post_label":"Trending","sponsored_post_label":"Sponsored by","disable_ad":"0","subtitle":"Essa vila conseguiu combater o despovoamento, mas segue com projetos para revitalizar a economia local"},"jnews_primary_category":[],"jnews_override_counter":{"view_counter_number":"0","share_counter_number":"0","like_counter_number":"0","dislike_counter_number":"0"},"jnews_post_split":{"post_split":[{"template":"1","tag":"h2","numbering":"asc","mode":"normal","first":"0","enable_toc":"0","toc_type":"normal"}]},"footnotes":""},"categories":[1],"tags":[6973,948,205,6975,6974,206],"class_list":["post-36405","post","type-post","status-publish","format-standard","has-post-thumbnail","hentry","category-geral","tag-arenillas","tag-espanha","tag-europa","tag-moradia","tag-mudanca","tag-turismo"],"yoast_head":"<!-- This site is optimized with the Yoast SEO plugin v25.0 - https:\/\/yoast.com\/wordpress\/plugins\/seo\/ -->\n<title>A vila de 40 habitantes que procura novos moradores: oferece casa de gra\u00e7a, emprego e uma nova vida nas montanhas<\/title>\n<meta name=\"robots\" content=\"index, follow, max-snippet:-1, max-image-preview:large, max-video-preview:-1\" \/>\n<link rel=\"canonical\" href=\"https:\/\/crusoe.audiencelabs.com.br\/a-vila-de-40-habitantes-que-procura-novos-moradores-oferece-casa-de-graca-emprego-e-uma-nova-vida-nas-montanhas\/\" \/>\n<meta property=\"og:locale\" content=\"pt_BR\" \/>\n<meta property=\"og:type\" content=\"article\" \/>\n<meta property=\"og:title\" content=\"A vila de 40 habitantes que procura novos moradores: oferece casa de gra\u00e7a, emprego e uma nova vida nas montanhas\" \/>\n<meta property=\"og:description\" content=\"Interessados em uma mudan\u00e7a total no estilo de vida agora t\u00eam uma nova oportunidade em uma vila de apenas 40 habitantes na Espanha. A vila Arenillas, localizada no munic\u00edpio de Sorias, no pa\u00eds europeu, est\u00e1 procurando pessoas para aumentar sua popula\u00e7\u00e3o, com garantia de moradia gratuita e emprego. Os gestores da vila pensaram na iniciativa [&hellip;]\" \/>\n<meta property=\"og:url\" content=\"https:\/\/crusoe.audiencelabs.com.br\/a-vila-de-40-habitantes-que-procura-novos-moradores-oferece-casa-de-graca-emprego-e-uma-nova-vida-nas-montanhas\/\" \/>\n<meta property=\"og:site_name\" content=\"Variedades - Cruso\u00e9\" \/>\n<meta property=\"article:published_time\" content=\"2026-04-06T15:02:52+00:00\" \/>\n<meta property=\"og:image\" content=\"https:\/\/cdn.crusoe.com.br\/uploads\/2026\/04\/01.-Arenillas-desde-el-cielo-R54-k2nG-U17012037113Ksh-1200x840@Diario-Sur.webp\" \/>\n\t<meta property=\"og:image:width\" content=\"1200\" \/>\n\t<meta property=\"og:image:height\" content=\"840\" \/>\n\t<meta property=\"og:image:type\" content=\"image\/webp\" \/>\n<meta name=\"author\" content=\"J\u00falio Nesi\" \/>\n<meta name=\"twitter:card\" content=\"summary_large_image\" \/>\n<meta name=\"twitter:label1\" content=\"Escrito por\" \/>\n\t<meta name=\"twitter:data1\" content=\"J\u00falio Nesi\" \/>\n\t<meta name=\"twitter:label2\" content=\"Est. tempo de leitura\" \/>\n\t<meta name=\"twitter:data2\" content=\"4 minutos\" \/>\n<script type=\"application\/ld+json\" class=\"yoast-schema-graph\">{\"@context\":\"https:\/\/schema.org\",\"@graph\":[{\"@type\":\"WebPage\",\"@id\":\"https:\/\/crusoe.audiencelabs.com.br\/a-vila-de-40-habitantes-que-procura-novos-moradores-oferece-casa-de-graca-emprego-e-uma-nova-vida-nas-montanhas\/\",\"url\":\"https:\/\/crusoe.audiencelabs.com.br\/a-vila-de-40-habitantes-que-procura-novos-moradores-oferece-casa-de-graca-emprego-e-uma-nova-vida-nas-montanhas\/\",\"name\":\"A vila de 40 habitantes que procura novos moradores: oferece casa de gra\u00e7a, emprego e uma nova vida nas montanhas\",\"isPartOf\":{\"@id\":\"https:\/\/crusoe.audiencelabs.com.br\/#website\"},\"primaryImageOfPage\":{\"@id\":\"https:\/\/crusoe.audiencelabs.com.br\/a-vila-de-40-habitantes-que-procura-novos-moradores-oferece-casa-de-graca-emprego-e-uma-nova-vida-nas-montanhas\/#primaryimage\"},\"image\":{\"@id\":\"https:\/\/crusoe.audiencelabs.com.br\/a-vila-de-40-habitantes-que-procura-novos-moradores-oferece-casa-de-graca-emprego-e-uma-nova-vida-nas-montanhas\/#primaryimage\"},\"thumbnailUrl\":\"https:\/\/cdn.crusoe.com.br\/uploads\/2026\/04\/01.-Arenillas-desde-el-cielo-R54-k2nG-U17012037113Ksh-1200x840@Diario-Sur.webp\",\"datePublished\":\"2026-04-06T15:02:52+00:00\",\"author\":{\"@id\":\"https:\/\/crusoe.audiencelabs.com.br\/#\/schema\/person\/0cca5874eda7d72cef71e77a9a9c2143\"},\"breadcrumb\":{\"@id\":\"https:\/\/crusoe.audiencelabs.com.br\/a-vila-de-40-habitantes-que-procura-novos-moradores-oferece-casa-de-graca-emprego-e-uma-nova-vida-nas-montanhas\/#breadcrumb\"},\"inLanguage\":\"pt-BR\",\"potentialAction\":[{\"@type\":\"ReadAction\",\"target\":[\"https:\/\/crusoe.audiencelabs.com.br\/a-vila-de-40-habitantes-que-procura-novos-moradores-oferece-casa-de-graca-emprego-e-uma-nova-vida-nas-montanhas\/\"]}]},{\"@type\":\"ImageObject\",\"inLanguage\":\"pt-BR\",\"@id\":\"https:\/\/crusoe.audiencelabs.com.br\/a-vila-de-40-habitantes-que-procura-novos-moradores-oferece-casa-de-graca-emprego-e-uma-nova-vida-nas-montanhas\/#primaryimage\",\"url\":\"https:\/\/cdn.crusoe.com.br\/uploads\/2026\/04\/01.-Arenillas-desde-el-cielo-R54-k2nG-U17012037113Ksh-1200x840@Diario-Sur.webp\",\"contentUrl\":\"https:\/\/cdn.crusoe.com.br\/uploads\/2026\/04\/01.-Arenillas-desde-el-cielo-R54-k2nG-U17012037113Ksh-1200x840@Diario-Sur.webp\",\"width\":1200,\"height\":840,\"caption\":\"Reprodu\u00e7\u00e3o: Arquivo P\u00fablico de Arenillas Repuebla\"},{\"@type\":\"BreadcrumbList\",\"@id\":\"https:\/\/crusoe.audiencelabs.com.br\/a-vila-de-40-habitantes-que-procura-novos-moradores-oferece-casa-de-graca-emprego-e-uma-nova-vida-nas-montanhas\/#breadcrumb\",\"itemListElement\":[{\"@type\":\"ListItem\",\"position\":1,\"name\":\"Home\",\"item\":\"https:\/\/crusoe.audiencelabs.com.br\/\"},{\"@type\":\"ListItem\",\"position\":2,\"name\":\"A vila de 40 habitantes que procura novos moradores: oferece casa de gra\u00e7a, emprego e uma nova vida nas montanhas\"}]},{\"@type\":\"WebSite\",\"@id\":\"https:\/\/crusoe.audiencelabs.com.br\/#website\",\"url\":\"https:\/\/crusoe.audiencelabs.com.br\/\",\"name\":\"Variedades - Cruso\u00e9\",\"description\":\"\",\"potentialAction\":[{\"@type\":\"SearchAction\",\"target\":{\"@type\":\"EntryPoint\",\"urlTemplate\":\"https:\/\/crusoe.audiencelabs.com.br\/?s={search_term_string}\"},\"query-input\":{\"@type\":\"PropertyValueSpecification\",\"valueRequired\":true,\"valueName\":\"search_term_string\"}}],\"inLanguage\":\"pt-BR\"},{\"@type\":\"Person\",\"@id\":\"https:\/\/crusoe.audiencelabs.com.br\/#\/schema\/person\/0cca5874eda7d72cef71e77a9a9c2143\",\"name\":\"J\u00falio Nesi\",\"image\":{\"@type\":\"ImageObject\",\"inLanguage\":\"pt-BR\",\"@id\":\"https:\/\/crusoe.audiencelabs.com.br\/#\/schema\/person\/image\/\",\"url\":\"https:\/\/secure.gravatar.com\/avatar\/c22eb47c3e2320e71637346b980e09f63de9f75742d3335f94a26b83dff70473?s=96&d=mm&r=g\",\"contentUrl\":\"https:\/\/secure.gravatar.com\/avatar\/c22eb47c3e2320e71637346b980e09f63de9f75742d3335f94a26b83dff70473?s=96&d=mm&r=g\",\"caption\":\"J\u00falio Nesi\"},\"description\":\"Jornalista alagoano formado pela UFAL, j\u00e1 atuei em produ\u00e7\u00e3o de conte\u00fado digital para portais, r\u00e1dio e redes sociais.\",\"sameAs\":[\"www.linkedin.com\/in\/j\u00falio-nesi\"],\"url\":\"https:\/\/crusoe.audiencelabs.com.br\/author\/julionesi\/\"}]}<\/script>\n<!-- \/ Yoast SEO plugin. -->","yoast_head_json":{"title":"A vila de 40 habitantes que procura novos moradores: oferece casa de gra\u00e7a, emprego e uma nova vida nas montanhas","robots":{"index":"index","follow":"follow","max-snippet":"max-snippet:-1","max-image-preview":"max-image-preview:large","max-video-preview":"max-video-preview:-1"},"canonical":"https:\/\/crusoe.audiencelabs.com.br\/a-vila-de-40-habitantes-que-procura-novos-moradores-oferece-casa-de-graca-emprego-e-uma-nova-vida-nas-montanhas\/","og_locale":"pt_BR","og_type":"article","og_title":"A vila de 40 habitantes que procura novos moradores: oferece casa de gra\u00e7a, emprego e uma nova vida nas montanhas","og_description":"Interessados em uma mudan\u00e7a total no estilo de vida agora t\u00eam uma nova oportunidade em uma vila de apenas 40 habitantes na Espanha. A vila Arenillas, localizada no munic\u00edpio de Sorias, no pa\u00eds europeu, est\u00e1 procurando pessoas para aumentar sua popula\u00e7\u00e3o, com garantia de moradia gratuita e emprego. Os gestores da vila pensaram na iniciativa [&hellip;]","og_url":"https:\/\/crusoe.audiencelabs.com.br\/a-vila-de-40-habitantes-que-procura-novos-moradores-oferece-casa-de-graca-emprego-e-uma-nova-vida-nas-montanhas\/","og_site_name":"Variedades - Cruso\u00e9","article_published_time":"2026-04-06T15:02:52+00:00","og_image":[{"width":1200,"height":840,"url":"https:\/\/cdn.crusoe.com.br\/uploads\/2026\/04\/01.-Arenillas-desde-el-cielo-R54-k2nG-U17012037113Ksh-1200x840@Diario-Sur.webp","type":"image\/webp"}],"author":"J\u00falio Nesi","twitter_card":"summary_large_image","twitter_misc":{"Escrito por":"J\u00falio Nesi","Est. tempo de leitura":"4 minutos"},"schema":{"@context":"https:\/\/schema.org","@graph":[{"@type":"WebPage","@id":"https:\/\/crusoe.audiencelabs.com.br\/a-vila-de-40-habitantes-que-procura-novos-moradores-oferece-casa-de-graca-emprego-e-uma-nova-vida-nas-montanhas\/","url":"https:\/\/crusoe.audiencelabs.com.br\/a-vila-de-40-habitantes-que-procura-novos-moradores-oferece-casa-de-graca-emprego-e-uma-nova-vida-nas-montanhas\/","name":"A vila de 40 habitantes que procura novos moradores: oferece casa de gra\u00e7a, emprego e uma nova vida nas montanhas","isPartOf":{"@id":"https:\/\/crusoe.audiencelabs.com.br\/#website"},"primaryImageOfPage":{"@id":"https:\/\/crusoe.audiencelabs.com.br\/a-vila-de-40-habitantes-que-procura-novos-moradores-oferece-casa-de-graca-emprego-e-uma-nova-vida-nas-montanhas\/#primaryimage"},"image":{"@id":"https:\/\/crusoe.audiencelabs.com.br\/a-vila-de-40-habitantes-que-procura-novos-moradores-oferece-casa-de-graca-emprego-e-uma-nova-vida-nas-montanhas\/#primaryimage"},"thumbnailUrl":"https:\/\/cdn.crusoe.com.br\/uploads\/2026\/04\/01.-Arenillas-desde-el-cielo-R54-k2nG-U17012037113Ksh-1200x840@Diario-Sur.webp","datePublished":"2026-04-06T15:02:52+00:00","author":{"@id":"https:\/\/crusoe.audiencelabs.com.br\/#\/schema\/person\/0cca5874eda7d72cef71e77a9a9c2143"},"breadcrumb":{"@id":"https:\/\/crusoe.audiencelabs.com.br\/a-vila-de-40-habitantes-que-procura-novos-moradores-oferece-casa-de-graca-emprego-e-uma-nova-vida-nas-montanhas\/#breadcrumb"},"inLanguage":"pt-BR","potentialAction":[{"@type":"ReadAction","target":["https:\/\/crusoe.audiencelabs.com.br\/a-vila-de-40-habitantes-que-procura-novos-moradores-oferece-casa-de-graca-emprego-e-uma-nova-vida-nas-montanhas\/"]}]},{"@type":"ImageObject","inLanguage":"pt-BR","@id":"https:\/\/crusoe.audiencelabs.com.br\/a-vila-de-40-habitantes-que-procura-novos-moradores-oferece-casa-de-graca-emprego-e-uma-nova-vida-nas-montanhas\/#primaryimage","url":"https:\/\/cdn.crusoe.com.br\/uploads\/2026\/04\/01.-Arenillas-desde-el-cielo-R54-k2nG-U17012037113Ksh-1200x840@Diario-Sur.webp","contentUrl":"https:\/\/cdn.crusoe.com.br\/uploads\/2026\/04\/01.-Arenillas-desde-el-cielo-R54-k2nG-U17012037113Ksh-1200x840@Diario-Sur.webp","width":1200,"height":840,"caption":"Reprodu\u00e7\u00e3o: Arquivo P\u00fablico de Arenillas Repuebla"},{"@type":"BreadcrumbList","@id":"https:\/\/crusoe.audiencelabs.com.br\/a-vila-de-40-habitantes-que-procura-novos-moradores-oferece-casa-de-graca-emprego-e-uma-nova-vida-nas-montanhas\/#breadcrumb","itemListElement":[{"@type":"ListItem","position":1,"name":"Home","item":"https:\/\/crusoe.audiencelabs.com.br\/"},{"@type":"ListItem","position":2,"name":"A vila de 40 habitantes que procura novos moradores: oferece casa de gra\u00e7a, emprego e uma nova vida nas montanhas"}]},{"@type":"WebSite","@id":"https:\/\/crusoe.audiencelabs.com.br\/#website","url":"https:\/\/crusoe.audiencelabs.com.br\/","name":"Variedades - Cruso\u00e9","description":"","potentialAction":[{"@type":"SearchAction","target":{"@type":"EntryPoint","urlTemplate":"https:\/\/crusoe.audiencelabs.com.br\/?s={search_term_string}"},"query-input":{"@type":"PropertyValueSpecification","valueRequired":true,"valueName":"search_term_string"}}],"inLanguage":"pt-BR"},{"@type":"Person","@id":"https:\/\/crusoe.audiencelabs.com.br\/#\/schema\/person\/0cca5874eda7d72cef71e77a9a9c2143","name":"J\u00falio Nesi","image":{"@type":"ImageObject","inLanguage":"pt-BR","@id":"https:\/\/crusoe.audiencelabs.com.br\/#\/schema\/person\/image\/","url":"https:\/\/secure.gravatar.com\/avatar\/c22eb47c3e2320e71637346b980e09f63de9f75742d3335f94a26b83dff70473?s=96&d=mm&r=g","contentUrl":"https:\/\/secure.gravatar.com\/avatar\/c22eb47c3e2320e71637346b980e09f63de9f75742d3335f94a26b83dff70473?s=96&d=mm&r=g","caption":"J\u00falio Nesi"},"description":"Jornalista alagoano formado pela UFAL, j\u00e1 atuei em produ\u00e7\u00e3o de conte\u00fado digital para portais, r\u00e1dio e redes sociais.","sameAs":["www.linkedin.com\/in\/j\u00falio-nesi"],"url":"https:\/\/crusoe.audiencelabs.com.br\/author\/julionesi\/"}]}},"_links":{"self":[{"href":"https:\/\/crusoe.audiencelabs.com.br\/wp-json\/wp\/v2\/posts\/36405","targetHints":{"allow":["GET"]}}],"collection":[{"href":"https:\/\/crusoe.audiencelabs.com.br\/wp-json\/wp\/v2\/posts"}],"about":[{"href":"https:\/\/crusoe.audiencelabs.com.br\/wp-json\/wp\/v2\/types\/post"}],"author":[{"embeddable":true,"href":"https:\/\/crusoe.audiencelabs.com.br\/wp-json\/wp\/v2\/users\/15"}],"replies":[{"embeddable":true,"href":"https:\/\/crusoe.audiencelabs.com.br\/wp-json\/wp\/v2\/comments?post=36405"}],"version-history":[{"count":1,"href":"https:\/\/crusoe.audiencelabs.com.br\/wp-json\/wp\/v2\/posts\/36405\/revisions"}],"predecessor-version":[{"id":36407,"href":"https:\/\/crusoe.audiencelabs.com.br\/wp-json\/wp\/v2\/posts\/36405\/revisions\/36407"}],"wp:featuredmedia":[{"embeddable":true,"href":"https:\/\/crusoe.audiencelabs.com.br\/wp-json\/wp\/v2\/media\/36406"}],"wp:attachment":[{"href":"https:\/\/crusoe.audiencelabs.com.br\/wp-json\/wp\/v2\/media?parent=36405"}],"wp:term":[{"taxonomy":"category","embeddable":true,"href":"https:\/\/crusoe.audiencelabs.com.br\/wp-json\/wp\/v2\/categories?post=36405"},{"taxonomy":"post_tag","embeddable":true,"href":"https:\/\/crusoe.audiencelabs.com.br\/wp-json\/wp\/v2\/tags?post=36405"}],"curies":[{"name":"wp","href":"https:\/\/api.w.org\/{rel}","templated":true}]}}