{"id":36401,"date":"2026-04-06T11:05:18","date_gmt":"2026-04-06T14:05:18","guid":{"rendered":"https:\/\/crusoe.audiencelabs.com.br\/?p=36401"},"modified":"2026-04-06T09:37:43","modified_gmt":"2026-04-06T12:37:43","slug":"novo-ciclone-vai-atingir-o-brasil-com-ventos-de-100-km-h-agora-em-abril","status":"publish","type":"post","link":"https:\/\/crusoe.audiencelabs.com.br\/novo-ciclone-vai-atingir-o-brasil-com-ventos-de-100-km-h-agora-em-abril\/","title":{"rendered":"Novo ciclone vai atingir o Brasil com ventos de 100 km\/h agora em abril"},"content":{"rendered":"<p class=\"font-claude-response-body break-words whitespace-normal leading-[1.7]\">Um ciclone extratropical est\u00e1 em forma\u00e7\u00e3o entre o Uruguai e o Rio Grande do Sul e coloca boa parte do Brasil em alerta esta semana. Segundo a Climatempo, o fen\u00f4meno traz ventos que podem superar os 100 km\/h em alto-mar e rajadas de at\u00e9 90 km\/h em terra, com risco de quedas de \u00e1rvores, destelhamentos e cortes no fornecimento de energia el\u00e9trica.<\/p>\n<p class=\"font-claude-response-body break-words whitespace-normal leading-[1.7]\">O sistema se origina de uma \u00e1rea de baixa press\u00e3o que se desloca do Paraguai em dire\u00e7\u00e3o ao litoral. Quando atingir press\u00e3o inferior a mil hectopascais (hPa), o fen\u00f4meno estar\u00e1 em seu ponto de maior intensidade. O choque entre o ar quente acumulado sobre o norte da Argentina e uma massa de ar polar que avan\u00e7a pelo leste argentino \u00e9 o que impulsiona a forma\u00e7\u00e3o do ciclone.<\/p>\n<p>A Marinha do Brasil emitiu alerta espec\u00edfico para navegantes. Em alto-mar, especialmente na costa do Uruguai e no extremo sul ga\u00facho, as rajadas podem ultrapassar os 100 km\/h. O mar deve permanecer agitado ao longo de toda a costa sul durante a quarta-feira, com condi\u00e7\u00e3o de risco elevado para embarca\u00e7\u00f5es.<\/p>\n<h2>Quais estados devem ser afetados?<\/h2>\n<p class=\"font-claude-response-body break-words whitespace-normal leading-[1.7]\">O Rio Grande do Sul \u00e9 o estado mais diretamente atingido. Nesta segunda-feira (6), as rajadas j\u00e1 chegam entre 60 km\/h e 80 km\/h no litoral ga\u00facho. Na ter\u00e7a (7), com a chegada das nuvens de tempestade, os picos sobem para 90 km\/h e temporais se espalham pelo interior do estado.<\/p>\n<p class=\"font-claude-response-body break-words whitespace-normal leading-[1.7]\">Mesmo sem o centro do ciclone avan\u00e7ar sobre eles, Santa Catarina e o Paran\u00e1 tamb\u00e9m sentem os efeitos. A frente fria associada ao sistema chega aos dois estados entre a ter\u00e7a e a quarta-feira, trazendo chuvas intensas.<\/p>\n<p class=\"font-claude-response-body break-words whitespace-normal leading-[1.7]\">Em seguida, a instabilidade alcan\u00e7a o Sudeste: a partir de quarta (8), S\u00e3o Paulo, Minas Gerais e Rio de Janeiro entram no raio de a\u00e7\u00e3o da frente fria, com risco de pancadas fortes e ventania.<\/p>\n<p class=\"font-claude-response-body break-words whitespace-normal leading-[1.7]\">O Centro-Oeste tamb\u00e9m deve ser afetado. O Mato Grosso do Sul enfrenta as condi\u00e7\u00f5es mais severas logo na ter\u00e7a, enquanto Goi\u00e1s, Mato Grosso e o Distrito Federal sentem os efeitos na quarta e na quinta-feira (9).<\/p>\n<h2>Previs\u00e3o do fim do ciclone<\/h2>\n<p>A previs\u00e3o da Climatempo indica que, a partir desta quarta (8), o ciclone come\u00e7a a se deslocar para o oceano, afastando-se gradualmente do continente. Mesmo assim, a frente fria segue em movimento e mant\u00e9m a instabilidade no Sudeste at\u00e9 quinta. Somente na sexta-feira (10), com o sistema j\u00e1 em mar aberto, o risco de ventos fortes e temporais tende a ceder nas regi\u00f5es afetadas.<\/p>\n<p>&nbsp;<\/p>\n","protected":false},"excerpt":{"rendered":"<p>Um ciclone extratropical est\u00e1 em forma\u00e7\u00e3o entre o Uruguai e o Rio Grande do Sul e coloca boa parte do Brasil em alerta esta semana. Segundo a Climatempo, o fen\u00f4meno traz ventos que podem superar os 100 km\/h em alto-mar e rajadas de at\u00e9 90 km\/h em terra, com risco de quedas de \u00e1rvores, destelhamentos [&hellip;]<\/p>\n","protected":false},"author":15,"featured_media":36402,"comment_status":"open","ping_status":"open","sticky":false,"template":"","format":"standard","meta":{"jnews-multi-image_gallery":[],"jnews_single_post":{"format":"standard","jnews_video_option_group":[[]],"override":[{"template":"2","parallax":"1","fullscreen":"1","layout":"right-sidebar","sidebar":"default-sidebar","second_sidebar":"default-sidebar","sticky_sidebar":"1","share_position":"hide","share_float_style":"share-monocrhome","show_featured":"1","show_post_meta":"1","show_post_author":"1","show_post_date":"1","post_date_format":"default","post_date_format_custom":"Y\/m\/d","show_post_category":"1","show_post_reading_time":"0","post_reading_time_wpm":"300","post_calculate_word_method":"str_word_count","show_zoom_button":"0","zoom_button_out_step":"2","zoom_button_in_step":"3","show_post_tag":"1","show_popup_post":"1","number_popup_post":"1","show_author_box":"1","show_post_related":"0"}],"image_override":[{"single_post_thumbnail_size":"crop-500","single_post_gallery_size":"crop-500"}],"trending_post_position":"meta","trending_post_label":"Trending","sponsored_post_label":"Sponsored by","disable_ad":"0","subtitle":"O ciclone ir\u00e1 afetar principalmente as regi\u00f5es do Sul e Sudeste do pa\u00eds"},"jnews_primary_category":[],"jnews_override_counter":{"view_counter_number":"0","share_counter_number":"0","like_counter_number":"0","dislike_counter_number":"0"},"jnews_post_split":{"post_split":[{"template":"1","tag":"h2","numbering":"asc","mode":"normal","first":"0","enable_toc":"0","toc_type":"normal"}]},"footnotes":""},"categories":[1],"tags":[6971,3897,6972,6970,6968,6965,128,6966,6969,6967],"class_list":["post-36401","post","type-post","status-publish","format-standard","has-post-thumbnail","hentry","category-geral","tag-alerta-meteorologico","tag-ciclone-extratropical","tag-clima-no-brasil","tag-climatempo","tag-frente-fria","tag-previsao-do-tempo","tag-rio-grande-do-sul","tag-tempo-no-sul","tag-temporais","tag-ventos-fortes"],"yoast_head":"<!-- This site is optimized with the Yoast SEO plugin v25.0 - https:\/\/yoast.com\/wordpress\/plugins\/seo\/ -->\n<title>Novo ciclone vai atingir o Brasil com ventos de 100 km\/h agora em abril<\/title>\n<meta name=\"robots\" content=\"index, follow, max-snippet:-1, max-image-preview:large, max-video-preview:-1\" \/>\n<link rel=\"canonical\" href=\"https:\/\/crusoe.audiencelabs.com.br\/novo-ciclone-vai-atingir-o-brasil-com-ventos-de-100-km-h-agora-em-abril\/\" \/>\n<meta property=\"og:locale\" content=\"pt_BR\" \/>\n<meta property=\"og:type\" content=\"article\" \/>\n<meta property=\"og:title\" content=\"Novo ciclone vai atingir o Brasil com ventos de 100 km\/h agora em abril\" \/>\n<meta property=\"og:description\" content=\"Um ciclone extratropical est\u00e1 em forma\u00e7\u00e3o entre o Uruguai e o Rio Grande do Sul e coloca boa parte do Brasil em alerta esta semana. Segundo a Climatempo, o fen\u00f4meno traz ventos que podem superar os 100 km\/h em alto-mar e rajadas de at\u00e9 90 km\/h em terra, com risco de quedas de \u00e1rvores, destelhamentos [&hellip;]\" \/>\n<meta property=\"og:url\" content=\"https:\/\/crusoe.audiencelabs.com.br\/novo-ciclone-vai-atingir-o-brasil-com-ventos-de-100-km-h-agora-em-abril\/\" \/>\n<meta property=\"og:site_name\" content=\"Variedades - Cruso\u00e9\" \/>\n<meta property=\"article:published_time\" content=\"2026-04-06T14:05:18+00:00\" \/>\n<meta property=\"og:image\" content=\"https:\/\/cdn.crusoe.com.br\/uploads\/2026\/04\/carlo-G0VFDicG5Ls-unsplash.jpg\" \/>\n\t<meta property=\"og:image:width\" content=\"640\" \/>\n\t<meta property=\"og:image:height\" content=\"560\" \/>\n\t<meta property=\"og:image:type\" content=\"image\/jpeg\" \/>\n<meta name=\"author\" content=\"J\u00falio Nesi\" \/>\n<meta name=\"twitter:card\" content=\"summary_large_image\" \/>\n<meta name=\"twitter:label1\" content=\"Escrito por\" \/>\n\t<meta name=\"twitter:data1\" content=\"J\u00falio Nesi\" \/>\n\t<meta name=\"twitter:label2\" content=\"Est. tempo de leitura\" \/>\n\t<meta name=\"twitter:data2\" content=\"3 minutos\" \/>\n<script type=\"application\/ld+json\" class=\"yoast-schema-graph\">{\"@context\":\"https:\/\/schema.org\",\"@graph\":[{\"@type\":\"WebPage\",\"@id\":\"https:\/\/crusoe.audiencelabs.com.br\/novo-ciclone-vai-atingir-o-brasil-com-ventos-de-100-km-h-agora-em-abril\/\",\"url\":\"https:\/\/crusoe.audiencelabs.com.br\/novo-ciclone-vai-atingir-o-brasil-com-ventos-de-100-km-h-agora-em-abril\/\",\"name\":\"Novo ciclone vai atingir o Brasil com ventos de 100 km\/h agora em abril\",\"isPartOf\":{\"@id\":\"https:\/\/crusoe.audiencelabs.com.br\/#website\"},\"primaryImageOfPage\":{\"@id\":\"https:\/\/crusoe.audiencelabs.com.br\/novo-ciclone-vai-atingir-o-brasil-com-ventos-de-100-km-h-agora-em-abril\/#primaryimage\"},\"image\":{\"@id\":\"https:\/\/crusoe.audiencelabs.com.br\/novo-ciclone-vai-atingir-o-brasil-com-ventos-de-100-km-h-agora-em-abril\/#primaryimage\"},\"thumbnailUrl\":\"https:\/\/cdn.crusoe.com.br\/uploads\/2026\/04\/carlo-G0VFDicG5Ls-unsplash.jpg\",\"datePublished\":\"2026-04-06T14:05:18+00:00\",\"author\":{\"@id\":\"https:\/\/crusoe.audiencelabs.com.br\/#\/schema\/person\/0cca5874eda7d72cef71e77a9a9c2143\"},\"breadcrumb\":{\"@id\":\"https:\/\/crusoe.audiencelabs.com.br\/novo-ciclone-vai-atingir-o-brasil-com-ventos-de-100-km-h-agora-em-abril\/#breadcrumb\"},\"inLanguage\":\"pt-BR\",\"potentialAction\":[{\"@type\":\"ReadAction\",\"target\":[\"https:\/\/crusoe.audiencelabs.com.br\/novo-ciclone-vai-atingir-o-brasil-com-ventos-de-100-km-h-agora-em-abril\/\"]}]},{\"@type\":\"ImageObject\",\"inLanguage\":\"pt-BR\",\"@id\":\"https:\/\/crusoe.audiencelabs.com.br\/novo-ciclone-vai-atingir-o-brasil-com-ventos-de-100-km-h-agora-em-abril\/#primaryimage\",\"url\":\"https:\/\/cdn.crusoe.com.br\/uploads\/2026\/04\/carlo-G0VFDicG5Ls-unsplash.jpg\",\"contentUrl\":\"https:\/\/cdn.crusoe.com.br\/uploads\/2026\/04\/carlo-G0VFDicG5Ls-unsplash.jpg\",\"width\":640,\"height\":560,\"caption\":\"Reprodu\u00e7\u00e3o: Unsplash \/ Carlo\"},{\"@type\":\"BreadcrumbList\",\"@id\":\"https:\/\/crusoe.audiencelabs.com.br\/novo-ciclone-vai-atingir-o-brasil-com-ventos-de-100-km-h-agora-em-abril\/#breadcrumb\",\"itemListElement\":[{\"@type\":\"ListItem\",\"position\":1,\"name\":\"Home\",\"item\":\"https:\/\/crusoe.audiencelabs.com.br\/\"},{\"@type\":\"ListItem\",\"position\":2,\"name\":\"Novo ciclone vai atingir o Brasil com ventos de 100 km\/h agora em abril\"}]},{\"@type\":\"WebSite\",\"@id\":\"https:\/\/crusoe.audiencelabs.com.br\/#website\",\"url\":\"https:\/\/crusoe.audiencelabs.com.br\/\",\"name\":\"Variedades - Cruso\u00e9\",\"description\":\"\",\"potentialAction\":[{\"@type\":\"SearchAction\",\"target\":{\"@type\":\"EntryPoint\",\"urlTemplate\":\"https:\/\/crusoe.audiencelabs.com.br\/?s={search_term_string}\"},\"query-input\":{\"@type\":\"PropertyValueSpecification\",\"valueRequired\":true,\"valueName\":\"search_term_string\"}}],\"inLanguage\":\"pt-BR\"},{\"@type\":\"Person\",\"@id\":\"https:\/\/crusoe.audiencelabs.com.br\/#\/schema\/person\/0cca5874eda7d72cef71e77a9a9c2143\",\"name\":\"J\u00falio Nesi\",\"image\":{\"@type\":\"ImageObject\",\"inLanguage\":\"pt-BR\",\"@id\":\"https:\/\/crusoe.audiencelabs.com.br\/#\/schema\/person\/image\/\",\"url\":\"https:\/\/secure.gravatar.com\/avatar\/c22eb47c3e2320e71637346b980e09f63de9f75742d3335f94a26b83dff70473?s=96&d=mm&r=g\",\"contentUrl\":\"https:\/\/secure.gravatar.com\/avatar\/c22eb47c3e2320e71637346b980e09f63de9f75742d3335f94a26b83dff70473?s=96&d=mm&r=g\",\"caption\":\"J\u00falio Nesi\"},\"description\":\"Jornalista alagoano formado pela UFAL, j\u00e1 atuei em produ\u00e7\u00e3o de conte\u00fado digital para portais, r\u00e1dio e redes sociais.\",\"sameAs\":[\"www.linkedin.com\/in\/j\u00falio-nesi\"],\"url\":\"https:\/\/crusoe.audiencelabs.com.br\/author\/julionesi\/\"}]}<\/script>\n<!-- \/ Yoast SEO plugin. -->","yoast_head_json":{"title":"Novo ciclone vai atingir o Brasil com ventos de 100 km\/h agora em abril","robots":{"index":"index","follow":"follow","max-snippet":"max-snippet:-1","max-image-preview":"max-image-preview:large","max-video-preview":"max-video-preview:-1"},"canonical":"https:\/\/crusoe.audiencelabs.com.br\/novo-ciclone-vai-atingir-o-brasil-com-ventos-de-100-km-h-agora-em-abril\/","og_locale":"pt_BR","og_type":"article","og_title":"Novo ciclone vai atingir o Brasil com ventos de 100 km\/h agora em abril","og_description":"Um ciclone extratropical est\u00e1 em forma\u00e7\u00e3o entre o Uruguai e o Rio Grande do Sul e coloca boa parte do Brasil em alerta esta semana. Segundo a Climatempo, o fen\u00f4meno traz ventos que podem superar os 100 km\/h em alto-mar e rajadas de at\u00e9 90 km\/h em terra, com risco de quedas de \u00e1rvores, destelhamentos [&hellip;]","og_url":"https:\/\/crusoe.audiencelabs.com.br\/novo-ciclone-vai-atingir-o-brasil-com-ventos-de-100-km-h-agora-em-abril\/","og_site_name":"Variedades - Cruso\u00e9","article_published_time":"2026-04-06T14:05:18+00:00","og_image":[{"width":640,"height":560,"url":"https:\/\/cdn.crusoe.com.br\/uploads\/2026\/04\/carlo-G0VFDicG5Ls-unsplash.jpg","type":"image\/jpeg"}],"author":"J\u00falio Nesi","twitter_card":"summary_large_image","twitter_misc":{"Escrito por":"J\u00falio Nesi","Est. tempo de leitura":"3 minutos"},"schema":{"@context":"https:\/\/schema.org","@graph":[{"@type":"WebPage","@id":"https:\/\/crusoe.audiencelabs.com.br\/novo-ciclone-vai-atingir-o-brasil-com-ventos-de-100-km-h-agora-em-abril\/","url":"https:\/\/crusoe.audiencelabs.com.br\/novo-ciclone-vai-atingir-o-brasil-com-ventos-de-100-km-h-agora-em-abril\/","name":"Novo ciclone vai atingir o Brasil com ventos de 100 km\/h agora em abril","isPartOf":{"@id":"https:\/\/crusoe.audiencelabs.com.br\/#website"},"primaryImageOfPage":{"@id":"https:\/\/crusoe.audiencelabs.com.br\/novo-ciclone-vai-atingir-o-brasil-com-ventos-de-100-km-h-agora-em-abril\/#primaryimage"},"image":{"@id":"https:\/\/crusoe.audiencelabs.com.br\/novo-ciclone-vai-atingir-o-brasil-com-ventos-de-100-km-h-agora-em-abril\/#primaryimage"},"thumbnailUrl":"https:\/\/cdn.crusoe.com.br\/uploads\/2026\/04\/carlo-G0VFDicG5Ls-unsplash.jpg","datePublished":"2026-04-06T14:05:18+00:00","author":{"@id":"https:\/\/crusoe.audiencelabs.com.br\/#\/schema\/person\/0cca5874eda7d72cef71e77a9a9c2143"},"breadcrumb":{"@id":"https:\/\/crusoe.audiencelabs.com.br\/novo-ciclone-vai-atingir-o-brasil-com-ventos-de-100-km-h-agora-em-abril\/#breadcrumb"},"inLanguage":"pt-BR","potentialAction":[{"@type":"ReadAction","target":["https:\/\/crusoe.audiencelabs.com.br\/novo-ciclone-vai-atingir-o-brasil-com-ventos-de-100-km-h-agora-em-abril\/"]}]},{"@type":"ImageObject","inLanguage":"pt-BR","@id":"https:\/\/crusoe.audiencelabs.com.br\/novo-ciclone-vai-atingir-o-brasil-com-ventos-de-100-km-h-agora-em-abril\/#primaryimage","url":"https:\/\/cdn.crusoe.com.br\/uploads\/2026\/04\/carlo-G0VFDicG5Ls-unsplash.jpg","contentUrl":"https:\/\/cdn.crusoe.com.br\/uploads\/2026\/04\/carlo-G0VFDicG5Ls-unsplash.jpg","width":640,"height":560,"caption":"Reprodu\u00e7\u00e3o: Unsplash \/ Carlo"},{"@type":"BreadcrumbList","@id":"https:\/\/crusoe.audiencelabs.com.br\/novo-ciclone-vai-atingir-o-brasil-com-ventos-de-100-km-h-agora-em-abril\/#breadcrumb","itemListElement":[{"@type":"ListItem","position":1,"name":"Home","item":"https:\/\/crusoe.audiencelabs.com.br\/"},{"@type":"ListItem","position":2,"name":"Novo ciclone vai atingir o Brasil com ventos de 100 km\/h agora em abril"}]},{"@type":"WebSite","@id":"https:\/\/crusoe.audiencelabs.com.br\/#website","url":"https:\/\/crusoe.audiencelabs.com.br\/","name":"Variedades - Cruso\u00e9","description":"","potentialAction":[{"@type":"SearchAction","target":{"@type":"EntryPoint","urlTemplate":"https:\/\/crusoe.audiencelabs.com.br\/?s={search_term_string}"},"query-input":{"@type":"PropertyValueSpecification","valueRequired":true,"valueName":"search_term_string"}}],"inLanguage":"pt-BR"},{"@type":"Person","@id":"https:\/\/crusoe.audiencelabs.com.br\/#\/schema\/person\/0cca5874eda7d72cef71e77a9a9c2143","name":"J\u00falio Nesi","image":{"@type":"ImageObject","inLanguage":"pt-BR","@id":"https:\/\/crusoe.audiencelabs.com.br\/#\/schema\/person\/image\/","url":"https:\/\/secure.gravatar.com\/avatar\/c22eb47c3e2320e71637346b980e09f63de9f75742d3335f94a26b83dff70473?s=96&d=mm&r=g","contentUrl":"https:\/\/secure.gravatar.com\/avatar\/c22eb47c3e2320e71637346b980e09f63de9f75742d3335f94a26b83dff70473?s=96&d=mm&r=g","caption":"J\u00falio Nesi"},"description":"Jornalista alagoano formado pela UFAL, j\u00e1 atuei em produ\u00e7\u00e3o de conte\u00fado digital para portais, r\u00e1dio e redes sociais.","sameAs":["www.linkedin.com\/in\/j\u00falio-nesi"],"url":"https:\/\/crusoe.audiencelabs.com.br\/author\/julionesi\/"}]}},"_links":{"self":[{"href":"https:\/\/crusoe.audiencelabs.com.br\/wp-json\/wp\/v2\/posts\/36401","targetHints":{"allow":["GET"]}}],"collection":[{"href":"https:\/\/crusoe.audiencelabs.com.br\/wp-json\/wp\/v2\/posts"}],"about":[{"href":"https:\/\/crusoe.audiencelabs.com.br\/wp-json\/wp\/v2\/types\/post"}],"author":[{"embeddable":true,"href":"https:\/\/crusoe.audiencelabs.com.br\/wp-json\/wp\/v2\/users\/15"}],"replies":[{"embeddable":true,"href":"https:\/\/crusoe.audiencelabs.com.br\/wp-json\/wp\/v2\/comments?post=36401"}],"version-history":[{"count":2,"href":"https:\/\/crusoe.audiencelabs.com.br\/wp-json\/wp\/v2\/posts\/36401\/revisions"}],"predecessor-version":[{"id":36404,"href":"https:\/\/crusoe.audiencelabs.com.br\/wp-json\/wp\/v2\/posts\/36401\/revisions\/36404"}],"wp:featuredmedia":[{"embeddable":true,"href":"https:\/\/crusoe.audiencelabs.com.br\/wp-json\/wp\/v2\/media\/36402"}],"wp:attachment":[{"href":"https:\/\/crusoe.audiencelabs.com.br\/wp-json\/wp\/v2\/media?parent=36401"}],"wp:term":[{"taxonomy":"category","embeddable":true,"href":"https:\/\/crusoe.audiencelabs.com.br\/wp-json\/wp\/v2\/categories?post=36401"},{"taxonomy":"post_tag","embeddable":true,"href":"https:\/\/crusoe.audiencelabs.com.br\/wp-json\/wp\/v2\/tags?post=36401"}],"curies":[{"name":"wp","href":"https:\/\/api.w.org\/{rel}","templated":true}]}}