{"id":36396,"date":"2026-04-06T10:04:18","date_gmt":"2026-04-06T13:04:18","guid":{"rendered":"https:\/\/crusoe.audiencelabs.com.br\/?p=36396"},"modified":"2026-04-06T09:02:51","modified_gmt":"2026-04-06T12:02:51","slug":"brasileiros-ja-podem-pagar-r-0-na-conta-de-luz-com-nova-regra","status":"publish","type":"post","link":"https:\/\/crusoe.audiencelabs.com.br\/brasileiros-ja-podem-pagar-r-0-na-conta-de-luz-com-nova-regra\/","title":{"rendered":"Brasileiros j\u00e1 podem pagar R$ 0 na conta de luz com nova regra"},"content":{"rendered":"<p>Milh\u00f5es de brasileiros passaram a pagar menos na conta de luz neste ano com a implementa\u00e7\u00e3o da Tarifa Social de Energia El\u00e9trica (TSEE). Com a chegada da nova regra, alguns cidad\u00e3os poder\u00e3o pagar contas com at\u00e9 65% de desconto e nenhuma taxa extra. Al\u00e9m disso, alguns casos garantem isen\u00e7\u00e3o de 100%.<\/p>\n<p>A nova medida chega com o objetivo de garantir menores gastos com energia el\u00e9trica para brasileiros de baixa renda ou em situa\u00e7\u00e3o de vulnerabilidade. Os descontos come\u00e7am em um valor de 10%.<\/p>\n<h2>Como funciona?<\/h2>\n<p>O novo programa utiliza um modelo de desconto com base no uso. Quanto menor for o uso de energia el\u00e9trica da fam\u00edlia, maior ser\u00e1 o desconto, com a possibilidade da conta chegar zerada no m\u00eas.<\/p>\n<p><strong>Veja como funcionam os descontos:<\/strong><\/p>\n<p><strong>Consumo de 80 kWh por m\u00eas:<\/strong> 100% de isen\u00e7\u00e3o;<\/p>\n<p><strong>Consumo superior a 80 kWh, mas at\u00e9 220 kWh:<\/strong> descontos entre 10% a 65% na conta;<\/p>\n<h2>Quem pode receber o benef\u00edcio?<\/h2>\n<p>Para receber o benef\u00edcio, a fam\u00edlia deve ter inscri\u00e7\u00e3o no Cadastro \u00danico (Cad\u00danico) com renda familiar mensal por pessoa menor ou igual a meio sal\u00e1rio m\u00ednimo. Esse crit\u00e9rio aumenta para renda mensal de at\u00e9 tr\u00eas sal\u00e1rios m\u00ednimos caso haja uma pessoa residente que necessite do uso cont\u00ednuo de aparelhos el\u00e9tricos para tratamento m\u00e9dico.<\/p>\n<p>Al\u00e9m disso, a tarifa social tamb\u00e9m contempla idosos com 65 anos ou mais ou pessoas com defici\u00eancia que recebam o Benef\u00edcio de Presta\u00e7\u00e3o Continuada (BPC). Ind\u00edgenas e quilombolas inscritos no Cad\u00danico tamb\u00e9m podem pedir a tarifa.<\/p>\n<h2>Como solicitar?<\/h2>\n<p>De acordo com o governo federal, esse desconto j\u00e1 \u00e9 aplicado automaticamente nas contas das fam\u00edlias contempladas, aparecendo na pr\u00f3pria conta de luz, pois se baseia nos dados do Cad\u00danico da fam\u00edlia. No caso de sua fam\u00edlia ser eleg\u00edvel e n\u00e3o estar recebendo o benef\u00edcio, devem entrar em contato com a distribuidora de energia e solicitar.<\/p>\n<p>O membro da fam\u00edlia que fizer a solicita\u00e7\u00e3o deve informar o N\u00famero de Identifica\u00e7\u00e3o Social (NIS) do Cad\u00danico, o N\u00famero do Benef\u00edcio (NB) para o caso de quem recebe BPC. Tamb\u00e9m devem ser apresentados o CPF e um documento com foto.<\/p>\n","protected":false},"excerpt":{"rendered":"<p>Milh\u00f5es de brasileiros passaram a pagar menos na conta de luz neste ano com a implementa\u00e7\u00e3o da Tarifa Social de Energia El\u00e9trica (TSEE). Com a chegada da nova regra, alguns cidad\u00e3os poder\u00e3o pagar contas com at\u00e9 65% de desconto e nenhuma taxa extra. Al\u00e9m disso, alguns casos garantem isen\u00e7\u00e3o de 100%. A nova medida chega [&hellip;]<\/p>\n","protected":false},"author":15,"featured_media":36397,"comment_status":"open","ping_status":"open","sticky":false,"template":"","format":"standard","meta":{"jnews-multi-image_gallery":[],"jnews_single_post":{"format":"standard","jnews_video_option_group":[[]],"override":[{"template":"2","parallax":"1","fullscreen":"1","layout":"right-sidebar","sidebar":"default-sidebar","second_sidebar":"default-sidebar","sticky_sidebar":"1","share_position":"hide","share_float_style":"share-monocrhome","show_featured":"1","show_post_meta":"1","show_post_author":"1","show_post_date":"1","post_date_format":"default","post_date_format_custom":"Y\/m\/d","show_post_category":"1","show_post_reading_time":"0","post_reading_time_wpm":"300","post_calculate_word_method":"str_word_count","show_zoom_button":"0","zoom_button_out_step":"2","zoom_button_in_step":"3","show_post_tag":"1","show_popup_post":"1","number_popup_post":"1","show_author_box":"1","show_post_related":"0"}],"image_override":[{"single_post_thumbnail_size":"crop-500","single_post_gallery_size":"crop-500"}],"trending_post_position":"meta","trending_post_label":"Trending","sponsored_post_label":"Sponsored by","disable_ad":"0","subtitle":"Nova regra pode garantir isen\u00e7\u00e3o de at\u00e9 100% na energia el\u00e9trica"},"jnews_primary_category":[],"jnews_override_counter":{"view_counter_number":"0","share_counter_number":"0","like_counter_number":"0","dislike_counter_number":"0"},"jnews_post_split":{"post_split":[{"template":"1","tag":"h2","numbering":"asc","mode":"normal","first":"0","enable_toc":"0","toc_type":"normal"}]},"footnotes":""},"categories":[1],"tags":[6811,47,276,574,415,2830,6964,343],"class_list":["post-36396","post","type-post","status-publish","format-standard","has-post-thumbnail","hentry","category-geral","tag-aneel","tag-brasil","tag-cadunico","tag-conta-de-luz","tag-energia-eletrica","tag-luz","tag-politica-social","tag-tarifa-social"],"yoast_head":"<!-- This site is optimized with the Yoast SEO plugin v25.0 - https:\/\/yoast.com\/wordpress\/plugins\/seo\/ -->\n<title>Brasileiros j\u00e1 podem pagar R$ 0 na conta de luz com nova regra<\/title>\n<meta name=\"robots\" content=\"index, follow, max-snippet:-1, max-image-preview:large, max-video-preview:-1\" \/>\n<link rel=\"canonical\" href=\"https:\/\/crusoe.audiencelabs.com.br\/brasileiros-ja-podem-pagar-r-0-na-conta-de-luz-com-nova-regra\/\" \/>\n<meta property=\"og:locale\" content=\"pt_BR\" \/>\n<meta property=\"og:type\" content=\"article\" \/>\n<meta property=\"og:title\" content=\"Brasileiros j\u00e1 podem pagar R$ 0 na conta de luz com nova regra\" \/>\n<meta property=\"og:description\" content=\"Milh\u00f5es de brasileiros passaram a pagar menos na conta de luz neste ano com a implementa\u00e7\u00e3o da Tarifa Social de Energia El\u00e9trica (TSEE). Com a chegada da nova regra, alguns cidad\u00e3os poder\u00e3o pagar contas com at\u00e9 65% de desconto e nenhuma taxa extra. Al\u00e9m disso, alguns casos garantem isen\u00e7\u00e3o de 100%. A nova medida chega [&hellip;]\" \/>\n<meta property=\"og:url\" content=\"https:\/\/crusoe.audiencelabs.com.br\/brasileiros-ja-podem-pagar-r-0-na-conta-de-luz-com-nova-regra\/\" \/>\n<meta property=\"og:site_name\" content=\"Variedades - Cruso\u00e9\" \/>\n<meta property=\"article:published_time\" content=\"2026-04-06T13:04:18+00:00\" \/>\n<meta property=\"og:image\" content=\"https:\/\/cdn.crusoe.com.br\/uploads\/2026\/04\/anik-das-NnberDdQStw-unsplash.jpg\" \/>\n\t<meta property=\"og:image:width\" content=\"640\" \/>\n\t<meta property=\"og:image:height\" content=\"427\" \/>\n\t<meta property=\"og:image:type\" content=\"image\/jpeg\" \/>\n<meta name=\"author\" content=\"J\u00falio Nesi\" \/>\n<meta name=\"twitter:card\" content=\"summary_large_image\" \/>\n<meta name=\"twitter:label1\" content=\"Escrito por\" \/>\n\t<meta name=\"twitter:data1\" content=\"J\u00falio Nesi\" \/>\n\t<meta name=\"twitter:label2\" content=\"Est. tempo de leitura\" \/>\n\t<meta name=\"twitter:data2\" content=\"3 minutos\" \/>\n<script type=\"application\/ld+json\" class=\"yoast-schema-graph\">{\"@context\":\"https:\/\/schema.org\",\"@graph\":[{\"@type\":\"WebPage\",\"@id\":\"https:\/\/crusoe.audiencelabs.com.br\/brasileiros-ja-podem-pagar-r-0-na-conta-de-luz-com-nova-regra\/\",\"url\":\"https:\/\/crusoe.audiencelabs.com.br\/brasileiros-ja-podem-pagar-r-0-na-conta-de-luz-com-nova-regra\/\",\"name\":\"Brasileiros j\u00e1 podem pagar R$ 0 na conta de luz com nova regra\",\"isPartOf\":{\"@id\":\"https:\/\/crusoe.audiencelabs.com.br\/#website\"},\"primaryImageOfPage\":{\"@id\":\"https:\/\/crusoe.audiencelabs.com.br\/brasileiros-ja-podem-pagar-r-0-na-conta-de-luz-com-nova-regra\/#primaryimage\"},\"image\":{\"@id\":\"https:\/\/crusoe.audiencelabs.com.br\/brasileiros-ja-podem-pagar-r-0-na-conta-de-luz-com-nova-regra\/#primaryimage\"},\"thumbnailUrl\":\"https:\/\/cdn.crusoe.com.br\/uploads\/2026\/04\/anik-das-NnberDdQStw-unsplash.jpg\",\"datePublished\":\"2026-04-06T13:04:18+00:00\",\"author\":{\"@id\":\"https:\/\/crusoe.audiencelabs.com.br\/#\/schema\/person\/0cca5874eda7d72cef71e77a9a9c2143\"},\"breadcrumb\":{\"@id\":\"https:\/\/crusoe.audiencelabs.com.br\/brasileiros-ja-podem-pagar-r-0-na-conta-de-luz-com-nova-regra\/#breadcrumb\"},\"inLanguage\":\"pt-BR\",\"potentialAction\":[{\"@type\":\"ReadAction\",\"target\":[\"https:\/\/crusoe.audiencelabs.com.br\/brasileiros-ja-podem-pagar-r-0-na-conta-de-luz-com-nova-regra\/\"]}]},{\"@type\":\"ImageObject\",\"inLanguage\":\"pt-BR\",\"@id\":\"https:\/\/crusoe.audiencelabs.com.br\/brasileiros-ja-podem-pagar-r-0-na-conta-de-luz-com-nova-regra\/#primaryimage\",\"url\":\"https:\/\/cdn.crusoe.com.br\/uploads\/2026\/04\/anik-das-NnberDdQStw-unsplash.jpg\",\"contentUrl\":\"https:\/\/cdn.crusoe.com.br\/uploads\/2026\/04\/anik-das-NnberDdQStw-unsplash.jpg\",\"width\":640,\"height\":427,\"caption\":\"Reprodu\u00e7\u00e3o: Unsplash \/ Anik Das\"},{\"@type\":\"BreadcrumbList\",\"@id\":\"https:\/\/crusoe.audiencelabs.com.br\/brasileiros-ja-podem-pagar-r-0-na-conta-de-luz-com-nova-regra\/#breadcrumb\",\"itemListElement\":[{\"@type\":\"ListItem\",\"position\":1,\"name\":\"Home\",\"item\":\"https:\/\/crusoe.audiencelabs.com.br\/\"},{\"@type\":\"ListItem\",\"position\":2,\"name\":\"Brasileiros j\u00e1 podem pagar R$ 0 na conta de luz com nova regra\"}]},{\"@type\":\"WebSite\",\"@id\":\"https:\/\/crusoe.audiencelabs.com.br\/#website\",\"url\":\"https:\/\/crusoe.audiencelabs.com.br\/\",\"name\":\"Variedades - Cruso\u00e9\",\"description\":\"\",\"potentialAction\":[{\"@type\":\"SearchAction\",\"target\":{\"@type\":\"EntryPoint\",\"urlTemplate\":\"https:\/\/crusoe.audiencelabs.com.br\/?s={search_term_string}\"},\"query-input\":{\"@type\":\"PropertyValueSpecification\",\"valueRequired\":true,\"valueName\":\"search_term_string\"}}],\"inLanguage\":\"pt-BR\"},{\"@type\":\"Person\",\"@id\":\"https:\/\/crusoe.audiencelabs.com.br\/#\/schema\/person\/0cca5874eda7d72cef71e77a9a9c2143\",\"name\":\"J\u00falio Nesi\",\"image\":{\"@type\":\"ImageObject\",\"inLanguage\":\"pt-BR\",\"@id\":\"https:\/\/crusoe.audiencelabs.com.br\/#\/schema\/person\/image\/\",\"url\":\"https:\/\/secure.gravatar.com\/avatar\/c22eb47c3e2320e71637346b980e09f63de9f75742d3335f94a26b83dff70473?s=96&d=mm&r=g\",\"contentUrl\":\"https:\/\/secure.gravatar.com\/avatar\/c22eb47c3e2320e71637346b980e09f63de9f75742d3335f94a26b83dff70473?s=96&d=mm&r=g\",\"caption\":\"J\u00falio Nesi\"},\"description\":\"Jornalista alagoano formado pela UFAL, j\u00e1 atuei em produ\u00e7\u00e3o de conte\u00fado digital para portais, r\u00e1dio e redes sociais.\",\"sameAs\":[\"www.linkedin.com\/in\/j\u00falio-nesi\"],\"url\":\"https:\/\/crusoe.audiencelabs.com.br\/author\/julionesi\/\"}]}<\/script>\n<!-- \/ Yoast SEO plugin. -->","yoast_head_json":{"title":"Brasileiros j\u00e1 podem pagar R$ 0 na conta de luz com nova regra","robots":{"index":"index","follow":"follow","max-snippet":"max-snippet:-1","max-image-preview":"max-image-preview:large","max-video-preview":"max-video-preview:-1"},"canonical":"https:\/\/crusoe.audiencelabs.com.br\/brasileiros-ja-podem-pagar-r-0-na-conta-de-luz-com-nova-regra\/","og_locale":"pt_BR","og_type":"article","og_title":"Brasileiros j\u00e1 podem pagar R$ 0 na conta de luz com nova regra","og_description":"Milh\u00f5es de brasileiros passaram a pagar menos na conta de luz neste ano com a implementa\u00e7\u00e3o da Tarifa Social de Energia El\u00e9trica (TSEE). Com a chegada da nova regra, alguns cidad\u00e3os poder\u00e3o pagar contas com at\u00e9 65% de desconto e nenhuma taxa extra. Al\u00e9m disso, alguns casos garantem isen\u00e7\u00e3o de 100%. A nova medida chega [&hellip;]","og_url":"https:\/\/crusoe.audiencelabs.com.br\/brasileiros-ja-podem-pagar-r-0-na-conta-de-luz-com-nova-regra\/","og_site_name":"Variedades - Cruso\u00e9","article_published_time":"2026-04-06T13:04:18+00:00","og_image":[{"width":640,"height":427,"url":"https:\/\/cdn.crusoe.com.br\/uploads\/2026\/04\/anik-das-NnberDdQStw-unsplash.jpg","type":"image\/jpeg"}],"author":"J\u00falio Nesi","twitter_card":"summary_large_image","twitter_misc":{"Escrito por":"J\u00falio Nesi","Est. tempo de leitura":"3 minutos"},"schema":{"@context":"https:\/\/schema.org","@graph":[{"@type":"WebPage","@id":"https:\/\/crusoe.audiencelabs.com.br\/brasileiros-ja-podem-pagar-r-0-na-conta-de-luz-com-nova-regra\/","url":"https:\/\/crusoe.audiencelabs.com.br\/brasileiros-ja-podem-pagar-r-0-na-conta-de-luz-com-nova-regra\/","name":"Brasileiros j\u00e1 podem pagar R$ 0 na conta de luz com nova regra","isPartOf":{"@id":"https:\/\/crusoe.audiencelabs.com.br\/#website"},"primaryImageOfPage":{"@id":"https:\/\/crusoe.audiencelabs.com.br\/brasileiros-ja-podem-pagar-r-0-na-conta-de-luz-com-nova-regra\/#primaryimage"},"image":{"@id":"https:\/\/crusoe.audiencelabs.com.br\/brasileiros-ja-podem-pagar-r-0-na-conta-de-luz-com-nova-regra\/#primaryimage"},"thumbnailUrl":"https:\/\/cdn.crusoe.com.br\/uploads\/2026\/04\/anik-das-NnberDdQStw-unsplash.jpg","datePublished":"2026-04-06T13:04:18+00:00","author":{"@id":"https:\/\/crusoe.audiencelabs.com.br\/#\/schema\/person\/0cca5874eda7d72cef71e77a9a9c2143"},"breadcrumb":{"@id":"https:\/\/crusoe.audiencelabs.com.br\/brasileiros-ja-podem-pagar-r-0-na-conta-de-luz-com-nova-regra\/#breadcrumb"},"inLanguage":"pt-BR","potentialAction":[{"@type":"ReadAction","target":["https:\/\/crusoe.audiencelabs.com.br\/brasileiros-ja-podem-pagar-r-0-na-conta-de-luz-com-nova-regra\/"]}]},{"@type":"ImageObject","inLanguage":"pt-BR","@id":"https:\/\/crusoe.audiencelabs.com.br\/brasileiros-ja-podem-pagar-r-0-na-conta-de-luz-com-nova-regra\/#primaryimage","url":"https:\/\/cdn.crusoe.com.br\/uploads\/2026\/04\/anik-das-NnberDdQStw-unsplash.jpg","contentUrl":"https:\/\/cdn.crusoe.com.br\/uploads\/2026\/04\/anik-das-NnberDdQStw-unsplash.jpg","width":640,"height":427,"caption":"Reprodu\u00e7\u00e3o: Unsplash \/ Anik Das"},{"@type":"BreadcrumbList","@id":"https:\/\/crusoe.audiencelabs.com.br\/brasileiros-ja-podem-pagar-r-0-na-conta-de-luz-com-nova-regra\/#breadcrumb","itemListElement":[{"@type":"ListItem","position":1,"name":"Home","item":"https:\/\/crusoe.audiencelabs.com.br\/"},{"@type":"ListItem","position":2,"name":"Brasileiros j\u00e1 podem pagar R$ 0 na conta de luz com nova regra"}]},{"@type":"WebSite","@id":"https:\/\/crusoe.audiencelabs.com.br\/#website","url":"https:\/\/crusoe.audiencelabs.com.br\/","name":"Variedades - Cruso\u00e9","description":"","potentialAction":[{"@type":"SearchAction","target":{"@type":"EntryPoint","urlTemplate":"https:\/\/crusoe.audiencelabs.com.br\/?s={search_term_string}"},"query-input":{"@type":"PropertyValueSpecification","valueRequired":true,"valueName":"search_term_string"}}],"inLanguage":"pt-BR"},{"@type":"Person","@id":"https:\/\/crusoe.audiencelabs.com.br\/#\/schema\/person\/0cca5874eda7d72cef71e77a9a9c2143","name":"J\u00falio Nesi","image":{"@type":"ImageObject","inLanguage":"pt-BR","@id":"https:\/\/crusoe.audiencelabs.com.br\/#\/schema\/person\/image\/","url":"https:\/\/secure.gravatar.com\/avatar\/c22eb47c3e2320e71637346b980e09f63de9f75742d3335f94a26b83dff70473?s=96&d=mm&r=g","contentUrl":"https:\/\/secure.gravatar.com\/avatar\/c22eb47c3e2320e71637346b980e09f63de9f75742d3335f94a26b83dff70473?s=96&d=mm&r=g","caption":"J\u00falio Nesi"},"description":"Jornalista alagoano formado pela UFAL, j\u00e1 atuei em produ\u00e7\u00e3o de conte\u00fado digital para portais, r\u00e1dio e redes sociais.","sameAs":["www.linkedin.com\/in\/j\u00falio-nesi"],"url":"https:\/\/crusoe.audiencelabs.com.br\/author\/julionesi\/"}]}},"_links":{"self":[{"href":"https:\/\/crusoe.audiencelabs.com.br\/wp-json\/wp\/v2\/posts\/36396","targetHints":{"allow":["GET"]}}],"collection":[{"href":"https:\/\/crusoe.audiencelabs.com.br\/wp-json\/wp\/v2\/posts"}],"about":[{"href":"https:\/\/crusoe.audiencelabs.com.br\/wp-json\/wp\/v2\/types\/post"}],"author":[{"embeddable":true,"href":"https:\/\/crusoe.audiencelabs.com.br\/wp-json\/wp\/v2\/users\/15"}],"replies":[{"embeddable":true,"href":"https:\/\/crusoe.audiencelabs.com.br\/wp-json\/wp\/v2\/comments?post=36396"}],"version-history":[{"count":1,"href":"https:\/\/crusoe.audiencelabs.com.br\/wp-json\/wp\/v2\/posts\/36396\/revisions"}],"predecessor-version":[{"id":36400,"href":"https:\/\/crusoe.audiencelabs.com.br\/wp-json\/wp\/v2\/posts\/36396\/revisions\/36400"}],"wp:featuredmedia":[{"embeddable":true,"href":"https:\/\/crusoe.audiencelabs.com.br\/wp-json\/wp\/v2\/media\/36397"}],"wp:attachment":[{"href":"https:\/\/crusoe.audiencelabs.com.br\/wp-json\/wp\/v2\/media?parent=36396"}],"wp:term":[{"taxonomy":"category","embeddable":true,"href":"https:\/\/crusoe.audiencelabs.com.br\/wp-json\/wp\/v2\/categories?post=36396"},{"taxonomy":"post_tag","embeddable":true,"href":"https:\/\/crusoe.audiencelabs.com.br\/wp-json\/wp\/v2\/tags?post=36396"}],"curies":[{"name":"wp","href":"https:\/\/api.w.org\/{rel}","templated":true}]}}