{"id":36375,"date":"2026-04-06T13:33:13","date_gmt":"2026-04-06T16:33:13","guid":{"rendered":"https:\/\/crusoe.audiencelabs.com.br\/?p=36375"},"modified":"2026-04-06T08:07:46","modified_gmt":"2026-04-06T11:07:46","slug":"o-habito-numero-1-que-voce-deve-adotar-aos-50-anos-e-que-pode-prolongar-sua-vida","status":"publish","type":"post","link":"https:\/\/crusoe.audiencelabs.com.br\/o-habito-numero-1-que-voce-deve-adotar-aos-50-anos-e-que-pode-prolongar-sua-vida\/","title":{"rendered":"O h\u00e1bito n\u00famero 1 que voc\u00ea deve adotar aos 50 anos e que pode prolongar sua vida"},"content":{"rendered":"<p data-start=\"0\" data-end=\"398\">Uma pesquisa conduzida por cientistas da <span class=\"hover:entity-accent entity-underline inline cursor-pointer align-baseline\"><span class=\"whitespace-normal\">Universidade de Stanford<\/span><\/span> aponta para um fator simples, mas decisivo, na promo\u00e7\u00e3o da longevidade ap\u00f3s os 50 anos: a <strong>combina\u00e7\u00e3o entre sono de qualidade e pr\u00e1tica regular de atividade f\u00edsica. <\/strong><\/p>\n<p data-start=\"0\" data-end=\"398\">O estudo analisou dados consolidados em sa\u00fade e comportamento humano para entender como esses dois pilares influenciam o envelhecimento. Saiba mais!<\/p>\n<h2 data-section-id=\"1eakvd\" data-start=\"400\" data-end=\"440\">Os impactos do sono na longevidade<\/h2>\n<p data-start=\"441\" data-end=\"744\">Os pesquisadores observaram que manter uma rotina de sono equilibrada \u00e9 fundamental para a sa\u00fade a longo prazo.<\/p>\n<p data-start=\"441\" data-end=\"744\">Participantes que dormiam entre <strong>sete e oito horas por noite apresentaram menor risco de mortalidade<\/strong>, refor\u00e7ando a import\u00e2ncia de um descanso adequado como base para o equil\u00edbrio do organismo.<\/p>\n<h2 data-section-id=\"ydypkx\" data-start=\"746\" data-end=\"783\">Atividade f\u00edsica e sa\u00fade mental<\/h2>\n<p data-start=\"784\" data-end=\"1089\">Al\u00e9m do sono, a pr\u00e1tica regular de exerc\u00edcios f\u00edsicos mostrou impacto n\u00e3o apenas na sa\u00fade cardiovascular, mas tamb\u00e9m no funcionamento do c\u00e9rebro.<\/p>\n<p data-start=\"784\" data-end=\"1089\">A atividade f\u00edsica est\u00e1 associada \u00e0 redu\u00e7\u00e3o do risco de doen\u00e7as cognitivas, como <a href=\"https:\/\/crusoe.audiencelabs.com.br\/esses-4-problemas-de-sono-podem-ser-sinais-de-alerta-para-demencia\/\">dem\u00eancia<\/a>, al\u00e9m de contribuir para o bem-estar emocional e a qualidade de vida.<\/p>\n<h3 data-section-id=\"dk20qw\" data-start=\"1091\" data-end=\"1126\">H\u00e1bitos que fazem a diferen\u00e7a<\/h3>\n<p data-start=\"1127\" data-end=\"1384\">Embora pare\u00e7am simples, ajustes na rotina di\u00e1ria, como dormir melhor e se movimentar fisicamente com frequ\u00eancia, t\u00eam efeitos significativos ao longo do tempo.<\/p>\n<p data-start=\"1127\" data-end=\"1384\">Segundo o estudo, esses h\u00e1bitos funcionam como uma base s\u00f3lida para um envelhecimento mais saud\u00e1vel e ativo.<\/p>\n<h3 data-section-id=\"1p5dq2d\" data-start=\"1386\" data-end=\"1429\">Estrat\u00e9gias para o dia a dia<\/h3>\n<p data-start=\"1430\" data-end=\"1507\">Adotar essa combina\u00e7\u00e3o exige const\u00e2ncia e pequenas mudan\u00e7as de comportamento:<\/p>\n<ul data-start=\"1509\" data-end=\"1857\">\n<li data-section-id=\"1sqcs4h\" data-start=\"1509\" data-end=\"1616\"><strong data-start=\"1511\" data-end=\"1531\">Priorize o sono:<\/strong> mantenha hor\u00e1rios regulares para dormir e acordar, inclusive nos finais de semana;<\/li>\n<li data-section-id=\"50pjol\" data-start=\"1617\" data-end=\"1753\"><strong data-start=\"1619\" data-end=\"1648\">Movimente-se diariamente:<\/strong> atividades aer\u00f3bicas, como caminhada acelerada ou ciclismo, ajudam a fortalecer o cora\u00e7\u00e3o e o c\u00e9rebro;<\/li>\n<li data-section-id=\"1otzfw3\" data-start=\"1754\" data-end=\"1857\"><strong data-start=\"1756\" data-end=\"1775\">Cuide da mente:<\/strong> pr\u00e1ticas como medita\u00e7\u00e3o e pausas ao longo do dia auxiliam na redu\u00e7\u00e3o do estresse.<\/li>\n<\/ul>\n<p data-start=\"1859\" data-end=\"2059\" data-is-last-node=\"\" data-is-only-node=\"\">Os resultados refor\u00e7am que alinhar sono e exerc\u00edcio f\u00edsico n\u00e3o \u00e9 apenas uma recomenda\u00e7\u00e3o geral de sa\u00fade, mas uma estrat\u00e9gia para melhorar a qualidade de vida e aumentar a expectativa de vida.<\/p>\n","protected":false},"excerpt":{"rendered":"<p>Uma pesquisa conduzida por cientistas da Universidade de Stanford aponta para um fator simples, mas decisivo, na promo\u00e7\u00e3o da longevidade ap\u00f3s os 50 anos: a combina\u00e7\u00e3o entre sono de qualidade e pr\u00e1tica regular de atividade f\u00edsica. O estudo analisou dados consolidados em sa\u00fade e comportamento humano para entender como esses dois pilares influenciam o envelhecimento. [&hellip;]<\/p>\n","protected":false},"author":5,"featured_media":36376,"comment_status":"open","ping_status":"open","sticky":false,"template":"","format":"standard","meta":{"jnews-multi-image_gallery":[],"jnews_single_post":{"subtitle":"","format":"standard","jnews_video_option_group":[[]],"override":[{"template":"2","parallax":"1","fullscreen":"1","layout":"right-sidebar","sidebar":"default-sidebar","second_sidebar":"default-sidebar","sticky_sidebar":"1","share_position":"hide","share_float_style":"share-monocrhome","show_featured":"1","show_post_meta":"1","show_post_author":"1","show_post_date":"1","post_date_format":"default","post_date_format_custom":"Y\/m\/d","show_post_category":"1","show_post_reading_time":"0","post_reading_time_wpm":"300","post_calculate_word_method":"str_word_count","show_zoom_button":"0","zoom_button_out_step":"2","zoom_button_in_step":"3","show_post_tag":"1","show_popup_post":"1","number_popup_post":"1","show_author_box":"1","show_post_related":"0"}],"image_override":[{"single_post_thumbnail_size":"crop-500","single_post_gallery_size":"crop-500"}],"trending_post_position":"meta","trending_post_label":"Trending","sponsored_post_label":"Sponsored by","disable_ad":"0"},"jnews_primary_category":[],"jnews_override_counter":{"view_counter_number":"0","share_counter_number":"0","like_counter_number":"0","dislike_counter_number":"0"},"jnews_post_split":{"post_split":[{"template":"1","tag":"h2","numbering":"asc","mode":"normal","first":"0","enable_toc":"0","toc_type":"normal"}]},"footnotes":""},"categories":[1],"tags":[866,234,424],"class_list":["post-36375","post","type-post","status-publish","format-standard","has-post-thumbnail","hentry","category-geral","tag-habitos","tag-saude","tag-sono"],"yoast_head":"<!-- This site is optimized with the Yoast SEO plugin v25.0 - https:\/\/yoast.com\/wordpress\/plugins\/seo\/ -->\n<title>O h\u00e1bito n\u00famero 1 que voc\u00ea deve adotar aos 50 anos e que pode prolongar sua vida<\/title>\n<meta name=\"robots\" content=\"index, follow, max-snippet:-1, max-image-preview:large, max-video-preview:-1\" \/>\n<link rel=\"canonical\" href=\"https:\/\/crusoe.audiencelabs.com.br\/o-habito-numero-1-que-voce-deve-adotar-aos-50-anos-e-que-pode-prolongar-sua-vida\/\" \/>\n<meta property=\"og:locale\" content=\"pt_BR\" \/>\n<meta property=\"og:type\" content=\"article\" \/>\n<meta property=\"og:title\" content=\"O h\u00e1bito n\u00famero 1 que voc\u00ea deve adotar aos 50 anos e que pode prolongar sua vida\" \/>\n<meta property=\"og:description\" content=\"Uma pesquisa conduzida por cientistas da Universidade de Stanford aponta para um fator simples, mas decisivo, na promo\u00e7\u00e3o da longevidade ap\u00f3s os 50 anos: a combina\u00e7\u00e3o entre sono de qualidade e pr\u00e1tica regular de atividade f\u00edsica. O estudo analisou dados consolidados em sa\u00fade e comportamento humano para entender como esses dois pilares influenciam o envelhecimento. [&hellip;]\" \/>\n<meta property=\"og:url\" content=\"https:\/\/crusoe.audiencelabs.com.br\/o-habito-numero-1-que-voce-deve-adotar-aos-50-anos-e-que-pode-prolongar-sua-vida\/\" \/>\n<meta property=\"og:site_name\" content=\"Variedades - Cruso\u00e9\" \/>\n<meta property=\"article:published_time\" content=\"2026-04-06T16:33:13+00:00\" \/>\n<meta name=\"author\" content=\"Milena Armando\" \/>\n<meta name=\"twitter:card\" content=\"summary_large_image\" \/>\n<meta name=\"twitter:label1\" content=\"Escrito por\" \/>\n\t<meta name=\"twitter:data1\" content=\"Milena Armando\" \/>\n\t<meta name=\"twitter:label2\" content=\"Est. tempo de leitura\" \/>\n\t<meta name=\"twitter:data2\" content=\"2 minutos\" \/>\n<script type=\"application\/ld+json\" class=\"yoast-schema-graph\">{\"@context\":\"https:\/\/schema.org\",\"@graph\":[{\"@type\":\"WebPage\",\"@id\":\"https:\/\/crusoe.audiencelabs.com.br\/o-habito-numero-1-que-voce-deve-adotar-aos-50-anos-e-que-pode-prolongar-sua-vida\/\",\"url\":\"https:\/\/crusoe.audiencelabs.com.br\/o-habito-numero-1-que-voce-deve-adotar-aos-50-anos-e-que-pode-prolongar-sua-vida\/\",\"name\":\"O h\u00e1bito n\u00famero 1 que voc\u00ea deve adotar aos 50 anos e que pode prolongar sua vida\",\"isPartOf\":{\"@id\":\"https:\/\/crusoe.audiencelabs.com.br\/#website\"},\"primaryImageOfPage\":{\"@id\":\"https:\/\/crusoe.audiencelabs.com.br\/o-habito-numero-1-que-voce-deve-adotar-aos-50-anos-e-que-pode-prolongar-sua-vida\/#primaryimage\"},\"image\":{\"@id\":\"https:\/\/crusoe.audiencelabs.com.br\/o-habito-numero-1-que-voce-deve-adotar-aos-50-anos-e-que-pode-prolongar-sua-vida\/#primaryimage\"},\"thumbnailUrl\":\"https:\/\/cdn.crusoe.com.br\/uploads\/2026\/04\/bela-foto-de-idosos-se-exercitando-no-parque_181624-51805.avif\",\"datePublished\":\"2026-04-06T16:33:13+00:00\",\"author\":{\"@id\":\"https:\/\/crusoe.audiencelabs.com.br\/#\/schema\/person\/f87f73cfe89e5360de2c006bd4bd6a74\"},\"breadcrumb\":{\"@id\":\"https:\/\/crusoe.audiencelabs.com.br\/o-habito-numero-1-que-voce-deve-adotar-aos-50-anos-e-que-pode-prolongar-sua-vida\/#breadcrumb\"},\"inLanguage\":\"pt-BR\",\"potentialAction\":[{\"@type\":\"ReadAction\",\"target\":[\"https:\/\/crusoe.audiencelabs.com.br\/o-habito-numero-1-que-voce-deve-adotar-aos-50-anos-e-que-pode-prolongar-sua-vida\/\"]}]},{\"@type\":\"ImageObject\",\"inLanguage\":\"pt-BR\",\"@id\":\"https:\/\/crusoe.audiencelabs.com.br\/o-habito-numero-1-que-voce-deve-adotar-aos-50-anos-e-que-pode-prolongar-sua-vida\/#primaryimage\",\"url\":\"https:\/\/cdn.crusoe.com.br\/uploads\/2026\/04\/bela-foto-de-idosos-se-exercitando-no-parque_181624-51805.avif\",\"contentUrl\":\"https:\/\/cdn.crusoe.com.br\/uploads\/2026\/04\/bela-foto-de-idosos-se-exercitando-no-parque_181624-51805.avif\",\"width\":740,\"height\":494,\"caption\":\"Reprodu\u00e7\u00e3o: Freepik\"},{\"@type\":\"BreadcrumbList\",\"@id\":\"https:\/\/crusoe.audiencelabs.com.br\/o-habito-numero-1-que-voce-deve-adotar-aos-50-anos-e-que-pode-prolongar-sua-vida\/#breadcrumb\",\"itemListElement\":[{\"@type\":\"ListItem\",\"position\":1,\"name\":\"Home\",\"item\":\"https:\/\/crusoe.audiencelabs.com.br\/\"},{\"@type\":\"ListItem\",\"position\":2,\"name\":\"O h\u00e1bito n\u00famero 1 que voc\u00ea deve adotar aos 50 anos e que pode prolongar sua vida\"}]},{\"@type\":\"WebSite\",\"@id\":\"https:\/\/crusoe.audiencelabs.com.br\/#website\",\"url\":\"https:\/\/crusoe.audiencelabs.com.br\/\",\"name\":\"Variedades - Cruso\u00e9\",\"description\":\"\",\"potentialAction\":[{\"@type\":\"SearchAction\",\"target\":{\"@type\":\"EntryPoint\",\"urlTemplate\":\"https:\/\/crusoe.audiencelabs.com.br\/?s={search_term_string}\"},\"query-input\":{\"@type\":\"PropertyValueSpecification\",\"valueRequired\":true,\"valueName\":\"search_term_string\"}}],\"inLanguage\":\"pt-BR\"},{\"@type\":\"Person\",\"@id\":\"https:\/\/crusoe.audiencelabs.com.br\/#\/schema\/person\/f87f73cfe89e5360de2c006bd4bd6a74\",\"name\":\"Milena Armando\",\"image\":{\"@type\":\"ImageObject\",\"inLanguage\":\"pt-BR\",\"@id\":\"https:\/\/crusoe.audiencelabs.com.br\/#\/schema\/person\/image\/\",\"url\":\"https:\/\/secure.gravatar.com\/avatar\/ea14ecddc9e9d202b698b18f9f69e09c9fd74cfbed5c6008d55f11faefdbdab7?s=96&d=mm&r=g\",\"contentUrl\":\"https:\/\/secure.gravatar.com\/avatar\/ea14ecddc9e9d202b698b18f9f69e09c9fd74cfbed5c6008d55f11faefdbdab7?s=96&d=mm&r=g\",\"caption\":\"Milena Armando\"},\"description\":\"Jornalista, redatora e revisora.\",\"url\":\"https:\/\/crusoe.audiencelabs.com.br\/author\/milena\/\"}]}<\/script>\n<!-- \/ Yoast SEO plugin. -->","yoast_head_json":{"title":"O h\u00e1bito n\u00famero 1 que voc\u00ea deve adotar aos 50 anos e que pode prolongar sua vida","robots":{"index":"index","follow":"follow","max-snippet":"max-snippet:-1","max-image-preview":"max-image-preview:large","max-video-preview":"max-video-preview:-1"},"canonical":"https:\/\/crusoe.audiencelabs.com.br\/o-habito-numero-1-que-voce-deve-adotar-aos-50-anos-e-que-pode-prolongar-sua-vida\/","og_locale":"pt_BR","og_type":"article","og_title":"O h\u00e1bito n\u00famero 1 que voc\u00ea deve adotar aos 50 anos e que pode prolongar sua vida","og_description":"Uma pesquisa conduzida por cientistas da Universidade de Stanford aponta para um fator simples, mas decisivo, na promo\u00e7\u00e3o da longevidade ap\u00f3s os 50 anos: a combina\u00e7\u00e3o entre sono de qualidade e pr\u00e1tica regular de atividade f\u00edsica. O estudo analisou dados consolidados em sa\u00fade e comportamento humano para entender como esses dois pilares influenciam o envelhecimento. [&hellip;]","og_url":"https:\/\/crusoe.audiencelabs.com.br\/o-habito-numero-1-que-voce-deve-adotar-aos-50-anos-e-que-pode-prolongar-sua-vida\/","og_site_name":"Variedades - Cruso\u00e9","article_published_time":"2026-04-06T16:33:13+00:00","author":"Milena Armando","twitter_card":"summary_large_image","twitter_misc":{"Escrito por":"Milena Armando","Est. tempo de leitura":"2 minutos"},"schema":{"@context":"https:\/\/schema.org","@graph":[{"@type":"WebPage","@id":"https:\/\/crusoe.audiencelabs.com.br\/o-habito-numero-1-que-voce-deve-adotar-aos-50-anos-e-que-pode-prolongar-sua-vida\/","url":"https:\/\/crusoe.audiencelabs.com.br\/o-habito-numero-1-que-voce-deve-adotar-aos-50-anos-e-que-pode-prolongar-sua-vida\/","name":"O h\u00e1bito n\u00famero 1 que voc\u00ea deve adotar aos 50 anos e que pode prolongar sua vida","isPartOf":{"@id":"https:\/\/crusoe.audiencelabs.com.br\/#website"},"primaryImageOfPage":{"@id":"https:\/\/crusoe.audiencelabs.com.br\/o-habito-numero-1-que-voce-deve-adotar-aos-50-anos-e-que-pode-prolongar-sua-vida\/#primaryimage"},"image":{"@id":"https:\/\/crusoe.audiencelabs.com.br\/o-habito-numero-1-que-voce-deve-adotar-aos-50-anos-e-que-pode-prolongar-sua-vida\/#primaryimage"},"thumbnailUrl":"https:\/\/cdn.crusoe.com.br\/uploads\/2026\/04\/bela-foto-de-idosos-se-exercitando-no-parque_181624-51805.avif","datePublished":"2026-04-06T16:33:13+00:00","author":{"@id":"https:\/\/crusoe.audiencelabs.com.br\/#\/schema\/person\/f87f73cfe89e5360de2c006bd4bd6a74"},"breadcrumb":{"@id":"https:\/\/crusoe.audiencelabs.com.br\/o-habito-numero-1-que-voce-deve-adotar-aos-50-anos-e-que-pode-prolongar-sua-vida\/#breadcrumb"},"inLanguage":"pt-BR","potentialAction":[{"@type":"ReadAction","target":["https:\/\/crusoe.audiencelabs.com.br\/o-habito-numero-1-que-voce-deve-adotar-aos-50-anos-e-que-pode-prolongar-sua-vida\/"]}]},{"@type":"ImageObject","inLanguage":"pt-BR","@id":"https:\/\/crusoe.audiencelabs.com.br\/o-habito-numero-1-que-voce-deve-adotar-aos-50-anos-e-que-pode-prolongar-sua-vida\/#primaryimage","url":"https:\/\/cdn.crusoe.com.br\/uploads\/2026\/04\/bela-foto-de-idosos-se-exercitando-no-parque_181624-51805.avif","contentUrl":"https:\/\/cdn.crusoe.com.br\/uploads\/2026\/04\/bela-foto-de-idosos-se-exercitando-no-parque_181624-51805.avif","width":740,"height":494,"caption":"Reprodu\u00e7\u00e3o: Freepik"},{"@type":"BreadcrumbList","@id":"https:\/\/crusoe.audiencelabs.com.br\/o-habito-numero-1-que-voce-deve-adotar-aos-50-anos-e-que-pode-prolongar-sua-vida\/#breadcrumb","itemListElement":[{"@type":"ListItem","position":1,"name":"Home","item":"https:\/\/crusoe.audiencelabs.com.br\/"},{"@type":"ListItem","position":2,"name":"O h\u00e1bito n\u00famero 1 que voc\u00ea deve adotar aos 50 anos e que pode prolongar sua vida"}]},{"@type":"WebSite","@id":"https:\/\/crusoe.audiencelabs.com.br\/#website","url":"https:\/\/crusoe.audiencelabs.com.br\/","name":"Variedades - Cruso\u00e9","description":"","potentialAction":[{"@type":"SearchAction","target":{"@type":"EntryPoint","urlTemplate":"https:\/\/crusoe.audiencelabs.com.br\/?s={search_term_string}"},"query-input":{"@type":"PropertyValueSpecification","valueRequired":true,"valueName":"search_term_string"}}],"inLanguage":"pt-BR"},{"@type":"Person","@id":"https:\/\/crusoe.audiencelabs.com.br\/#\/schema\/person\/f87f73cfe89e5360de2c006bd4bd6a74","name":"Milena Armando","image":{"@type":"ImageObject","inLanguage":"pt-BR","@id":"https:\/\/crusoe.audiencelabs.com.br\/#\/schema\/person\/image\/","url":"https:\/\/secure.gravatar.com\/avatar\/ea14ecddc9e9d202b698b18f9f69e09c9fd74cfbed5c6008d55f11faefdbdab7?s=96&d=mm&r=g","contentUrl":"https:\/\/secure.gravatar.com\/avatar\/ea14ecddc9e9d202b698b18f9f69e09c9fd74cfbed5c6008d55f11faefdbdab7?s=96&d=mm&r=g","caption":"Milena Armando"},"description":"Jornalista, redatora e revisora.","url":"https:\/\/crusoe.audiencelabs.com.br\/author\/milena\/"}]}},"_links":{"self":[{"href":"https:\/\/crusoe.audiencelabs.com.br\/wp-json\/wp\/v2\/posts\/36375","targetHints":{"allow":["GET"]}}],"collection":[{"href":"https:\/\/crusoe.audiencelabs.com.br\/wp-json\/wp\/v2\/posts"}],"about":[{"href":"https:\/\/crusoe.audiencelabs.com.br\/wp-json\/wp\/v2\/types\/post"}],"author":[{"embeddable":true,"href":"https:\/\/crusoe.audiencelabs.com.br\/wp-json\/wp\/v2\/users\/5"}],"replies":[{"embeddable":true,"href":"https:\/\/crusoe.audiencelabs.com.br\/wp-json\/wp\/v2\/comments?post=36375"}],"version-history":[{"count":3,"href":"https:\/\/crusoe.audiencelabs.com.br\/wp-json\/wp\/v2\/posts\/36375\/revisions"}],"predecessor-version":[{"id":36379,"href":"https:\/\/crusoe.audiencelabs.com.br\/wp-json\/wp\/v2\/posts\/36375\/revisions\/36379"}],"wp:featuredmedia":[{"embeddable":true,"href":"https:\/\/crusoe.audiencelabs.com.br\/wp-json\/wp\/v2\/media\/36376"}],"wp:attachment":[{"href":"https:\/\/crusoe.audiencelabs.com.br\/wp-json\/wp\/v2\/media?parent=36375"}],"wp:term":[{"taxonomy":"category","embeddable":true,"href":"https:\/\/crusoe.audiencelabs.com.br\/wp-json\/wp\/v2\/categories?post=36375"},{"taxonomy":"post_tag","embeddable":true,"href":"https:\/\/crusoe.audiencelabs.com.br\/wp-json\/wp\/v2\/tags?post=36375"}],"curies":[{"name":"wp","href":"https:\/\/api.w.org\/{rel}","templated":true}]}}