{"id":36370,"date":"2026-04-06T08:31:50","date_gmt":"2026-04-06T11:31:50","guid":{"rendered":"https:\/\/crusoe.audiencelabs.com.br\/?p=36370"},"modified":"2026-04-06T08:31:50","modified_gmt":"2026-04-06T11:31:50","slug":"eliana-trocou-salario-de-r-900-mil-no-sbt-por-novo-valor-na-globo","status":"publish","type":"post","link":"https:\/\/crusoe.audiencelabs.com.br\/eliana-trocou-salario-de-r-900-mil-no-sbt-por-novo-valor-na-globo\/","title":{"rendered":"Eliana trocou sal\u00e1rio de R$ 900 mil no SBT por novo valor na Globo"},"content":{"rendered":"<p>A apresentadora Eliana Michaelichen chamou a aten\u00e7\u00e3o na TV brasileira ap\u00f3s trocar a SBT, onde vem apresentando programas h\u00e1 mais de uma d\u00e9cada, pela rival TV Globo. Al\u00e9m disso, a mudan\u00e7a de sal\u00e1rio da artista tamb\u00e9m chama a aten\u00e7\u00e3o: na SBT, a Eliana recebia cerca de R$ 900 mil, mas, j\u00e1 na Globo, ganha R$ 450 mil mensais, metade do \u00faltimo sal\u00e1rio.<\/p>\n<p>Segundo informa\u00e7\u00f5es dos bastidores, a redu\u00e7\u00e3o salarial vem por causa de uma mudan\u00e7a no modelo de contrato com a nova emissora. O jornalista Andr\u00e9 Romano apontou que a emissora carioca vem adotando um novo modelo de contrato com seus artistas em que a remunera\u00e7\u00e3o-base \u00e9 menor, mas os artistas ganham maior participa\u00e7\u00e3o nas receitas comerciais.<\/p>\n<h2>Maior faturamento<\/h2>\n<p>Apesar de seu sal\u00e1rio fixo na Globo ser menor, o novo modelo de contrato permite um maior potencial que os seus vencimentos na SBT. O contrato com a emissora carioca garante que ela tenha ganhos nas campanhas de merchandising ligadas aos seus programas. Com isso, especialistas apontam que, somados ao sal\u00e1rio, os ganhos de Eliana podem passar dos milh\u00f5es.<\/p>\n<p>Para nomes nos bastidores da TV, esse formato \u00e9 parte de uma nova estrat\u00e9gia da TV Globo para aumentar o engajamento de seus funcion\u00e1rios com o comercial. Se os apresentadores ganham mais ao garantir contratos e participa\u00e7\u00f5es publicit\u00e1rias, eles ter\u00e3o melhores performances ao engajar seus programas.<\/p>\n<h2>Por que a troca?<\/h2>\n<p>Em uma entrevista concedida ao jornal Folha de S\u00e3o Paulo, a apresentadora alegou que seu principal motivo para a troca de emissoras foi o modelo de contrato e melhores condi\u00e7\u00f5es na nova emissora.<\/p>\n<p>\u201cVou ter um cuidado est\u00e9tico que nunca tive condi\u00e7\u00e3o de fazer por onde passei. Desde que soube como seria o formato, me emocionei. Meu diferencial ser\u00e3o as hist\u00f3rias. Eu gosto de gente&#8221;, afirmou.<\/p>\n<p>De acordo com Eliana, trabalhar na Globo tamb\u00e9m iria permitir &#8220;aumentar&#8221; seu leque de comunica\u00e7\u00e3o e chegar a mais pessoas com seu trabalho: &#8220;quero chegar a mais pessoas com o meu trabalho e com o que tenho a dizer.&#8221;<\/p>\n<h2>Tempo no SBT<\/h2>\n<p>Eliane participou de programas do SBT por 15 anos, iniciando sua carreira em 1991 no programa &#8220;Festol\u00e2ndia&#8221;, foi para o &#8220;Bom Dia &amp; Cia&#8221; em 1993. Ela chegou a sair da SBT e ir para a Record em 1998, mas voltou em 2009 como apresentadora do programa &#8220;Eliana&#8221; no SBT.<\/p>\n<p>Em 2024 ela passou a apresentar paralelamente o programa &#8220;Saia Justa&#8221; na GNT e, em 2025, oficializou sua troca para a TV Globo quando come\u00e7ou a apresentar a quinta temporada do The Masked Singer Brasil. Atualmente ela comanda o &#8220;Em Fam\u00edlia com Eliana&#8221;.<\/p>\n","protected":false},"excerpt":{"rendered":"<p>A apresentadora Eliana Michaelichen chamou a aten\u00e7\u00e3o na TV brasileira ap\u00f3s trocar a SBT, onde vem apresentando programas h\u00e1 mais de uma d\u00e9cada, pela rival TV Globo. Al\u00e9m disso, a mudan\u00e7a de sal\u00e1rio da artista tamb\u00e9m chama a aten\u00e7\u00e3o: na SBT, a Eliana recebia cerca de R$ 900 mil, mas, j\u00e1 na Globo, ganha R$ [&hellip;]<\/p>\n","protected":false},"author":15,"featured_media":36391,"comment_status":"open","ping_status":"open","sticky":false,"template":"","format":"standard","meta":{"jnews-multi-image_gallery":[],"jnews_single_post":{"format":"standard","jnews_video_option_group":[[]],"override":[{"template":"2","parallax":"1","fullscreen":"1","layout":"right-sidebar","sidebar":"default-sidebar","second_sidebar":"default-sidebar","sticky_sidebar":"1","share_position":"hide","share_float_style":"share-monocrhome","show_featured":"1","show_post_meta":"1","show_post_author":"1","show_post_date":"1","post_date_format":"default","post_date_format_custom":"Y\/m\/d","show_post_category":"1","show_post_reading_time":"0","post_reading_time_wpm":"300","post_calculate_word_method":"str_word_count","show_zoom_button":"0","zoom_button_out_step":"2","zoom_button_in_step":"3","show_post_tag":"1","show_popup_post":"1","number_popup_post":"1","show_author_box":"1","show_post_related":"0"}],"image_override":[{"single_post_thumbnail_size":"crop-500","single_post_gallery_size":"crop-500"}],"trending_post_position":"meta","trending_post_label":"Trending","sponsored_post_label":"Sponsored by","disable_ad":"0","subtitle":"O novo contrato da apresentadora \u00e9 de um valor muito menor, mas com maior potencial de faturamento"},"jnews_primary_category":[],"jnews_override_counter":{"view_counter_number":"0","share_counter_number":"0","like_counter_number":"0","dislike_counter_number":"0"},"jnews_post_split":{"post_split":[{"template":"1","tag":"h2","numbering":"asc","mode":"normal","first":"0","enable_toc":"0","toc_type":"normal"}]},"footnotes":""},"categories":[1],"tags":[47,4084,6962,6963,87,6961,3080,3038,6960,188],"class_list":["post-36370","post","type-post","status-publish","format-standard","has-post-thumbnail","hentry","category-geral","tag-brasil","tag-eliana","tag-eliana-michaelichen","tag-emissora","tag-globo","tag-gnt","tag-salario","tag-sbt","tag-televisao","tag-tv"],"yoast_head":"<!-- This site is optimized with the Yoast SEO plugin v25.0 - https:\/\/yoast.com\/wordpress\/plugins\/seo\/ -->\n<title>Eliana trocou sal\u00e1rio de R$ 900 mil no SBT por novo valor na Globo<\/title>\n<meta name=\"robots\" content=\"index, follow, max-snippet:-1, max-image-preview:large, max-video-preview:-1\" \/>\n<link rel=\"canonical\" href=\"https:\/\/crusoe.audiencelabs.com.br\/eliana-trocou-salario-de-r-900-mil-no-sbt-por-novo-valor-na-globo\/\" \/>\n<meta property=\"og:locale\" content=\"pt_BR\" \/>\n<meta property=\"og:type\" content=\"article\" \/>\n<meta property=\"og:title\" content=\"Eliana trocou sal\u00e1rio de R$ 900 mil no SBT por novo valor na Globo\" \/>\n<meta property=\"og:description\" content=\"A apresentadora Eliana Michaelichen chamou a aten\u00e7\u00e3o na TV brasileira ap\u00f3s trocar a SBT, onde vem apresentando programas h\u00e1 mais de uma d\u00e9cada, pela rival TV Globo. Al\u00e9m disso, a mudan\u00e7a de sal\u00e1rio da artista tamb\u00e9m chama a aten\u00e7\u00e3o: na SBT, a Eliana recebia cerca de R$ 900 mil, mas, j\u00e1 na Globo, ganha R$ [&hellip;]\" \/>\n<meta property=\"og:url\" content=\"https:\/\/crusoe.audiencelabs.com.br\/eliana-trocou-salario-de-r-900-mil-no-sbt-por-novo-valor-na-globo\/\" \/>\n<meta property=\"og:site_name\" content=\"Variedades - Cruso\u00e9\" \/>\n<meta property=\"article:published_time\" content=\"2026-04-06T11:31:50+00:00\" \/>\n<meta property=\"og:image\" content=\"https:\/\/cdn.crusoe.com.br\/uploads\/2026\/04\/30576177981_3d49e20474_w.jpg\" \/>\n\t<meta property=\"og:image:width\" content=\"400\" \/>\n\t<meta property=\"og:image:height\" content=\"300\" \/>\n\t<meta property=\"og:image:type\" content=\"image\/jpeg\" \/>\n<meta name=\"author\" content=\"J\u00falio Nesi\" \/>\n<meta name=\"twitter:card\" content=\"summary_large_image\" \/>\n<meta name=\"twitter:label1\" content=\"Escrito por\" \/>\n\t<meta name=\"twitter:data1\" content=\"J\u00falio Nesi\" \/>\n\t<meta name=\"twitter:label2\" content=\"Est. tempo de leitura\" \/>\n\t<meta name=\"twitter:data2\" content=\"3 minutos\" \/>\n<script type=\"application\/ld+json\" class=\"yoast-schema-graph\">{\"@context\":\"https:\/\/schema.org\",\"@graph\":[{\"@type\":\"WebPage\",\"@id\":\"https:\/\/crusoe.audiencelabs.com.br\/eliana-trocou-salario-de-r-900-mil-no-sbt-por-novo-valor-na-globo\/\",\"url\":\"https:\/\/crusoe.audiencelabs.com.br\/eliana-trocou-salario-de-r-900-mil-no-sbt-por-novo-valor-na-globo\/\",\"name\":\"Eliana trocou sal\u00e1rio de R$ 900 mil no SBT por novo valor na Globo\",\"isPartOf\":{\"@id\":\"https:\/\/crusoe.audiencelabs.com.br\/#website\"},\"primaryImageOfPage\":{\"@id\":\"https:\/\/crusoe.audiencelabs.com.br\/eliana-trocou-salario-de-r-900-mil-no-sbt-por-novo-valor-na-globo\/#primaryimage\"},\"image\":{\"@id\":\"https:\/\/crusoe.audiencelabs.com.br\/eliana-trocou-salario-de-r-900-mil-no-sbt-por-novo-valor-na-globo\/#primaryimage\"},\"thumbnailUrl\":\"https:\/\/cdn.crusoe.com.br\/uploads\/2026\/04\/30576177981_3d49e20474_w.jpg\",\"datePublished\":\"2026-04-06T11:31:50+00:00\",\"author\":{\"@id\":\"https:\/\/crusoe.audiencelabs.com.br\/#\/schema\/person\/0cca5874eda7d72cef71e77a9a9c2143\"},\"breadcrumb\":{\"@id\":\"https:\/\/crusoe.audiencelabs.com.br\/eliana-trocou-salario-de-r-900-mil-no-sbt-por-novo-valor-na-globo\/#breadcrumb\"},\"inLanguage\":\"pt-BR\",\"potentialAction\":[{\"@type\":\"ReadAction\",\"target\":[\"https:\/\/crusoe.audiencelabs.com.br\/eliana-trocou-salario-de-r-900-mil-no-sbt-por-novo-valor-na-globo\/\"]}]},{\"@type\":\"ImageObject\",\"inLanguage\":\"pt-BR\",\"@id\":\"https:\/\/crusoe.audiencelabs.com.br\/eliana-trocou-salario-de-r-900-mil-no-sbt-por-novo-valor-na-globo\/#primaryimage\",\"url\":\"https:\/\/cdn.crusoe.com.br\/uploads\/2026\/04\/30576177981_3d49e20474_w.jpg\",\"contentUrl\":\"https:\/\/cdn.crusoe.com.br\/uploads\/2026\/04\/30576177981_3d49e20474_w.jpg\",\"width\":400,\"height\":300,\"caption\":\"Reprodu\u00e7\u00e3o: Flickr \/ Renato Cipriano\"},{\"@type\":\"BreadcrumbList\",\"@id\":\"https:\/\/crusoe.audiencelabs.com.br\/eliana-trocou-salario-de-r-900-mil-no-sbt-por-novo-valor-na-globo\/#breadcrumb\",\"itemListElement\":[{\"@type\":\"ListItem\",\"position\":1,\"name\":\"Home\",\"item\":\"https:\/\/crusoe.audiencelabs.com.br\/\"},{\"@type\":\"ListItem\",\"position\":2,\"name\":\"Eliana trocou sal\u00e1rio de R$ 900 mil no SBT por novo valor na Globo\"}]},{\"@type\":\"WebSite\",\"@id\":\"https:\/\/crusoe.audiencelabs.com.br\/#website\",\"url\":\"https:\/\/crusoe.audiencelabs.com.br\/\",\"name\":\"Variedades - Cruso\u00e9\",\"description\":\"\",\"potentialAction\":[{\"@type\":\"SearchAction\",\"target\":{\"@type\":\"EntryPoint\",\"urlTemplate\":\"https:\/\/crusoe.audiencelabs.com.br\/?s={search_term_string}\"},\"query-input\":{\"@type\":\"PropertyValueSpecification\",\"valueRequired\":true,\"valueName\":\"search_term_string\"}}],\"inLanguage\":\"pt-BR\"},{\"@type\":\"Person\",\"@id\":\"https:\/\/crusoe.audiencelabs.com.br\/#\/schema\/person\/0cca5874eda7d72cef71e77a9a9c2143\",\"name\":\"J\u00falio Nesi\",\"image\":{\"@type\":\"ImageObject\",\"inLanguage\":\"pt-BR\",\"@id\":\"https:\/\/crusoe.audiencelabs.com.br\/#\/schema\/person\/image\/\",\"url\":\"https:\/\/secure.gravatar.com\/avatar\/c22eb47c3e2320e71637346b980e09f63de9f75742d3335f94a26b83dff70473?s=96&d=mm&r=g\",\"contentUrl\":\"https:\/\/secure.gravatar.com\/avatar\/c22eb47c3e2320e71637346b980e09f63de9f75742d3335f94a26b83dff70473?s=96&d=mm&r=g\",\"caption\":\"J\u00falio Nesi\"},\"description\":\"Jornalista alagoano formado pela UFAL, j\u00e1 atuei em produ\u00e7\u00e3o de conte\u00fado digital para portais, r\u00e1dio e redes sociais.\",\"sameAs\":[\"www.linkedin.com\/in\/j\u00falio-nesi\"],\"url\":\"https:\/\/crusoe.audiencelabs.com.br\/author\/julionesi\/\"}]}<\/script>\n<!-- \/ Yoast SEO plugin. -->","yoast_head_json":{"title":"Eliana trocou sal\u00e1rio de R$ 900 mil no SBT por novo valor na Globo","robots":{"index":"index","follow":"follow","max-snippet":"max-snippet:-1","max-image-preview":"max-image-preview:large","max-video-preview":"max-video-preview:-1"},"canonical":"https:\/\/crusoe.audiencelabs.com.br\/eliana-trocou-salario-de-r-900-mil-no-sbt-por-novo-valor-na-globo\/","og_locale":"pt_BR","og_type":"article","og_title":"Eliana trocou sal\u00e1rio de R$ 900 mil no SBT por novo valor na Globo","og_description":"A apresentadora Eliana Michaelichen chamou a aten\u00e7\u00e3o na TV brasileira ap\u00f3s trocar a SBT, onde vem apresentando programas h\u00e1 mais de uma d\u00e9cada, pela rival TV Globo. Al\u00e9m disso, a mudan\u00e7a de sal\u00e1rio da artista tamb\u00e9m chama a aten\u00e7\u00e3o: na SBT, a Eliana recebia cerca de R$ 900 mil, mas, j\u00e1 na Globo, ganha R$ [&hellip;]","og_url":"https:\/\/crusoe.audiencelabs.com.br\/eliana-trocou-salario-de-r-900-mil-no-sbt-por-novo-valor-na-globo\/","og_site_name":"Variedades - Cruso\u00e9","article_published_time":"2026-04-06T11:31:50+00:00","og_image":[{"width":400,"height":300,"url":"https:\/\/cdn.crusoe.com.br\/uploads\/2026\/04\/30576177981_3d49e20474_w.jpg","type":"image\/jpeg"}],"author":"J\u00falio Nesi","twitter_card":"summary_large_image","twitter_misc":{"Escrito por":"J\u00falio Nesi","Est. tempo de leitura":"3 minutos"},"schema":{"@context":"https:\/\/schema.org","@graph":[{"@type":"WebPage","@id":"https:\/\/crusoe.audiencelabs.com.br\/eliana-trocou-salario-de-r-900-mil-no-sbt-por-novo-valor-na-globo\/","url":"https:\/\/crusoe.audiencelabs.com.br\/eliana-trocou-salario-de-r-900-mil-no-sbt-por-novo-valor-na-globo\/","name":"Eliana trocou sal\u00e1rio de R$ 900 mil no SBT por novo valor na Globo","isPartOf":{"@id":"https:\/\/crusoe.audiencelabs.com.br\/#website"},"primaryImageOfPage":{"@id":"https:\/\/crusoe.audiencelabs.com.br\/eliana-trocou-salario-de-r-900-mil-no-sbt-por-novo-valor-na-globo\/#primaryimage"},"image":{"@id":"https:\/\/crusoe.audiencelabs.com.br\/eliana-trocou-salario-de-r-900-mil-no-sbt-por-novo-valor-na-globo\/#primaryimage"},"thumbnailUrl":"https:\/\/cdn.crusoe.com.br\/uploads\/2026\/04\/30576177981_3d49e20474_w.jpg","datePublished":"2026-04-06T11:31:50+00:00","author":{"@id":"https:\/\/crusoe.audiencelabs.com.br\/#\/schema\/person\/0cca5874eda7d72cef71e77a9a9c2143"},"breadcrumb":{"@id":"https:\/\/crusoe.audiencelabs.com.br\/eliana-trocou-salario-de-r-900-mil-no-sbt-por-novo-valor-na-globo\/#breadcrumb"},"inLanguage":"pt-BR","potentialAction":[{"@type":"ReadAction","target":["https:\/\/crusoe.audiencelabs.com.br\/eliana-trocou-salario-de-r-900-mil-no-sbt-por-novo-valor-na-globo\/"]}]},{"@type":"ImageObject","inLanguage":"pt-BR","@id":"https:\/\/crusoe.audiencelabs.com.br\/eliana-trocou-salario-de-r-900-mil-no-sbt-por-novo-valor-na-globo\/#primaryimage","url":"https:\/\/cdn.crusoe.com.br\/uploads\/2026\/04\/30576177981_3d49e20474_w.jpg","contentUrl":"https:\/\/cdn.crusoe.com.br\/uploads\/2026\/04\/30576177981_3d49e20474_w.jpg","width":400,"height":300,"caption":"Reprodu\u00e7\u00e3o: Flickr \/ Renato Cipriano"},{"@type":"BreadcrumbList","@id":"https:\/\/crusoe.audiencelabs.com.br\/eliana-trocou-salario-de-r-900-mil-no-sbt-por-novo-valor-na-globo\/#breadcrumb","itemListElement":[{"@type":"ListItem","position":1,"name":"Home","item":"https:\/\/crusoe.audiencelabs.com.br\/"},{"@type":"ListItem","position":2,"name":"Eliana trocou sal\u00e1rio de R$ 900 mil no SBT por novo valor na Globo"}]},{"@type":"WebSite","@id":"https:\/\/crusoe.audiencelabs.com.br\/#website","url":"https:\/\/crusoe.audiencelabs.com.br\/","name":"Variedades - Cruso\u00e9","description":"","potentialAction":[{"@type":"SearchAction","target":{"@type":"EntryPoint","urlTemplate":"https:\/\/crusoe.audiencelabs.com.br\/?s={search_term_string}"},"query-input":{"@type":"PropertyValueSpecification","valueRequired":true,"valueName":"search_term_string"}}],"inLanguage":"pt-BR"},{"@type":"Person","@id":"https:\/\/crusoe.audiencelabs.com.br\/#\/schema\/person\/0cca5874eda7d72cef71e77a9a9c2143","name":"J\u00falio Nesi","image":{"@type":"ImageObject","inLanguage":"pt-BR","@id":"https:\/\/crusoe.audiencelabs.com.br\/#\/schema\/person\/image\/","url":"https:\/\/secure.gravatar.com\/avatar\/c22eb47c3e2320e71637346b980e09f63de9f75742d3335f94a26b83dff70473?s=96&d=mm&r=g","contentUrl":"https:\/\/secure.gravatar.com\/avatar\/c22eb47c3e2320e71637346b980e09f63de9f75742d3335f94a26b83dff70473?s=96&d=mm&r=g","caption":"J\u00falio Nesi"},"description":"Jornalista alagoano formado pela UFAL, j\u00e1 atuei em produ\u00e7\u00e3o de conte\u00fado digital para portais, r\u00e1dio e redes sociais.","sameAs":["www.linkedin.com\/in\/j\u00falio-nesi"],"url":"https:\/\/crusoe.audiencelabs.com.br\/author\/julionesi\/"}]}},"_links":{"self":[{"href":"https:\/\/crusoe.audiencelabs.com.br\/wp-json\/wp\/v2\/posts\/36370","targetHints":{"allow":["GET"]}}],"collection":[{"href":"https:\/\/crusoe.audiencelabs.com.br\/wp-json\/wp\/v2\/posts"}],"about":[{"href":"https:\/\/crusoe.audiencelabs.com.br\/wp-json\/wp\/v2\/types\/post"}],"author":[{"embeddable":true,"href":"https:\/\/crusoe.audiencelabs.com.br\/wp-json\/wp\/v2\/users\/15"}],"replies":[{"embeddable":true,"href":"https:\/\/crusoe.audiencelabs.com.br\/wp-json\/wp\/v2\/comments?post=36370"}],"version-history":[{"count":1,"href":"https:\/\/crusoe.audiencelabs.com.br\/wp-json\/wp\/v2\/posts\/36370\/revisions"}],"predecessor-version":[{"id":36392,"href":"https:\/\/crusoe.audiencelabs.com.br\/wp-json\/wp\/v2\/posts\/36370\/revisions\/36392"}],"wp:featuredmedia":[{"embeddable":true,"href":"https:\/\/crusoe.audiencelabs.com.br\/wp-json\/wp\/v2\/media\/36391"}],"wp:attachment":[{"href":"https:\/\/crusoe.audiencelabs.com.br\/wp-json\/wp\/v2\/media?parent=36370"}],"wp:term":[{"taxonomy":"category","embeddable":true,"href":"https:\/\/crusoe.audiencelabs.com.br\/wp-json\/wp\/v2\/categories?post=36370"},{"taxonomy":"post_tag","embeddable":true,"href":"https:\/\/crusoe.audiencelabs.com.br\/wp-json\/wp\/v2\/tags?post=36370"}],"curies":[{"name":"wp","href":"https:\/\/api.w.org\/{rel}","templated":true}]}}