{"id":36365,"date":"2026-04-06T10:34:32","date_gmt":"2026-04-06T13:34:32","guid":{"rendered":"https:\/\/crusoe.audiencelabs.com.br\/?p=36365"},"modified":"2026-04-06T07:40:00","modified_gmt":"2026-04-06T10:40:00","slug":"combustivel-dispara-e-pais-toma-decisao-inesperada-com-transporte-publico","status":"publish","type":"post","link":"https:\/\/crusoe.audiencelabs.com.br\/combustivel-dispara-e-pais-toma-decisao-inesperada-com-transporte-publico\/","title":{"rendered":"Combust\u00edvel dispara e pa\u00eds toma decis\u00e3o inesperada com transporte p\u00fablico"},"content":{"rendered":"<div class=\"flex flex-col text-sm pb-25\">\n<section class=\"text-token-text-primary w-full focus:outline-none [--shadow-height:45px] has-data-writing-block:pointer-events-none has-data-writing-block:-mt-(--shadow-height) has-data-writing-block:pt-(--shadow-height) [&amp;:has([data-writing-block])&gt;*]:pointer-events-auto scroll-mt-[calc(var(--header-height)+min(200px,max(70px,20svh)))]\" dir=\"auto\" data-turn-id=\"request-WEB:80fa8306-1134-4e55-9c30-47f7af6139c0-3\" data-testid=\"conversation-turn-8\" data-scroll-anchor=\"true\" data-turn=\"assistant\">\n<div class=\"text-base my-auto mx-auto pb-10 [--thread-content-margin:var(--thread-content-margin-xs,calc(var(--spacing)*4))] @w-sm\/main:[--thread-content-margin:var(--thread-content-margin-sm,calc(var(--spacing)*6))] @w-lg\/main:[--thread-content-margin:var(--thread-content-margin-lg,calc(var(--spacing)*16))] px-(--thread-content-margin)\">\n<div class=\"[--thread-content-max-width:40rem] @w-lg\/main:[--thread-content-max-width:48rem] mx-auto max-w-(--thread-content-max-width) flex-1 group\/turn-messages focus-visible:outline-hidden relative flex w-full min-w-0 flex-col agent-turn\">\n<div class=\"flex max-w-full flex-col gap-4 grow\">\n<div class=\"min-h-8 text-message relative flex w-full flex-col items-end gap-2 text-start break-words whitespace-normal outline-none keyboard-focused:focus-ring [.text-message+&amp;]:mt-1\" dir=\"auto\" data-message-author-role=\"assistant\" data-message-id=\"31d01029-f1fc-446b-9d30-a8a4e8c6375c\" data-message-model-slug=\"gpt-5-3\" data-turn-start-message=\"true\">\n<div class=\"flex w-full flex-col gap-1 empty:hidden\">\n<div class=\"markdown prose dark:prose-invert w-full wrap-break-word dark markdown-new-styling\">\n<p data-start=\"0\" data-end=\"393\">O governo do <strong><span class=\"hover:entity-accent entity-underline inline cursor-pointer align-baseline\"><span class=\"whitespace-normal\">Paquist\u00e3o<\/span><\/span> <\/strong>anunciou, no \u00faltimo s\u00e1bado (4), a <strong>gratuidade no transporte p\u00fablico nas principais cidades do pa\u00eds<\/strong> como resposta emergencial \u00e0 <strong>crise de combust\u00edveis<\/strong>.<\/p>\n<p data-start=\"0\" data-end=\"393\">A medida, v\u00e1lida por 30 dias, surge ap\u00f3s uma forte alta nos pre\u00e7os do petr\u00f3leo, intensificada por tens\u00f5es no Oriente M\u00e9dio e seus impactos no tr\u00e1fego pelo <span class=\"hover:entity-accent entity-underline inline cursor-pointer align-baseline\"><span class=\"whitespace-normal\">Estreito de Ormuz<\/span><\/span>.<\/p>\n<h2 data-section-id=\"8t6flc\" data-start=\"395\" data-end=\"430\">Crise atual de combust\u00edveis<\/h2>\n<p data-start=\"431\" data-end=\"705\">A escalada de conflitos envolvendo <span class=\"hover:entity-accent entity-underline inline cursor-pointer align-baseline\"><span class=\"whitespace-normal\">Estados Unidos<\/span><\/span>, <span class=\"hover:entity-accent entity-underline inline cursor-pointer align-baseline\"><span class=\"whitespace-normal\">Israel<\/span><\/span> e <span class=\"hover:entity-accent entity-underline inline cursor-pointer align-baseline\"><span class=\"whitespace-normal\">Ir\u00e3<\/span><\/span> afetou o fluxo global de petr\u00f3leo, provocando interrup\u00e7\u00f5es log\u00edsticas e pressionando os pre\u00e7os internacionais.<\/p>\n<p data-start=\"707\" data-end=\"1007\">No Paquist\u00e3o, os reflexos foram imediatos: o diesel registrou aumento de 54,9%, enquanto a gasolina subiu 42,7%, atingindo n\u00edveis recordes.<\/p>\n<h2 data-section-id=\"kqic1x\" data-start=\"1009\" data-end=\"1048\">Medida provis\u00f3ria e seus impactos<\/h2>\n<p data-start=\"1049\" data-end=\"1381\">A ado\u00e7\u00e3o do transporte p\u00fablico gratuito busca conter o consumo de combust\u00edveis ao desestimular o uso de ve\u00edculos particulares.<\/p>\n<p data-start=\"1049\" data-end=\"1381\">A iniciativa abrange cidades como <span class=\"hover:entity-accent entity-underline inline cursor-pointer align-baseline\"><span class=\"whitespace-normal\">Islamabad<\/span><\/span> e outras regi\u00f5es densamente povoadas, com a expectativa de reduzir, ainda que temporariamente, a press\u00e3o econ\u00f4mica sobre as fam\u00edlias.<\/p>\n<p data-start=\"1383\" data-end=\"1591\">Al\u00e9m do al\u00edvio, a medida pode trazer efeitos positivos para a mobilidade urbana, incentivando o uso de transporte coletivo.<\/p>\n<h2 data-section-id=\"umjn90\" data-start=\"1593\" data-end=\"1621\">Desafios a longo prazo<\/h2>\n<p data-start=\"1622\" data-end=\"1869\">Apesar dos benef\u00edcios emergenciais, especialistas alertam para os desafios de manter a gratuidade no transporte p\u00fablico.<\/p>\n<p data-start=\"1622\" data-end=\"1869\">A medida exige alto n\u00edvel de investimento estatal, o que pode ser dif\u00edcil de sustentar em um cen\u00e1rio econ\u00f4mico j\u00e1 fragilizado.<\/p>\n<p data-start=\"1871\" data-end=\"2183\">Nesse contexto, torna-se fundamental avan\u00e7ar em estrat\u00e9gias estruturais, como diversifica\u00e7\u00e3o da matriz energ\u00e9tica e investimentos em fontes alternativas.<\/p>\n<p data-start=\"1871\" data-end=\"2183\">Essas a\u00e7\u00f5es s\u00e3o essenciais para reduzir a depend\u00eancia de combust\u00edveis f\u00f3sseis e aumentar a resili\u00eancia do pa\u00eds frente \u00e0 volatilidade do mercado internacional.<\/p>\n<h2 data-section-id=\"kun2iy\" data-start=\"2185\" data-end=\"2204\">O que esperar<\/h2>\n<p data-start=\"2205\" data-end=\"2478\">A iniciativa do governo paquistan\u00eas revela agilidade na resposta \u00e0 crise, mas n\u00e3o substitui a necessidade de pol\u00edticas de longo prazo.<\/p>\n<p data-start=\"2205\" data-end=\"2478\">O acompanhamento dos impactos econ\u00f4micos e sociais ser\u00e1 decisivo para entender a viabilidade da medida e seus poss\u00edveis desdobramentos.<\/p>\n<p data-start=\"2480\" data-end=\"2709\" data-is-last-node=\"\" data-is-only-node=\"\">Mais do que uma solu\u00e7\u00e3o definitiva, a gratuidade no transporte p\u00fablico representa um movimento emergencial diante de um cen\u00e1rio global inst\u00e1vel.<\/p>\n<\/div>\n<\/div>\n<\/div>\n<\/div>\n<\/div>\n<\/div>\n<\/section>\n<\/div>\n","protected":false},"excerpt":{"rendered":"<p>O governo do Paquist\u00e3o anunciou, no \u00faltimo s\u00e1bado (4), a gratuidade no transporte p\u00fablico nas principais cidades do pa\u00eds como resposta emergencial \u00e0 crise de combust\u00edveis. A medida, v\u00e1lida por 30 dias, surge ap\u00f3s uma forte alta nos pre\u00e7os do petr\u00f3leo, intensificada por tens\u00f5es no Oriente M\u00e9dio e seus impactos no tr\u00e1fego pelo Estreito de [&hellip;]<\/p>\n","protected":false},"author":5,"featured_media":36366,"comment_status":"open","ping_status":"open","sticky":false,"template":"","format":"standard","meta":{"jnews-multi-image_gallery":[],"jnews_single_post":{"subtitle":""},"jnews_primary_category":[],"jnews_override_counter":[],"jnews_post_split":[],"footnotes":""},"categories":[1],"tags":[5858,717,6256],"class_list":["post-36365","post","type-post","status-publish","format-standard","has-post-thumbnail","hentry","category-geral","tag-combustivel","tag-paquistao","tag-transporte-gratuito"],"yoast_head":"<!-- This site is optimized with the Yoast SEO plugin v25.0 - https:\/\/yoast.com\/wordpress\/plugins\/seo\/ -->\n<title>Combust\u00edvel dispara e pa\u00eds toma decis\u00e3o inesperada com transporte p\u00fablico<\/title>\n<meta name=\"robots\" content=\"index, follow, max-snippet:-1, max-image-preview:large, max-video-preview:-1\" \/>\n<link rel=\"canonical\" href=\"https:\/\/crusoe.audiencelabs.com.br\/combustivel-dispara-e-pais-toma-decisao-inesperada-com-transporte-publico\/\" \/>\n<meta property=\"og:locale\" content=\"pt_BR\" \/>\n<meta property=\"og:type\" content=\"article\" \/>\n<meta property=\"og:title\" content=\"Combust\u00edvel dispara e pa\u00eds toma decis\u00e3o inesperada com transporte p\u00fablico\" \/>\n<meta property=\"og:description\" content=\"O governo do Paquist\u00e3o anunciou, no \u00faltimo s\u00e1bado (4), a gratuidade no transporte p\u00fablico nas principais cidades do pa\u00eds como resposta emergencial \u00e0 crise de combust\u00edveis. A medida, v\u00e1lida por 30 dias, surge ap\u00f3s uma forte alta nos pre\u00e7os do petr\u00f3leo, intensificada por tens\u00f5es no Oriente M\u00e9dio e seus impactos no tr\u00e1fego pelo Estreito de [&hellip;]\" \/>\n<meta property=\"og:url\" content=\"https:\/\/crusoe.audiencelabs.com.br\/combustivel-dispara-e-pais-toma-decisao-inesperada-com-transporte-publico\/\" \/>\n<meta property=\"og:site_name\" content=\"Variedades - Cruso\u00e9\" \/>\n<meta property=\"article:published_time\" content=\"2026-04-06T13:34:32+00:00\" \/>\n<meta name=\"author\" content=\"Milena Armando\" \/>\n<meta name=\"twitter:card\" content=\"summary_large_image\" \/>\n<meta name=\"twitter:label1\" content=\"Escrito por\" \/>\n\t<meta name=\"twitter:data1\" content=\"Milena Armando\" \/>\n\t<meta name=\"twitter:label2\" content=\"Est. tempo de leitura\" \/>\n\t<meta name=\"twitter:data2\" content=\"2 minutos\" \/>\n<script type=\"application\/ld+json\" class=\"yoast-schema-graph\">{\"@context\":\"https:\/\/schema.org\",\"@graph\":[{\"@type\":\"WebPage\",\"@id\":\"https:\/\/crusoe.audiencelabs.com.br\/combustivel-dispara-e-pais-toma-decisao-inesperada-com-transporte-publico\/\",\"url\":\"https:\/\/crusoe.audiencelabs.com.br\/combustivel-dispara-e-pais-toma-decisao-inesperada-com-transporte-publico\/\",\"name\":\"Combust\u00edvel dispara e pa\u00eds toma decis\u00e3o inesperada com transporte p\u00fablico\",\"isPartOf\":{\"@id\":\"https:\/\/crusoe.audiencelabs.com.br\/#website\"},\"primaryImageOfPage\":{\"@id\":\"https:\/\/crusoe.audiencelabs.com.br\/combustivel-dispara-e-pais-toma-decisao-inesperada-com-transporte-publico\/#primaryimage\"},\"image\":{\"@id\":\"https:\/\/crusoe.audiencelabs.com.br\/combustivel-dispara-e-pais-toma-decisao-inesperada-com-transporte-publico\/#primaryimage\"},\"thumbnailUrl\":\"https:\/\/cdn.crusoe.com.br\/uploads\/2026\/04\/interior-de-um-transporte-de-onibus-publico_53876-63434.avif\",\"datePublished\":\"2026-04-06T13:34:32+00:00\",\"author\":{\"@id\":\"https:\/\/crusoe.audiencelabs.com.br\/#\/schema\/person\/f87f73cfe89e5360de2c006bd4bd6a74\"},\"breadcrumb\":{\"@id\":\"https:\/\/crusoe.audiencelabs.com.br\/combustivel-dispara-e-pais-toma-decisao-inesperada-com-transporte-publico\/#breadcrumb\"},\"inLanguage\":\"pt-BR\",\"potentialAction\":[{\"@type\":\"ReadAction\",\"target\":[\"https:\/\/crusoe.audiencelabs.com.br\/combustivel-dispara-e-pais-toma-decisao-inesperada-com-transporte-publico\/\"]}]},{\"@type\":\"ImageObject\",\"inLanguage\":\"pt-BR\",\"@id\":\"https:\/\/crusoe.audiencelabs.com.br\/combustivel-dispara-e-pais-toma-decisao-inesperada-com-transporte-publico\/#primaryimage\",\"url\":\"https:\/\/cdn.crusoe.com.br\/uploads\/2026\/04\/interior-de-um-transporte-de-onibus-publico_53876-63434.avif\",\"contentUrl\":\"https:\/\/cdn.crusoe.com.br\/uploads\/2026\/04\/interior-de-um-transporte-de-onibus-publico_53876-63434.avif\",\"width\":626,\"height\":417,\"caption\":\"Reprodu\u00e7\u00e3o: Freepik\"},{\"@type\":\"BreadcrumbList\",\"@id\":\"https:\/\/crusoe.audiencelabs.com.br\/combustivel-dispara-e-pais-toma-decisao-inesperada-com-transporte-publico\/#breadcrumb\",\"itemListElement\":[{\"@type\":\"ListItem\",\"position\":1,\"name\":\"Home\",\"item\":\"https:\/\/crusoe.audiencelabs.com.br\/\"},{\"@type\":\"ListItem\",\"position\":2,\"name\":\"Combust\u00edvel dispara e pa\u00eds toma decis\u00e3o inesperada com transporte p\u00fablico\"}]},{\"@type\":\"WebSite\",\"@id\":\"https:\/\/crusoe.audiencelabs.com.br\/#website\",\"url\":\"https:\/\/crusoe.audiencelabs.com.br\/\",\"name\":\"Variedades - Cruso\u00e9\",\"description\":\"\",\"potentialAction\":[{\"@type\":\"SearchAction\",\"target\":{\"@type\":\"EntryPoint\",\"urlTemplate\":\"https:\/\/crusoe.audiencelabs.com.br\/?s={search_term_string}\"},\"query-input\":{\"@type\":\"PropertyValueSpecification\",\"valueRequired\":true,\"valueName\":\"search_term_string\"}}],\"inLanguage\":\"pt-BR\"},{\"@type\":\"Person\",\"@id\":\"https:\/\/crusoe.audiencelabs.com.br\/#\/schema\/person\/f87f73cfe89e5360de2c006bd4bd6a74\",\"name\":\"Milena Armando\",\"image\":{\"@type\":\"ImageObject\",\"inLanguage\":\"pt-BR\",\"@id\":\"https:\/\/crusoe.audiencelabs.com.br\/#\/schema\/person\/image\/\",\"url\":\"https:\/\/secure.gravatar.com\/avatar\/ea14ecddc9e9d202b698b18f9f69e09c9fd74cfbed5c6008d55f11faefdbdab7?s=96&d=mm&r=g\",\"contentUrl\":\"https:\/\/secure.gravatar.com\/avatar\/ea14ecddc9e9d202b698b18f9f69e09c9fd74cfbed5c6008d55f11faefdbdab7?s=96&d=mm&r=g\",\"caption\":\"Milena Armando\"},\"description\":\"Jornalista, redatora e revisora.\",\"url\":\"https:\/\/crusoe.audiencelabs.com.br\/author\/milena\/\"}]}<\/script>\n<!-- \/ Yoast SEO plugin. -->","yoast_head_json":{"title":"Combust\u00edvel dispara e pa\u00eds toma decis\u00e3o inesperada com transporte p\u00fablico","robots":{"index":"index","follow":"follow","max-snippet":"max-snippet:-1","max-image-preview":"max-image-preview:large","max-video-preview":"max-video-preview:-1"},"canonical":"https:\/\/crusoe.audiencelabs.com.br\/combustivel-dispara-e-pais-toma-decisao-inesperada-com-transporte-publico\/","og_locale":"pt_BR","og_type":"article","og_title":"Combust\u00edvel dispara e pa\u00eds toma decis\u00e3o inesperada com transporte p\u00fablico","og_description":"O governo do Paquist\u00e3o anunciou, no \u00faltimo s\u00e1bado (4), a gratuidade no transporte p\u00fablico nas principais cidades do pa\u00eds como resposta emergencial \u00e0 crise de combust\u00edveis. A medida, v\u00e1lida por 30 dias, surge ap\u00f3s uma forte alta nos pre\u00e7os do petr\u00f3leo, intensificada por tens\u00f5es no Oriente M\u00e9dio e seus impactos no tr\u00e1fego pelo Estreito de [&hellip;]","og_url":"https:\/\/crusoe.audiencelabs.com.br\/combustivel-dispara-e-pais-toma-decisao-inesperada-com-transporte-publico\/","og_site_name":"Variedades - Cruso\u00e9","article_published_time":"2026-04-06T13:34:32+00:00","author":"Milena Armando","twitter_card":"summary_large_image","twitter_misc":{"Escrito por":"Milena Armando","Est. tempo de leitura":"2 minutos"},"schema":{"@context":"https:\/\/schema.org","@graph":[{"@type":"WebPage","@id":"https:\/\/crusoe.audiencelabs.com.br\/combustivel-dispara-e-pais-toma-decisao-inesperada-com-transporte-publico\/","url":"https:\/\/crusoe.audiencelabs.com.br\/combustivel-dispara-e-pais-toma-decisao-inesperada-com-transporte-publico\/","name":"Combust\u00edvel dispara e pa\u00eds toma decis\u00e3o inesperada com transporte p\u00fablico","isPartOf":{"@id":"https:\/\/crusoe.audiencelabs.com.br\/#website"},"primaryImageOfPage":{"@id":"https:\/\/crusoe.audiencelabs.com.br\/combustivel-dispara-e-pais-toma-decisao-inesperada-com-transporte-publico\/#primaryimage"},"image":{"@id":"https:\/\/crusoe.audiencelabs.com.br\/combustivel-dispara-e-pais-toma-decisao-inesperada-com-transporte-publico\/#primaryimage"},"thumbnailUrl":"https:\/\/cdn.crusoe.com.br\/uploads\/2026\/04\/interior-de-um-transporte-de-onibus-publico_53876-63434.avif","datePublished":"2026-04-06T13:34:32+00:00","author":{"@id":"https:\/\/crusoe.audiencelabs.com.br\/#\/schema\/person\/f87f73cfe89e5360de2c006bd4bd6a74"},"breadcrumb":{"@id":"https:\/\/crusoe.audiencelabs.com.br\/combustivel-dispara-e-pais-toma-decisao-inesperada-com-transporte-publico\/#breadcrumb"},"inLanguage":"pt-BR","potentialAction":[{"@type":"ReadAction","target":["https:\/\/crusoe.audiencelabs.com.br\/combustivel-dispara-e-pais-toma-decisao-inesperada-com-transporte-publico\/"]}]},{"@type":"ImageObject","inLanguage":"pt-BR","@id":"https:\/\/crusoe.audiencelabs.com.br\/combustivel-dispara-e-pais-toma-decisao-inesperada-com-transporte-publico\/#primaryimage","url":"https:\/\/cdn.crusoe.com.br\/uploads\/2026\/04\/interior-de-um-transporte-de-onibus-publico_53876-63434.avif","contentUrl":"https:\/\/cdn.crusoe.com.br\/uploads\/2026\/04\/interior-de-um-transporte-de-onibus-publico_53876-63434.avif","width":626,"height":417,"caption":"Reprodu\u00e7\u00e3o: Freepik"},{"@type":"BreadcrumbList","@id":"https:\/\/crusoe.audiencelabs.com.br\/combustivel-dispara-e-pais-toma-decisao-inesperada-com-transporte-publico\/#breadcrumb","itemListElement":[{"@type":"ListItem","position":1,"name":"Home","item":"https:\/\/crusoe.audiencelabs.com.br\/"},{"@type":"ListItem","position":2,"name":"Combust\u00edvel dispara e pa\u00eds toma decis\u00e3o inesperada com transporte p\u00fablico"}]},{"@type":"WebSite","@id":"https:\/\/crusoe.audiencelabs.com.br\/#website","url":"https:\/\/crusoe.audiencelabs.com.br\/","name":"Variedades - Cruso\u00e9","description":"","potentialAction":[{"@type":"SearchAction","target":{"@type":"EntryPoint","urlTemplate":"https:\/\/crusoe.audiencelabs.com.br\/?s={search_term_string}"},"query-input":{"@type":"PropertyValueSpecification","valueRequired":true,"valueName":"search_term_string"}}],"inLanguage":"pt-BR"},{"@type":"Person","@id":"https:\/\/crusoe.audiencelabs.com.br\/#\/schema\/person\/f87f73cfe89e5360de2c006bd4bd6a74","name":"Milena Armando","image":{"@type":"ImageObject","inLanguage":"pt-BR","@id":"https:\/\/crusoe.audiencelabs.com.br\/#\/schema\/person\/image\/","url":"https:\/\/secure.gravatar.com\/avatar\/ea14ecddc9e9d202b698b18f9f69e09c9fd74cfbed5c6008d55f11faefdbdab7?s=96&d=mm&r=g","contentUrl":"https:\/\/secure.gravatar.com\/avatar\/ea14ecddc9e9d202b698b18f9f69e09c9fd74cfbed5c6008d55f11faefdbdab7?s=96&d=mm&r=g","caption":"Milena Armando"},"description":"Jornalista, redatora e revisora.","url":"https:\/\/crusoe.audiencelabs.com.br\/author\/milena\/"}]}},"_links":{"self":[{"href":"https:\/\/crusoe.audiencelabs.com.br\/wp-json\/wp\/v2\/posts\/36365","targetHints":{"allow":["GET"]}}],"collection":[{"href":"https:\/\/crusoe.audiencelabs.com.br\/wp-json\/wp\/v2\/posts"}],"about":[{"href":"https:\/\/crusoe.audiencelabs.com.br\/wp-json\/wp\/v2\/types\/post"}],"author":[{"embeddable":true,"href":"https:\/\/crusoe.audiencelabs.com.br\/wp-json\/wp\/v2\/users\/5"}],"replies":[{"embeddable":true,"href":"https:\/\/crusoe.audiencelabs.com.br\/wp-json\/wp\/v2\/comments?post=36365"}],"version-history":[{"count":2,"href":"https:\/\/crusoe.audiencelabs.com.br\/wp-json\/wp\/v2\/posts\/36365\/revisions"}],"predecessor-version":[{"id":36368,"href":"https:\/\/crusoe.audiencelabs.com.br\/wp-json\/wp\/v2\/posts\/36365\/revisions\/36368"}],"wp:featuredmedia":[{"embeddable":true,"href":"https:\/\/crusoe.audiencelabs.com.br\/wp-json\/wp\/v2\/media\/36366"}],"wp:attachment":[{"href":"https:\/\/crusoe.audiencelabs.com.br\/wp-json\/wp\/v2\/media?parent=36365"}],"wp:term":[{"taxonomy":"category","embeddable":true,"href":"https:\/\/crusoe.audiencelabs.com.br\/wp-json\/wp\/v2\/categories?post=36365"},{"taxonomy":"post_tag","embeddable":true,"href":"https:\/\/crusoe.audiencelabs.com.br\/wp-json\/wp\/v2\/tags?post=36365"}],"curies":[{"name":"wp","href":"https:\/\/api.w.org\/{rel}","templated":true}]}}