{"id":36350,"date":"2026-04-06T07:37:10","date_gmt":"2026-04-06T10:37:10","guid":{"rendered":"https:\/\/crusoe.audiencelabs.com.br\/?p=36350"},"modified":"2026-04-06T07:11:31","modified_gmt":"2026-04-06T10:11:31","slug":"trabalhadores-que-usam-moto-terao-aumento-no-salario-em-todo-o-brasil","status":"publish","type":"post","link":"https:\/\/crusoe.audiencelabs.com.br\/trabalhadores-que-usam-moto-terao-aumento-no-salario-em-todo-o-brasil\/","title":{"rendered":"Trabalhadores que usam moto ter\u00e3o aumento no sal\u00e1rio em todo o Brasil"},"content":{"rendered":"<p><span style=\"font-weight: 400\">Desde a \u00faltima sexta-feira (3), <strong>motociclistas contratados sob o regime de Consolida\u00e7\u00e3o das Leis do Trabalho (CLT)<\/strong> de todo o Brasil, passaram a ter direito a <strong>um adicional de 30% em suas remunera\u00e7\u00f5es<\/strong>.\u00a0<\/span><\/p>\n<p><span style=\"font-weight: 400\">Este aumento visa reconhecer os <strong>riscos associados ao uso de motocicletas em vias p\u00fablicas urbanas<\/strong>, conforme estabelece a <\/span><strong><a href=\"https:\/\/www.gov.br\/trabalho-e-emprego\/pt-br\/noticias-e-conteudo\/2025\/dezembro\/mte-atualiza-nr-16-e-fortalece-protecao-para-trabalhadores-que-utilizam-motocicletas\/PortariaMTEn2.021AprovaoAnexoVAtividadescomMotocicletasdaNR16.pdf\">Portaria MTE n\u00ba 2.021\/2025<\/a><\/strong><span style=\"font-weight: 400\">.\u00a0<\/span><\/p>\n<p><span style=\"font-weight: 400\">A nova regra<strong> abrange somente os empregados com carteira assinada.\u00a0<\/strong><\/span><\/p>\n<h2><span style=\"font-weight: 400\">Quem pode receber o adicional de periculosidade?<\/span><\/h2>\n<p><span style=\"font-weight: 400\">Para que um motociclista se beneficie deste adicional, \u00e9 necess\u00e1rio que a<strong> empresa elabore um laudo t\u00e9cnico<\/strong>, assinado por um m\u00e9dico do trabalho ou engenheiro de seguran\u00e7a, comprovando a condi\u00e7\u00e3o de periculosidade.\u00a0<\/span><\/p>\n<p><span style=\"font-weight: 400\">Esse procedimento garante que somente aqueles que realmente lidam com os riscos di\u00e1rios do tr\u00e2nsito em suas fun\u00e7\u00f5es possam acessar o benef\u00edcio.<\/span><\/p>\n<p><span style=\"font-weight: 400\">A regulamenta\u00e7\u00e3o tamb\u00e9m menciona que o adicional ser\u00e1 baseado em atividades realizadas exclusivamente em vias abertas ao tr\u00e2nsito p\u00fablico.\u00a0<\/span><\/p>\n<p><strong>Motociclistas que somente deslocam suas motos em \u00e1reas internas ou para ir de casa ao trabalho n\u00e3o est\u00e3o cobertos por esta medida.<\/strong><\/p>\n<h2><span style=\"font-weight: 400\">Quem fica de fora do benef\u00edcio?<\/span><\/h2>\n<p><span style=\"font-weight: 400\"><strong>Motociclistas aut\u00f4nomos ou que trabalham por meio de aplicativos de entrega<\/strong> enfrentam uma realidade diferente.\u00a0<\/span><\/p>\n<p><span style=\"font-weight: 400\">Embora estejam expostos a riscos similares, eles <strong>n\u00e3o t\u00eam direito ao adicional de periculosidade por n\u00e3o terem v\u00ednculo formal de emprego.\u00a0<\/strong><\/span><\/p>\n<h2><span style=\"font-weight: 400\">Expectativas para o futuro dos motoboys CLT<\/span><\/h2>\n<p><span style=\"font-weight: 400\">Com esta medida, espera-se que as condi\u00e7\u00f5es de trabalho para motoboys contratados sob as leis trabalhistas brasileiras melhorem.\u00a0<\/span><\/p>\n<p><span style=\"font-weight: 400\">O adicional\u00a0 financeiro \u00e9 uma forma de reconhecimento do perigo envolvido na fun\u00e7\u00e3o. Al\u00e9m disso, a iniciativa pode estimular mais empresas a formalizarem seus funcion\u00e1rios, garantindo-lhes direitos essenciais.<\/span><\/p>\n<p><span style=\"font-weight: 400\">A implementa\u00e7\u00e3o do adicional de periculosidade surge em um momento em que a valoriza\u00e7\u00e3o deste profissional se torna cada vez mais necess\u00e1ria. <\/span><span style=\"font-weight: 400\">Resta aguardar um novo movimento legislativo que expanda essa prote\u00e7\u00e3o para mais categorias dentro da \u00e1rea.<\/span><\/p>\n","protected":false},"excerpt":{"rendered":"<p>Desde a \u00faltima sexta-feira (3), motociclistas contratados sob o regime de Consolida\u00e7\u00e3o das Leis do Trabalho (CLT) de todo o Brasil, passaram a ter direito a um adicional de 30% em suas remunera\u00e7\u00f5es.\u00a0 Este aumento visa reconhecer os riscos associados ao uso de motocicletas em vias p\u00fablicas urbanas, conforme estabelece a Portaria MTE n\u00ba 2.021\/2025.\u00a0 [&hellip;]<\/p>\n","protected":false},"author":5,"featured_media":36351,"comment_status":"open","ping_status":"open","sticky":false,"template":"","format":"standard","meta":{"jnews-multi-image_gallery":[],"jnews_single_post":{"subtitle":"","format":"standard","jnews_video_option_group":[[]],"override":[{"template":"2","parallax":"1","fullscreen":"1","layout":"right-sidebar","sidebar":"default-sidebar","second_sidebar":"default-sidebar","sticky_sidebar":"1","share_position":"hide","share_float_style":"share-monocrhome","show_featured":"1","show_post_meta":"1","show_post_author":"1","show_post_date":"1","post_date_format":"default","post_date_format_custom":"Y\/m\/d","show_post_category":"1","show_post_reading_time":"0","post_reading_time_wpm":"300","post_calculate_word_method":"str_word_count","show_zoom_button":"0","zoom_button_out_step":"2","zoom_button_in_step":"3","show_post_tag":"1","show_popup_post":"1","number_popup_post":"1","show_author_box":"1","show_post_related":"0"}],"image_override":[{"single_post_thumbnail_size":"crop-500","single_post_gallery_size":"crop-500"}],"trending_post_position":"meta","trending_post_label":"Trending","sponsored_post_label":"Sponsored by","disable_ad":"0"},"jnews_primary_category":[],"jnews_override_counter":{"view_counter_number":"0","share_counter_number":"0","like_counter_number":"0","dislike_counter_number":"0"},"jnews_post_split":{"post_split":[{"template":"1","tag":"h2","numbering":"asc","mode":"normal","first":"0","enable_toc":"0","toc_type":"normal"}]},"footnotes":""},"categories":[1],"tags":[6955,554,5925],"class_list":["post-36350","post","type-post","status-publish","format-standard","has-post-thumbnail","hentry","category-geral","tag-adicional-de-periculosidade","tag-clt","tag-motociclistas"],"yoast_head":"<!-- This site is optimized with the Yoast SEO plugin v25.0 - https:\/\/yoast.com\/wordpress\/plugins\/seo\/ -->\n<title>Trabalhadores que usam moto ter\u00e3o aumento no sal\u00e1rio em todo o Brasil<\/title>\n<meta name=\"robots\" content=\"index, follow, max-snippet:-1, max-image-preview:large, max-video-preview:-1\" \/>\n<link rel=\"canonical\" href=\"https:\/\/crusoe.audiencelabs.com.br\/trabalhadores-que-usam-moto-terao-aumento-no-salario-em-todo-o-brasil\/\" \/>\n<meta property=\"og:locale\" content=\"pt_BR\" \/>\n<meta property=\"og:type\" content=\"article\" \/>\n<meta property=\"og:title\" content=\"Trabalhadores que usam moto ter\u00e3o aumento no sal\u00e1rio em todo o Brasil\" \/>\n<meta property=\"og:description\" content=\"Desde a \u00faltima sexta-feira (3), motociclistas contratados sob o regime de Consolida\u00e7\u00e3o das Leis do Trabalho (CLT) de todo o Brasil, passaram a ter direito a um adicional de 30% em suas remunera\u00e7\u00f5es.\u00a0 Este aumento visa reconhecer os riscos associados ao uso de motocicletas em vias p\u00fablicas urbanas, conforme estabelece a Portaria MTE n\u00ba 2.021\/2025.\u00a0 [&hellip;]\" \/>\n<meta property=\"og:url\" content=\"https:\/\/crusoe.audiencelabs.com.br\/trabalhadores-que-usam-moto-terao-aumento-no-salario-em-todo-o-brasil\/\" \/>\n<meta property=\"og:site_name\" content=\"Variedades - Cruso\u00e9\" \/>\n<meta property=\"article:published_time\" content=\"2026-04-06T10:37:10+00:00\" \/>\n<meta name=\"author\" content=\"Milena Armando\" \/>\n<meta name=\"twitter:card\" content=\"summary_large_image\" \/>\n<meta name=\"twitter:label1\" content=\"Escrito por\" \/>\n\t<meta name=\"twitter:data1\" content=\"Milena Armando\" \/>\n\t<meta name=\"twitter:label2\" content=\"Est. tempo de leitura\" \/>\n\t<meta name=\"twitter:data2\" content=\"2 minutos\" \/>\n<script type=\"application\/ld+json\" class=\"yoast-schema-graph\">{\"@context\":\"https:\/\/schema.org\",\"@graph\":[{\"@type\":\"WebPage\",\"@id\":\"https:\/\/crusoe.audiencelabs.com.br\/trabalhadores-que-usam-moto-terao-aumento-no-salario-em-todo-o-brasil\/\",\"url\":\"https:\/\/crusoe.audiencelabs.com.br\/trabalhadores-que-usam-moto-terao-aumento-no-salario-em-todo-o-brasil\/\",\"name\":\"Trabalhadores que usam moto ter\u00e3o aumento no sal\u00e1rio em todo o Brasil\",\"isPartOf\":{\"@id\":\"https:\/\/crusoe.audiencelabs.com.br\/#website\"},\"primaryImageOfPage\":{\"@id\":\"https:\/\/crusoe.audiencelabs.com.br\/trabalhadores-que-usam-moto-terao-aumento-no-salario-em-todo-o-brasil\/#primaryimage\"},\"image\":{\"@id\":\"https:\/\/crusoe.audiencelabs.com.br\/trabalhadores-que-usam-moto-terao-aumento-no-salario-em-todo-o-brasil\/#primaryimage\"},\"thumbnailUrl\":\"https:\/\/cdn.crusoe.com.br\/uploads\/2026\/04\/pessoa-de-entrega-a-andar-de-motocicleta_23-2150704665.avif\",\"datePublished\":\"2026-04-06T10:37:10+00:00\",\"author\":{\"@id\":\"https:\/\/crusoe.audiencelabs.com.br\/#\/schema\/person\/f87f73cfe89e5360de2c006bd4bd6a74\"},\"breadcrumb\":{\"@id\":\"https:\/\/crusoe.audiencelabs.com.br\/trabalhadores-que-usam-moto-terao-aumento-no-salario-em-todo-o-brasil\/#breadcrumb\"},\"inLanguage\":\"pt-BR\",\"potentialAction\":[{\"@type\":\"ReadAction\",\"target\":[\"https:\/\/crusoe.audiencelabs.com.br\/trabalhadores-que-usam-moto-terao-aumento-no-salario-em-todo-o-brasil\/\"]}]},{\"@type\":\"ImageObject\",\"inLanguage\":\"pt-BR\",\"@id\":\"https:\/\/crusoe.audiencelabs.com.br\/trabalhadores-que-usam-moto-terao-aumento-no-salario-em-todo-o-brasil\/#primaryimage\",\"url\":\"https:\/\/cdn.crusoe.com.br\/uploads\/2026\/04\/pessoa-de-entrega-a-andar-de-motocicleta_23-2150704665.avif\",\"contentUrl\":\"https:\/\/cdn.crusoe.com.br\/uploads\/2026\/04\/pessoa-de-entrega-a-andar-de-motocicleta_23-2150704665.avif\",\"width\":740,\"height\":415,\"caption\":\"Reprodu\u00e7\u00e3o: Freepik\"},{\"@type\":\"BreadcrumbList\",\"@id\":\"https:\/\/crusoe.audiencelabs.com.br\/trabalhadores-que-usam-moto-terao-aumento-no-salario-em-todo-o-brasil\/#breadcrumb\",\"itemListElement\":[{\"@type\":\"ListItem\",\"position\":1,\"name\":\"Home\",\"item\":\"https:\/\/crusoe.audiencelabs.com.br\/\"},{\"@type\":\"ListItem\",\"position\":2,\"name\":\"Trabalhadores que usam moto ter\u00e3o aumento no sal\u00e1rio em todo o Brasil\"}]},{\"@type\":\"WebSite\",\"@id\":\"https:\/\/crusoe.audiencelabs.com.br\/#website\",\"url\":\"https:\/\/crusoe.audiencelabs.com.br\/\",\"name\":\"Variedades - Cruso\u00e9\",\"description\":\"\",\"potentialAction\":[{\"@type\":\"SearchAction\",\"target\":{\"@type\":\"EntryPoint\",\"urlTemplate\":\"https:\/\/crusoe.audiencelabs.com.br\/?s={search_term_string}\"},\"query-input\":{\"@type\":\"PropertyValueSpecification\",\"valueRequired\":true,\"valueName\":\"search_term_string\"}}],\"inLanguage\":\"pt-BR\"},{\"@type\":\"Person\",\"@id\":\"https:\/\/crusoe.audiencelabs.com.br\/#\/schema\/person\/f87f73cfe89e5360de2c006bd4bd6a74\",\"name\":\"Milena Armando\",\"image\":{\"@type\":\"ImageObject\",\"inLanguage\":\"pt-BR\",\"@id\":\"https:\/\/crusoe.audiencelabs.com.br\/#\/schema\/person\/image\/\",\"url\":\"https:\/\/secure.gravatar.com\/avatar\/ea14ecddc9e9d202b698b18f9f69e09c9fd74cfbed5c6008d55f11faefdbdab7?s=96&d=mm&r=g\",\"contentUrl\":\"https:\/\/secure.gravatar.com\/avatar\/ea14ecddc9e9d202b698b18f9f69e09c9fd74cfbed5c6008d55f11faefdbdab7?s=96&d=mm&r=g\",\"caption\":\"Milena Armando\"},\"description\":\"Jornalista, redatora e revisora.\",\"url\":\"https:\/\/crusoe.audiencelabs.com.br\/author\/milena\/\"}]}<\/script>\n<!-- \/ Yoast SEO plugin. -->","yoast_head_json":{"title":"Trabalhadores que usam moto ter\u00e3o aumento no sal\u00e1rio em todo o Brasil","robots":{"index":"index","follow":"follow","max-snippet":"max-snippet:-1","max-image-preview":"max-image-preview:large","max-video-preview":"max-video-preview:-1"},"canonical":"https:\/\/crusoe.audiencelabs.com.br\/trabalhadores-que-usam-moto-terao-aumento-no-salario-em-todo-o-brasil\/","og_locale":"pt_BR","og_type":"article","og_title":"Trabalhadores que usam moto ter\u00e3o aumento no sal\u00e1rio em todo o Brasil","og_description":"Desde a \u00faltima sexta-feira (3), motociclistas contratados sob o regime de Consolida\u00e7\u00e3o das Leis do Trabalho (CLT) de todo o Brasil, passaram a ter direito a um adicional de 30% em suas remunera\u00e7\u00f5es.\u00a0 Este aumento visa reconhecer os riscos associados ao uso de motocicletas em vias p\u00fablicas urbanas, conforme estabelece a Portaria MTE n\u00ba 2.021\/2025.\u00a0 [&hellip;]","og_url":"https:\/\/crusoe.audiencelabs.com.br\/trabalhadores-que-usam-moto-terao-aumento-no-salario-em-todo-o-brasil\/","og_site_name":"Variedades - Cruso\u00e9","article_published_time":"2026-04-06T10:37:10+00:00","author":"Milena Armando","twitter_card":"summary_large_image","twitter_misc":{"Escrito por":"Milena Armando","Est. tempo de leitura":"2 minutos"},"schema":{"@context":"https:\/\/schema.org","@graph":[{"@type":"WebPage","@id":"https:\/\/crusoe.audiencelabs.com.br\/trabalhadores-que-usam-moto-terao-aumento-no-salario-em-todo-o-brasil\/","url":"https:\/\/crusoe.audiencelabs.com.br\/trabalhadores-que-usam-moto-terao-aumento-no-salario-em-todo-o-brasil\/","name":"Trabalhadores que usam moto ter\u00e3o aumento no sal\u00e1rio em todo o Brasil","isPartOf":{"@id":"https:\/\/crusoe.audiencelabs.com.br\/#website"},"primaryImageOfPage":{"@id":"https:\/\/crusoe.audiencelabs.com.br\/trabalhadores-que-usam-moto-terao-aumento-no-salario-em-todo-o-brasil\/#primaryimage"},"image":{"@id":"https:\/\/crusoe.audiencelabs.com.br\/trabalhadores-que-usam-moto-terao-aumento-no-salario-em-todo-o-brasil\/#primaryimage"},"thumbnailUrl":"https:\/\/cdn.crusoe.com.br\/uploads\/2026\/04\/pessoa-de-entrega-a-andar-de-motocicleta_23-2150704665.avif","datePublished":"2026-04-06T10:37:10+00:00","author":{"@id":"https:\/\/crusoe.audiencelabs.com.br\/#\/schema\/person\/f87f73cfe89e5360de2c006bd4bd6a74"},"breadcrumb":{"@id":"https:\/\/crusoe.audiencelabs.com.br\/trabalhadores-que-usam-moto-terao-aumento-no-salario-em-todo-o-brasil\/#breadcrumb"},"inLanguage":"pt-BR","potentialAction":[{"@type":"ReadAction","target":["https:\/\/crusoe.audiencelabs.com.br\/trabalhadores-que-usam-moto-terao-aumento-no-salario-em-todo-o-brasil\/"]}]},{"@type":"ImageObject","inLanguage":"pt-BR","@id":"https:\/\/crusoe.audiencelabs.com.br\/trabalhadores-que-usam-moto-terao-aumento-no-salario-em-todo-o-brasil\/#primaryimage","url":"https:\/\/cdn.crusoe.com.br\/uploads\/2026\/04\/pessoa-de-entrega-a-andar-de-motocicleta_23-2150704665.avif","contentUrl":"https:\/\/cdn.crusoe.com.br\/uploads\/2026\/04\/pessoa-de-entrega-a-andar-de-motocicleta_23-2150704665.avif","width":740,"height":415,"caption":"Reprodu\u00e7\u00e3o: Freepik"},{"@type":"BreadcrumbList","@id":"https:\/\/crusoe.audiencelabs.com.br\/trabalhadores-que-usam-moto-terao-aumento-no-salario-em-todo-o-brasil\/#breadcrumb","itemListElement":[{"@type":"ListItem","position":1,"name":"Home","item":"https:\/\/crusoe.audiencelabs.com.br\/"},{"@type":"ListItem","position":2,"name":"Trabalhadores que usam moto ter\u00e3o aumento no sal\u00e1rio em todo o Brasil"}]},{"@type":"WebSite","@id":"https:\/\/crusoe.audiencelabs.com.br\/#website","url":"https:\/\/crusoe.audiencelabs.com.br\/","name":"Variedades - Cruso\u00e9","description":"","potentialAction":[{"@type":"SearchAction","target":{"@type":"EntryPoint","urlTemplate":"https:\/\/crusoe.audiencelabs.com.br\/?s={search_term_string}"},"query-input":{"@type":"PropertyValueSpecification","valueRequired":true,"valueName":"search_term_string"}}],"inLanguage":"pt-BR"},{"@type":"Person","@id":"https:\/\/crusoe.audiencelabs.com.br\/#\/schema\/person\/f87f73cfe89e5360de2c006bd4bd6a74","name":"Milena Armando","image":{"@type":"ImageObject","inLanguage":"pt-BR","@id":"https:\/\/crusoe.audiencelabs.com.br\/#\/schema\/person\/image\/","url":"https:\/\/secure.gravatar.com\/avatar\/ea14ecddc9e9d202b698b18f9f69e09c9fd74cfbed5c6008d55f11faefdbdab7?s=96&d=mm&r=g","contentUrl":"https:\/\/secure.gravatar.com\/avatar\/ea14ecddc9e9d202b698b18f9f69e09c9fd74cfbed5c6008d55f11faefdbdab7?s=96&d=mm&r=g","caption":"Milena Armando"},"description":"Jornalista, redatora e revisora.","url":"https:\/\/crusoe.audiencelabs.com.br\/author\/milena\/"}]}},"_links":{"self":[{"href":"https:\/\/crusoe.audiencelabs.com.br\/wp-json\/wp\/v2\/posts\/36350","targetHints":{"allow":["GET"]}}],"collection":[{"href":"https:\/\/crusoe.audiencelabs.com.br\/wp-json\/wp\/v2\/posts"}],"about":[{"href":"https:\/\/crusoe.audiencelabs.com.br\/wp-json\/wp\/v2\/types\/post"}],"author":[{"embeddable":true,"href":"https:\/\/crusoe.audiencelabs.com.br\/wp-json\/wp\/v2\/users\/5"}],"replies":[{"embeddable":true,"href":"https:\/\/crusoe.audiencelabs.com.br\/wp-json\/wp\/v2\/comments?post=36350"}],"version-history":[{"count":3,"href":"https:\/\/crusoe.audiencelabs.com.br\/wp-json\/wp\/v2\/posts\/36350\/revisions"}],"predecessor-version":[{"id":36354,"href":"https:\/\/crusoe.audiencelabs.com.br\/wp-json\/wp\/v2\/posts\/36350\/revisions\/36354"}],"wp:featuredmedia":[{"embeddable":true,"href":"https:\/\/crusoe.audiencelabs.com.br\/wp-json\/wp\/v2\/media\/36351"}],"wp:attachment":[{"href":"https:\/\/crusoe.audiencelabs.com.br\/wp-json\/wp\/v2\/media?parent=36350"}],"wp:term":[{"taxonomy":"category","embeddable":true,"href":"https:\/\/crusoe.audiencelabs.com.br\/wp-json\/wp\/v2\/categories?post=36350"},{"taxonomy":"post_tag","embeddable":true,"href":"https:\/\/crusoe.audiencelabs.com.br\/wp-json\/wp\/v2\/tags?post=36350"}],"curies":[{"name":"wp","href":"https:\/\/api.w.org\/{rel}","templated":true}]}}