{"id":36320,"date":"2026-04-02T17:02:03","date_gmt":"2026-04-02T20:02:03","guid":{"rendered":"https:\/\/crusoe.audiencelabs.com.br\/?p=36320"},"modified":"2026-04-02T19:29:44","modified_gmt":"2026-04-02T22:29:44","slug":"um-medico-me-disse-que-essa-regra-ia-me-ajudar-a-voltar-a-dormir-quando-eu-acordar-as-3-da-manha-e-funciona-mesmo","status":"publish","type":"post","link":"https:\/\/crusoe.audiencelabs.com.br\/um-medico-me-disse-que-essa-regra-ia-me-ajudar-a-voltar-a-dormir-quando-eu-acordar-as-3-da-manha-e-funciona-mesmo\/","title":{"rendered":"Um m\u00e9dico me disse que essa regra ia me ajudar a voltar a dormir quando eu acordasse \u00e0s 3 da manh\u00e3 e funciona mesmo"},"content":{"rendered":"<p>Acordar no meio da madrugada e n\u00e3o conseguir dormir de novo \u00e9 uma das situa\u00e7\u00f5es mais frustrantes para quem precisa de uma boa noite de descanso.<\/p>\n<p>A jornalista Frances Daniels, do Tom&#8217;s Guide, passou por exatamente isso e procurou a Dra. Bhavini Shah, cl\u00ednica geral da LloydsPharmacy Online Doctor, em busca de uma solu\u00e7\u00e3o. A resposta foi uma regra simples que mudou a forma como ela lida com as madrugadas acordadas.<\/p>\n<h2>Regra dos 20 minutos<\/h2>\n<p class=\"font-claude-response-body break-words whitespace-normal leading-[1.7]\">A orienta\u00e7\u00e3o da m\u00e9dica se baseia em uma descoberta importante: estudos mostram que o corpo leva entre 15 e 20 minutos para adormecer. Por isso, se voc\u00ea acordar de madrugada e n\u00e3o conseguir dormir novamente nesse per\u00edodo, o ideal \u00e9 sair da cama.<\/p>\n<p class=\"font-claude-response-body break-words whitespace-normal leading-[1.7]\">Isso pode parecer il\u00f3gico, mas a explica\u00e7\u00e3o \u00e9 direta. Ficar deitado acordado por muito tempo ensina o c\u00e9rebro a associar a cama com o estado de vig\u00edlia, o que piora o problema ao longo do tempo. Essa abordagem faz parte da Terapia Cognitivo-Comportamental para Ins\u00f4nia, conhecida como TCC-I.<\/p>\n<p class=\"font-claude-response-body break-words whitespace-normal leading-[1.7]\">Segundo a Dra. Shah, o segredo \u00e9 fazer alguma atividade de baixa energia e sem tela, como dobrar roupas, ler um livro ou ouvir um podcast ou m\u00fasica tranquila. Quando o sono come\u00e7ar a voltar, a\u00ed sim voc\u00ea volta para a cama.<\/p>\n<h2>Ignorar o rel\u00f3gio<\/h2>\n<style>@media (min-width: 992px) {\n    .recomendadorV2Area1 {\n        width: 280px;\n    }\n    .recomendadorV2Area2 {\n        padding: 0px 20px;\n        width: calc(100% - 280px);\n    }\n}\n\n@media (max-width: 992px) {\n    .recomendadorV2Button {\n        margin: 0 auto;\n    }\n    .recomendadorV2Area {\n        flex-direction: column;\n        text-align: center;\n    }\n    .recomendadorV2Area2 {\n        padding: 0px 20px;\n    }\n}\n\n.recomendadorV2Area {\n    background: #eeeeee3d;\n    border-radius: 10px;\n    padding: 15px;\n    display: flex;\n    margin: 15px auto;\n    border: 1px solid #00000014;\n    max-width: 800px;\n}\n\n.recomendadorV2Area1 img {\n    width: 280px;\n    height: auto;\n    border-radius: 8px;\n}\n\n.linkrecomendadorv2 {\n    text-decoration: none !important;\n}\n\n.recomendadorV2Area2 .recomendadorV2Type {\n    text-transform: uppercase;\n    font-weight: 500;\n    font-size: 11px;\n    letter-spacing: 2px;\n    color: #666;\n    margin: 12px 0;\n    display: block;\n}\n\n.recomendadorV2Title h2 {\n    padding-top: 0px !important;\n    margin: 0px !important;\n    border-left: none !important;\n    padding-left: 0px !important;\n    line-height: 1.3;\n    color: #000 !important;\n    font-size: 24px;\n    margin-bottom: 12px !important;\n}\n\n.recomendadorV2Desc {\n    color: #333;\n    margin: 12px 0px !important;\n    font-size: 15px;\n    line-height: 1.5;\n}\n\n.recomendadorV2Button {\n    width: auto;\n    max-width: 200px;\n    margin: 0;\n    display: inline-flex;\n    align-items: center;\n    background: #1D3557;\n    border-radius: 8px;\n    color: #fff;\n    height: 36px;\n    justify-content: center;\n    text-align: center;\n    font-size: 14px;\n    padding: 0 20px;\n    transition: background-color 0.2s ease;\n}\n\n.recomendadorV2Button:hover {\n    background: #2a4d7a;\n}\n\n.recomendadorV2Button:after {\n    margin-top: -2px;\n    content: \"\u2192\";\n    padding: 0px 0px 0px 8px;\n}\n\n.recomendadorV2Alert {\n    text-align: left;\n    font-size: 11px;\n    margin-top: 8px;\n    color: #666;\n}\n\n.recomendadorFixedArea {\n    width: 100%;\n    display: flex;\n    justify-content: center;\n    align-items: center;\n}\n\n@media (min-width: 992px) {\n    #recomendadorFixed {\n        width: 32% !important;\n        left: 5%;\n    }\n    .recomendadorCloseFixed{\n        right: inherit !important;\n        left: 378px !important;\n    }\n}\n\n#recomendadorFixed {\n    width: 90%;\n    box-shadow: 0 10px 20px 0px #00000057;\n    display: none;\n    height: 90px;\n    background: #F6F6F6;\n    position: fixed;\n    flex-direction: row;\n    bottom: 10px;\n    z-index: 9999;\n    border-radius: 16px;\n    padding: 7px 10px;\n}\n\n.recomendadorLeftArea {\n    width: 160px;\n}\n\n.recomendadorRightArea h2 {\n    padding-top: 0px;\n    margin: 2px 0px 4px 0px !important;\n    font-weight: 400;\n    text-align: center;\n    padding-left: 0px !important;\n    color: #000 !important;\n    border-left: none !important;\n    line-height: 20px;\n    font-size: 12px !important;\n}\n\n.recomendadorImgFixed {\n    overflow: hidden;\n    padding: 8px 6px;\n    height: 100%;\n}\n\n.recomendadorImgFixed img {\n    height: 100% !important;\n    border-radius: 16px;\n}\n\n.recomendadorRightArea {\n    padding-top: 6px;\n    display: flex;\n    width: calc(100% - 130px);\n    justify-content: space-between;\n    align-items: center;\n    flex-direction: column;\n}\n\n.recomendadorButtonFixed {\n    margin: 0 auto;\n    background: #1D3557;\n    width: 80%;\n    text-align: center;\n    font-size: 10px;\n    color: #FFF;\n    padding: 2px 10px;\n    border-radius: 3px;\n}\n\n.recomendadorButtonFixed:after {\n    margin-top: -3px;\n    content: \"\u2192\";\n    padding: 0px 0px 0px 10px;\n}\n\n.recomendadorAlertFixed {\n    font-weight: 400;\n    text-align: center;\n    color: #484848;\n    font-size: 8px;\n}\n\n.recomendadorCloseFixed {\n    z-index: 99999;\n    display: none;\n    right: 0px;\n    left: inherit;\n    bottom: 99px;\n    position: fixed;\n    justify-content: center;\n    background: #F6F6F6;\n    width: 25px;\n    align-items: center;\n    height: 25px;\n    font-weight: 800;\n    border-radius: 50%;\n    border: 1px solid #EBEBEB;\n}\n\n.recomendadorV2Desc{\n    color: #000000;\n    margin: 20px 0px;\n}\n\n@media (max-width: 576px) {\n    .recomendadorV2Area {\n      padding: 10px;\n      max-width: 100%;\n    }\n  \n    .recomendadorV2Area1 img {\n      width: 100%;\n      border-radius: 6px;\n    }\n  \n    .recomendadorV2Area2 .recomendadorV2Type {\n      font-size: 9px;\n      letter-spacing: 1px;\n      margin: 8px 0;\n    }\n  \n    .recomendadorV2Title h2 {\n      font-size: 18px !important;\n      margin-bottom: 8px !important;\n      line-height: 1.2;\n    }\n  \n    .recomendadorV2Desc {\n      font-size: 14px;\n      margin: 8px 0 !important;\n      line-height: 1.4;\n    }\n  \n    .recomendadorV2Button {\n      font-size: 14px;\n      height: 40px;\n      padding: 0 12px;\n      max-width: 100%;\n      width: 100%;\n    }\n  \n    .recomendadorV2Button:after {\n      padding-left: 6px;\n    }\n  }\n  <\/style>\n        <div class=\"lazyblock-recomendador-v2-2jDGz wp-block-lazyblock-recomendador-v2\">\n        <a class=\"linkrecomendadorv2\" href=\"https:\/\/crusoe.com.br\/variedades\/15-frases-usadas-por-pessoas-mentalmente-fortes-que-todos-nos-dever?utm_source=lazy\">\n            <div class=\"recomendadorV2Area\">\n            <div class=\"recomendadorV2Area1\">\n                <div class=\"recomendadorV2Img\">\n                <img class=\"lazyloaded\" decoding=\"async\" src=\"https:\/\/cdn.crusoe.com.br\/uploads\/2026\/04\/vitaly-gariev-awfucTYxXZU-unsplash.jpg\" data-src=\"https:\/\/cdn.crusoe.com.br\/uploads\/2026\/04\/vitaly-gariev-awfucTYxXZU-unsplash.jpg\" alt=\"\">\n                <\/div>\n            <\/div>\n            <div class=\"recomendadorV2Area2\">\n                <div class=\"recomendadorV2Type\">\n                    <span>Mente forte<\/span>\n                <\/div>\n                <div class=\"recomendadorV2Title\">\n                <h2><span>Frases poderosas \ud83d\udcac<\/span><\/h2>\n                <\/div>\n                <div class=\"recomendadorV2Desc\">\n                <span>15 frases que mudam sua mentalidade<\/span>\n                <\/div>\n                <div class=\"recomendadorV2Button\">Aprenda e aplique hoje<\/div>\n                <div class=\"recomendadorV2Alert\"><\/div>\n            <\/div>\n            <\/div>\n        <\/a>\n        <div>\n            <div style=\"z-index:99999;\" id=\"buttonClose\" onclick=\"closeRecomendadorFixed()\">\n            <div class=\"recomendadorCloseFixed\">X<\/div>\n            <\/div>\n            <a href=\"https:\/\/crusoe.com.br\/variedades\/15-frases-usadas-por-pessoas-mentalmente-fortes-que-todos-nos-dever?utm_source=lazy\">\n            <div class=\"recomendadorFixedArea\">\n                <div id=\"recomendadorFixed\">\n                <div class=\"recomendadorLeftArea\">\n                    <div class=\"recomendadorImgFixed\">\n                    <img class=\"lazyload\" decoding=\"async\" src=\"https:\/\/cdn.crusoe.com.br\/uploads\/2026\/04\/vitaly-gariev-awfucTYxXZU-unsplash.jpg\" alt=\"\">\n                    <\/div>\n                <\/div>\n                <div class=\"recomendadorRightArea\">\n                    <div class=\"recomendadorTitleFixed\">\n                    <h2><span>Frases poderosas \ud83d\udcac<\/span><\/h2>\n                    <\/div>\n                    <div class=\"recomendadorButtonFixed\">Aprenda e aplique hoje<\/div>\n                    <div class=\"recomendadorAlertFixed\"><\/div>\n                <\/div>\n                <\/div>\n            <\/div>\n            <\/a>\n        <\/div>\n        <\/div>\n<p class=\"font-claude-response-body break-words whitespace-normal leading-[1.7]\">O primeiro erro de quem acorda \u00e0s 3 da manh\u00e3 \u00e9 verificar o hor\u00e1rio. Segundo a m\u00e9dica, checar o celular ou o despertador aumenta a consci\u00eancia sobre o quanto falta para acordar, o que gera mais ansiedade.<\/p>\n<p class=\"font-claude-response-body break-words whitespace-normal leading-[1.7]\">Al\u00e9m disso, a luz emitida pelas telas, mesmo que brevemente, pode interferir na produ\u00e7\u00e3o de melatonina, o horm\u00f4nio respons\u00e1vel por regular o sono. A orienta\u00e7\u00e3o da especialista \u00e9 resistir ao impulso de verificar o hor\u00e1rio.<\/p>\n<h2>Respira\u00e7\u00e3o profunda<\/h2>\n<p class=\"font-claude-response-body break-words whitespace-normal leading-[1.7]\">Se a regra dos 20 minutos n\u00e3o funcionar, a Dra. Shah sugere t\u00e9cnicas de respira\u00e7\u00e3o. A t\u00e9cnica 4-7-8, por exemplo, foi estudada e demonstrou reduzir a ansiedade e melhorar a qualidade do sono. A respira\u00e7\u00e3o em caixa tamb\u00e9m apresentou resultados positivos em pesquisas sobre qualidade do sono.<\/p>\n<p class=\"font-claude-response-body break-words whitespace-normal leading-[1.7]\">Segundo a m\u00e9dica, a respira\u00e7\u00e3o profunda ajuda a relaxar e acalmar o corpo de forma simples e acess\u00edvel.<\/p>\n<h2>Por que voc\u00ea acorda \u00e0s tr\u00eas da manh\u00e3?<\/h2>\n<p class=\"font-claude-response-body break-words whitespace-normal leading-[1.7]\">Entender o que causa o despertar noturno tamb\u00e9m ajuda a preveni-lo. De acordo com a Dra. Shah, os fatores mais comuns incluem estresse, ansiedade, barulho e temperatura do ambiente. Mas os h\u00e1bitos tamb\u00e9m pesam muito.<\/p>\n<p class=\"font-claude-response-body break-words whitespace-normal leading-[1.7]\">A m\u00e9dica recomenda evitar cafe\u00edna, \u00e1lcool e nicotina nas seis horas antes de dormir. Refei\u00e7\u00f5es pesadas \u00e0 noite tamb\u00e9m podem atrapalhar, porque o organismo precisa digeri-las enquanto deveria estar em repouso.<\/p>\n<p class=\"font-claude-response-body break-words whitespace-normal leading-[1.7]\">Al\u00e9m disso, condi\u00e7\u00f5es de sa\u00fade e mudan\u00e7as hormonais, especialmente em mulheres durante o ciclo menstrual, a gravidez e a menopausa, tamb\u00e9m podem causar o problema. Alguns medicamentos tamb\u00e9m entram nessa lista, e a orienta\u00e7\u00e3o da especialista \u00e9 consultar um m\u00e9dico em caso de d\u00favida sobre os efeitos colaterais.<\/p>\n","protected":false},"excerpt":{"rendered":"<p>Acordar no meio da madrugada e n\u00e3o conseguir dormir de novo \u00e9 uma das situa\u00e7\u00f5es mais frustrantes para quem precisa de uma boa noite de descanso. A jornalista Frances Daniels, do Tom&#8217;s Guide, passou por exatamente isso e procurou a Dra. Bhavini Shah, cl\u00ednica geral da LloydsPharmacy Online Doctor, em busca de uma solu\u00e7\u00e3o. A [&hellip;]<\/p>\n","protected":false},"author":15,"featured_media":36322,"comment_status":"open","ping_status":"open","sticky":false,"template":"","format":"standard","meta":{"jnews-multi-image_gallery":[],"jnews_single_post":{"format":"standard","jnews_video_option_group":[[]],"override":[{"template":"2","parallax":"1","fullscreen":"1","layout":"right-sidebar","sidebar":"default-sidebar","second_sidebar":"default-sidebar","sticky_sidebar":"1","share_position":"hide","share_float_style":"share-monocrhome","show_featured":"1","show_post_meta":"1","show_post_author":"1","show_post_date":"1","post_date_format":"default","post_date_format_custom":"Y\/m\/d","show_post_category":"1","show_post_reading_time":"0","post_reading_time_wpm":"300","post_calculate_word_method":"str_word_count","show_zoom_button":"0","zoom_button_out_step":"2","zoom_button_in_step":"3","show_post_tag":"1","show_popup_post":"1","number_popup_post":"1","show_author_box":"1","show_post_related":"0"}],"image_override":[{"single_post_thumbnail_size":"crop-500","single_post_gallery_size":"crop-500"}],"trending_post_position":"meta","trending_post_label":"Trending","sponsored_post_label":"Sponsored by","disable_ad":"0","subtitle":"Algumas estrat\u00e9gias s\u00edmples podem te ajudar a pegar no sono de novo mesmo depois de acordar em plena madrugada"},"jnews_primary_category":[],"jnews_override_counter":{"view_counter_number":"0","share_counter_number":"0","like_counter_number":"0","dislike_counter_number":"0"},"jnews_post_split":{"post_split":[{"template":"1","tag":"h2","numbering":"asc","mode":"normal","first":"0","enable_toc":"0","toc_type":"normal"}]},"footnotes":""},"categories":[1],"tags":[1155,869,6953,782,5366,781,234,424],"class_list":["post-36320","post","type-post","status-publish","format-standard","has-post-thumbnail","hentry","category-geral","tag-acordar-de-madrugada","tag-bem-estar","tag-dicas-para-dormir","tag-insonia","tag-melatonina","tag-qualidade-do-sono","tag-saude","tag-sono"],"yoast_head":"<!-- This site is optimized with the Yoast SEO plugin v25.0 - https:\/\/yoast.com\/wordpress\/plugins\/seo\/ -->\n<title>Um m\u00e9dico me disse que essa regra ia me ajudar a voltar a dormir quando eu acordasse \u00e0s 3 da manh\u00e3 e funciona mesmo<\/title>\n<meta name=\"robots\" content=\"index, follow, max-snippet:-1, max-image-preview:large, max-video-preview:-1\" \/>\n<link rel=\"canonical\" href=\"https:\/\/crusoe.audiencelabs.com.br\/um-medico-me-disse-que-essa-regra-ia-me-ajudar-a-voltar-a-dormir-quando-eu-acordar-as-3-da-manha-e-funciona-mesmo\/\" \/>\n<meta property=\"og:locale\" content=\"pt_BR\" \/>\n<meta property=\"og:type\" content=\"article\" \/>\n<meta property=\"og:title\" content=\"Um m\u00e9dico me disse que essa regra ia me ajudar a voltar a dormir quando eu acordasse \u00e0s 3 da manh\u00e3 e funciona mesmo\" \/>\n<meta property=\"og:description\" content=\"Acordar no meio da madrugada e n\u00e3o conseguir dormir de novo \u00e9 uma das situa\u00e7\u00f5es mais frustrantes para quem precisa de uma boa noite de descanso. A jornalista Frances Daniels, do Tom&#8217;s Guide, passou por exatamente isso e procurou a Dra. Bhavini Shah, cl\u00ednica geral da LloydsPharmacy Online Doctor, em busca de uma solu\u00e7\u00e3o. A [&hellip;]\" \/>\n<meta property=\"og:url\" content=\"https:\/\/crusoe.audiencelabs.com.br\/um-medico-me-disse-que-essa-regra-ia-me-ajudar-a-voltar-a-dormir-quando-eu-acordar-as-3-da-manha-e-funciona-mesmo\/\" \/>\n<meta property=\"og:site_name\" content=\"Variedades - Cruso\u00e9\" \/>\n<meta property=\"article:published_time\" content=\"2026-04-02T20:02:03+00:00\" \/>\n<meta property=\"article:modified_time\" content=\"2026-04-02T22:29:44+00:00\" \/>\n<meta property=\"og:image\" content=\"https:\/\/cdn.crusoe.com.br\/uploads\/2026\/04\/pexels-polina-kovaleva-6541081.jpg\" \/>\n\t<meta property=\"og:image:width\" content=\"640\" \/>\n\t<meta property=\"og:image:height\" content=\"427\" \/>\n\t<meta property=\"og:image:type\" content=\"image\/jpeg\" \/>\n<meta name=\"author\" content=\"J\u00falio Nesi\" \/>\n<meta name=\"twitter:card\" content=\"summary_large_image\" \/>\n<meta name=\"twitter:label1\" content=\"Escrito por\" \/>\n\t<meta name=\"twitter:data1\" content=\"J\u00falio Nesi\" \/>\n\t<meta name=\"twitter:label2\" content=\"Est. tempo de leitura\" \/>\n\t<meta name=\"twitter:data2\" content=\"3 minutos\" \/>\n<script type=\"application\/ld+json\" class=\"yoast-schema-graph\">{\"@context\":\"https:\/\/schema.org\",\"@graph\":[{\"@type\":\"WebPage\",\"@id\":\"https:\/\/crusoe.audiencelabs.com.br\/um-medico-me-disse-que-essa-regra-ia-me-ajudar-a-voltar-a-dormir-quando-eu-acordar-as-3-da-manha-e-funciona-mesmo\/\",\"url\":\"https:\/\/crusoe.audiencelabs.com.br\/um-medico-me-disse-que-essa-regra-ia-me-ajudar-a-voltar-a-dormir-quando-eu-acordar-as-3-da-manha-e-funciona-mesmo\/\",\"name\":\"Um m\u00e9dico me disse que essa regra ia me ajudar a voltar a dormir quando eu acordasse \u00e0s 3 da manh\u00e3 e funciona mesmo\",\"isPartOf\":{\"@id\":\"https:\/\/crusoe.audiencelabs.com.br\/#website\"},\"primaryImageOfPage\":{\"@id\":\"https:\/\/crusoe.audiencelabs.com.br\/um-medico-me-disse-que-essa-regra-ia-me-ajudar-a-voltar-a-dormir-quando-eu-acordar-as-3-da-manha-e-funciona-mesmo\/#primaryimage\"},\"image\":{\"@id\":\"https:\/\/crusoe.audiencelabs.com.br\/um-medico-me-disse-que-essa-regra-ia-me-ajudar-a-voltar-a-dormir-quando-eu-acordar-as-3-da-manha-e-funciona-mesmo\/#primaryimage\"},\"thumbnailUrl\":\"https:\/\/cdn.crusoe.com.br\/uploads\/2026\/04\/pexels-polina-kovaleva-6541081.jpg\",\"datePublished\":\"2026-04-02T20:02:03+00:00\",\"dateModified\":\"2026-04-02T22:29:44+00:00\",\"author\":{\"@id\":\"https:\/\/crusoe.audiencelabs.com.br\/#\/schema\/person\/0cca5874eda7d72cef71e77a9a9c2143\"},\"breadcrumb\":{\"@id\":\"https:\/\/crusoe.audiencelabs.com.br\/um-medico-me-disse-que-essa-regra-ia-me-ajudar-a-voltar-a-dormir-quando-eu-acordar-as-3-da-manha-e-funciona-mesmo\/#breadcrumb\"},\"inLanguage\":\"pt-BR\",\"potentialAction\":[{\"@type\":\"ReadAction\",\"target\":[\"https:\/\/crusoe.audiencelabs.com.br\/um-medico-me-disse-que-essa-regra-ia-me-ajudar-a-voltar-a-dormir-quando-eu-acordar-as-3-da-manha-e-funciona-mesmo\/\"]}]},{\"@type\":\"ImageObject\",\"inLanguage\":\"pt-BR\",\"@id\":\"https:\/\/crusoe.audiencelabs.com.br\/um-medico-me-disse-que-essa-regra-ia-me-ajudar-a-voltar-a-dormir-quando-eu-acordar-as-3-da-manha-e-funciona-mesmo\/#primaryimage\",\"url\":\"https:\/\/cdn.crusoe.com.br\/uploads\/2026\/04\/pexels-polina-kovaleva-6541081.jpg\",\"contentUrl\":\"https:\/\/cdn.crusoe.com.br\/uploads\/2026\/04\/pexels-polina-kovaleva-6541081.jpg\",\"width\":640,\"height\":427,\"caption\":\"Reprodu\u00e7\u00e3o: Pexels \/ Polina\"},{\"@type\":\"BreadcrumbList\",\"@id\":\"https:\/\/crusoe.audiencelabs.com.br\/um-medico-me-disse-que-essa-regra-ia-me-ajudar-a-voltar-a-dormir-quando-eu-acordar-as-3-da-manha-e-funciona-mesmo\/#breadcrumb\",\"itemListElement\":[{\"@type\":\"ListItem\",\"position\":1,\"name\":\"Home\",\"item\":\"https:\/\/crusoe.audiencelabs.com.br\/\"},{\"@type\":\"ListItem\",\"position\":2,\"name\":\"Um m\u00e9dico me disse que essa regra ia me ajudar a voltar a dormir quando eu acordasse \u00e0s 3 da manh\u00e3 e funciona mesmo\"}]},{\"@type\":\"WebSite\",\"@id\":\"https:\/\/crusoe.audiencelabs.com.br\/#website\",\"url\":\"https:\/\/crusoe.audiencelabs.com.br\/\",\"name\":\"Variedades - Cruso\u00e9\",\"description\":\"\",\"potentialAction\":[{\"@type\":\"SearchAction\",\"target\":{\"@type\":\"EntryPoint\",\"urlTemplate\":\"https:\/\/crusoe.audiencelabs.com.br\/?s={search_term_string}\"},\"query-input\":{\"@type\":\"PropertyValueSpecification\",\"valueRequired\":true,\"valueName\":\"search_term_string\"}}],\"inLanguage\":\"pt-BR\"},{\"@type\":\"Person\",\"@id\":\"https:\/\/crusoe.audiencelabs.com.br\/#\/schema\/person\/0cca5874eda7d72cef71e77a9a9c2143\",\"name\":\"J\u00falio Nesi\",\"image\":{\"@type\":\"ImageObject\",\"inLanguage\":\"pt-BR\",\"@id\":\"https:\/\/crusoe.audiencelabs.com.br\/#\/schema\/person\/image\/\",\"url\":\"https:\/\/secure.gravatar.com\/avatar\/c22eb47c3e2320e71637346b980e09f63de9f75742d3335f94a26b83dff70473?s=96&d=mm&r=g\",\"contentUrl\":\"https:\/\/secure.gravatar.com\/avatar\/c22eb47c3e2320e71637346b980e09f63de9f75742d3335f94a26b83dff70473?s=96&d=mm&r=g\",\"caption\":\"J\u00falio Nesi\"},\"description\":\"Jornalista alagoano formado pela UFAL, j\u00e1 atuei em produ\u00e7\u00e3o de conte\u00fado digital para portais, r\u00e1dio e redes sociais.\",\"sameAs\":[\"www.linkedin.com\/in\/j\u00falio-nesi\"],\"url\":\"https:\/\/crusoe.audiencelabs.com.br\/author\/julionesi\/\"}]}<\/script>\n<!-- \/ Yoast SEO plugin. -->","yoast_head_json":{"title":"Um m\u00e9dico me disse que essa regra ia me ajudar a voltar a dormir quando eu acordasse \u00e0s 3 da manh\u00e3 e funciona mesmo","robots":{"index":"index","follow":"follow","max-snippet":"max-snippet:-1","max-image-preview":"max-image-preview:large","max-video-preview":"max-video-preview:-1"},"canonical":"https:\/\/crusoe.audiencelabs.com.br\/um-medico-me-disse-que-essa-regra-ia-me-ajudar-a-voltar-a-dormir-quando-eu-acordar-as-3-da-manha-e-funciona-mesmo\/","og_locale":"pt_BR","og_type":"article","og_title":"Um m\u00e9dico me disse que essa regra ia me ajudar a voltar a dormir quando eu acordasse \u00e0s 3 da manh\u00e3 e funciona mesmo","og_description":"Acordar no meio da madrugada e n\u00e3o conseguir dormir de novo \u00e9 uma das situa\u00e7\u00f5es mais frustrantes para quem precisa de uma boa noite de descanso. A jornalista Frances Daniels, do Tom&#8217;s Guide, passou por exatamente isso e procurou a Dra. Bhavini Shah, cl\u00ednica geral da LloydsPharmacy Online Doctor, em busca de uma solu\u00e7\u00e3o. A [&hellip;]","og_url":"https:\/\/crusoe.audiencelabs.com.br\/um-medico-me-disse-que-essa-regra-ia-me-ajudar-a-voltar-a-dormir-quando-eu-acordar-as-3-da-manha-e-funciona-mesmo\/","og_site_name":"Variedades - Cruso\u00e9","article_published_time":"2026-04-02T20:02:03+00:00","article_modified_time":"2026-04-02T22:29:44+00:00","og_image":[{"width":640,"height":427,"url":"https:\/\/cdn.crusoe.com.br\/uploads\/2026\/04\/pexels-polina-kovaleva-6541081.jpg","type":"image\/jpeg"}],"author":"J\u00falio Nesi","twitter_card":"summary_large_image","twitter_misc":{"Escrito por":"J\u00falio Nesi","Est. tempo de leitura":"3 minutos"},"schema":{"@context":"https:\/\/schema.org","@graph":[{"@type":"WebPage","@id":"https:\/\/crusoe.audiencelabs.com.br\/um-medico-me-disse-que-essa-regra-ia-me-ajudar-a-voltar-a-dormir-quando-eu-acordar-as-3-da-manha-e-funciona-mesmo\/","url":"https:\/\/crusoe.audiencelabs.com.br\/um-medico-me-disse-que-essa-regra-ia-me-ajudar-a-voltar-a-dormir-quando-eu-acordar-as-3-da-manha-e-funciona-mesmo\/","name":"Um m\u00e9dico me disse que essa regra ia me ajudar a voltar a dormir quando eu acordasse \u00e0s 3 da manh\u00e3 e funciona mesmo","isPartOf":{"@id":"https:\/\/crusoe.audiencelabs.com.br\/#website"},"primaryImageOfPage":{"@id":"https:\/\/crusoe.audiencelabs.com.br\/um-medico-me-disse-que-essa-regra-ia-me-ajudar-a-voltar-a-dormir-quando-eu-acordar-as-3-da-manha-e-funciona-mesmo\/#primaryimage"},"image":{"@id":"https:\/\/crusoe.audiencelabs.com.br\/um-medico-me-disse-que-essa-regra-ia-me-ajudar-a-voltar-a-dormir-quando-eu-acordar-as-3-da-manha-e-funciona-mesmo\/#primaryimage"},"thumbnailUrl":"https:\/\/cdn.crusoe.com.br\/uploads\/2026\/04\/pexels-polina-kovaleva-6541081.jpg","datePublished":"2026-04-02T20:02:03+00:00","dateModified":"2026-04-02T22:29:44+00:00","author":{"@id":"https:\/\/crusoe.audiencelabs.com.br\/#\/schema\/person\/0cca5874eda7d72cef71e77a9a9c2143"},"breadcrumb":{"@id":"https:\/\/crusoe.audiencelabs.com.br\/um-medico-me-disse-que-essa-regra-ia-me-ajudar-a-voltar-a-dormir-quando-eu-acordar-as-3-da-manha-e-funciona-mesmo\/#breadcrumb"},"inLanguage":"pt-BR","potentialAction":[{"@type":"ReadAction","target":["https:\/\/crusoe.audiencelabs.com.br\/um-medico-me-disse-que-essa-regra-ia-me-ajudar-a-voltar-a-dormir-quando-eu-acordar-as-3-da-manha-e-funciona-mesmo\/"]}]},{"@type":"ImageObject","inLanguage":"pt-BR","@id":"https:\/\/crusoe.audiencelabs.com.br\/um-medico-me-disse-que-essa-regra-ia-me-ajudar-a-voltar-a-dormir-quando-eu-acordar-as-3-da-manha-e-funciona-mesmo\/#primaryimage","url":"https:\/\/cdn.crusoe.com.br\/uploads\/2026\/04\/pexels-polina-kovaleva-6541081.jpg","contentUrl":"https:\/\/cdn.crusoe.com.br\/uploads\/2026\/04\/pexels-polina-kovaleva-6541081.jpg","width":640,"height":427,"caption":"Reprodu\u00e7\u00e3o: Pexels \/ Polina"},{"@type":"BreadcrumbList","@id":"https:\/\/crusoe.audiencelabs.com.br\/um-medico-me-disse-que-essa-regra-ia-me-ajudar-a-voltar-a-dormir-quando-eu-acordar-as-3-da-manha-e-funciona-mesmo\/#breadcrumb","itemListElement":[{"@type":"ListItem","position":1,"name":"Home","item":"https:\/\/crusoe.audiencelabs.com.br\/"},{"@type":"ListItem","position":2,"name":"Um m\u00e9dico me disse que essa regra ia me ajudar a voltar a dormir quando eu acordasse \u00e0s 3 da manh\u00e3 e funciona mesmo"}]},{"@type":"WebSite","@id":"https:\/\/crusoe.audiencelabs.com.br\/#website","url":"https:\/\/crusoe.audiencelabs.com.br\/","name":"Variedades - Cruso\u00e9","description":"","potentialAction":[{"@type":"SearchAction","target":{"@type":"EntryPoint","urlTemplate":"https:\/\/crusoe.audiencelabs.com.br\/?s={search_term_string}"},"query-input":{"@type":"PropertyValueSpecification","valueRequired":true,"valueName":"search_term_string"}}],"inLanguage":"pt-BR"},{"@type":"Person","@id":"https:\/\/crusoe.audiencelabs.com.br\/#\/schema\/person\/0cca5874eda7d72cef71e77a9a9c2143","name":"J\u00falio Nesi","image":{"@type":"ImageObject","inLanguage":"pt-BR","@id":"https:\/\/crusoe.audiencelabs.com.br\/#\/schema\/person\/image\/","url":"https:\/\/secure.gravatar.com\/avatar\/c22eb47c3e2320e71637346b980e09f63de9f75742d3335f94a26b83dff70473?s=96&d=mm&r=g","contentUrl":"https:\/\/secure.gravatar.com\/avatar\/c22eb47c3e2320e71637346b980e09f63de9f75742d3335f94a26b83dff70473?s=96&d=mm&r=g","caption":"J\u00falio Nesi"},"description":"Jornalista alagoano formado pela UFAL, j\u00e1 atuei em produ\u00e7\u00e3o de conte\u00fado digital para portais, r\u00e1dio e redes sociais.","sameAs":["www.linkedin.com\/in\/j\u00falio-nesi"],"url":"https:\/\/crusoe.audiencelabs.com.br\/author\/julionesi\/"}]}},"_links":{"self":[{"href":"https:\/\/crusoe.audiencelabs.com.br\/wp-json\/wp\/v2\/posts\/36320","targetHints":{"allow":["GET"]}}],"collection":[{"href":"https:\/\/crusoe.audiencelabs.com.br\/wp-json\/wp\/v2\/posts"}],"about":[{"href":"https:\/\/crusoe.audiencelabs.com.br\/wp-json\/wp\/v2\/types\/post"}],"author":[{"embeddable":true,"href":"https:\/\/crusoe.audiencelabs.com.br\/wp-json\/wp\/v2\/users\/15"}],"replies":[{"embeddable":true,"href":"https:\/\/crusoe.audiencelabs.com.br\/wp-json\/wp\/v2\/comments?post=36320"}],"version-history":[{"count":5,"href":"https:\/\/crusoe.audiencelabs.com.br\/wp-json\/wp\/v2\/posts\/36320\/revisions"}],"predecessor-version":[{"id":36344,"href":"https:\/\/crusoe.audiencelabs.com.br\/wp-json\/wp\/v2\/posts\/36320\/revisions\/36344"}],"wp:featuredmedia":[{"embeddable":true,"href":"https:\/\/crusoe.audiencelabs.com.br\/wp-json\/wp\/v2\/media\/36322"}],"wp:attachment":[{"href":"https:\/\/crusoe.audiencelabs.com.br\/wp-json\/wp\/v2\/media?parent=36320"}],"wp:term":[{"taxonomy":"category","embeddable":true,"href":"https:\/\/crusoe.audiencelabs.com.br\/wp-json\/wp\/v2\/categories?post=36320"},{"taxonomy":"post_tag","embeddable":true,"href":"https:\/\/crusoe.audiencelabs.com.br\/wp-json\/wp\/v2\/tags?post=36320"}],"curies":[{"name":"wp","href":"https:\/\/api.w.org\/{rel}","templated":true}]}}