{"id":36303,"date":"2026-04-03T20:28:15","date_gmt":"2026-04-03T23:28:15","guid":{"rendered":"https:\/\/crusoe.audiencelabs.com.br\/?p=36303"},"modified":"2026-04-02T10:58:00","modified_gmt":"2026-04-02T13:58:00","slug":"decisao-do-governo-garante-aumento-de-10-para-esses-trabalhadores-no-brasil","status":"publish","type":"post","link":"https:\/\/crusoe.audiencelabs.com.br\/decisao-do-governo-garante-aumento-de-10-para-esses-trabalhadores-no-brasil\/","title":{"rendered":"Decis\u00e3o do governo garante aumento de 10% para esses trabalhadores no Brasil"},"content":{"rendered":"<p class=\"font-claude-response-body break-words whitespace-normal leading-[1.7]\">Policiais civis e militares do estado de S\u00e3o Paulo v\u00e3o receber um reajuste salarial de 10%. A Assembleia Legislativa de S\u00e3o Paulo (Alesp) aprovou nesta ter\u00e7a-feira (31) os projetos de lei que garantem o aumento, com vig\u00eancia prevista para come\u00e7ar j\u00e1 em 1\u00ba de abril de 2025.<\/p>\n<p class=\"font-claude-response-body break-words whitespace-normal leading-[1.7]\">A proposta foi enviada pelo governador Tarc\u00edsio de Freitas (Republicanos) e aprovada por unanimidade, com 63 votos favor\u00e1veis. Agora, os projetos seguem para san\u00e7\u00e3o do governador.<\/p>\n<p>O governo de S\u00e3o Paulo estima que o reajuste vai gerar um impacto de aproximadamente R$ 1 bilh\u00e3o no or\u00e7amento estadual de 2026. Esse valor considera tanto policiais ativos quanto inativos.<\/p>\n<h2>Quem recebe o aumento?<\/h2>\n<p class=\"font-claude-response-body break-words whitespace-normal leading-[1.7]\">O reajuste vale para todas as classes e carreiras vinculadas \u00e0 Lei Complementar 731\/1993. Segundo o governo estadual, cerca de 200 mil servidores s\u00e3o contemplados pela medida.<\/p>\n<p class=\"font-claude-response-body break-words whitespace-normal leading-[1.7]\">Na Pol\u00edcia Civil e na Pol\u00edcia T\u00e9cnico-Cient\u00edfica, recebem o aumento delegados, escriv\u00e3es, investigadores, peritos criminais, m\u00e9dicos legistas, auxiliares de necr\u00f3psia, papiloscopistas, fot\u00f3grafos e desenhistas t\u00e9cnico-periciais, carcereiros e agentes policiais, al\u00e9m dos cargos de delegado-geral e superintendente da Pol\u00edcia T\u00e9cnico-Cient\u00edfica.<\/p>\n<p class=\"font-claude-response-body break-words whitespace-normal leading-[1.7]\">J\u00e1 na Pol\u00edcia Militar, o reajuste contempla todas as patentes, incluindo o comandante-geral da corpora\u00e7\u00e3o.<\/p>\n<p>Apesar da amplitude do reajuste, os policiais penais n\u00e3o est\u00e3o inclu\u00eddos na medida. Representantes da categoria j\u00e1 se manifestaram a desfavor disso antes da aprova\u00e7\u00e3o dos projetos.<\/p>\n<h2>Outras mudan\u00e7as aprovadas<\/h2>\n<p class=\"font-claude-response-body break-words whitespace-normal leading-[1.7]\">Al\u00e9m do aumento salarial, os projetos aprovados trazem outras mudan\u00e7as para as for\u00e7as de seguran\u00e7a paulista. Entre elas est\u00e1 um novo plano de carreira para a Pol\u00edcia Civil, com estrutura dividida em quatro classes: 3\u00aa Classe, 2\u00aa Classe, 1\u00aa Classe e Classe Especial.<\/p>\n<p class=\"font-claude-response-body break-words whitespace-normal leading-[1.7]\">Para avan\u00e7ar na carreira, o policial precisar\u00e1 cumprir pelo menos seis anos na classe atual, ter avalia\u00e7\u00e3o de desempenho satisfat\u00f3ria, concluir o Curso Espec\u00edfico de Aperfei\u00e7oamento (CEA) e n\u00e3o ter penalidades disciplinares recentes.<\/p>\n<p class=\"font-claude-response-body break-words whitespace-normal leading-[1.7]\">A Pol\u00edcia T\u00e9cnico-Cient\u00edfica tamb\u00e9m passa a ser inclu\u00edda na Di\u00e1ria Especial por Jornada Extraordin\u00e1ria de Trabalho Policial Civil (DEJEC), benef\u00edcio que antes n\u00e3o contemplava m\u00e9dicos e legistas da corpora\u00e7\u00e3o.<\/p>\n<p>&nbsp;<\/p>\n<p>&nbsp;<\/p>\n","protected":false},"excerpt":{"rendered":"<p>Policiais civis e militares do estado de S\u00e3o Paulo v\u00e3o receber um reajuste salarial de 10%. A Assembleia Legislativa de S\u00e3o Paulo (Alesp) aprovou nesta ter\u00e7a-feira (31) os projetos de lei que garantem o aumento, com vig\u00eancia prevista para come\u00e7ar j\u00e1 em 1\u00ba de abril de 2025. A proposta foi enviada pelo governador Tarc\u00edsio de [&hellip;]<\/p>\n","protected":false},"author":15,"featured_media":36304,"comment_status":"open","ping_status":"open","sticky":false,"template":"","format":"standard","meta":{"jnews-multi-image_gallery":[],"jnews_single_post":{"format":"standard","jnews_video_option_group":[[]],"override":[{"template":"2","parallax":"1","fullscreen":"1","layout":"right-sidebar","sidebar":"default-sidebar","second_sidebar":"default-sidebar","sticky_sidebar":"1","share_position":"hide","share_float_style":"share-monocrhome","show_featured":"1","show_post_meta":"1","show_post_author":"1","show_post_date":"1","post_date_format":"default","post_date_format_custom":"Y\/m\/d","show_post_category":"1","show_post_reading_time":"0","post_reading_time_wpm":"300","post_calculate_word_method":"str_word_count","show_zoom_button":"0","zoom_button_out_step":"2","zoom_button_in_step":"3","show_post_tag":"1","show_popup_post":"1","number_popup_post":"1","show_author_box":"1","show_post_related":"0"}],"image_override":[{"single_post_thumbnail_size":"crop-500","single_post_gallery_size":"crop-500"}],"trending_post_position":"meta","trending_post_label":"Trending","sponsored_post_label":"Sponsored by","disable_ad":"0","subtitle":"O governo prev\u00ea que o aumento ir\u00e1 impactar o or\u00e7amento de 2026 em R$ 1 bilh\u00e3o"},"jnews_primary_category":[],"jnews_override_counter":{"view_counter_number":"0","share_counter_number":"0","like_counter_number":"0","dislike_counter_number":"0"},"jnews_post_split":{"post_split":[{"template":"1","tag":"h2","numbering":"asc","mode":"normal","first":"0","enable_toc":"0","toc_type":"normal"}]},"footnotes":""},"categories":[1],"tags":[6942,6940,6941,6628,338,820,300,5457,6943],"class_list":["post-36303","post","type-post","status-publish","format-standard","has-post-thumbnail","hentry","category-geral","tag-alesp","tag-policia-civil","tag-policia-militar","tag-policiais","tag-reajuste-salarial","tag-sao-paulo","tag-seguranca-publica","tag-servidores-publicos","tag-tarcisio-de-freitas"],"yoast_head":"<!-- This site is optimized with the Yoast SEO plugin v25.0 - https:\/\/yoast.com\/wordpress\/plugins\/seo\/ -->\n<title>Decis\u00e3o do governo garante aumento de 10% para esses trabalhadores no Brasil<\/title>\n<meta name=\"robots\" content=\"index, follow, max-snippet:-1, max-image-preview:large, max-video-preview:-1\" \/>\n<link rel=\"canonical\" href=\"https:\/\/crusoe.audiencelabs.com.br\/decisao-do-governo-garante-aumento-de-10-para-esses-trabalhadores-no-brasil\/\" \/>\n<meta property=\"og:locale\" content=\"pt_BR\" \/>\n<meta property=\"og:type\" content=\"article\" \/>\n<meta property=\"og:title\" content=\"Decis\u00e3o do governo garante aumento de 10% para esses trabalhadores no Brasil\" \/>\n<meta property=\"og:description\" content=\"Policiais civis e militares do estado de S\u00e3o Paulo v\u00e3o receber um reajuste salarial de 10%. A Assembleia Legislativa de S\u00e3o Paulo (Alesp) aprovou nesta ter\u00e7a-feira (31) os projetos de lei que garantem o aumento, com vig\u00eancia prevista para come\u00e7ar j\u00e1 em 1\u00ba de abril de 2025. A proposta foi enviada pelo governador Tarc\u00edsio de [&hellip;]\" \/>\n<meta property=\"og:url\" content=\"https:\/\/crusoe.audiencelabs.com.br\/decisao-do-governo-garante-aumento-de-10-para-esses-trabalhadores-no-brasil\/\" \/>\n<meta property=\"og:site_name\" content=\"Variedades - Cruso\u00e9\" \/>\n<meta property=\"article:published_time\" content=\"2026-04-03T23:28:15+00:00\" \/>\n<meta property=\"og:image\" content=\"https:\/\/cdn.crusoe.com.br\/uploads\/2026\/04\/daniel-dan-2xd2dRG3wcw-unsplash.jpg\" \/>\n\t<meta property=\"og:image:width\" content=\"640\" \/>\n\t<meta property=\"og:image:height\" content=\"427\" \/>\n\t<meta property=\"og:image:type\" content=\"image\/jpeg\" \/>\n<meta name=\"author\" content=\"J\u00falio Nesi\" \/>\n<meta name=\"twitter:card\" content=\"summary_large_image\" \/>\n<meta name=\"twitter:label1\" content=\"Escrito por\" \/>\n\t<meta name=\"twitter:data1\" content=\"J\u00falio Nesi\" \/>\n\t<meta name=\"twitter:label2\" content=\"Est. tempo de leitura\" \/>\n\t<meta name=\"twitter:data2\" content=\"2 minutos\" \/>\n<script type=\"application\/ld+json\" class=\"yoast-schema-graph\">{\"@context\":\"https:\/\/schema.org\",\"@graph\":[{\"@type\":\"WebPage\",\"@id\":\"https:\/\/crusoe.audiencelabs.com.br\/decisao-do-governo-garante-aumento-de-10-para-esses-trabalhadores-no-brasil\/\",\"url\":\"https:\/\/crusoe.audiencelabs.com.br\/decisao-do-governo-garante-aumento-de-10-para-esses-trabalhadores-no-brasil\/\",\"name\":\"Decis\u00e3o do governo garante aumento de 10% para esses trabalhadores no Brasil\",\"isPartOf\":{\"@id\":\"https:\/\/crusoe.audiencelabs.com.br\/#website\"},\"primaryImageOfPage\":{\"@id\":\"https:\/\/crusoe.audiencelabs.com.br\/decisao-do-governo-garante-aumento-de-10-para-esses-trabalhadores-no-brasil\/#primaryimage\"},\"image\":{\"@id\":\"https:\/\/crusoe.audiencelabs.com.br\/decisao-do-governo-garante-aumento-de-10-para-esses-trabalhadores-no-brasil\/#primaryimage\"},\"thumbnailUrl\":\"https:\/\/cdn.crusoe.com.br\/uploads\/2026\/04\/daniel-dan-2xd2dRG3wcw-unsplash.jpg\",\"datePublished\":\"2026-04-03T23:28:15+00:00\",\"author\":{\"@id\":\"https:\/\/crusoe.audiencelabs.com.br\/#\/schema\/person\/0cca5874eda7d72cef71e77a9a9c2143\"},\"breadcrumb\":{\"@id\":\"https:\/\/crusoe.audiencelabs.com.br\/decisao-do-governo-garante-aumento-de-10-para-esses-trabalhadores-no-brasil\/#breadcrumb\"},\"inLanguage\":\"pt-BR\",\"potentialAction\":[{\"@type\":\"ReadAction\",\"target\":[\"https:\/\/crusoe.audiencelabs.com.br\/decisao-do-governo-garante-aumento-de-10-para-esses-trabalhadores-no-brasil\/\"]}]},{\"@type\":\"ImageObject\",\"inLanguage\":\"pt-BR\",\"@id\":\"https:\/\/crusoe.audiencelabs.com.br\/decisao-do-governo-garante-aumento-de-10-para-esses-trabalhadores-no-brasil\/#primaryimage\",\"url\":\"https:\/\/cdn.crusoe.com.br\/uploads\/2026\/04\/daniel-dan-2xd2dRG3wcw-unsplash.jpg\",\"contentUrl\":\"https:\/\/cdn.crusoe.com.br\/uploads\/2026\/04\/daniel-dan-2xd2dRG3wcw-unsplash.jpg\",\"width\":640,\"height\":427,\"caption\":\"Reprodu\u00e7\u00e3o: Unsplash \/ Daniel Dan\"},{\"@type\":\"BreadcrumbList\",\"@id\":\"https:\/\/crusoe.audiencelabs.com.br\/decisao-do-governo-garante-aumento-de-10-para-esses-trabalhadores-no-brasil\/#breadcrumb\",\"itemListElement\":[{\"@type\":\"ListItem\",\"position\":1,\"name\":\"Home\",\"item\":\"https:\/\/crusoe.audiencelabs.com.br\/\"},{\"@type\":\"ListItem\",\"position\":2,\"name\":\"Decis\u00e3o do governo garante aumento de 10% para esses trabalhadores no Brasil\"}]},{\"@type\":\"WebSite\",\"@id\":\"https:\/\/crusoe.audiencelabs.com.br\/#website\",\"url\":\"https:\/\/crusoe.audiencelabs.com.br\/\",\"name\":\"Variedades - Cruso\u00e9\",\"description\":\"\",\"potentialAction\":[{\"@type\":\"SearchAction\",\"target\":{\"@type\":\"EntryPoint\",\"urlTemplate\":\"https:\/\/crusoe.audiencelabs.com.br\/?s={search_term_string}\"},\"query-input\":{\"@type\":\"PropertyValueSpecification\",\"valueRequired\":true,\"valueName\":\"search_term_string\"}}],\"inLanguage\":\"pt-BR\"},{\"@type\":\"Person\",\"@id\":\"https:\/\/crusoe.audiencelabs.com.br\/#\/schema\/person\/0cca5874eda7d72cef71e77a9a9c2143\",\"name\":\"J\u00falio Nesi\",\"image\":{\"@type\":\"ImageObject\",\"inLanguage\":\"pt-BR\",\"@id\":\"https:\/\/crusoe.audiencelabs.com.br\/#\/schema\/person\/image\/\",\"url\":\"https:\/\/secure.gravatar.com\/avatar\/c22eb47c3e2320e71637346b980e09f63de9f75742d3335f94a26b83dff70473?s=96&d=mm&r=g\",\"contentUrl\":\"https:\/\/secure.gravatar.com\/avatar\/c22eb47c3e2320e71637346b980e09f63de9f75742d3335f94a26b83dff70473?s=96&d=mm&r=g\",\"caption\":\"J\u00falio Nesi\"},\"description\":\"Jornalista alagoano formado pela UFAL, j\u00e1 atuei em produ\u00e7\u00e3o de conte\u00fado digital para portais, r\u00e1dio e redes sociais.\",\"sameAs\":[\"www.linkedin.com\/in\/j\u00falio-nesi\"],\"url\":\"https:\/\/crusoe.audiencelabs.com.br\/author\/julionesi\/\"}]}<\/script>\n<!-- \/ Yoast SEO plugin. -->","yoast_head_json":{"title":"Decis\u00e3o do governo garante aumento de 10% para esses trabalhadores no Brasil","robots":{"index":"index","follow":"follow","max-snippet":"max-snippet:-1","max-image-preview":"max-image-preview:large","max-video-preview":"max-video-preview:-1"},"canonical":"https:\/\/crusoe.audiencelabs.com.br\/decisao-do-governo-garante-aumento-de-10-para-esses-trabalhadores-no-brasil\/","og_locale":"pt_BR","og_type":"article","og_title":"Decis\u00e3o do governo garante aumento de 10% para esses trabalhadores no Brasil","og_description":"Policiais civis e militares do estado de S\u00e3o Paulo v\u00e3o receber um reajuste salarial de 10%. A Assembleia Legislativa de S\u00e3o Paulo (Alesp) aprovou nesta ter\u00e7a-feira (31) os projetos de lei que garantem o aumento, com vig\u00eancia prevista para come\u00e7ar j\u00e1 em 1\u00ba de abril de 2025. A proposta foi enviada pelo governador Tarc\u00edsio de [&hellip;]","og_url":"https:\/\/crusoe.audiencelabs.com.br\/decisao-do-governo-garante-aumento-de-10-para-esses-trabalhadores-no-brasil\/","og_site_name":"Variedades - Cruso\u00e9","article_published_time":"2026-04-03T23:28:15+00:00","og_image":[{"width":640,"height":427,"url":"https:\/\/cdn.crusoe.com.br\/uploads\/2026\/04\/daniel-dan-2xd2dRG3wcw-unsplash.jpg","type":"image\/jpeg"}],"author":"J\u00falio Nesi","twitter_card":"summary_large_image","twitter_misc":{"Escrito por":"J\u00falio Nesi","Est. tempo de leitura":"2 minutos"},"schema":{"@context":"https:\/\/schema.org","@graph":[{"@type":"WebPage","@id":"https:\/\/crusoe.audiencelabs.com.br\/decisao-do-governo-garante-aumento-de-10-para-esses-trabalhadores-no-brasil\/","url":"https:\/\/crusoe.audiencelabs.com.br\/decisao-do-governo-garante-aumento-de-10-para-esses-trabalhadores-no-brasil\/","name":"Decis\u00e3o do governo garante aumento de 10% para esses trabalhadores no Brasil","isPartOf":{"@id":"https:\/\/crusoe.audiencelabs.com.br\/#website"},"primaryImageOfPage":{"@id":"https:\/\/crusoe.audiencelabs.com.br\/decisao-do-governo-garante-aumento-de-10-para-esses-trabalhadores-no-brasil\/#primaryimage"},"image":{"@id":"https:\/\/crusoe.audiencelabs.com.br\/decisao-do-governo-garante-aumento-de-10-para-esses-trabalhadores-no-brasil\/#primaryimage"},"thumbnailUrl":"https:\/\/cdn.crusoe.com.br\/uploads\/2026\/04\/daniel-dan-2xd2dRG3wcw-unsplash.jpg","datePublished":"2026-04-03T23:28:15+00:00","author":{"@id":"https:\/\/crusoe.audiencelabs.com.br\/#\/schema\/person\/0cca5874eda7d72cef71e77a9a9c2143"},"breadcrumb":{"@id":"https:\/\/crusoe.audiencelabs.com.br\/decisao-do-governo-garante-aumento-de-10-para-esses-trabalhadores-no-brasil\/#breadcrumb"},"inLanguage":"pt-BR","potentialAction":[{"@type":"ReadAction","target":["https:\/\/crusoe.audiencelabs.com.br\/decisao-do-governo-garante-aumento-de-10-para-esses-trabalhadores-no-brasil\/"]}]},{"@type":"ImageObject","inLanguage":"pt-BR","@id":"https:\/\/crusoe.audiencelabs.com.br\/decisao-do-governo-garante-aumento-de-10-para-esses-trabalhadores-no-brasil\/#primaryimage","url":"https:\/\/cdn.crusoe.com.br\/uploads\/2026\/04\/daniel-dan-2xd2dRG3wcw-unsplash.jpg","contentUrl":"https:\/\/cdn.crusoe.com.br\/uploads\/2026\/04\/daniel-dan-2xd2dRG3wcw-unsplash.jpg","width":640,"height":427,"caption":"Reprodu\u00e7\u00e3o: Unsplash \/ Daniel Dan"},{"@type":"BreadcrumbList","@id":"https:\/\/crusoe.audiencelabs.com.br\/decisao-do-governo-garante-aumento-de-10-para-esses-trabalhadores-no-brasil\/#breadcrumb","itemListElement":[{"@type":"ListItem","position":1,"name":"Home","item":"https:\/\/crusoe.audiencelabs.com.br\/"},{"@type":"ListItem","position":2,"name":"Decis\u00e3o do governo garante aumento de 10% para esses trabalhadores no Brasil"}]},{"@type":"WebSite","@id":"https:\/\/crusoe.audiencelabs.com.br\/#website","url":"https:\/\/crusoe.audiencelabs.com.br\/","name":"Variedades - Cruso\u00e9","description":"","potentialAction":[{"@type":"SearchAction","target":{"@type":"EntryPoint","urlTemplate":"https:\/\/crusoe.audiencelabs.com.br\/?s={search_term_string}"},"query-input":{"@type":"PropertyValueSpecification","valueRequired":true,"valueName":"search_term_string"}}],"inLanguage":"pt-BR"},{"@type":"Person","@id":"https:\/\/crusoe.audiencelabs.com.br\/#\/schema\/person\/0cca5874eda7d72cef71e77a9a9c2143","name":"J\u00falio Nesi","image":{"@type":"ImageObject","inLanguage":"pt-BR","@id":"https:\/\/crusoe.audiencelabs.com.br\/#\/schema\/person\/image\/","url":"https:\/\/secure.gravatar.com\/avatar\/c22eb47c3e2320e71637346b980e09f63de9f75742d3335f94a26b83dff70473?s=96&d=mm&r=g","contentUrl":"https:\/\/secure.gravatar.com\/avatar\/c22eb47c3e2320e71637346b980e09f63de9f75742d3335f94a26b83dff70473?s=96&d=mm&r=g","caption":"J\u00falio Nesi"},"description":"Jornalista alagoano formado pela UFAL, j\u00e1 atuei em produ\u00e7\u00e3o de conte\u00fado digital para portais, r\u00e1dio e redes sociais.","sameAs":["www.linkedin.com\/in\/j\u00falio-nesi"],"url":"https:\/\/crusoe.audiencelabs.com.br\/author\/julionesi\/"}]}},"_links":{"self":[{"href":"https:\/\/crusoe.audiencelabs.com.br\/wp-json\/wp\/v2\/posts\/36303","targetHints":{"allow":["GET"]}}],"collection":[{"href":"https:\/\/crusoe.audiencelabs.com.br\/wp-json\/wp\/v2\/posts"}],"about":[{"href":"https:\/\/crusoe.audiencelabs.com.br\/wp-json\/wp\/v2\/types\/post"}],"author":[{"embeddable":true,"href":"https:\/\/crusoe.audiencelabs.com.br\/wp-json\/wp\/v2\/users\/15"}],"replies":[{"embeddable":true,"href":"https:\/\/crusoe.audiencelabs.com.br\/wp-json\/wp\/v2\/comments?post=36303"}],"version-history":[{"count":1,"href":"https:\/\/crusoe.audiencelabs.com.br\/wp-json\/wp\/v2\/posts\/36303\/revisions"}],"predecessor-version":[{"id":36305,"href":"https:\/\/crusoe.audiencelabs.com.br\/wp-json\/wp\/v2\/posts\/36303\/revisions\/36305"}],"wp:featuredmedia":[{"embeddable":true,"href":"https:\/\/crusoe.audiencelabs.com.br\/wp-json\/wp\/v2\/media\/36304"}],"wp:attachment":[{"href":"https:\/\/crusoe.audiencelabs.com.br\/wp-json\/wp\/v2\/media?parent=36303"}],"wp:term":[{"taxonomy":"category","embeddable":true,"href":"https:\/\/crusoe.audiencelabs.com.br\/wp-json\/wp\/v2\/categories?post=36303"},{"taxonomy":"post_tag","embeddable":true,"href":"https:\/\/crusoe.audiencelabs.com.br\/wp-json\/wp\/v2\/tags?post=36303"}],"curies":[{"name":"wp","href":"https:\/\/api.w.org\/{rel}","templated":true}]}}