{"id":36246,"date":"2026-04-05T11:33:00","date_gmt":"2026-04-05T14:33:00","guid":{"rendered":"https:\/\/crusoe.audiencelabs.com.br\/?p=36246"},"modified":"2026-04-02T09:23:32","modified_gmt":"2026-04-02T12:23:32","slug":"se-voce-tem-caibras-a-noite-os-medicos-tem-um-alerta-importante-para-te-contar","status":"publish","type":"post","link":"https:\/\/crusoe.audiencelabs.com.br\/se-voce-tem-caibras-a-noite-os-medicos-tem-um-alerta-importante-para-te-contar\/","title":{"rendered":"Se voc\u00ea tem c\u00e3ibras a noite, os m\u00e9dicos tem um alerta importante para te contar"},"content":{"rendered":"<p data-start=\"60\" data-end=\"359\">Acordar no meio da noite com uma dor intensa nas pernas \u00e9 uma experi\u00eancia comum para muitas pessoas.<\/p>\n<p data-start=\"60\" data-end=\"359\">As <strong>c\u00e3ibras<\/strong> noturnas, apesar de geralmente inofensivas, t\u00eam chamado a aten\u00e7\u00e3o de especialistas, que refor\u00e7am a import\u00e2ncia de observar a frequ\u00eancia e os poss\u00edveis sinais associados.<\/p>\n<h2 data-section-id=\"1t16lt0\" data-start=\"361\" data-end=\"393\">O que s\u00e3o as c\u00e3ibras e por que acontecem<\/h2>\n<p data-start=\"395\" data-end=\"617\">As c\u00e3ibras s\u00e3o contra\u00e7\u00f5es musculares involunt\u00e1rias, que costumam ocorrer principalmente nas panturrilhas, p\u00e9s ou coxas. Elas podem durar de alguns segundos a minutos e, em alguns casos, deixam o m\u00fasculo dolorido por horas.<\/p>\n<p data-start=\"619\" data-end=\"954\">Entre as causas mais comuns est\u00e3o a <strong>desidrata\u00e7\u00e3o, o esfor\u00e7o f\u00edsico excessivo, longos per\u00edodos na mesma posi\u00e7\u00e3o e o desequil\u00edbrio de minerais essenciais<\/strong>, como pot\u00e1ssio, magn\u00e9sio e c\u00e1lcio.<\/p>\n<p data-start=\"619\" data-end=\"954\">Esses nutrientes desempenham papel fundamental na contra\u00e7\u00e3o e relaxamento muscular, quando est\u00e3o em n\u00edveis inadequados, o risco de c\u00e3ibras aumenta.<\/p>\n<h2 data-section-id=\"lkkg17\" data-start=\"956\" data-end=\"979\">O alerta dos m\u00e9dicos<\/h2>\n<p data-start=\"981\" data-end=\"1304\">Embora epis\u00f3dios ocasionais sejam considerados normais, m\u00e9dicos alertam que c\u00e3ibras frequentes ou muito intensas n\u00e3o devem ser ignoradas.<\/p>\n<p data-start=\"981\" data-end=\"1304\">Quando se tornam recorrentes, podem estar associadas a condi\u00e7\u00f5es como problemas circulat\u00f3rios, altera\u00e7\u00f5es metab\u00f3licas, uso de determinados medicamentos ou at\u00e9 defici\u00eancias nutricionais.<\/p>\n<p data-start=\"1306\" data-end=\"1513\">Outro ponto de aten\u00e7\u00e3o \u00e9 quando as c\u00e3ibras v\u00eam acompanhadas de sintomas como <strong>incha\u00e7o, formigamento, fraqueza muscular ou dor persistente.<\/strong><\/p>\n<h2 data-section-id=\"118lx6y\" data-start=\"1948\" data-end=\"1977\">Como prevenir as c\u00e3ibras no dia a dia<\/h2>\n<p data-start=\"1979\" data-end=\"2063\">A boa not\u00edcia \u00e9 que medidas simples podem ajudar a reduzir a ocorr\u00eancia das c\u00e3ibras:<\/p>\n<ul data-start=\"2065\" data-end=\"2308\">\n<li data-section-id=\"1nf7hw4\" data-start=\"2065\" data-end=\"2115\">Manter uma hidrata\u00e7\u00e3o adequada ao longo do dia;<\/li>\n<li data-section-id=\"dis6bm\" data-start=\"2116\" data-end=\"2172\">Adotar uma alimenta\u00e7\u00e3o equilibrada, rica em minerais;<\/li>\n<li data-section-id=\"1a5feey\" data-start=\"2173\" data-end=\"2210\">Alongar as pernas antes de dormir;<\/li>\n<li data-section-id=\"pz5hiw\" data-start=\"2211\" data-end=\"2253\">Evitar sobrecarga muscular sem preparo;<\/li>\n<li data-section-id=\"1lxryll\" data-start=\"2254\" data-end=\"2308\">Fazer pausas para movimentar o corpo durante o dia.<\/li>\n<\/ul>\n<p data-start=\"2310\" data-end=\"2412\">Esses h\u00e1bitos contribuem para o bom funcionamento muscular e ajudam a evitar epis\u00f3dios durante o sono.<\/p>\n<h2 data-section-id=\"1c0b884\" data-start=\"2414\" data-end=\"2438\">Quando procurar ajuda<\/h2>\n<p data-start=\"2440\" data-end=\"2684\">Se as c\u00e3ibras forem frequentes, muito dolorosas ou interferirem na qualidade do sono, o ideal \u00e9 procurar um m\u00e9dico.<\/p>\n<p data-start=\"2440\" data-end=\"2684\">O profissional poder\u00e1 avaliar o quadro, investigar poss\u00edveis causas e, se necess\u00e1rio, indicar exames ou tratamentos espec\u00edficos.<\/p>\n","protected":false},"excerpt":{"rendered":"<p>Acordar no meio da noite com uma dor intensa nas pernas \u00e9 uma experi\u00eancia comum para muitas pessoas. As c\u00e3ibras noturnas, apesar de geralmente inofensivas, t\u00eam chamado a aten\u00e7\u00e3o de especialistas, que refor\u00e7am a import\u00e2ncia de observar a frequ\u00eancia e os poss\u00edveis sinais associados. O que s\u00e3o as c\u00e3ibras e por que acontecem As c\u00e3ibras [&hellip;]<\/p>\n","protected":false},"author":5,"featured_media":36247,"comment_status":"open","ping_status":"open","sticky":false,"template":"","format":"standard","meta":{"jnews-multi-image_gallery":[],"jnews_single_post":{"subtitle":"","format":"standard","jnews_video_option_group":[[]],"override":[{"template":"2","parallax":"1","fullscreen":"1","layout":"right-sidebar","sidebar":"default-sidebar","second_sidebar":"default-sidebar","sticky_sidebar":"1","share_position":"hide","share_float_style":"share-monocrhome","show_featured":"1","show_post_meta":"1","show_post_author":"1","show_post_date":"1","post_date_format":"default","post_date_format_custom":"Y\/m\/d","show_post_category":"1","show_post_reading_time":"0","post_reading_time_wpm":"300","post_calculate_word_method":"str_word_count","show_zoom_button":"0","zoom_button_out_step":"2","zoom_button_in_step":"3","show_post_tag":"1","show_popup_post":"1","number_popup_post":"1","show_author_box":"1","show_post_related":"0"}],"image_override":[{"single_post_thumbnail_size":"crop-500","single_post_gallery_size":"crop-500"}],"trending_post_position":"meta","trending_post_label":"Trending","sponsored_post_label":"Sponsored by","disable_ad":"0"},"jnews_primary_category":[],"jnews_override_counter":{"view_counter_number":"0","share_counter_number":"0","like_counter_number":"0","dislike_counter_number":"0"},"jnews_post_split":{"post_split":[{"template":"1","tag":"h2","numbering":"asc","mode":"normal","first":"0","enable_toc":"0","toc_type":"normal"}]},"footnotes":""},"categories":[1],"tags":[6922,234],"class_list":["post-36246","post","type-post","status-publish","format-standard","has-post-thumbnail","hentry","category-geral","tag-caibras","tag-saude"],"yoast_head":"<!-- This site is optimized with the Yoast SEO plugin v25.0 - https:\/\/yoast.com\/wordpress\/plugins\/seo\/ -->\n<title>Se voc\u00ea tem c\u00e3ibras a noite, os m\u00e9dicos tem um alerta importante para te contar<\/title>\n<meta name=\"robots\" content=\"index, follow, max-snippet:-1, max-image-preview:large, max-video-preview:-1\" \/>\n<link rel=\"canonical\" href=\"https:\/\/crusoe.audiencelabs.com.br\/se-voce-tem-caibras-a-noite-os-medicos-tem-um-alerta-importante-para-te-contar\/\" \/>\n<meta property=\"og:locale\" content=\"pt_BR\" \/>\n<meta property=\"og:type\" content=\"article\" \/>\n<meta property=\"og:title\" content=\"Se voc\u00ea tem c\u00e3ibras a noite, os m\u00e9dicos tem um alerta importante para te contar\" \/>\n<meta property=\"og:description\" content=\"Acordar no meio da noite com uma dor intensa nas pernas \u00e9 uma experi\u00eancia comum para muitas pessoas. As c\u00e3ibras noturnas, apesar de geralmente inofensivas, t\u00eam chamado a aten\u00e7\u00e3o de especialistas, que refor\u00e7am a import\u00e2ncia de observar a frequ\u00eancia e os poss\u00edveis sinais associados. O que s\u00e3o as c\u00e3ibras e por que acontecem As c\u00e3ibras [&hellip;]\" \/>\n<meta property=\"og:url\" content=\"https:\/\/crusoe.audiencelabs.com.br\/se-voce-tem-caibras-a-noite-os-medicos-tem-um-alerta-importante-para-te-contar\/\" \/>\n<meta property=\"og:site_name\" content=\"Variedades - Cruso\u00e9\" \/>\n<meta property=\"article:published_time\" content=\"2026-04-05T14:33:00+00:00\" \/>\n<meta property=\"og:image\" content=\"https:\/\/cdn.crusoe.com.br\/uploads\/2026\/04\/Captura-de-tela-2026-04-02-091802.jpg\" \/>\n\t<meta property=\"og:image:width\" content=\"317\" \/>\n\t<meta property=\"og:image:height\" content=\"217\" \/>\n\t<meta property=\"og:image:type\" content=\"image\/jpeg\" \/>\n<meta name=\"author\" content=\"Milena Armando\" \/>\n<meta name=\"twitter:card\" content=\"summary_large_image\" \/>\n<meta name=\"twitter:label1\" content=\"Escrito por\" \/>\n\t<meta name=\"twitter:data1\" content=\"Milena Armando\" \/>\n\t<meta name=\"twitter:label2\" content=\"Est. tempo de leitura\" \/>\n\t<meta name=\"twitter:data2\" content=\"2 minutos\" \/>\n<script type=\"application\/ld+json\" class=\"yoast-schema-graph\">{\"@context\":\"https:\/\/schema.org\",\"@graph\":[{\"@type\":\"WebPage\",\"@id\":\"https:\/\/crusoe.audiencelabs.com.br\/se-voce-tem-caibras-a-noite-os-medicos-tem-um-alerta-importante-para-te-contar\/\",\"url\":\"https:\/\/crusoe.audiencelabs.com.br\/se-voce-tem-caibras-a-noite-os-medicos-tem-um-alerta-importante-para-te-contar\/\",\"name\":\"Se voc\u00ea tem c\u00e3ibras a noite, os m\u00e9dicos tem um alerta importante para te contar\",\"isPartOf\":{\"@id\":\"https:\/\/crusoe.audiencelabs.com.br\/#website\"},\"primaryImageOfPage\":{\"@id\":\"https:\/\/crusoe.audiencelabs.com.br\/se-voce-tem-caibras-a-noite-os-medicos-tem-um-alerta-importante-para-te-contar\/#primaryimage\"},\"image\":{\"@id\":\"https:\/\/crusoe.audiencelabs.com.br\/se-voce-tem-caibras-a-noite-os-medicos-tem-um-alerta-importante-para-te-contar\/#primaryimage\"},\"thumbnailUrl\":\"https:\/\/cdn.crusoe.com.br\/uploads\/2026\/04\/Captura-de-tela-2026-04-02-091802.jpg\",\"datePublished\":\"2026-04-05T14:33:00+00:00\",\"author\":{\"@id\":\"https:\/\/crusoe.audiencelabs.com.br\/#\/schema\/person\/f87f73cfe89e5360de2c006bd4bd6a74\"},\"breadcrumb\":{\"@id\":\"https:\/\/crusoe.audiencelabs.com.br\/se-voce-tem-caibras-a-noite-os-medicos-tem-um-alerta-importante-para-te-contar\/#breadcrumb\"},\"inLanguage\":\"pt-BR\",\"potentialAction\":[{\"@type\":\"ReadAction\",\"target\":[\"https:\/\/crusoe.audiencelabs.com.br\/se-voce-tem-caibras-a-noite-os-medicos-tem-um-alerta-importante-para-te-contar\/\"]}]},{\"@type\":\"ImageObject\",\"inLanguage\":\"pt-BR\",\"@id\":\"https:\/\/crusoe.audiencelabs.com.br\/se-voce-tem-caibras-a-noite-os-medicos-tem-um-alerta-importante-para-te-contar\/#primaryimage\",\"url\":\"https:\/\/cdn.crusoe.com.br\/uploads\/2026\/04\/Captura-de-tela-2026-04-02-091802.jpg\",\"contentUrl\":\"https:\/\/cdn.crusoe.com.br\/uploads\/2026\/04\/Captura-de-tela-2026-04-02-091802.jpg\",\"width\":317,\"height\":217,\"caption\":\"Reprodu\u00e7\u00e3o: Freepik\"},{\"@type\":\"BreadcrumbList\",\"@id\":\"https:\/\/crusoe.audiencelabs.com.br\/se-voce-tem-caibras-a-noite-os-medicos-tem-um-alerta-importante-para-te-contar\/#breadcrumb\",\"itemListElement\":[{\"@type\":\"ListItem\",\"position\":1,\"name\":\"Home\",\"item\":\"https:\/\/crusoe.audiencelabs.com.br\/\"},{\"@type\":\"ListItem\",\"position\":2,\"name\":\"Se voc\u00ea tem c\u00e3ibras a noite, os m\u00e9dicos tem um alerta importante para te contar\"}]},{\"@type\":\"WebSite\",\"@id\":\"https:\/\/crusoe.audiencelabs.com.br\/#website\",\"url\":\"https:\/\/crusoe.audiencelabs.com.br\/\",\"name\":\"Variedades - Cruso\u00e9\",\"description\":\"\",\"potentialAction\":[{\"@type\":\"SearchAction\",\"target\":{\"@type\":\"EntryPoint\",\"urlTemplate\":\"https:\/\/crusoe.audiencelabs.com.br\/?s={search_term_string}\"},\"query-input\":{\"@type\":\"PropertyValueSpecification\",\"valueRequired\":true,\"valueName\":\"search_term_string\"}}],\"inLanguage\":\"pt-BR\"},{\"@type\":\"Person\",\"@id\":\"https:\/\/crusoe.audiencelabs.com.br\/#\/schema\/person\/f87f73cfe89e5360de2c006bd4bd6a74\",\"name\":\"Milena Armando\",\"image\":{\"@type\":\"ImageObject\",\"inLanguage\":\"pt-BR\",\"@id\":\"https:\/\/crusoe.audiencelabs.com.br\/#\/schema\/person\/image\/\",\"url\":\"https:\/\/secure.gravatar.com\/avatar\/ea14ecddc9e9d202b698b18f9f69e09c9fd74cfbed5c6008d55f11faefdbdab7?s=96&d=mm&r=g\",\"contentUrl\":\"https:\/\/secure.gravatar.com\/avatar\/ea14ecddc9e9d202b698b18f9f69e09c9fd74cfbed5c6008d55f11faefdbdab7?s=96&d=mm&r=g\",\"caption\":\"Milena Armando\"},\"description\":\"Jornalista, redatora e revisora.\",\"url\":\"https:\/\/crusoe.audiencelabs.com.br\/author\/milena\/\"}]}<\/script>\n<!-- \/ Yoast SEO plugin. -->","yoast_head_json":{"title":"Se voc\u00ea tem c\u00e3ibras a noite, os m\u00e9dicos tem um alerta importante para te contar","robots":{"index":"index","follow":"follow","max-snippet":"max-snippet:-1","max-image-preview":"max-image-preview:large","max-video-preview":"max-video-preview:-1"},"canonical":"https:\/\/crusoe.audiencelabs.com.br\/se-voce-tem-caibras-a-noite-os-medicos-tem-um-alerta-importante-para-te-contar\/","og_locale":"pt_BR","og_type":"article","og_title":"Se voc\u00ea tem c\u00e3ibras a noite, os m\u00e9dicos tem um alerta importante para te contar","og_description":"Acordar no meio da noite com uma dor intensa nas pernas \u00e9 uma experi\u00eancia comum para muitas pessoas. As c\u00e3ibras noturnas, apesar de geralmente inofensivas, t\u00eam chamado a aten\u00e7\u00e3o de especialistas, que refor\u00e7am a import\u00e2ncia de observar a frequ\u00eancia e os poss\u00edveis sinais associados. O que s\u00e3o as c\u00e3ibras e por que acontecem As c\u00e3ibras [&hellip;]","og_url":"https:\/\/crusoe.audiencelabs.com.br\/se-voce-tem-caibras-a-noite-os-medicos-tem-um-alerta-importante-para-te-contar\/","og_site_name":"Variedades - Cruso\u00e9","article_published_time":"2026-04-05T14:33:00+00:00","og_image":[{"width":317,"height":217,"url":"https:\/\/cdn.crusoe.com.br\/uploads\/2026\/04\/Captura-de-tela-2026-04-02-091802.jpg","type":"image\/jpeg"}],"author":"Milena Armando","twitter_card":"summary_large_image","twitter_misc":{"Escrito por":"Milena Armando","Est. tempo de leitura":"2 minutos"},"schema":{"@context":"https:\/\/schema.org","@graph":[{"@type":"WebPage","@id":"https:\/\/crusoe.audiencelabs.com.br\/se-voce-tem-caibras-a-noite-os-medicos-tem-um-alerta-importante-para-te-contar\/","url":"https:\/\/crusoe.audiencelabs.com.br\/se-voce-tem-caibras-a-noite-os-medicos-tem-um-alerta-importante-para-te-contar\/","name":"Se voc\u00ea tem c\u00e3ibras a noite, os m\u00e9dicos tem um alerta importante para te contar","isPartOf":{"@id":"https:\/\/crusoe.audiencelabs.com.br\/#website"},"primaryImageOfPage":{"@id":"https:\/\/crusoe.audiencelabs.com.br\/se-voce-tem-caibras-a-noite-os-medicos-tem-um-alerta-importante-para-te-contar\/#primaryimage"},"image":{"@id":"https:\/\/crusoe.audiencelabs.com.br\/se-voce-tem-caibras-a-noite-os-medicos-tem-um-alerta-importante-para-te-contar\/#primaryimage"},"thumbnailUrl":"https:\/\/cdn.crusoe.com.br\/uploads\/2026\/04\/Captura-de-tela-2026-04-02-091802.jpg","datePublished":"2026-04-05T14:33:00+00:00","author":{"@id":"https:\/\/crusoe.audiencelabs.com.br\/#\/schema\/person\/f87f73cfe89e5360de2c006bd4bd6a74"},"breadcrumb":{"@id":"https:\/\/crusoe.audiencelabs.com.br\/se-voce-tem-caibras-a-noite-os-medicos-tem-um-alerta-importante-para-te-contar\/#breadcrumb"},"inLanguage":"pt-BR","potentialAction":[{"@type":"ReadAction","target":["https:\/\/crusoe.audiencelabs.com.br\/se-voce-tem-caibras-a-noite-os-medicos-tem-um-alerta-importante-para-te-contar\/"]}]},{"@type":"ImageObject","inLanguage":"pt-BR","@id":"https:\/\/crusoe.audiencelabs.com.br\/se-voce-tem-caibras-a-noite-os-medicos-tem-um-alerta-importante-para-te-contar\/#primaryimage","url":"https:\/\/cdn.crusoe.com.br\/uploads\/2026\/04\/Captura-de-tela-2026-04-02-091802.jpg","contentUrl":"https:\/\/cdn.crusoe.com.br\/uploads\/2026\/04\/Captura-de-tela-2026-04-02-091802.jpg","width":317,"height":217,"caption":"Reprodu\u00e7\u00e3o: Freepik"},{"@type":"BreadcrumbList","@id":"https:\/\/crusoe.audiencelabs.com.br\/se-voce-tem-caibras-a-noite-os-medicos-tem-um-alerta-importante-para-te-contar\/#breadcrumb","itemListElement":[{"@type":"ListItem","position":1,"name":"Home","item":"https:\/\/crusoe.audiencelabs.com.br\/"},{"@type":"ListItem","position":2,"name":"Se voc\u00ea tem c\u00e3ibras a noite, os m\u00e9dicos tem um alerta importante para te contar"}]},{"@type":"WebSite","@id":"https:\/\/crusoe.audiencelabs.com.br\/#website","url":"https:\/\/crusoe.audiencelabs.com.br\/","name":"Variedades - Cruso\u00e9","description":"","potentialAction":[{"@type":"SearchAction","target":{"@type":"EntryPoint","urlTemplate":"https:\/\/crusoe.audiencelabs.com.br\/?s={search_term_string}"},"query-input":{"@type":"PropertyValueSpecification","valueRequired":true,"valueName":"search_term_string"}}],"inLanguage":"pt-BR"},{"@type":"Person","@id":"https:\/\/crusoe.audiencelabs.com.br\/#\/schema\/person\/f87f73cfe89e5360de2c006bd4bd6a74","name":"Milena Armando","image":{"@type":"ImageObject","inLanguage":"pt-BR","@id":"https:\/\/crusoe.audiencelabs.com.br\/#\/schema\/person\/image\/","url":"https:\/\/secure.gravatar.com\/avatar\/ea14ecddc9e9d202b698b18f9f69e09c9fd74cfbed5c6008d55f11faefdbdab7?s=96&d=mm&r=g","contentUrl":"https:\/\/secure.gravatar.com\/avatar\/ea14ecddc9e9d202b698b18f9f69e09c9fd74cfbed5c6008d55f11faefdbdab7?s=96&d=mm&r=g","caption":"Milena Armando"},"description":"Jornalista, redatora e revisora.","url":"https:\/\/crusoe.audiencelabs.com.br\/author\/milena\/"}]}},"_links":{"self":[{"href":"https:\/\/crusoe.audiencelabs.com.br\/wp-json\/wp\/v2\/posts\/36246","targetHints":{"allow":["GET"]}}],"collection":[{"href":"https:\/\/crusoe.audiencelabs.com.br\/wp-json\/wp\/v2\/posts"}],"about":[{"href":"https:\/\/crusoe.audiencelabs.com.br\/wp-json\/wp\/v2\/types\/post"}],"author":[{"embeddable":true,"href":"https:\/\/crusoe.audiencelabs.com.br\/wp-json\/wp\/v2\/users\/5"}],"replies":[{"embeddable":true,"href":"https:\/\/crusoe.audiencelabs.com.br\/wp-json\/wp\/v2\/comments?post=36246"}],"version-history":[{"count":3,"href":"https:\/\/crusoe.audiencelabs.com.br\/wp-json\/wp\/v2\/posts\/36246\/revisions"}],"predecessor-version":[{"id":36250,"href":"https:\/\/crusoe.audiencelabs.com.br\/wp-json\/wp\/v2\/posts\/36246\/revisions\/36250"}],"wp:featuredmedia":[{"embeddable":true,"href":"https:\/\/crusoe.audiencelabs.com.br\/wp-json\/wp\/v2\/media\/36247"}],"wp:attachment":[{"href":"https:\/\/crusoe.audiencelabs.com.br\/wp-json\/wp\/v2\/media?parent=36246"}],"wp:term":[{"taxonomy":"category","embeddable":true,"href":"https:\/\/crusoe.audiencelabs.com.br\/wp-json\/wp\/v2\/categories?post=36246"},{"taxonomy":"post_tag","embeddable":true,"href":"https:\/\/crusoe.audiencelabs.com.br\/wp-json\/wp\/v2\/tags?post=36246"}],"curies":[{"name":"wp","href":"https:\/\/api.w.org\/{rel}","templated":true}]}}