{"id":36217,"date":"2026-04-02T12:02:16","date_gmt":"2026-04-02T15:02:16","guid":{"rendered":"https:\/\/crusoe.audiencelabs.com.br\/?p=36217"},"modified":"2026-04-02T09:05:00","modified_gmt":"2026-04-02T12:05:00","slug":"pela-primeira-vez-na-historia-o-topo-do-exercito-brasileiro-sera-ocupado-por-uma-mulher","status":"publish","type":"post","link":"https:\/\/crusoe.audiencelabs.com.br\/pela-primeira-vez-na-historia-o-topo-do-exercito-brasileiro-sera-ocupado-por-uma-mulher\/","title":{"rendered":"Pela primeira vez na hist\u00f3ria, o topo do Ex\u00e9rcito brasileiro ser\u00e1 ocupado por uma mulher"},"content":{"rendered":"<p>O Ex\u00e9rcito Brasileiro atingiu um de seus marcos hist\u00f3ricos nessa semana ap\u00f3s oficializar, nesta semana, a coronel m\u00e9dica Claudia Lima Gusm\u00e3o Cacho como general. Com a oficializa\u00e7\u00e3o, Claudia se tornou a primeira mulher a ocupar o cargo de general na hist\u00f3ria das for\u00e7as armadas brasileiras.<\/p>\n<p>De acordo com informa\u00e7\u00f5es divulgadas nas redes do Ex\u00e9rcito Brasileiro, a oficializa\u00e7\u00e3o foi feita em uma cerim\u00f4nia realizada no Clube do Ex\u00e9rcito, em Bras\u00edlia.<\/p>\n<h2>Como ela foi nomeada?<\/h2>\n<p>Cl\u00e1udia, de 57 anos e moradora do Distrito Federal, havia sido indicada ao cargo por vota\u00e7\u00e3o em fevereiro deste ano. Ap\u00f3s a indica\u00e7\u00e3o, o nome da militar foi confirmado pelo presidente Luiz para o cargo de general no dia 31 de mar\u00e7o.<\/p>\n<p>Cl\u00e1udia foi um dos militares presentes na solenidade realizada nesta quarta-feira (1\u00ba). Ao todo, foram 17 coron\u00e9is promovidos a general de brigada, 11 generais de brigada a general de divis\u00e3o e dois generais de divis\u00e3o promovidos a general de Ex\u00e9rcito. Cl\u00e1udia foi a \u00fanica mulher entre os militares agraciados com a promo\u00e7\u00e3o.<\/p>\n<h2>Quem \u00e9 a nova general?<\/h2>\n<p>Nascida em Recife, Cl\u00e1udia Gusm\u00e3o se formou em Medicina pela Universidade de Pernambuco (UPE). Ela ingressou no ex\u00e9rcito em janeiro de 1996, ap\u00f3s atuar por alguns anos como m\u00e9dica pediatra. No Ex\u00e9rcito Brasileiro, a m\u00e9dica construiu sua carreira na \u00e1rea de sa\u00fade das for\u00e7as armadas.<\/p>\n<p>Ao longo de sua trajet\u00f3ria, Cl\u00e1udia atuou n\u00e3o apenas diretamente com os pacientes, mas tamb\u00e9m em cargos administrativos, chegando a ser diretora do Hospital de Guarni\u00e7\u00e3o de Natal (RN) e do Hospital Militar da \u00c1rea de Campo Grande (MS).<\/p>\n<p>Na solenidade de promo\u00e7\u00e3o, onde ela recebeu a espada de general e o bast\u00e3o de comando, que simbolizam o rito de passagem, Cl\u00e1udia falou da import\u00e2ncia do cargo e se comprometeu com seus valores.<\/p>\n<p>&#8220;A promo\u00e7\u00e3o traz mais responsabilidades. A gente vai continuar fazendo o nosso trabalho, vamos cumprir a nossa miss\u00e3o, seja dentro ou fora do hospital junto ao Ex\u00e9rcito Brasileiro&#8221;, declarou Claudia enquanto recebia a espada durante a solenidade.<\/p>\n<h2>Marco hist\u00f3rico<\/h2>\n<p>A promo\u00e7\u00e3o de Cl\u00e1udia \u00e9 amplamente vista como um avan\u00e7o na igualdade de g\u00eanero dentro do Ex\u00e9rcito Brasileiro. Nas d\u00e9cadas passadas, as For\u00e7as Armadas brasileiras tinham baixa presen\u00e7a feminina, ainda mais em cargos de comando como os de general.<\/p>\n<p>Al\u00e9m disso, o fato de ter uma mulher no cargo de general tamb\u00e9m \u00e9 visto como uma consolida\u00e7\u00e3o do interesse crescente de mulheres na carreira militar.<\/p>\n<p>Recentemente, o Ex\u00e9rcito Brasileiro vem registrando um aumento no volume de alistamento de mulheres. Em especial, os militares destacaram um crescimento no n\u00famero de candidatas \u00e0 Sele\u00e7\u00e3o Complementar do Servi\u00e7o Militar Inicial Feminino (SMIF), ocorrido em fevereiro desse ano, em Bras\u00edlia.<\/p>\n<p>&nbsp;<\/p>\n<p>&nbsp;<\/p>\n","protected":false},"excerpt":{"rendered":"<p>O Ex\u00e9rcito Brasileiro atingiu um de seus marcos hist\u00f3ricos nessa semana ap\u00f3s oficializar, nesta semana, a coronel m\u00e9dica Claudia Lima Gusm\u00e3o Cacho como general. Com a oficializa\u00e7\u00e3o, Claudia se tornou a primeira mulher a ocupar o cargo de general na hist\u00f3ria das for\u00e7as armadas brasileiras. De acordo com informa\u00e7\u00f5es divulgadas nas redes do Ex\u00e9rcito Brasileiro, [&hellip;]<\/p>\n","protected":false},"author":15,"featured_media":36218,"comment_status":"open","ping_status":"open","sticky":false,"template":"","format":"standard","meta":{"jnews-multi-image_gallery":[],"jnews_single_post":{"format":"standard","jnews_video_option_group":[[]],"override":[{"template":"2","parallax":"1","fullscreen":"1","layout":"right-sidebar","sidebar":"default-sidebar","second_sidebar":"default-sidebar","sticky_sidebar":"1","share_position":"hide","share_float_style":"share-monocrhome","show_featured":"1","show_post_meta":"1","show_post_author":"1","show_post_date":"1","post_date_format":"default","post_date_format_custom":"Y\/m\/d","show_post_category":"1","show_post_reading_time":"0","post_reading_time_wpm":"300","post_calculate_word_method":"str_word_count","show_zoom_button":"0","zoom_button_out_step":"2","zoom_button_in_step":"3","show_post_tag":"1","show_popup_post":"1","number_popup_post":"1","show_author_box":"1","show_post_related":"0"}],"image_override":[{"single_post_thumbnail_size":"crop-500","single_post_gallery_size":"crop-500"}],"trending_post_position":"meta","trending_post_label":"Trending","sponsored_post_label":"Sponsored by","disable_ad":"0","subtitle":"Cl\u00e1udia \u00e9 a primeira mulher a ocupar o cargo de general na hist\u00f3ria do Ex\u00e9rcito Brasileiro"},"jnews_primary_category":[],"jnews_override_counter":{"view_counter_number":"0","share_counter_number":"0","like_counter_number":"0","dislike_counter_number":"0"},"jnews_post_split":{"post_split":[{"template":"1","tag":"h2","numbering":"asc","mode":"normal","first":"0","enable_toc":"0","toc_type":"normal"}]},"footnotes":""},"categories":[1],"tags":[47,6917,5388,6918,6919],"class_list":["post-36217","post","type-post","status-publish","format-standard","has-post-thumbnail","hentry","category-geral","tag-brasil","tag-claudia-lima-gusmao-cacho","tag-exercito-brasileiro","tag-feminismo","tag-forcas-armadas"],"yoast_head":"<!-- This site is optimized with the Yoast SEO plugin v25.0 - https:\/\/yoast.com\/wordpress\/plugins\/seo\/ -->\n<title>Pela primeira vez na hist\u00f3ria, o topo do Ex\u00e9rcito brasileiro ser\u00e1 ocupado por uma mulher<\/title>\n<meta name=\"robots\" content=\"index, follow, max-snippet:-1, max-image-preview:large, max-video-preview:-1\" \/>\n<link rel=\"canonical\" href=\"https:\/\/crusoe.audiencelabs.com.br\/pela-primeira-vez-na-historia-o-topo-do-exercito-brasileiro-sera-ocupado-por-uma-mulher\/\" \/>\n<meta property=\"og:locale\" content=\"pt_BR\" \/>\n<meta property=\"og:type\" content=\"article\" \/>\n<meta property=\"og:title\" content=\"Pela primeira vez na hist\u00f3ria, o topo do Ex\u00e9rcito brasileiro ser\u00e1 ocupado por uma mulher\" \/>\n<meta property=\"og:description\" content=\"O Ex\u00e9rcito Brasileiro atingiu um de seus marcos hist\u00f3ricos nessa semana ap\u00f3s oficializar, nesta semana, a coronel m\u00e9dica Claudia Lima Gusm\u00e3o Cacho como general. Com a oficializa\u00e7\u00e3o, Claudia se tornou a primeira mulher a ocupar o cargo de general na hist\u00f3ria das for\u00e7as armadas brasileiras. De acordo com informa\u00e7\u00f5es divulgadas nas redes do Ex\u00e9rcito Brasileiro, [&hellip;]\" \/>\n<meta property=\"og:url\" content=\"https:\/\/crusoe.audiencelabs.com.br\/pela-primeira-vez-na-historia-o-topo-do-exercito-brasileiro-sera-ocupado-por-uma-mulher\/\" \/>\n<meta property=\"og:site_name\" content=\"Variedades - Cruso\u00e9\" \/>\n<meta property=\"article:published_time\" content=\"2026-04-02T15:02:16+00:00\" \/>\n<meta property=\"og:image\" content=\"https:\/\/cdn.crusoe.com.br\/uploads\/2026\/04\/WhatsApp-Image-2026-04-02-at-08.33.50-1.jpeg\" \/>\n\t<meta property=\"og:image:width\" content=\"428\" \/>\n\t<meta property=\"og:image:height\" content=\"340\" \/>\n\t<meta property=\"og:image:type\" content=\"image\/jpeg\" \/>\n<meta name=\"author\" content=\"J\u00falio Nesi\" \/>\n<meta name=\"twitter:card\" content=\"summary_large_image\" \/>\n<meta name=\"twitter:label1\" content=\"Escrito por\" \/>\n\t<meta name=\"twitter:data1\" content=\"J\u00falio Nesi\" \/>\n\t<meta name=\"twitter:label2\" content=\"Est. tempo de leitura\" \/>\n\t<meta name=\"twitter:data2\" content=\"3 minutos\" \/>\n<script type=\"application\/ld+json\" class=\"yoast-schema-graph\">{\"@context\":\"https:\/\/schema.org\",\"@graph\":[{\"@type\":\"WebPage\",\"@id\":\"https:\/\/crusoe.audiencelabs.com.br\/pela-primeira-vez-na-historia-o-topo-do-exercito-brasileiro-sera-ocupado-por-uma-mulher\/\",\"url\":\"https:\/\/crusoe.audiencelabs.com.br\/pela-primeira-vez-na-historia-o-topo-do-exercito-brasileiro-sera-ocupado-por-uma-mulher\/\",\"name\":\"Pela primeira vez na hist\u00f3ria, o topo do Ex\u00e9rcito brasileiro ser\u00e1 ocupado por uma mulher\",\"isPartOf\":{\"@id\":\"https:\/\/crusoe.audiencelabs.com.br\/#website\"},\"primaryImageOfPage\":{\"@id\":\"https:\/\/crusoe.audiencelabs.com.br\/pela-primeira-vez-na-historia-o-topo-do-exercito-brasileiro-sera-ocupado-por-uma-mulher\/#primaryimage\"},\"image\":{\"@id\":\"https:\/\/crusoe.audiencelabs.com.br\/pela-primeira-vez-na-historia-o-topo-do-exercito-brasileiro-sera-ocupado-por-uma-mulher\/#primaryimage\"},\"thumbnailUrl\":\"https:\/\/cdn.crusoe.com.br\/uploads\/2026\/04\/WhatsApp-Image-2026-04-02-at-08.33.50-1.jpeg\",\"datePublished\":\"2026-04-02T15:02:16+00:00\",\"author\":{\"@id\":\"https:\/\/crusoe.audiencelabs.com.br\/#\/schema\/person\/0cca5874eda7d72cef71e77a9a9c2143\"},\"breadcrumb\":{\"@id\":\"https:\/\/crusoe.audiencelabs.com.br\/pela-primeira-vez-na-historia-o-topo-do-exercito-brasileiro-sera-ocupado-por-uma-mulher\/#breadcrumb\"},\"inLanguage\":\"pt-BR\",\"potentialAction\":[{\"@type\":\"ReadAction\",\"target\":[\"https:\/\/crusoe.audiencelabs.com.br\/pela-primeira-vez-na-historia-o-topo-do-exercito-brasileiro-sera-ocupado-por-uma-mulher\/\"]}]},{\"@type\":\"ImageObject\",\"inLanguage\":\"pt-BR\",\"@id\":\"https:\/\/crusoe.audiencelabs.com.br\/pela-primeira-vez-na-historia-o-topo-do-exercito-brasileiro-sera-ocupado-por-uma-mulher\/#primaryimage\",\"url\":\"https:\/\/cdn.crusoe.com.br\/uploads\/2026\/04\/WhatsApp-Image-2026-04-02-at-08.33.50-1.jpeg\",\"contentUrl\":\"https:\/\/cdn.crusoe.com.br\/uploads\/2026\/04\/WhatsApp-Image-2026-04-02-at-08.33.50-1.jpeg\",\"width\":428,\"height\":340,\"caption\":\"Divulga\u00e7\u00e3o: Instagram \/ Ex\u00e9rcito Brasileiro (@exercito_oficial)\"},{\"@type\":\"BreadcrumbList\",\"@id\":\"https:\/\/crusoe.audiencelabs.com.br\/pela-primeira-vez-na-historia-o-topo-do-exercito-brasileiro-sera-ocupado-por-uma-mulher\/#breadcrumb\",\"itemListElement\":[{\"@type\":\"ListItem\",\"position\":1,\"name\":\"Home\",\"item\":\"https:\/\/crusoe.audiencelabs.com.br\/\"},{\"@type\":\"ListItem\",\"position\":2,\"name\":\"Pela primeira vez na hist\u00f3ria, o topo do Ex\u00e9rcito brasileiro ser\u00e1 ocupado por uma mulher\"}]},{\"@type\":\"WebSite\",\"@id\":\"https:\/\/crusoe.audiencelabs.com.br\/#website\",\"url\":\"https:\/\/crusoe.audiencelabs.com.br\/\",\"name\":\"Variedades - Cruso\u00e9\",\"description\":\"\",\"potentialAction\":[{\"@type\":\"SearchAction\",\"target\":{\"@type\":\"EntryPoint\",\"urlTemplate\":\"https:\/\/crusoe.audiencelabs.com.br\/?s={search_term_string}\"},\"query-input\":{\"@type\":\"PropertyValueSpecification\",\"valueRequired\":true,\"valueName\":\"search_term_string\"}}],\"inLanguage\":\"pt-BR\"},{\"@type\":\"Person\",\"@id\":\"https:\/\/crusoe.audiencelabs.com.br\/#\/schema\/person\/0cca5874eda7d72cef71e77a9a9c2143\",\"name\":\"J\u00falio Nesi\",\"image\":{\"@type\":\"ImageObject\",\"inLanguage\":\"pt-BR\",\"@id\":\"https:\/\/crusoe.audiencelabs.com.br\/#\/schema\/person\/image\/\",\"url\":\"https:\/\/secure.gravatar.com\/avatar\/c22eb47c3e2320e71637346b980e09f63de9f75742d3335f94a26b83dff70473?s=96&d=mm&r=g\",\"contentUrl\":\"https:\/\/secure.gravatar.com\/avatar\/c22eb47c3e2320e71637346b980e09f63de9f75742d3335f94a26b83dff70473?s=96&d=mm&r=g\",\"caption\":\"J\u00falio Nesi\"},\"description\":\"Jornalista alagoano formado pela UFAL, j\u00e1 atuei em produ\u00e7\u00e3o de conte\u00fado digital para portais, r\u00e1dio e redes sociais.\",\"sameAs\":[\"www.linkedin.com\/in\/j\u00falio-nesi\"],\"url\":\"https:\/\/crusoe.audiencelabs.com.br\/author\/julionesi\/\"}]}<\/script>\n<!-- \/ Yoast SEO plugin. -->","yoast_head_json":{"title":"Pela primeira vez na hist\u00f3ria, o topo do Ex\u00e9rcito brasileiro ser\u00e1 ocupado por uma mulher","robots":{"index":"index","follow":"follow","max-snippet":"max-snippet:-1","max-image-preview":"max-image-preview:large","max-video-preview":"max-video-preview:-1"},"canonical":"https:\/\/crusoe.audiencelabs.com.br\/pela-primeira-vez-na-historia-o-topo-do-exercito-brasileiro-sera-ocupado-por-uma-mulher\/","og_locale":"pt_BR","og_type":"article","og_title":"Pela primeira vez na hist\u00f3ria, o topo do Ex\u00e9rcito brasileiro ser\u00e1 ocupado por uma mulher","og_description":"O Ex\u00e9rcito Brasileiro atingiu um de seus marcos hist\u00f3ricos nessa semana ap\u00f3s oficializar, nesta semana, a coronel m\u00e9dica Claudia Lima Gusm\u00e3o Cacho como general. Com a oficializa\u00e7\u00e3o, Claudia se tornou a primeira mulher a ocupar o cargo de general na hist\u00f3ria das for\u00e7as armadas brasileiras. De acordo com informa\u00e7\u00f5es divulgadas nas redes do Ex\u00e9rcito Brasileiro, [&hellip;]","og_url":"https:\/\/crusoe.audiencelabs.com.br\/pela-primeira-vez-na-historia-o-topo-do-exercito-brasileiro-sera-ocupado-por-uma-mulher\/","og_site_name":"Variedades - Cruso\u00e9","article_published_time":"2026-04-02T15:02:16+00:00","og_image":[{"width":428,"height":340,"url":"https:\/\/cdn.crusoe.com.br\/uploads\/2026\/04\/WhatsApp-Image-2026-04-02-at-08.33.50-1.jpeg","type":"image\/jpeg"}],"author":"J\u00falio Nesi","twitter_card":"summary_large_image","twitter_misc":{"Escrito por":"J\u00falio Nesi","Est. tempo de leitura":"3 minutos"},"schema":{"@context":"https:\/\/schema.org","@graph":[{"@type":"WebPage","@id":"https:\/\/crusoe.audiencelabs.com.br\/pela-primeira-vez-na-historia-o-topo-do-exercito-brasileiro-sera-ocupado-por-uma-mulher\/","url":"https:\/\/crusoe.audiencelabs.com.br\/pela-primeira-vez-na-historia-o-topo-do-exercito-brasileiro-sera-ocupado-por-uma-mulher\/","name":"Pela primeira vez na hist\u00f3ria, o topo do Ex\u00e9rcito brasileiro ser\u00e1 ocupado por uma mulher","isPartOf":{"@id":"https:\/\/crusoe.audiencelabs.com.br\/#website"},"primaryImageOfPage":{"@id":"https:\/\/crusoe.audiencelabs.com.br\/pela-primeira-vez-na-historia-o-topo-do-exercito-brasileiro-sera-ocupado-por-uma-mulher\/#primaryimage"},"image":{"@id":"https:\/\/crusoe.audiencelabs.com.br\/pela-primeira-vez-na-historia-o-topo-do-exercito-brasileiro-sera-ocupado-por-uma-mulher\/#primaryimage"},"thumbnailUrl":"https:\/\/cdn.crusoe.com.br\/uploads\/2026\/04\/WhatsApp-Image-2026-04-02-at-08.33.50-1.jpeg","datePublished":"2026-04-02T15:02:16+00:00","author":{"@id":"https:\/\/crusoe.audiencelabs.com.br\/#\/schema\/person\/0cca5874eda7d72cef71e77a9a9c2143"},"breadcrumb":{"@id":"https:\/\/crusoe.audiencelabs.com.br\/pela-primeira-vez-na-historia-o-topo-do-exercito-brasileiro-sera-ocupado-por-uma-mulher\/#breadcrumb"},"inLanguage":"pt-BR","potentialAction":[{"@type":"ReadAction","target":["https:\/\/crusoe.audiencelabs.com.br\/pela-primeira-vez-na-historia-o-topo-do-exercito-brasileiro-sera-ocupado-por-uma-mulher\/"]}]},{"@type":"ImageObject","inLanguage":"pt-BR","@id":"https:\/\/crusoe.audiencelabs.com.br\/pela-primeira-vez-na-historia-o-topo-do-exercito-brasileiro-sera-ocupado-por-uma-mulher\/#primaryimage","url":"https:\/\/cdn.crusoe.com.br\/uploads\/2026\/04\/WhatsApp-Image-2026-04-02-at-08.33.50-1.jpeg","contentUrl":"https:\/\/cdn.crusoe.com.br\/uploads\/2026\/04\/WhatsApp-Image-2026-04-02-at-08.33.50-1.jpeg","width":428,"height":340,"caption":"Divulga\u00e7\u00e3o: Instagram \/ Ex\u00e9rcito Brasileiro (@exercito_oficial)"},{"@type":"BreadcrumbList","@id":"https:\/\/crusoe.audiencelabs.com.br\/pela-primeira-vez-na-historia-o-topo-do-exercito-brasileiro-sera-ocupado-por-uma-mulher\/#breadcrumb","itemListElement":[{"@type":"ListItem","position":1,"name":"Home","item":"https:\/\/crusoe.audiencelabs.com.br\/"},{"@type":"ListItem","position":2,"name":"Pela primeira vez na hist\u00f3ria, o topo do Ex\u00e9rcito brasileiro ser\u00e1 ocupado por uma mulher"}]},{"@type":"WebSite","@id":"https:\/\/crusoe.audiencelabs.com.br\/#website","url":"https:\/\/crusoe.audiencelabs.com.br\/","name":"Variedades - Cruso\u00e9","description":"","potentialAction":[{"@type":"SearchAction","target":{"@type":"EntryPoint","urlTemplate":"https:\/\/crusoe.audiencelabs.com.br\/?s={search_term_string}"},"query-input":{"@type":"PropertyValueSpecification","valueRequired":true,"valueName":"search_term_string"}}],"inLanguage":"pt-BR"},{"@type":"Person","@id":"https:\/\/crusoe.audiencelabs.com.br\/#\/schema\/person\/0cca5874eda7d72cef71e77a9a9c2143","name":"J\u00falio Nesi","image":{"@type":"ImageObject","inLanguage":"pt-BR","@id":"https:\/\/crusoe.audiencelabs.com.br\/#\/schema\/person\/image\/","url":"https:\/\/secure.gravatar.com\/avatar\/c22eb47c3e2320e71637346b980e09f63de9f75742d3335f94a26b83dff70473?s=96&d=mm&r=g","contentUrl":"https:\/\/secure.gravatar.com\/avatar\/c22eb47c3e2320e71637346b980e09f63de9f75742d3335f94a26b83dff70473?s=96&d=mm&r=g","caption":"J\u00falio Nesi"},"description":"Jornalista alagoano formado pela UFAL, j\u00e1 atuei em produ\u00e7\u00e3o de conte\u00fado digital para portais, r\u00e1dio e redes sociais.","sameAs":["www.linkedin.com\/in\/j\u00falio-nesi"],"url":"https:\/\/crusoe.audiencelabs.com.br\/author\/julionesi\/"}]}},"_links":{"self":[{"href":"https:\/\/crusoe.audiencelabs.com.br\/wp-json\/wp\/v2\/posts\/36217","targetHints":{"allow":["GET"]}}],"collection":[{"href":"https:\/\/crusoe.audiencelabs.com.br\/wp-json\/wp\/v2\/posts"}],"about":[{"href":"https:\/\/crusoe.audiencelabs.com.br\/wp-json\/wp\/v2\/types\/post"}],"author":[{"embeddable":true,"href":"https:\/\/crusoe.audiencelabs.com.br\/wp-json\/wp\/v2\/users\/15"}],"replies":[{"embeddable":true,"href":"https:\/\/crusoe.audiencelabs.com.br\/wp-json\/wp\/v2\/comments?post=36217"}],"version-history":[{"count":2,"href":"https:\/\/crusoe.audiencelabs.com.br\/wp-json\/wp\/v2\/posts\/36217\/revisions"}],"predecessor-version":[{"id":36236,"href":"https:\/\/crusoe.audiencelabs.com.br\/wp-json\/wp\/v2\/posts\/36217\/revisions\/36236"}],"wp:featuredmedia":[{"embeddable":true,"href":"https:\/\/crusoe.audiencelabs.com.br\/wp-json\/wp\/v2\/media\/36218"}],"wp:attachment":[{"href":"https:\/\/crusoe.audiencelabs.com.br\/wp-json\/wp\/v2\/media?parent=36217"}],"wp:term":[{"taxonomy":"category","embeddable":true,"href":"https:\/\/crusoe.audiencelabs.com.br\/wp-json\/wp\/v2\/categories?post=36217"},{"taxonomy":"post_tag","embeddable":true,"href":"https:\/\/crusoe.audiencelabs.com.br\/wp-json\/wp\/v2\/tags?post=36217"}],"curies":[{"name":"wp","href":"https:\/\/api.w.org\/{rel}","templated":true}]}}