{"id":36215,"date":"2026-04-05T08:38:39","date_gmt":"2026-04-05T11:38:39","guid":{"rendered":"https:\/\/crusoe.audiencelabs.com.br\/?p=36215"},"modified":"2026-04-09T16:09:22","modified_gmt":"2026-04-09T19:09:22","slug":"neste-lugar-no-brasil-o-tempo-parece-ter-parado-e-ficado-na-decada-de-50","status":"publish","type":"post","link":"https:\/\/crusoe.audiencelabs.com.br\/neste-lugar-no-brasil-o-tempo-parece-ter-parado-e-ficado-na-decada-de-50\/","title":{"rendered":"Neste lugar no Brasil o tempo parece ter parado e ficado na d\u00e9cada de 50"},"content":{"rendered":"<p data-start=\"74\" data-end=\"453\">Localizada no interior de Goi\u00e1s, <strong><span class=\"hover:entity-accent entity-underline inline cursor-pointer align-baseline\"><span class=\"whitespace-normal\">Goi\u00e1s Velho<\/span><\/span> <\/strong>foi fundada em 1727 e se destaca pela preserva\u00e7\u00e3o de seu patrim\u00f4nio hist\u00f3rico.<\/p>\n<p data-start=\"74\" data-end=\"453\">Em 2001, recebeu da <span class=\"hover:entity-accent entity-underline inline cursor-pointer align-baseline\"><span class=\"whitespace-normal\">UNESCO<\/span><\/span> o <strong>t\u00edtulo de Patrim\u00f4nio Mundial<\/strong>, reconhecimento que refor\u00e7a a import\u00e2ncia de seu legado cultural e arquitet\u00f4nico, constru\u00eddo ainda no s\u00e9culo 18, durante o ciclo do ouro.<\/p>\n<p data-start=\"455\" data-end=\"763\">Mais do que um conjunto de constru\u00e7\u00f5es antigas, a cidade \u00e9 um testemunho vivo das tradi\u00e7\u00f5es brasileiras. Suas <strong>ruas de pedra, casar\u00f5es coloniais e constru\u00e7\u00f5es de pau a pique<\/strong> criam um cen\u00e1rio que remete ao passado, enquanto o ritmo tranquilo contrasta com a agita\u00e7\u00e3o das grandes cidades.<\/p>\n<h2 data-section-id=\"94rgw1\" data-start=\"765\" data-end=\"790\">Caminhando pela hist\u00f3ria de Goi\u00e1s Velho<\/h2>\n<p data-start=\"792\" data-end=\"1006\">Explorar Goi\u00e1s Velho \u00e9 como percorrer um museu a c\u00e9u aberto. Antigo polo do ciclo do ouro, o munic\u00edpio preserva <strong>igrejas barrocas, casas coloridas e detalhes arquitet\u00f4nicos que revelam a riqueza do per\u00edodo colonial<\/strong>.<\/p>\n<p data-start=\"1008\" data-end=\"1265\">O<strong> centro hist\u00f3rico<\/strong> vai al\u00e9m da est\u00e9tica e narra cap\u00edtulos importantes da forma\u00e7\u00e3o do Brasil. Cada rua e cada constru\u00e7\u00e3o carregam hist\u00f3rias que enriquecem a experi\u00eancia de quem visita, tornando o passeio n\u00e3o apenas visual, mas tamb\u00e9m cultural e educativo.<\/p>\n<figure id=\"attachment_36220\" aria-describedby=\"caption-attachment-36220\" style=\"width: 1068px\" class=\"wp-caption aligncenter\"><img loading=\"lazy\" decoding=\"async\" class=\"wp-image-36220 size-full\" src=\"https:\/\/cdn.crusoe.com.br\/uploads\/2026\/04\/centro-historico-e1775761747668.jpg\" alt=\"\" width=\"1068\" height=\"610\" srcset=\"https:\/\/cdn.crusoe.com.br\/uploads\/2026\/04\/centro-historico-e1775761747668.jpg 1068w, https:\/\/cdn.crusoe.com.br\/uploads\/2026\/04\/centro-historico-e1775761747668-300x171.jpg 300w, https:\/\/cdn.crusoe.com.br\/uploads\/2026\/04\/centro-historico-e1775761747668-1024x585.jpg 1024w, https:\/\/cdn.crusoe.com.br\/uploads\/2026\/04\/centro-historico-e1775761747668-768x439.jpg 768w, https:\/\/cdn.crusoe.com.br\/uploads\/2026\/04\/centro-historico-e1775761747668-750x428.jpg 750w\" sizes=\"auto, (max-width: 1068px) 100vw, 1068px\" \/><figcaption id=\"caption-attachment-36220\" class=\"wp-caption-text\">Reprodu\u00e7\u00e3o: Imagens e Viagens<\/figcaption><\/figure>\n<h2 data-section-id=\"x8kxix\" data-start=\"1267\" data-end=\"1288\">Sabores do cerrado<\/h2>\n<p data-start=\"1290\" data-end=\"1481\">A identidade local tamb\u00e9m se expressa na <strong>gastronomia<\/strong>. Pratos t\u00edpicos como o <span class=\"hover:entity-accent entity-underline inline cursor-pointer align-baseline\"><span class=\"whitespace-normal\">empad\u00e3o goiano<\/span><\/span> e os doces de tacho, feitos com frutos do cerrado, s\u00e3o destaques imperd\u00edveis.<\/p>\n<p data-start=\"1483\" data-end=\"1733\">Essas receitas representam tradi\u00e7\u00f5es passadas de gera\u00e7\u00e3o em gera\u00e7\u00e3o. O empad\u00e3o cheio de sabores, \u00e9 s\u00edmbolo da culin\u00e1ria regional, enquanto os doces artesanais completam a experi\u00eancia com um toque de afeto e hist\u00f3ria.<\/p>\n<h2 data-section-id=\"tyb75z\" data-start=\"1735\" data-end=\"1764\">Um ritmo de vida mais leve<\/h2>\n<p data-start=\"1766\" data-end=\"1978\">Um dos grandes encantos de Goi\u00e1s Velho est\u00e1 no seu estilo de vida. A rotina tranquila, marcada por conversas nas cal\u00e7adas e o som de r\u00e1dios antigos, revela um cotidiano que valoriza o tempo e as rela\u00e7\u00f5es humanas.<\/p>\n<p data-start=\"1980\" data-end=\"2136\">Esse cen\u00e1rio oferece aos visitantes uma pausa bem-vinda da correria urbana, proporcionando uma experi\u00eancia de conex\u00e3o com h\u00e1bitos mais simples e aut\u00eanticos.<\/p>\n<h2 data-section-id=\"102y7yg\" data-start=\"2138\" data-end=\"2188\">A casa de <span class=\"hover:entity-accent entity-underline inline cursor-pointer align-baseline\"><span class=\"whitespace-normal\">Cora Coralina<\/span><\/span><\/h2>\n<p data-start=\"2190\" data-end=\"2433\">Entre os principais pontos tur\u00edsticos est\u00e1 a antiga<strong> casa de <span class=\"hover:entity-accent entity-underline inline cursor-pointer align-baseline\"><span class=\"whitespace-normal\">Cora Coralina<\/span><\/span>, hoje transformada em museu.<\/strong> O espa\u00e7o preserva objetos pessoais, m\u00f3veis e mem\u00f3rias da escritora, permitindo uma imers\u00e3o em sua vida e obra.<\/p>\n<figure id=\"attachment_36221\" aria-describedby=\"caption-attachment-36221\" style=\"width: 636px\" class=\"wp-caption aligncenter\"><img loading=\"lazy\" decoding=\"async\" class=\"size-full wp-image-36221\" src=\"https:\/\/cdn.crusoe.com.br\/uploads\/2026\/04\/3.webp\" alt=\"\" width=\"636\" height=\"416\" srcset=\"https:\/\/cdn.crusoe.com.br\/uploads\/2026\/04\/3.webp 636w, https:\/\/cdn.crusoe.com.br\/uploads\/2026\/04\/3-300x196.webp 300w\" sizes=\"auto, (max-width: 636px) 100vw, 636px\" \/><figcaption id=\"caption-attachment-36221\" class=\"wp-caption-text\">Reprodu\u00e7\u00e3o; Viagem e Turismo<\/figcaption><\/figure>\n<figure id=\"attachment_36222\" aria-describedby=\"caption-attachment-36222\" style=\"width: 627px\" class=\"wp-caption aligncenter\"><img loading=\"lazy\" decoding=\"async\" class=\" wp-image-36222\" src=\"https:\/\/cdn.crusoe.com.br\/uploads\/2026\/04\/1.webp\" alt=\"\" width=\"627\" height=\"393\" srcset=\"https:\/\/cdn.crusoe.com.br\/uploads\/2026\/04\/1.webp 984w, https:\/\/cdn.crusoe.com.br\/uploads\/2026\/04\/1-300x188.webp 300w, https:\/\/cdn.crusoe.com.br\/uploads\/2026\/04\/1-768x481.webp 768w, https:\/\/cdn.crusoe.com.br\/uploads\/2026\/04\/1-750x470.webp 750w\" sizes=\"auto, (max-width: 627px) 100vw, 627px\" \/><figcaption id=\"caption-attachment-36222\" class=\"wp-caption-text\">Reprodu\u00e7\u00e3o: G1<\/figcaption><\/figure>\n<p data-start=\"2435\" data-end=\"2683\">Mais do que um ponto tur\u00edstico, o local simboliza a for\u00e7a cultural da cidade. Cada ambiente revela a sensibilidade da autora e sua liga\u00e7\u00e3o com Goi\u00e1s Velho, tornando a visita uma experi\u00eancia marcante para quem aprecia literatura e hist\u00f3ria.<\/p>\n<p data-start=\"2690\" data-end=\"2914\" data-is-last-node=\"\" data-is-only-node=\"\">Goi\u00e1s Velho \u00e9, acima de tudo, um convite para desacelerar e revisitar o passado. Entre arquitetura preservada, sabores tradicionais e riqueza cultural, a cidade oferece uma viagem \u00fanica no tempo, e na identidade brasileira.<\/p>\n","protected":false},"excerpt":{"rendered":"<p>Localizada no interior de Goi\u00e1s, Goi\u00e1s Velho foi fundada em 1727 e se destaca pela preserva\u00e7\u00e3o de seu patrim\u00f4nio hist\u00f3rico. Em 2001, recebeu da UNESCO o t\u00edtulo de Patrim\u00f4nio Mundial, reconhecimento que refor\u00e7a a import\u00e2ncia de seu legado cultural e arquitet\u00f4nico, constru\u00eddo ainda no s\u00e9culo 18, durante o ciclo do ouro. Mais do que um [&hellip;]<\/p>\n","protected":false},"author":5,"featured_media":36219,"comment_status":"open","ping_status":"open","sticky":false,"template":"","format":"standard","meta":{"jnews-multi-image_gallery":[],"jnews_single_post":{"subtitle":"","format":"standard","jnews_video_option_group":[[]],"override":[{"template":"2","parallax":"1","fullscreen":"1","layout":"right-sidebar","sidebar":"default-sidebar","second_sidebar":"default-sidebar","sticky_sidebar":"1","share_position":"hide","share_float_style":"share-monocrhome","show_featured":"1","show_post_meta":"1","show_post_author":"1","show_post_date":"1","post_date_format":"default","post_date_format_custom":"Y\/m\/d","show_post_category":"1","show_post_reading_time":"0","post_reading_time_wpm":"300","post_calculate_word_method":"str_word_count","show_zoom_button":"0","zoom_button_out_step":"2","zoom_button_in_step":"3","show_post_tag":"1","show_popup_post":"1","number_popup_post":"1","show_author_box":"1","show_post_related":"0"}],"image_override":[{"single_post_thumbnail_size":"crop-500","single_post_gallery_size":"crop-500"}],"trending_post_position":"meta","trending_post_label":"Trending","sponsored_post_label":"Sponsored by","disable_ad":"0"},"jnews_primary_category":[],"jnews_override_counter":{"view_counter_number":"0","share_counter_number":"0","like_counter_number":"0","dislike_counter_number":"0"},"jnews_post_split":{"post_split":[{"template":"1","tag":"h2","numbering":"asc","mode":"normal","first":"0","enable_toc":"0","toc_type":"normal"}]},"footnotes":""},"categories":[1],"tags":[6916,206],"class_list":["post-36215","post","type-post","status-publish","format-standard","has-post-thumbnail","hentry","category-geral","tag-goias-velho","tag-turismo"],"yoast_head":"<!-- This site is optimized with the Yoast SEO plugin v25.0 - https:\/\/yoast.com\/wordpress\/plugins\/seo\/ -->\n<title>Neste lugar no Brasil o tempo parece ter parado e ficado na d\u00e9cada de 50<\/title>\n<meta name=\"robots\" content=\"index, follow, max-snippet:-1, max-image-preview:large, max-video-preview:-1\" \/>\n<link rel=\"canonical\" href=\"https:\/\/crusoe.audiencelabs.com.br\/neste-lugar-no-brasil-o-tempo-parece-ter-parado-e-ficado-na-decada-de-50\/\" \/>\n<meta property=\"og:locale\" content=\"pt_BR\" \/>\n<meta property=\"og:type\" content=\"article\" \/>\n<meta property=\"og:title\" content=\"Neste lugar no Brasil o tempo parece ter parado e ficado na d\u00e9cada de 50\" \/>\n<meta property=\"og:description\" content=\"Localizada no interior de Goi\u00e1s, Goi\u00e1s Velho foi fundada em 1727 e se destaca pela preserva\u00e7\u00e3o de seu patrim\u00f4nio hist\u00f3rico. Em 2001, recebeu da UNESCO o t\u00edtulo de Patrim\u00f4nio Mundial, reconhecimento que refor\u00e7a a import\u00e2ncia de seu legado cultural e arquitet\u00f4nico, constru\u00eddo ainda no s\u00e9culo 18, durante o ciclo do ouro. Mais do que um [&hellip;]\" \/>\n<meta property=\"og:url\" content=\"https:\/\/crusoe.audiencelabs.com.br\/neste-lugar-no-brasil-o-tempo-parece-ter-parado-e-ficado-na-decada-de-50\/\" \/>\n<meta property=\"og:site_name\" content=\"Variedades - Cruso\u00e9\" \/>\n<meta property=\"article:published_time\" content=\"2026-04-05T11:38:39+00:00\" \/>\n<meta property=\"article:modified_time\" content=\"2026-04-09T19:09:22+00:00\" \/>\n<meta property=\"og:image\" content=\"https:\/\/cdn.crusoe.com.br\/uploads\/2026\/04\/cidade-de-goias-velho-foto-mantovani-fernandes7730-717.jpg\" \/>\n\t<meta property=\"og:image:width\" content=\"2000\" \/>\n\t<meta property=\"og:image:height\" content=\"1325\" \/>\n\t<meta property=\"og:image:type\" content=\"image\/jpeg\" \/>\n<meta name=\"author\" content=\"Milena Armando\" \/>\n<meta name=\"twitter:card\" content=\"summary_large_image\" \/>\n<meta name=\"twitter:label1\" content=\"Escrito por\" \/>\n\t<meta name=\"twitter:data1\" content=\"Milena Armando\" \/>\n\t<meta name=\"twitter:label2\" content=\"Est. tempo de leitura\" \/>\n\t<meta name=\"twitter:data2\" content=\"4 minutos\" \/>\n<script type=\"application\/ld+json\" class=\"yoast-schema-graph\">{\"@context\":\"https:\/\/schema.org\",\"@graph\":[{\"@type\":\"WebPage\",\"@id\":\"https:\/\/crusoe.audiencelabs.com.br\/neste-lugar-no-brasil-o-tempo-parece-ter-parado-e-ficado-na-decada-de-50\/\",\"url\":\"https:\/\/crusoe.audiencelabs.com.br\/neste-lugar-no-brasil-o-tempo-parece-ter-parado-e-ficado-na-decada-de-50\/\",\"name\":\"Neste lugar no Brasil o tempo parece ter parado e ficado na d\u00e9cada de 50\",\"isPartOf\":{\"@id\":\"https:\/\/crusoe.audiencelabs.com.br\/#website\"},\"primaryImageOfPage\":{\"@id\":\"https:\/\/crusoe.audiencelabs.com.br\/neste-lugar-no-brasil-o-tempo-parece-ter-parado-e-ficado-na-decada-de-50\/#primaryimage\"},\"image\":{\"@id\":\"https:\/\/crusoe.audiencelabs.com.br\/neste-lugar-no-brasil-o-tempo-parece-ter-parado-e-ficado-na-decada-de-50\/#primaryimage\"},\"thumbnailUrl\":\"https:\/\/cdn.crusoe.com.br\/uploads\/2026\/04\/cidade-de-goias-velho-foto-mantovani-fernandes7730-717.jpg\",\"datePublished\":\"2026-04-05T11:38:39+00:00\",\"dateModified\":\"2026-04-09T19:09:22+00:00\",\"author\":{\"@id\":\"https:\/\/crusoe.audiencelabs.com.br\/#\/schema\/person\/f87f73cfe89e5360de2c006bd4bd6a74\"},\"breadcrumb\":{\"@id\":\"https:\/\/crusoe.audiencelabs.com.br\/neste-lugar-no-brasil-o-tempo-parece-ter-parado-e-ficado-na-decada-de-50\/#breadcrumb\"},\"inLanguage\":\"pt-BR\",\"potentialAction\":[{\"@type\":\"ReadAction\",\"target\":[\"https:\/\/crusoe.audiencelabs.com.br\/neste-lugar-no-brasil-o-tempo-parece-ter-parado-e-ficado-na-decada-de-50\/\"]}]},{\"@type\":\"ImageObject\",\"inLanguage\":\"pt-BR\",\"@id\":\"https:\/\/crusoe.audiencelabs.com.br\/neste-lugar-no-brasil-o-tempo-parece-ter-parado-e-ficado-na-decada-de-50\/#primaryimage\",\"url\":\"https:\/\/cdn.crusoe.com.br\/uploads\/2026\/04\/cidade-de-goias-velho-foto-mantovani-fernandes7730-717.jpg\",\"contentUrl\":\"https:\/\/cdn.crusoe.com.br\/uploads\/2026\/04\/cidade-de-goias-velho-foto-mantovani-fernandes7730-717.jpg\",\"width\":2000,\"height\":1325,\"caption\":\"Reprodu\u00e7\u00e3o: Portal Goi\u00e1s\"},{\"@type\":\"BreadcrumbList\",\"@id\":\"https:\/\/crusoe.audiencelabs.com.br\/neste-lugar-no-brasil-o-tempo-parece-ter-parado-e-ficado-na-decada-de-50\/#breadcrumb\",\"itemListElement\":[{\"@type\":\"ListItem\",\"position\":1,\"name\":\"Home\",\"item\":\"https:\/\/crusoe.audiencelabs.com.br\/\"},{\"@type\":\"ListItem\",\"position\":2,\"name\":\"Neste lugar no Brasil o tempo parece ter parado e ficado na d\u00e9cada de 50\"}]},{\"@type\":\"WebSite\",\"@id\":\"https:\/\/crusoe.audiencelabs.com.br\/#website\",\"url\":\"https:\/\/crusoe.audiencelabs.com.br\/\",\"name\":\"Variedades - Cruso\u00e9\",\"description\":\"\",\"potentialAction\":[{\"@type\":\"SearchAction\",\"target\":{\"@type\":\"EntryPoint\",\"urlTemplate\":\"https:\/\/crusoe.audiencelabs.com.br\/?s={search_term_string}\"},\"query-input\":{\"@type\":\"PropertyValueSpecification\",\"valueRequired\":true,\"valueName\":\"search_term_string\"}}],\"inLanguage\":\"pt-BR\"},{\"@type\":\"Person\",\"@id\":\"https:\/\/crusoe.audiencelabs.com.br\/#\/schema\/person\/f87f73cfe89e5360de2c006bd4bd6a74\",\"name\":\"Milena Armando\",\"image\":{\"@type\":\"ImageObject\",\"inLanguage\":\"pt-BR\",\"@id\":\"https:\/\/crusoe.audiencelabs.com.br\/#\/schema\/person\/image\/\",\"url\":\"https:\/\/secure.gravatar.com\/avatar\/ea14ecddc9e9d202b698b18f9f69e09c9fd74cfbed5c6008d55f11faefdbdab7?s=96&d=mm&r=g\",\"contentUrl\":\"https:\/\/secure.gravatar.com\/avatar\/ea14ecddc9e9d202b698b18f9f69e09c9fd74cfbed5c6008d55f11faefdbdab7?s=96&d=mm&r=g\",\"caption\":\"Milena Armando\"},\"description\":\"Jornalista, redatora e revisora.\",\"url\":\"https:\/\/crusoe.audiencelabs.com.br\/author\/milena\/\"}]}<\/script>\n<!-- \/ Yoast SEO plugin. -->","yoast_head_json":{"title":"Neste lugar no Brasil o tempo parece ter parado e ficado na d\u00e9cada de 50","robots":{"index":"index","follow":"follow","max-snippet":"max-snippet:-1","max-image-preview":"max-image-preview:large","max-video-preview":"max-video-preview:-1"},"canonical":"https:\/\/crusoe.audiencelabs.com.br\/neste-lugar-no-brasil-o-tempo-parece-ter-parado-e-ficado-na-decada-de-50\/","og_locale":"pt_BR","og_type":"article","og_title":"Neste lugar no Brasil o tempo parece ter parado e ficado na d\u00e9cada de 50","og_description":"Localizada no interior de Goi\u00e1s, Goi\u00e1s Velho foi fundada em 1727 e se destaca pela preserva\u00e7\u00e3o de seu patrim\u00f4nio hist\u00f3rico. Em 2001, recebeu da UNESCO o t\u00edtulo de Patrim\u00f4nio Mundial, reconhecimento que refor\u00e7a a import\u00e2ncia de seu legado cultural e arquitet\u00f4nico, constru\u00eddo ainda no s\u00e9culo 18, durante o ciclo do ouro. Mais do que um [&hellip;]","og_url":"https:\/\/crusoe.audiencelabs.com.br\/neste-lugar-no-brasil-o-tempo-parece-ter-parado-e-ficado-na-decada-de-50\/","og_site_name":"Variedades - Cruso\u00e9","article_published_time":"2026-04-05T11:38:39+00:00","article_modified_time":"2026-04-09T19:09:22+00:00","og_image":[{"width":2000,"height":1325,"url":"https:\/\/cdn.crusoe.com.br\/uploads\/2026\/04\/cidade-de-goias-velho-foto-mantovani-fernandes7730-717.jpg","type":"image\/jpeg"}],"author":"Milena Armando","twitter_card":"summary_large_image","twitter_misc":{"Escrito por":"Milena Armando","Est. tempo de leitura":"4 minutos"},"schema":{"@context":"https:\/\/schema.org","@graph":[{"@type":"WebPage","@id":"https:\/\/crusoe.audiencelabs.com.br\/neste-lugar-no-brasil-o-tempo-parece-ter-parado-e-ficado-na-decada-de-50\/","url":"https:\/\/crusoe.audiencelabs.com.br\/neste-lugar-no-brasil-o-tempo-parece-ter-parado-e-ficado-na-decada-de-50\/","name":"Neste lugar no Brasil o tempo parece ter parado e ficado na d\u00e9cada de 50","isPartOf":{"@id":"https:\/\/crusoe.audiencelabs.com.br\/#website"},"primaryImageOfPage":{"@id":"https:\/\/crusoe.audiencelabs.com.br\/neste-lugar-no-brasil-o-tempo-parece-ter-parado-e-ficado-na-decada-de-50\/#primaryimage"},"image":{"@id":"https:\/\/crusoe.audiencelabs.com.br\/neste-lugar-no-brasil-o-tempo-parece-ter-parado-e-ficado-na-decada-de-50\/#primaryimage"},"thumbnailUrl":"https:\/\/cdn.crusoe.com.br\/uploads\/2026\/04\/cidade-de-goias-velho-foto-mantovani-fernandes7730-717.jpg","datePublished":"2026-04-05T11:38:39+00:00","dateModified":"2026-04-09T19:09:22+00:00","author":{"@id":"https:\/\/crusoe.audiencelabs.com.br\/#\/schema\/person\/f87f73cfe89e5360de2c006bd4bd6a74"},"breadcrumb":{"@id":"https:\/\/crusoe.audiencelabs.com.br\/neste-lugar-no-brasil-o-tempo-parece-ter-parado-e-ficado-na-decada-de-50\/#breadcrumb"},"inLanguage":"pt-BR","potentialAction":[{"@type":"ReadAction","target":["https:\/\/crusoe.audiencelabs.com.br\/neste-lugar-no-brasil-o-tempo-parece-ter-parado-e-ficado-na-decada-de-50\/"]}]},{"@type":"ImageObject","inLanguage":"pt-BR","@id":"https:\/\/crusoe.audiencelabs.com.br\/neste-lugar-no-brasil-o-tempo-parece-ter-parado-e-ficado-na-decada-de-50\/#primaryimage","url":"https:\/\/cdn.crusoe.com.br\/uploads\/2026\/04\/cidade-de-goias-velho-foto-mantovani-fernandes7730-717.jpg","contentUrl":"https:\/\/cdn.crusoe.com.br\/uploads\/2026\/04\/cidade-de-goias-velho-foto-mantovani-fernandes7730-717.jpg","width":2000,"height":1325,"caption":"Reprodu\u00e7\u00e3o: Portal Goi\u00e1s"},{"@type":"BreadcrumbList","@id":"https:\/\/crusoe.audiencelabs.com.br\/neste-lugar-no-brasil-o-tempo-parece-ter-parado-e-ficado-na-decada-de-50\/#breadcrumb","itemListElement":[{"@type":"ListItem","position":1,"name":"Home","item":"https:\/\/crusoe.audiencelabs.com.br\/"},{"@type":"ListItem","position":2,"name":"Neste lugar no Brasil o tempo parece ter parado e ficado na d\u00e9cada de 50"}]},{"@type":"WebSite","@id":"https:\/\/crusoe.audiencelabs.com.br\/#website","url":"https:\/\/crusoe.audiencelabs.com.br\/","name":"Variedades - Cruso\u00e9","description":"","potentialAction":[{"@type":"SearchAction","target":{"@type":"EntryPoint","urlTemplate":"https:\/\/crusoe.audiencelabs.com.br\/?s={search_term_string}"},"query-input":{"@type":"PropertyValueSpecification","valueRequired":true,"valueName":"search_term_string"}}],"inLanguage":"pt-BR"},{"@type":"Person","@id":"https:\/\/crusoe.audiencelabs.com.br\/#\/schema\/person\/f87f73cfe89e5360de2c006bd4bd6a74","name":"Milena Armando","image":{"@type":"ImageObject","inLanguage":"pt-BR","@id":"https:\/\/crusoe.audiencelabs.com.br\/#\/schema\/person\/image\/","url":"https:\/\/secure.gravatar.com\/avatar\/ea14ecddc9e9d202b698b18f9f69e09c9fd74cfbed5c6008d55f11faefdbdab7?s=96&d=mm&r=g","contentUrl":"https:\/\/secure.gravatar.com\/avatar\/ea14ecddc9e9d202b698b18f9f69e09c9fd74cfbed5c6008d55f11faefdbdab7?s=96&d=mm&r=g","caption":"Milena Armando"},"description":"Jornalista, redatora e revisora.","url":"https:\/\/crusoe.audiencelabs.com.br\/author\/milena\/"}]}},"_links":{"self":[{"href":"https:\/\/crusoe.audiencelabs.com.br\/wp-json\/wp\/v2\/posts\/36215","targetHints":{"allow":["GET"]}}],"collection":[{"href":"https:\/\/crusoe.audiencelabs.com.br\/wp-json\/wp\/v2\/posts"}],"about":[{"href":"https:\/\/crusoe.audiencelabs.com.br\/wp-json\/wp\/v2\/types\/post"}],"author":[{"embeddable":true,"href":"https:\/\/crusoe.audiencelabs.com.br\/wp-json\/wp\/v2\/users\/5"}],"replies":[{"embeddable":true,"href":"https:\/\/crusoe.audiencelabs.com.br\/wp-json\/wp\/v2\/comments?post=36215"}],"version-history":[{"count":2,"href":"https:\/\/crusoe.audiencelabs.com.br\/wp-json\/wp\/v2\/posts\/36215\/revisions"}],"predecessor-version":[{"id":36832,"href":"https:\/\/crusoe.audiencelabs.com.br\/wp-json\/wp\/v2\/posts\/36215\/revisions\/36832"}],"wp:featuredmedia":[{"embeddable":true,"href":"https:\/\/crusoe.audiencelabs.com.br\/wp-json\/wp\/v2\/media\/36219"}],"wp:attachment":[{"href":"https:\/\/crusoe.audiencelabs.com.br\/wp-json\/wp\/v2\/media?parent=36215"}],"wp:term":[{"taxonomy":"category","embeddable":true,"href":"https:\/\/crusoe.audiencelabs.com.br\/wp-json\/wp\/v2\/categories?post=36215"},{"taxonomy":"post_tag","embeddable":true,"href":"https:\/\/crusoe.audiencelabs.com.br\/wp-json\/wp\/v2\/tags?post=36215"}],"curies":[{"name":"wp","href":"https:\/\/api.w.org\/{rel}","templated":true}]}}