{"id":36179,"date":"2026-04-02T11:38:08","date_gmt":"2026-04-02T14:38:08","guid":{"rendered":"https:\/\/crusoe.audiencelabs.com.br\/?p=36179"},"modified":"2026-04-02T07:28:48","modified_gmt":"2026-04-02T10:28:48","slug":"enem-vai-mudar-de-vez-nova-funcao-que-impacta-milhoes-de-estudantes","status":"publish","type":"post","link":"https:\/\/crusoe.audiencelabs.com.br\/enem-vai-mudar-de-vez-nova-funcao-que-impacta-milhoes-de-estudantes\/","title":{"rendered":"Enem vai mudar de vez: nova fun\u00e7\u00e3o que impacta milh\u00f5es de estudantes"},"content":{"rendered":"<p data-start=\"58\" data-end=\"411\">O <span class=\"hover:entity-accent entity-underline inline cursor-pointer align-baseline\"><span class=\"whitespace-normal\">Exame Nacional do Ensino M\u00e9dio (ENEM)<\/span><\/span> passar\u00e1 por uma mudan\u00e7a importante em sua fun\u00e7\u00e3o.<\/p>\n<p data-start=\"58\" data-end=\"411\">Al\u00e9m de seguir como principal porta de entrada para o ensino superior, o exame tamb\u00e9m ser\u00e1 utilizado para <strong>avaliar a qualidade da educa\u00e7\u00e3o b\u00e1sica no pa\u00eds<\/strong>. A medida foi oficializada por decreto presidencial e<strong> integra o Enem ao <span class=\"hover:entity-accent entity-underline inline cursor-pointer align-baseline\"><span class=\"whitespace-normal\">Sistema de Avalia\u00e7\u00e3o da Educa\u00e7\u00e3o B\u00e1sica <\/span><\/span><\/strong><span class=\"hover:entity-accent entity-underline inline cursor-pointer align-baseline\"><span class=\"whitespace-normal\">(<\/span><\/span><span class=\"hover:entity-accent entity-underline inline cursor-pointer align-baseline\"><span class=\"whitespace-normal\">Saeb)<\/span><\/span>.<\/p>\n<p data-start=\"413\" data-end=\"663\">A proposta tem como objetivo ampliar a capacidade de diagn\u00f3stico do sistema educacional brasileiro, permitindo identificar com mais precis\u00e3o as compet\u00eancias desenvolvidas pelos estudantes e as desigualdades entre diferentes regi\u00f5es e redes de ensino.<\/p>\n<h2 data-section-id=\"cbp30\" data-start=\"665\" data-end=\"718\">Medida busca ampliar an\u00e1lise do desempenho escolar<\/h2>\n<p data-start=\"720\" data-end=\"1060\">A iniciativa, assinada pelo presidente <span class=\"hover:entity-accent entity-underline inline cursor-pointer align-baseline\"><span class=\"whitespace-normal\">Lula<\/span><\/span>, pretende fortalecer a atua\u00e7\u00e3o do <span class=\"hover:entity-accent entity-underline inline cursor-pointer align-baseline\"><span class=\"whitespace-normal\">Minist\u00e9rio da Educa\u00e7\u00e3o<\/span><\/span> no monitoramento da aprendizagem.<\/p>\n<p data-start=\"720\" data-end=\"1060\">Com a inclus\u00e3o do Enem nesse processo, ser\u00e1 poss\u00edvel obter dados mais detalhados sobre o rendimento escolar e os desafios ainda presentes na educa\u00e7\u00e3o b\u00e1sica.<\/p>\n<p data-start=\"1062\" data-end=\"1396\">A an\u00e1lise dos resultados permitir\u00e1 comparar desempenhos entre escolas p\u00fablicas e privadas, al\u00e9m de evidenciar padr\u00f5es de desigualdade que podem orientar pol\u00edticas p\u00fablicas mais eficazes.<\/p>\n<h2 data-section-id=\"8i7ma5\" data-start=\"1398\" data-end=\"1437\">Impactos para pol\u00edticas educacionais<\/h2>\n<p data-start=\"1439\" data-end=\"1731\">Com a nova fun\u00e7\u00e3o, o Enem passa a contribuir para o acompanhamento das metas do <span class=\"hover:entity-accent entity-underline inline cursor-pointer align-baseline\"><span class=\"whitespace-normal\">Plano Nacional de Educa\u00e7\u00e3o<\/span><\/span>.<\/p>\n<p data-start=\"1439\" data-end=\"1731\">Os dados coletados poder\u00e3o indicar com mais clareza onde est\u00e3o as principais lacunas do ensino, direcionando investimentos e estrat\u00e9gias para \u00e1reas priorit\u00e1rias.<\/p>\n<p data-start=\"1733\" data-end=\"2007\">Al\u00e9m disso, o exame ajudar\u00e1 a monitorar a implementa\u00e7\u00e3o da <span class=\"hover:entity-accent entity-underline inline cursor-pointer align-baseline\"><span class=\"whitespace-normal\">Base Nacional Comum Curricular<\/span><\/span>, permitindo ajustes cont\u00ednuos nas pol\u00edticas educacionais.<\/p>\n<h2 data-section-id=\"r3mquj\" data-start=\"2009\" data-end=\"2048\">O que muda para estudantes e escolas<\/h2>\n<p data-start=\"2050\" data-end=\"2399\">Apesar da amplia\u00e7\u00e3o de seu papel, o Enem mant\u00e9m sua fun\u00e7\u00e3o tradicional de acesso ao ensino superior. Ele continuar\u00e1 sendo utilizado em programas como <span class=\"hover:entity-accent entity-underline inline cursor-pointer align-baseline\"><span class=\"whitespace-normal\">SISU<\/span><\/span>, Prouni e FIES, al\u00e9m de seguir aceito por institui\u00e7\u00f5es internacionais, especialmente em Portugal.<\/p>\n<p data-start=\"2401\" data-end=\"2679\">Para gestores e educadores, a integra\u00e7\u00e3o ao Saeb representa uma ferramenta mais robusta de avalia\u00e7\u00e3o. As escolas poder\u00e3o utilizar os resultados para identificar pontos de melhoria, ajustar pr\u00e1ticas pedag\u00f3gicas e desenvolver estrat\u00e9gias mais alinhadas \u00e0s necessidades dos alunos.<\/p>\n<h2 data-section-id=\"9d0pqz\" data-start=\"2681\" data-end=\"2714\">Pr\u00f3ximos passos e expectativas<\/h2>\n<p data-start=\"2716\" data-end=\"2968\">As pr\u00f3ximas etapas incluem a publica\u00e7\u00e3o de uma portaria que ir\u00e1 regulamentar as edi\u00e7\u00f5es do Enem de 2027 e 2028, garantindo a comparabilidade dos dados ao longo dos anos.<\/p>\n<p data-start=\"2970\" data-end=\"3290\" data-is-last-node=\"\" data-is-only-node=\"\">Ao combinar acesso ao ensino superior com avalia\u00e7\u00e3o da educa\u00e7\u00e3o b\u00e1sica, o exame se consolida como uma ferramenta central para orientar pol\u00edticas p\u00fablicas e promover melhorias na qualidade e na equidade do ensino no Brasil.<\/p>\n","protected":false},"excerpt":{"rendered":"<p>O Exame Nacional do Ensino M\u00e9dio (ENEM) passar\u00e1 por uma mudan\u00e7a importante em sua fun\u00e7\u00e3o. Al\u00e9m de seguir como principal porta de entrada para o ensino superior, o exame tamb\u00e9m ser\u00e1 utilizado para avaliar a qualidade da educa\u00e7\u00e3o b\u00e1sica no pa\u00eds. A medida foi oficializada por decreto presidencial e integra o Enem ao Sistema de [&hellip;]<\/p>\n","protected":false},"author":5,"featured_media":36180,"comment_status":"open","ping_status":"open","sticky":false,"template":"","format":"standard","meta":{"jnews-multi-image_gallery":[],"jnews_single_post":{"subtitle":""},"jnews_primary_category":[],"jnews_override_counter":[],"jnews_post_split":[],"footnotes":""},"categories":[1],"tags":[777,603],"class_list":["post-36179","post","type-post","status-publish","format-standard","has-post-thumbnail","hentry","category-geral","tag-educacao","tag-enem"],"yoast_head":"<!-- This site is optimized with the Yoast SEO plugin v25.0 - https:\/\/yoast.com\/wordpress\/plugins\/seo\/ -->\n<title>Enem vai mudar de vez: nova fun\u00e7\u00e3o que impacta milh\u00f5es de estudantes<\/title>\n<meta name=\"robots\" content=\"index, follow, max-snippet:-1, max-image-preview:large, max-video-preview:-1\" \/>\n<link rel=\"canonical\" href=\"https:\/\/crusoe.audiencelabs.com.br\/enem-vai-mudar-de-vez-nova-funcao-que-impacta-milhoes-de-estudantes\/\" \/>\n<meta property=\"og:locale\" content=\"pt_BR\" \/>\n<meta property=\"og:type\" content=\"article\" \/>\n<meta property=\"og:title\" content=\"Enem vai mudar de vez: nova fun\u00e7\u00e3o que impacta milh\u00f5es de estudantes\" \/>\n<meta property=\"og:description\" content=\"O Exame Nacional do Ensino M\u00e9dio (ENEM) passar\u00e1 por uma mudan\u00e7a importante em sua fun\u00e7\u00e3o. Al\u00e9m de seguir como principal porta de entrada para o ensino superior, o exame tamb\u00e9m ser\u00e1 utilizado para avaliar a qualidade da educa\u00e7\u00e3o b\u00e1sica no pa\u00eds. A medida foi oficializada por decreto presidencial e integra o Enem ao Sistema de [&hellip;]\" \/>\n<meta property=\"og:url\" content=\"https:\/\/crusoe.audiencelabs.com.br\/enem-vai-mudar-de-vez-nova-funcao-que-impacta-milhoes-de-estudantes\/\" \/>\n<meta property=\"og:site_name\" content=\"Variedades - Cruso\u00e9\" \/>\n<meta property=\"article:published_time\" content=\"2026-04-02T14:38:08+00:00\" \/>\n<meta property=\"og:image\" content=\"https:\/\/cdn.crusoe.com.br\/uploads\/2026\/04\/fe7715b7-0cc3-4c99-bd78-ecd7344cf5e4.png\" \/>\n\t<meta property=\"og:image:width\" content=\"680\" \/>\n\t<meta property=\"og:image:height\" content=\"453\" \/>\n\t<meta property=\"og:image:type\" content=\"image\/png\" \/>\n<meta name=\"author\" content=\"Milena Armando\" \/>\n<meta name=\"twitter:card\" content=\"summary_large_image\" \/>\n<meta name=\"twitter:label1\" content=\"Escrito por\" \/>\n\t<meta name=\"twitter:data1\" content=\"Milena Armando\" \/>\n\t<meta name=\"twitter:label2\" content=\"Est. tempo de leitura\" \/>\n\t<meta name=\"twitter:data2\" content=\"3 minutos\" \/>\n<script type=\"application\/ld+json\" class=\"yoast-schema-graph\">{\"@context\":\"https:\/\/schema.org\",\"@graph\":[{\"@type\":\"WebPage\",\"@id\":\"https:\/\/crusoe.audiencelabs.com.br\/enem-vai-mudar-de-vez-nova-funcao-que-impacta-milhoes-de-estudantes\/\",\"url\":\"https:\/\/crusoe.audiencelabs.com.br\/enem-vai-mudar-de-vez-nova-funcao-que-impacta-milhoes-de-estudantes\/\",\"name\":\"Enem vai mudar de vez: nova fun\u00e7\u00e3o que impacta milh\u00f5es de estudantes\",\"isPartOf\":{\"@id\":\"https:\/\/crusoe.audiencelabs.com.br\/#website\"},\"primaryImageOfPage\":{\"@id\":\"https:\/\/crusoe.audiencelabs.com.br\/enem-vai-mudar-de-vez-nova-funcao-que-impacta-milhoes-de-estudantes\/#primaryimage\"},\"image\":{\"@id\":\"https:\/\/crusoe.audiencelabs.com.br\/enem-vai-mudar-de-vez-nova-funcao-que-impacta-milhoes-de-estudantes\/#primaryimage\"},\"thumbnailUrl\":\"https:\/\/cdn.crusoe.com.br\/uploads\/2026\/04\/fe7715b7-0cc3-4c99-bd78-ecd7344cf5e4.png\",\"datePublished\":\"2026-04-02T14:38:08+00:00\",\"author\":{\"@id\":\"https:\/\/crusoe.audiencelabs.com.br\/#\/schema\/person\/f87f73cfe89e5360de2c006bd4bd6a74\"},\"breadcrumb\":{\"@id\":\"https:\/\/crusoe.audiencelabs.com.br\/enem-vai-mudar-de-vez-nova-funcao-que-impacta-milhoes-de-estudantes\/#breadcrumb\"},\"inLanguage\":\"pt-BR\",\"potentialAction\":[{\"@type\":\"ReadAction\",\"target\":[\"https:\/\/crusoe.audiencelabs.com.br\/enem-vai-mudar-de-vez-nova-funcao-que-impacta-milhoes-de-estudantes\/\"]}]},{\"@type\":\"ImageObject\",\"inLanguage\":\"pt-BR\",\"@id\":\"https:\/\/crusoe.audiencelabs.com.br\/enem-vai-mudar-de-vez-nova-funcao-que-impacta-milhoes-de-estudantes\/#primaryimage\",\"url\":\"https:\/\/cdn.crusoe.com.br\/uploads\/2026\/04\/fe7715b7-0cc3-4c99-bd78-ecd7344cf5e4.png\",\"contentUrl\":\"https:\/\/cdn.crusoe.com.br\/uploads\/2026\/04\/fe7715b7-0cc3-4c99-bd78-ecd7344cf5e4.png\",\"width\":680,\"height\":453,\"caption\":\"Reprodu\u00e7\u00e3o: Arquivo\/Ag\u00eancia Brasil\"},{\"@type\":\"BreadcrumbList\",\"@id\":\"https:\/\/crusoe.audiencelabs.com.br\/enem-vai-mudar-de-vez-nova-funcao-que-impacta-milhoes-de-estudantes\/#breadcrumb\",\"itemListElement\":[{\"@type\":\"ListItem\",\"position\":1,\"name\":\"Home\",\"item\":\"https:\/\/crusoe.audiencelabs.com.br\/\"},{\"@type\":\"ListItem\",\"position\":2,\"name\":\"Enem vai mudar de vez: nova fun\u00e7\u00e3o que impacta milh\u00f5es de estudantes\"}]},{\"@type\":\"WebSite\",\"@id\":\"https:\/\/crusoe.audiencelabs.com.br\/#website\",\"url\":\"https:\/\/crusoe.audiencelabs.com.br\/\",\"name\":\"Variedades - Cruso\u00e9\",\"description\":\"\",\"potentialAction\":[{\"@type\":\"SearchAction\",\"target\":{\"@type\":\"EntryPoint\",\"urlTemplate\":\"https:\/\/crusoe.audiencelabs.com.br\/?s={search_term_string}\"},\"query-input\":{\"@type\":\"PropertyValueSpecification\",\"valueRequired\":true,\"valueName\":\"search_term_string\"}}],\"inLanguage\":\"pt-BR\"},{\"@type\":\"Person\",\"@id\":\"https:\/\/crusoe.audiencelabs.com.br\/#\/schema\/person\/f87f73cfe89e5360de2c006bd4bd6a74\",\"name\":\"Milena Armando\",\"image\":{\"@type\":\"ImageObject\",\"inLanguage\":\"pt-BR\",\"@id\":\"https:\/\/crusoe.audiencelabs.com.br\/#\/schema\/person\/image\/\",\"url\":\"https:\/\/secure.gravatar.com\/avatar\/ea14ecddc9e9d202b698b18f9f69e09c9fd74cfbed5c6008d55f11faefdbdab7?s=96&d=mm&r=g\",\"contentUrl\":\"https:\/\/secure.gravatar.com\/avatar\/ea14ecddc9e9d202b698b18f9f69e09c9fd74cfbed5c6008d55f11faefdbdab7?s=96&d=mm&r=g\",\"caption\":\"Milena Armando\"},\"description\":\"Jornalista, redatora e revisora.\",\"url\":\"https:\/\/crusoe.audiencelabs.com.br\/author\/milena\/\"}]}<\/script>\n<!-- \/ Yoast SEO plugin. -->","yoast_head_json":{"title":"Enem vai mudar de vez: nova fun\u00e7\u00e3o que impacta milh\u00f5es de estudantes","robots":{"index":"index","follow":"follow","max-snippet":"max-snippet:-1","max-image-preview":"max-image-preview:large","max-video-preview":"max-video-preview:-1"},"canonical":"https:\/\/crusoe.audiencelabs.com.br\/enem-vai-mudar-de-vez-nova-funcao-que-impacta-milhoes-de-estudantes\/","og_locale":"pt_BR","og_type":"article","og_title":"Enem vai mudar de vez: nova fun\u00e7\u00e3o que impacta milh\u00f5es de estudantes","og_description":"O Exame Nacional do Ensino M\u00e9dio (ENEM) passar\u00e1 por uma mudan\u00e7a importante em sua fun\u00e7\u00e3o. Al\u00e9m de seguir como principal porta de entrada para o ensino superior, o exame tamb\u00e9m ser\u00e1 utilizado para avaliar a qualidade da educa\u00e7\u00e3o b\u00e1sica no pa\u00eds. A medida foi oficializada por decreto presidencial e integra o Enem ao Sistema de [&hellip;]","og_url":"https:\/\/crusoe.audiencelabs.com.br\/enem-vai-mudar-de-vez-nova-funcao-que-impacta-milhoes-de-estudantes\/","og_site_name":"Variedades - Cruso\u00e9","article_published_time":"2026-04-02T14:38:08+00:00","og_image":[{"width":680,"height":453,"url":"https:\/\/cdn.crusoe.com.br\/uploads\/2026\/04\/fe7715b7-0cc3-4c99-bd78-ecd7344cf5e4.png","type":"image\/png"}],"author":"Milena Armando","twitter_card":"summary_large_image","twitter_misc":{"Escrito por":"Milena Armando","Est. tempo de leitura":"3 minutos"},"schema":{"@context":"https:\/\/schema.org","@graph":[{"@type":"WebPage","@id":"https:\/\/crusoe.audiencelabs.com.br\/enem-vai-mudar-de-vez-nova-funcao-que-impacta-milhoes-de-estudantes\/","url":"https:\/\/crusoe.audiencelabs.com.br\/enem-vai-mudar-de-vez-nova-funcao-que-impacta-milhoes-de-estudantes\/","name":"Enem vai mudar de vez: nova fun\u00e7\u00e3o que impacta milh\u00f5es de estudantes","isPartOf":{"@id":"https:\/\/crusoe.audiencelabs.com.br\/#website"},"primaryImageOfPage":{"@id":"https:\/\/crusoe.audiencelabs.com.br\/enem-vai-mudar-de-vez-nova-funcao-que-impacta-milhoes-de-estudantes\/#primaryimage"},"image":{"@id":"https:\/\/crusoe.audiencelabs.com.br\/enem-vai-mudar-de-vez-nova-funcao-que-impacta-milhoes-de-estudantes\/#primaryimage"},"thumbnailUrl":"https:\/\/cdn.crusoe.com.br\/uploads\/2026\/04\/fe7715b7-0cc3-4c99-bd78-ecd7344cf5e4.png","datePublished":"2026-04-02T14:38:08+00:00","author":{"@id":"https:\/\/crusoe.audiencelabs.com.br\/#\/schema\/person\/f87f73cfe89e5360de2c006bd4bd6a74"},"breadcrumb":{"@id":"https:\/\/crusoe.audiencelabs.com.br\/enem-vai-mudar-de-vez-nova-funcao-que-impacta-milhoes-de-estudantes\/#breadcrumb"},"inLanguage":"pt-BR","potentialAction":[{"@type":"ReadAction","target":["https:\/\/crusoe.audiencelabs.com.br\/enem-vai-mudar-de-vez-nova-funcao-que-impacta-milhoes-de-estudantes\/"]}]},{"@type":"ImageObject","inLanguage":"pt-BR","@id":"https:\/\/crusoe.audiencelabs.com.br\/enem-vai-mudar-de-vez-nova-funcao-que-impacta-milhoes-de-estudantes\/#primaryimage","url":"https:\/\/cdn.crusoe.com.br\/uploads\/2026\/04\/fe7715b7-0cc3-4c99-bd78-ecd7344cf5e4.png","contentUrl":"https:\/\/cdn.crusoe.com.br\/uploads\/2026\/04\/fe7715b7-0cc3-4c99-bd78-ecd7344cf5e4.png","width":680,"height":453,"caption":"Reprodu\u00e7\u00e3o: Arquivo\/Ag\u00eancia Brasil"},{"@type":"BreadcrumbList","@id":"https:\/\/crusoe.audiencelabs.com.br\/enem-vai-mudar-de-vez-nova-funcao-que-impacta-milhoes-de-estudantes\/#breadcrumb","itemListElement":[{"@type":"ListItem","position":1,"name":"Home","item":"https:\/\/crusoe.audiencelabs.com.br\/"},{"@type":"ListItem","position":2,"name":"Enem vai mudar de vez: nova fun\u00e7\u00e3o que impacta milh\u00f5es de estudantes"}]},{"@type":"WebSite","@id":"https:\/\/crusoe.audiencelabs.com.br\/#website","url":"https:\/\/crusoe.audiencelabs.com.br\/","name":"Variedades - Cruso\u00e9","description":"","potentialAction":[{"@type":"SearchAction","target":{"@type":"EntryPoint","urlTemplate":"https:\/\/crusoe.audiencelabs.com.br\/?s={search_term_string}"},"query-input":{"@type":"PropertyValueSpecification","valueRequired":true,"valueName":"search_term_string"}}],"inLanguage":"pt-BR"},{"@type":"Person","@id":"https:\/\/crusoe.audiencelabs.com.br\/#\/schema\/person\/f87f73cfe89e5360de2c006bd4bd6a74","name":"Milena Armando","image":{"@type":"ImageObject","inLanguage":"pt-BR","@id":"https:\/\/crusoe.audiencelabs.com.br\/#\/schema\/person\/image\/","url":"https:\/\/secure.gravatar.com\/avatar\/ea14ecddc9e9d202b698b18f9f69e09c9fd74cfbed5c6008d55f11faefdbdab7?s=96&d=mm&r=g","contentUrl":"https:\/\/secure.gravatar.com\/avatar\/ea14ecddc9e9d202b698b18f9f69e09c9fd74cfbed5c6008d55f11faefdbdab7?s=96&d=mm&r=g","caption":"Milena Armando"},"description":"Jornalista, redatora e revisora.","url":"https:\/\/crusoe.audiencelabs.com.br\/author\/milena\/"}]}},"_links":{"self":[{"href":"https:\/\/crusoe.audiencelabs.com.br\/wp-json\/wp\/v2\/posts\/36179","targetHints":{"allow":["GET"]}}],"collection":[{"href":"https:\/\/crusoe.audiencelabs.com.br\/wp-json\/wp\/v2\/posts"}],"about":[{"href":"https:\/\/crusoe.audiencelabs.com.br\/wp-json\/wp\/v2\/types\/post"}],"author":[{"embeddable":true,"href":"https:\/\/crusoe.audiencelabs.com.br\/wp-json\/wp\/v2\/users\/5"}],"replies":[{"embeddable":true,"href":"https:\/\/crusoe.audiencelabs.com.br\/wp-json\/wp\/v2\/comments?post=36179"}],"version-history":[{"count":2,"href":"https:\/\/crusoe.audiencelabs.com.br\/wp-json\/wp\/v2\/posts\/36179\/revisions"}],"predecessor-version":[{"id":36182,"href":"https:\/\/crusoe.audiencelabs.com.br\/wp-json\/wp\/v2\/posts\/36179\/revisions\/36182"}],"wp:featuredmedia":[{"embeddable":true,"href":"https:\/\/crusoe.audiencelabs.com.br\/wp-json\/wp\/v2\/media\/36180"}],"wp:attachment":[{"href":"https:\/\/crusoe.audiencelabs.com.br\/wp-json\/wp\/v2\/media?parent=36179"}],"wp:term":[{"taxonomy":"category","embeddable":true,"href":"https:\/\/crusoe.audiencelabs.com.br\/wp-json\/wp\/v2\/categories?post=36179"},{"taxonomy":"post_tag","embeddable":true,"href":"https:\/\/crusoe.audiencelabs.com.br\/wp-json\/wp\/v2\/tags?post=36179"}],"curies":[{"name":"wp","href":"https:\/\/api.w.org\/{rel}","templated":true}]}}