{"id":36174,"date":"2026-04-02T10:35:10","date_gmt":"2026-04-02T13:35:10","guid":{"rendered":"https:\/\/crusoe.audiencelabs.com.br\/?p=36174"},"modified":"2026-04-02T07:23:00","modified_gmt":"2026-04-02T10:23:00","slug":"consumo-de-refrigerante-pode-afetar-o-cerebro-de-forma-irreversivel-dizem-cientistas","status":"publish","type":"post","link":"https:\/\/crusoe.audiencelabs.com.br\/consumo-de-refrigerante-pode-afetar-o-cerebro-de-forma-irreversivel-dizem-cientistas\/","title":{"rendered":"Consumo de refrigerante pode afetar o c\u00e9rebro de forma irrevers\u00edvel, dizem cientistas"},"content":{"rendered":"<div class=\"flex flex-col text-sm pb-25\">\n<section class=\"text-token-text-primary w-full focus:outline-none [--shadow-height:45px] has-data-writing-block:pointer-events-none has-data-writing-block:-mt-(--shadow-height) has-data-writing-block:pt-(--shadow-height) [&amp;:has([data-writing-block])&gt;*]:pointer-events-auto scroll-mt-[calc(var(--header-height)+min(200px,max(70px,20svh)))]\" dir=\"auto\" data-turn-id=\"request-WEB:9d43cd6c-a83f-4314-bab1-01a9908bb5ef-4\" data-testid=\"conversation-turn-10\" data-scroll-anchor=\"true\" data-turn=\"assistant\">\n<div class=\"text-base my-auto mx-auto pb-10 [--thread-content-margin:var(--thread-content-margin-xs,calc(var(--spacing)*4))] @w-sm\/main:[--thread-content-margin:var(--thread-content-margin-sm,calc(var(--spacing)*6))] @w-lg\/main:[--thread-content-margin:var(--thread-content-margin-lg,calc(var(--spacing)*16))] px-(--thread-content-margin)\">\n<div class=\"[--thread-content-max-width:40rem] @w-lg\/main:[--thread-content-max-width:48rem] mx-auto max-w-(--thread-content-max-width) flex-1 group\/turn-messages focus-visible:outline-hidden relative flex w-full min-w-0 flex-col agent-turn\">\n<div class=\"flex max-w-full flex-col gap-4 grow\">\n<div class=\"min-h-8 text-message relative flex w-full flex-col items-end gap-2 text-start break-words whitespace-normal outline-none keyboard-focused:focus-ring [.text-message+&amp;]:mt-1\" dir=\"auto\" data-message-author-role=\"assistant\" data-message-id=\"696c8929-b56c-45ea-b2d4-96ae6ca71318\" data-message-model-slug=\"gpt-5-3\" data-turn-start-message=\"true\">\n<div class=\"flex w-full flex-col gap-1 empty:hidden\">\n<div class=\"markdown prose dark:prose-invert w-full wrap-break-word dark markdown-new-styling\">\n<p data-start=\"72\" data-end=\"545\">Uma pesquisa da <span class=\"hover:entity-accent entity-underline inline cursor-pointer align-baseline\"><span class=\"whitespace-normal\">Universidade Yonsei<\/span><\/span>, na Coreia do Sul, aponta que o <strong>consumo frequente de bebidas a\u00e7ucaradas, como refrigerantes<\/strong>, est\u00e1 associado a um maior risco de dist\u00farbios cognitivos e dem\u00eancias, incluindo o <a href=\"https:\/\/crusoe.audiencelabs.com.br\/cientistas-testam-metodo-que-pode-reverter-sintomas-do-alzheimer\/\"><strong><span class=\"hover:entity-accent entity-underline inline cursor-pointer align-baseline\"><span class=\"whitespace-normal\">Alzheimer<\/span><\/span><\/strong><\/a>.<\/p>\n<p data-start=\"72\" data-end=\"545\">O estudo acompanhou mais de 118 mil adultos ao longo de 13 anos e identificou um padr\u00e3o preocupante: pessoas que ingeriam mais de um copo por dia apresentavam maior propens\u00e3o ao decl\u00ednio cognitivo.<\/p>\n<h2 data-section-id=\"1lzr7qr\" data-start=\"547\" data-end=\"592\">Como o excesso de a\u00e7\u00facar impacta o c\u00e9rebro<\/h2>\n<p data-start=\"594\" data-end=\"940\">O consumo alto de a\u00e7\u00facar pode comprometer a sa\u00fade cerebral por diferentes mecanismos. Dietas ricas nesse componente est\u00e3o ligadas \u00e0<strong> inflama\u00e7\u00e3o cr\u00f4nica<\/strong>, que prejudica o funcionamento dos neur\u00f4nios.<\/p>\n<p data-start=\"594\" data-end=\"940\">Al\u00e9m disso, a r<strong>esist\u00eancia \u00e0 insulina<\/strong>, condi\u00e7\u00e3o associada ao excesso de a\u00e7\u00facar, interfere diretamente na mem\u00f3ria e na capacidade de aprendizagem.<\/p>\n<p data-start=\"942\" data-end=\"1292\">Outro fator relevante \u00e9 o<strong> aumento da produ\u00e7\u00e3o de radicais livres<\/strong>, que danificam c\u00e9lulas cerebrais e aceleram processos degenerativos.<\/p>\n<p data-start=\"942\" data-end=\"1292\"><strong>Altera\u00e7\u00f5es na microbiota intestinal<\/strong> tamb\u00e9m entram nessa equa\u00e7\u00e3o, j\u00e1 que o intestino tem papel importante na comunica\u00e7\u00e3o com o c\u00e9rebro. Em conjunto, esses fatores contribuem para o risco de dem\u00eancia ao longo do tempo.<\/p>\n<h2 data-section-id=\"5mww68\" data-start=\"1294\" data-end=\"1337\">Alternativas mais saud\u00e1veis no dia a dia<\/h2>\n<p data-start=\"1339\" data-end=\"1766\">Diante desses riscos, especialistas destacam op\u00e7\u00f5es mais equilibradas para o consumo di\u00e1rio. Bebidas como <strong><a href=\"https:\/\/crusoe.audiencelabs.com.br\/o-que-acontece-no-corpo-quando-voce-toma-cafe-e-corre-para-o-banheiro\/\">caf\u00e9 <\/a>e ch\u00e1 verde<\/strong>, por exemplo, cont\u00eam antioxidantes, como os <strong>polifen\u00f3is<\/strong>, que podem ajudar na prote\u00e7\u00e3o das fun\u00e7\u00f5es cognitivas.<\/p>\n<p data-start=\"1768\" data-end=\"2046\">Al\u00e9m dos refrigerantes, \u00e9 importante ficar atento a outras bebidas industrializadas, como energ\u00e9ticos e sucos, que muitas vezes apresentam altos n\u00edveis de a\u00e7\u00facar.<\/p>\n<h2 data-section-id=\"tewx0d\" data-start=\"2048\" data-end=\"2086\">Modera\u00e7\u00e3o e informa\u00e7\u00e3o como aliadas<\/h2>\n<p data-start=\"2088\" data-end=\"2342\">Reduzir o consumo de bebidas a\u00e7ucaradas n\u00e3o significa elimin\u00e1-las completamente, mas sim adotar uma postura mais equilibrada.<\/p>\n<p data-start=\"2344\" data-end=\"2595\">Entender os impactos do consumo excessivo de a\u00e7\u00facar \u00e9 fundamental para preservar a sa\u00fade do c\u00e9rebro a longo prazo. As evid\u00eancias refor\u00e7am a necessidade de repensar h\u00e1bitos cotidianos.<\/p>\n<p data-start=\"2597\" data-end=\"2875\" data-is-last-node=\"\" data-is-only-node=\"\">Pequenas mudan\u00e7as, como substituir bebidas a\u00e7ucaradas por op\u00e7\u00f5es mais saud\u00e1veis, podem fazer diferen\u00e7a significativa na preven\u00e7\u00e3o de problemas cognitivos e na manuten\u00e7\u00e3o da qualidade de vida ao longo dos anos.<\/p>\n<\/div>\n<\/div>\n<\/div>\n<\/div>\n<\/div>\n<\/div>\n<\/section>\n<\/div>\n","protected":false},"excerpt":{"rendered":"<p>Uma pesquisa da Universidade Yonsei, na Coreia do Sul, aponta que o consumo frequente de bebidas a\u00e7ucaradas, como refrigerantes, est\u00e1 associado a um maior risco de dist\u00farbios cognitivos e dem\u00eancias, incluindo o Alzheimer. O estudo acompanhou mais de 118 mil adultos ao longo de 13 anos e identificou um padr\u00e3o preocupante: pessoas que ingeriam mais [&hellip;]<\/p>\n","protected":false},"author":5,"featured_media":36175,"comment_status":"open","ping_status":"open","sticky":false,"template":"","format":"standard","meta":{"jnews-multi-image_gallery":[],"jnews_single_post":{"subtitle":"","format":"standard","jnews_video_option_group":[[]],"override":[{"template":"2","parallax":"1","fullscreen":"1","layout":"right-sidebar","sidebar":"default-sidebar","second_sidebar":"default-sidebar","sticky_sidebar":"1","share_position":"hide","share_float_style":"share-monocrhome","show_featured":"1","show_post_meta":"1","show_post_author":"1","show_post_date":"1","post_date_format":"default","post_date_format_custom":"Y\/m\/d","show_post_category":"1","show_post_reading_time":"0","post_reading_time_wpm":"300","post_calculate_word_method":"str_word_count","show_zoom_button":"0","zoom_button_out_step":"2","zoom_button_in_step":"3","show_post_tag":"1","show_popup_post":"1","number_popup_post":"1","show_author_box":"1","show_post_related":"0"}],"image_override":[{"single_post_thumbnail_size":"crop-500","single_post_gallery_size":"crop-500"}],"trending_post_position":"meta","trending_post_label":"Trending","sponsored_post_label":"Sponsored by","disable_ad":"0"},"jnews_primary_category":[],"jnews_override_counter":{"view_counter_number":"0","share_counter_number":"0","like_counter_number":"0","dislike_counter_number":"0"},"jnews_post_split":{"post_split":[{"template":"1","tag":"h2","numbering":"asc","mode":"normal","first":"0","enable_toc":"0","toc_type":"normal"}]},"footnotes":""},"categories":[1],"tags":[2854,1450,802,234],"class_list":["post-36174","post","type-post","status-publish","format-standard","has-post-thumbnail","hentry","category-geral","tag-bebidas-acucaradas","tag-demencia","tag-refrigerantes","tag-saude"],"yoast_head":"<!-- This site is optimized with the Yoast SEO plugin v25.0 - https:\/\/yoast.com\/wordpress\/plugins\/seo\/ -->\n<title>Consumo de refrigerante pode afetar o c\u00e9rebro de forma irrevers\u00edvel, dizem cientistas<\/title>\n<meta name=\"robots\" content=\"index, follow, max-snippet:-1, max-image-preview:large, max-video-preview:-1\" \/>\n<link rel=\"canonical\" href=\"https:\/\/crusoe.audiencelabs.com.br\/consumo-de-refrigerante-pode-afetar-o-cerebro-de-forma-irreversivel-dizem-cientistas\/\" \/>\n<meta property=\"og:locale\" content=\"pt_BR\" \/>\n<meta property=\"og:type\" content=\"article\" \/>\n<meta property=\"og:title\" content=\"Consumo de refrigerante pode afetar o c\u00e9rebro de forma irrevers\u00edvel, dizem cientistas\" \/>\n<meta property=\"og:description\" content=\"Uma pesquisa da Universidade Yonsei, na Coreia do Sul, aponta que o consumo frequente de bebidas a\u00e7ucaradas, como refrigerantes, est\u00e1 associado a um maior risco de dist\u00farbios cognitivos e dem\u00eancias, incluindo o Alzheimer. O estudo acompanhou mais de 118 mil adultos ao longo de 13 anos e identificou um padr\u00e3o preocupante: pessoas que ingeriam mais [&hellip;]\" \/>\n<meta property=\"og:url\" content=\"https:\/\/crusoe.audiencelabs.com.br\/consumo-de-refrigerante-pode-afetar-o-cerebro-de-forma-irreversivel-dizem-cientistas\/\" \/>\n<meta property=\"og:site_name\" content=\"Variedades - Cruso\u00e9\" \/>\n<meta property=\"article:published_time\" content=\"2026-04-02T13:35:10+00:00\" \/>\n<meta name=\"author\" content=\"Milena Armando\" \/>\n<meta name=\"twitter:card\" content=\"summary_large_image\" \/>\n<meta name=\"twitter:label1\" content=\"Escrito por\" \/>\n\t<meta name=\"twitter:data1\" content=\"Milena Armando\" \/>\n\t<meta name=\"twitter:label2\" content=\"Est. tempo de leitura\" \/>\n\t<meta name=\"twitter:data2\" content=\"3 minutos\" \/>\n<script type=\"application\/ld+json\" class=\"yoast-schema-graph\">{\"@context\":\"https:\/\/schema.org\",\"@graph\":[{\"@type\":\"WebPage\",\"@id\":\"https:\/\/crusoe.audiencelabs.com.br\/consumo-de-refrigerante-pode-afetar-o-cerebro-de-forma-irreversivel-dizem-cientistas\/\",\"url\":\"https:\/\/crusoe.audiencelabs.com.br\/consumo-de-refrigerante-pode-afetar-o-cerebro-de-forma-irreversivel-dizem-cientistas\/\",\"name\":\"Consumo de refrigerante pode afetar o c\u00e9rebro de forma irrevers\u00edvel, dizem cientistas\",\"isPartOf\":{\"@id\":\"https:\/\/crusoe.audiencelabs.com.br\/#website\"},\"primaryImageOfPage\":{\"@id\":\"https:\/\/crusoe.audiencelabs.com.br\/consumo-de-refrigerante-pode-afetar-o-cerebro-de-forma-irreversivel-dizem-cientistas\/#primaryimage\"},\"image\":{\"@id\":\"https:\/\/crusoe.audiencelabs.com.br\/consumo-de-refrigerante-pode-afetar-o-cerebro-de-forma-irreversivel-dizem-cientistas\/#primaryimage\"},\"thumbnailUrl\":\"https:\/\/cdn.crusoe.com.br\/uploads\/2026\/04\/refrigerante-colorido-bebe-tiro-macro_53876-18225.avif\",\"datePublished\":\"2026-04-02T13:35:10+00:00\",\"author\":{\"@id\":\"https:\/\/crusoe.audiencelabs.com.br\/#\/schema\/person\/f87f73cfe89e5360de2c006bd4bd6a74\"},\"breadcrumb\":{\"@id\":\"https:\/\/crusoe.audiencelabs.com.br\/consumo-de-refrigerante-pode-afetar-o-cerebro-de-forma-irreversivel-dizem-cientistas\/#breadcrumb\"},\"inLanguage\":\"pt-BR\",\"potentialAction\":[{\"@type\":\"ReadAction\",\"target\":[\"https:\/\/crusoe.audiencelabs.com.br\/consumo-de-refrigerante-pode-afetar-o-cerebro-de-forma-irreversivel-dizem-cientistas\/\"]}]},{\"@type\":\"ImageObject\",\"inLanguage\":\"pt-BR\",\"@id\":\"https:\/\/crusoe.audiencelabs.com.br\/consumo-de-refrigerante-pode-afetar-o-cerebro-de-forma-irreversivel-dizem-cientistas\/#primaryimage\",\"url\":\"https:\/\/cdn.crusoe.com.br\/uploads\/2026\/04\/refrigerante-colorido-bebe-tiro-macro_53876-18225.avif\",\"contentUrl\":\"https:\/\/cdn.crusoe.com.br\/uploads\/2026\/04\/refrigerante-colorido-bebe-tiro-macro_53876-18225.avif\",\"width\":626,\"height\":417,\"caption\":\"Reprodu\u00e7\u00e3o: Freepik\"},{\"@type\":\"BreadcrumbList\",\"@id\":\"https:\/\/crusoe.audiencelabs.com.br\/consumo-de-refrigerante-pode-afetar-o-cerebro-de-forma-irreversivel-dizem-cientistas\/#breadcrumb\",\"itemListElement\":[{\"@type\":\"ListItem\",\"position\":1,\"name\":\"Home\",\"item\":\"https:\/\/crusoe.audiencelabs.com.br\/\"},{\"@type\":\"ListItem\",\"position\":2,\"name\":\"Consumo de refrigerante pode afetar o c\u00e9rebro de forma irrevers\u00edvel, dizem cientistas\"}]},{\"@type\":\"WebSite\",\"@id\":\"https:\/\/crusoe.audiencelabs.com.br\/#website\",\"url\":\"https:\/\/crusoe.audiencelabs.com.br\/\",\"name\":\"Variedades - Cruso\u00e9\",\"description\":\"\",\"potentialAction\":[{\"@type\":\"SearchAction\",\"target\":{\"@type\":\"EntryPoint\",\"urlTemplate\":\"https:\/\/crusoe.audiencelabs.com.br\/?s={search_term_string}\"},\"query-input\":{\"@type\":\"PropertyValueSpecification\",\"valueRequired\":true,\"valueName\":\"search_term_string\"}}],\"inLanguage\":\"pt-BR\"},{\"@type\":\"Person\",\"@id\":\"https:\/\/crusoe.audiencelabs.com.br\/#\/schema\/person\/f87f73cfe89e5360de2c006bd4bd6a74\",\"name\":\"Milena Armando\",\"image\":{\"@type\":\"ImageObject\",\"inLanguage\":\"pt-BR\",\"@id\":\"https:\/\/crusoe.audiencelabs.com.br\/#\/schema\/person\/image\/\",\"url\":\"https:\/\/secure.gravatar.com\/avatar\/ea14ecddc9e9d202b698b18f9f69e09c9fd74cfbed5c6008d55f11faefdbdab7?s=96&d=mm&r=g\",\"contentUrl\":\"https:\/\/secure.gravatar.com\/avatar\/ea14ecddc9e9d202b698b18f9f69e09c9fd74cfbed5c6008d55f11faefdbdab7?s=96&d=mm&r=g\",\"caption\":\"Milena Armando\"},\"description\":\"Jornalista, redatora e revisora.\",\"url\":\"https:\/\/crusoe.audiencelabs.com.br\/author\/milena\/\"}]}<\/script>\n<!-- \/ Yoast SEO plugin. -->","yoast_head_json":{"title":"Consumo de refrigerante pode afetar o c\u00e9rebro de forma irrevers\u00edvel, dizem cientistas","robots":{"index":"index","follow":"follow","max-snippet":"max-snippet:-1","max-image-preview":"max-image-preview:large","max-video-preview":"max-video-preview:-1"},"canonical":"https:\/\/crusoe.audiencelabs.com.br\/consumo-de-refrigerante-pode-afetar-o-cerebro-de-forma-irreversivel-dizem-cientistas\/","og_locale":"pt_BR","og_type":"article","og_title":"Consumo de refrigerante pode afetar o c\u00e9rebro de forma irrevers\u00edvel, dizem cientistas","og_description":"Uma pesquisa da Universidade Yonsei, na Coreia do Sul, aponta que o consumo frequente de bebidas a\u00e7ucaradas, como refrigerantes, est\u00e1 associado a um maior risco de dist\u00farbios cognitivos e dem\u00eancias, incluindo o Alzheimer. O estudo acompanhou mais de 118 mil adultos ao longo de 13 anos e identificou um padr\u00e3o preocupante: pessoas que ingeriam mais [&hellip;]","og_url":"https:\/\/crusoe.audiencelabs.com.br\/consumo-de-refrigerante-pode-afetar-o-cerebro-de-forma-irreversivel-dizem-cientistas\/","og_site_name":"Variedades - Cruso\u00e9","article_published_time":"2026-04-02T13:35:10+00:00","author":"Milena Armando","twitter_card":"summary_large_image","twitter_misc":{"Escrito por":"Milena Armando","Est. tempo de leitura":"3 minutos"},"schema":{"@context":"https:\/\/schema.org","@graph":[{"@type":"WebPage","@id":"https:\/\/crusoe.audiencelabs.com.br\/consumo-de-refrigerante-pode-afetar-o-cerebro-de-forma-irreversivel-dizem-cientistas\/","url":"https:\/\/crusoe.audiencelabs.com.br\/consumo-de-refrigerante-pode-afetar-o-cerebro-de-forma-irreversivel-dizem-cientistas\/","name":"Consumo de refrigerante pode afetar o c\u00e9rebro de forma irrevers\u00edvel, dizem cientistas","isPartOf":{"@id":"https:\/\/crusoe.audiencelabs.com.br\/#website"},"primaryImageOfPage":{"@id":"https:\/\/crusoe.audiencelabs.com.br\/consumo-de-refrigerante-pode-afetar-o-cerebro-de-forma-irreversivel-dizem-cientistas\/#primaryimage"},"image":{"@id":"https:\/\/crusoe.audiencelabs.com.br\/consumo-de-refrigerante-pode-afetar-o-cerebro-de-forma-irreversivel-dizem-cientistas\/#primaryimage"},"thumbnailUrl":"https:\/\/cdn.crusoe.com.br\/uploads\/2026\/04\/refrigerante-colorido-bebe-tiro-macro_53876-18225.avif","datePublished":"2026-04-02T13:35:10+00:00","author":{"@id":"https:\/\/crusoe.audiencelabs.com.br\/#\/schema\/person\/f87f73cfe89e5360de2c006bd4bd6a74"},"breadcrumb":{"@id":"https:\/\/crusoe.audiencelabs.com.br\/consumo-de-refrigerante-pode-afetar-o-cerebro-de-forma-irreversivel-dizem-cientistas\/#breadcrumb"},"inLanguage":"pt-BR","potentialAction":[{"@type":"ReadAction","target":["https:\/\/crusoe.audiencelabs.com.br\/consumo-de-refrigerante-pode-afetar-o-cerebro-de-forma-irreversivel-dizem-cientistas\/"]}]},{"@type":"ImageObject","inLanguage":"pt-BR","@id":"https:\/\/crusoe.audiencelabs.com.br\/consumo-de-refrigerante-pode-afetar-o-cerebro-de-forma-irreversivel-dizem-cientistas\/#primaryimage","url":"https:\/\/cdn.crusoe.com.br\/uploads\/2026\/04\/refrigerante-colorido-bebe-tiro-macro_53876-18225.avif","contentUrl":"https:\/\/cdn.crusoe.com.br\/uploads\/2026\/04\/refrigerante-colorido-bebe-tiro-macro_53876-18225.avif","width":626,"height":417,"caption":"Reprodu\u00e7\u00e3o: Freepik"},{"@type":"BreadcrumbList","@id":"https:\/\/crusoe.audiencelabs.com.br\/consumo-de-refrigerante-pode-afetar-o-cerebro-de-forma-irreversivel-dizem-cientistas\/#breadcrumb","itemListElement":[{"@type":"ListItem","position":1,"name":"Home","item":"https:\/\/crusoe.audiencelabs.com.br\/"},{"@type":"ListItem","position":2,"name":"Consumo de refrigerante pode afetar o c\u00e9rebro de forma irrevers\u00edvel, dizem cientistas"}]},{"@type":"WebSite","@id":"https:\/\/crusoe.audiencelabs.com.br\/#website","url":"https:\/\/crusoe.audiencelabs.com.br\/","name":"Variedades - Cruso\u00e9","description":"","potentialAction":[{"@type":"SearchAction","target":{"@type":"EntryPoint","urlTemplate":"https:\/\/crusoe.audiencelabs.com.br\/?s={search_term_string}"},"query-input":{"@type":"PropertyValueSpecification","valueRequired":true,"valueName":"search_term_string"}}],"inLanguage":"pt-BR"},{"@type":"Person","@id":"https:\/\/crusoe.audiencelabs.com.br\/#\/schema\/person\/f87f73cfe89e5360de2c006bd4bd6a74","name":"Milena Armando","image":{"@type":"ImageObject","inLanguage":"pt-BR","@id":"https:\/\/crusoe.audiencelabs.com.br\/#\/schema\/person\/image\/","url":"https:\/\/secure.gravatar.com\/avatar\/ea14ecddc9e9d202b698b18f9f69e09c9fd74cfbed5c6008d55f11faefdbdab7?s=96&d=mm&r=g","contentUrl":"https:\/\/secure.gravatar.com\/avatar\/ea14ecddc9e9d202b698b18f9f69e09c9fd74cfbed5c6008d55f11faefdbdab7?s=96&d=mm&r=g","caption":"Milena Armando"},"description":"Jornalista, redatora e revisora.","url":"https:\/\/crusoe.audiencelabs.com.br\/author\/milena\/"}]}},"_links":{"self":[{"href":"https:\/\/crusoe.audiencelabs.com.br\/wp-json\/wp\/v2\/posts\/36174","targetHints":{"allow":["GET"]}}],"collection":[{"href":"https:\/\/crusoe.audiencelabs.com.br\/wp-json\/wp\/v2\/posts"}],"about":[{"href":"https:\/\/crusoe.audiencelabs.com.br\/wp-json\/wp\/v2\/types\/post"}],"author":[{"embeddable":true,"href":"https:\/\/crusoe.audiencelabs.com.br\/wp-json\/wp\/v2\/users\/5"}],"replies":[{"embeddable":true,"href":"https:\/\/crusoe.audiencelabs.com.br\/wp-json\/wp\/v2\/comments?post=36174"}],"version-history":[{"count":3,"href":"https:\/\/crusoe.audiencelabs.com.br\/wp-json\/wp\/v2\/posts\/36174\/revisions"}],"predecessor-version":[{"id":36178,"href":"https:\/\/crusoe.audiencelabs.com.br\/wp-json\/wp\/v2\/posts\/36174\/revisions\/36178"}],"wp:featuredmedia":[{"embeddable":true,"href":"https:\/\/crusoe.audiencelabs.com.br\/wp-json\/wp\/v2\/media\/36175"}],"wp:attachment":[{"href":"https:\/\/crusoe.audiencelabs.com.br\/wp-json\/wp\/v2\/media?parent=36174"}],"wp:term":[{"taxonomy":"category","embeddable":true,"href":"https:\/\/crusoe.audiencelabs.com.br\/wp-json\/wp\/v2\/categories?post=36174"},{"taxonomy":"post_tag","embeddable":true,"href":"https:\/\/crusoe.audiencelabs.com.br\/wp-json\/wp\/v2\/tags?post=36174"}],"curies":[{"name":"wp","href":"https:\/\/api.w.org\/{rel}","templated":true}]}}