{"id":36171,"date":"2026-04-02T10:04:57","date_gmt":"2026-04-02T13:04:57","guid":{"rendered":"https:\/\/crusoe.audiencelabs.com.br\/?p=36171"},"modified":"2026-04-02T07:56:33","modified_gmt":"2026-04-02T10:56:33","slug":"governo-deste-pais-vai-doar-ilhas-de-graca-para-quem-estiver-disposto-a-cuidar-da-natureza","status":"publish","type":"post","link":"https:\/\/crusoe.audiencelabs.com.br\/governo-deste-pais-vai-doar-ilhas-de-graca-para-quem-estiver-disposto-a-cuidar-da-natureza\/","title":{"rendered":"Governo deste pa\u00eds vai doar ilhas de gra\u00e7a para quem estiver disposto a cuidar da natureza"},"content":{"rendered":"<p>Voc\u00ea j\u00e1 sonhou em ter seu pr\u00f3prio terreno? E se esse terreno for uma ilha inteira e estiver fora do Brasil? Isso agora \u00e9 poss\u00edvel devido a uma nova campanha na Su\u00e9cia que est\u00e1 &#8220;doando&#8221; ilhas gratuitamente a pessoas do mundo todo.<\/p>\n<p>Intitulada &#8220;Your Swedish Island&#8221; (Sua Ilha Sueca, em portugu\u00eas), a iniciativa destacou quatro ilhas do pa\u00eds e ir\u00e1 &#8220;do\u00e1-las&#8221; para quatro pessoas que estiverem interessadas. Essas pessoas poder\u00e3o desfrutar da ilha, acampar, chamar amigos e mais, desde que cumpram alguns requisitos.<\/p>\n<h2>Como ter sua pr\u00f3pria ilha su\u00e9ca?<\/h2>\n<p>O programa exige, principalmente, que o novo &#8220;dono&#8221; da ilha cuide e tenha responsabilidade ecol\u00f3gica pela ilha. Ou seja, respeitar a fauna e a flora, n\u00e3o jogar lixo, n\u00e3o deve ferir ou tirar animais da ilha. No geral, deve ter boas pr\u00e1ticas ambientais.<\/p>\n<p>Al\u00e9m disso, a campanha tamb\u00e9m imp\u00f4s as condi\u00e7\u00f5es de que os aplicantes devem ser maiores de 18 anos e n\u00e3o podem ser milion\u00e1rios.<\/p>\n<p>Pessoas que cumprirem essas exig\u00eancias ser\u00e3o eleg\u00edveis para a campanha. De acordo com o comunicado oficial do governo sueco, os interessados que cumpram esses requisitos devem gravar um v\u00eddeo de um minuto explicando por que merecem ter sua pr\u00f3pria ilha at\u00e9 o dia 17 de abril deste ano.<\/p>\n<p>Ap\u00f3s o encerramento das inscri\u00e7\u00f5es, um j\u00fari ir\u00e1 avaliar os v\u00eddeos e anunciar\u00e1 os vencedores com os v\u00eddeos mais criativos.<\/p>\n<h2>Se ganhar, como funciona?<\/h2>\n<p>Os vencedores receber\u00e3o passagens de ida e volta da Su\u00e9cia pagas pelo pr\u00f3prio governo. As passagens s\u00e3o para duas pessoas, ent\u00e3o o ganhador pode levar algu\u00e9m consigo.<\/p>\n<p>No entanto, os ganhadores dever\u00e3o se virar para acessar suas ilhas ap\u00f3s chegar no pa\u00eds n\u00f3rdico, pois nas regras da campanha, essa parte \u00e9 de responsabilidade do vencedor. O nomeado pode utilizar barco, caiaque e outros ve\u00edculos aquavi\u00e1rios. Para os atletas de plant\u00e3o, nadar at\u00e9 a ilha \u00e9 contraindicado.<\/p>\n<h2>O que eu ganho com a ilha?<\/h2>\n<p>Acontece que a ilha n\u00e3o ser\u00e1 propriedade do vencedor permanentemente. O ganhador ser\u00e1 nomeado como respons\u00e1vel oficial da ilha pelo per\u00edodo de um ano. Durante esse per\u00edodo, a pessoa poder\u00e1 desfrutar da ilha \u00e0 vontade desde que respeite seu ecossistema e tenha pr\u00e1ticas sustent\u00e1veis.<\/p>\n<p>Al\u00e9m de poder curtir o sil\u00eancio das pequenas ilhas, o ganhador tamb\u00e9m pode chamar amigos para visit\u00e1-lo, onde poder\u00e3o acampar, festejar (com consci\u00eancia) e mais.<\/p>\n<p>Vale ressaltar ainda que o pa\u00eds tem uma legisla\u00e7\u00e3o que garante livre acesso de moradores \u00e0s \u00e1reas do pa\u00eds, ent\u00e3o outras pessoas (estranhos) poder\u00e3o visitar sua ilha. Ela n\u00e3o ser\u00e1 propriedade privada.<\/p>\n<h2>A campanha<\/h2>\n<p>A campanha vem com uma meta do governo sueco de n\u00e3o apenas mostrar as belezas naturais do pa\u00eds ao mundo, como tamb\u00e9m conscientizar outras pessoas sobre a import\u00e2ncia do cuidado com a natureza.<\/p>\n<p>O pa\u00eds lidera o ranking mundial de ilhas, tendo uma soma superior a 267 mil ilhas, ilhotas e rochedos em seu territ\u00f3rio nacional.\u00a0 De todas essas forma\u00e7\u00f5es, apenas 4 delas ser\u00e3o &#8220;doadas&#8221; na campanha; s\u00e3o elas: Medb\u00e5dan, Storberget, Tjuvholmen e Marsten.<\/p>\n<p>&nbsp;<\/p>\n<p>&nbsp;<\/p>\n","protected":false},"excerpt":{"rendered":"<p>Voc\u00ea j\u00e1 sonhou em ter seu pr\u00f3prio terreno? E se esse terreno for uma ilha inteira e estiver fora do Brasil? Isso agora \u00e9 poss\u00edvel devido a uma nova campanha na Su\u00e9cia que est\u00e1 &#8220;doando&#8221; ilhas gratuitamente a pessoas do mundo todo. Intitulada &#8220;Your Swedish Island&#8221; (Sua Ilha Sueca, em portugu\u00eas), a iniciativa destacou quatro [&hellip;]<\/p>\n","protected":false},"author":15,"featured_media":36172,"comment_status":"open","ping_status":"open","sticky":false,"template":"","format":"standard","meta":{"jnews-multi-image_gallery":[],"jnews_single_post":{"format":"standard","jnews_video_option_group":[[]],"override":[{"template":"2","parallax":"1","fullscreen":"1","layout":"right-sidebar","sidebar":"default-sidebar","second_sidebar":"default-sidebar","sticky_sidebar":"1","share_position":"hide","share_float_style":"share-monocrhome","show_featured":"1","show_post_meta":"1","show_post_author":"1","show_post_date":"1","post_date_format":"default","post_date_format_custom":"Y\/m\/d","show_post_category":"1","show_post_reading_time":"0","post_reading_time_wpm":"300","post_calculate_word_method":"str_word_count","show_zoom_button":"0","zoom_button_out_step":"2","zoom_button_in_step":"3","show_post_tag":"1","show_popup_post":"1","number_popup_post":"1","show_author_box":"1","show_post_related":"0"}],"image_override":[{"single_post_thumbnail_size":"crop-500","single_post_gallery_size":"crop-500"}],"trending_post_position":"meta","trending_post_label":"Trending","sponsored_post_label":"Sponsored by","disable_ad":"0","subtitle":"Interessados devem gravar um v\u00eddeo de at\u00e9 um minuto explicando porque merecem ganhar uma ilha"},"jnews_primary_category":[],"jnews_override_counter":{"view_counter_number":"0","share_counter_number":"0","like_counter_number":"0","dislike_counter_number":"0"},"jnews_post_split":{"post_split":[{"template":"1","tag":"h2","numbering":"asc","mode":"normal","first":"0","enable_toc":"0","toc_type":"normal"}]},"footnotes":""},"categories":[1],"tags":[6911,6726,205,6910,6907,2951,6908,6906,3380,6909],"class_list":["post-36171","post","type-post","status-publish","format-standard","has-post-thumbnail","hentry","category-geral","tag-campanha","tag-ecologia","tag-europa","tag-marsten","tag-medbadan","tag-meio-ambiente","tag-storberget","tag-sua-ilha-sueca","tag-suecia","tag-tjuvholmen"],"yoast_head":"<!-- This site is optimized with the Yoast SEO plugin v25.0 - https:\/\/yoast.com\/wordpress\/plugins\/seo\/ -->\n<title>Governo deste pa\u00eds vai doar ilhas de gra\u00e7a para quem estiver disposto a cuidar da natureza<\/title>\n<meta name=\"robots\" content=\"index, follow, max-snippet:-1, max-image-preview:large, max-video-preview:-1\" \/>\n<link rel=\"canonical\" href=\"https:\/\/crusoe.audiencelabs.com.br\/governo-deste-pais-vai-doar-ilhas-de-graca-para-quem-estiver-disposto-a-cuidar-da-natureza\/\" \/>\n<meta property=\"og:locale\" content=\"pt_BR\" \/>\n<meta property=\"og:type\" content=\"article\" \/>\n<meta property=\"og:title\" content=\"Governo deste pa\u00eds vai doar ilhas de gra\u00e7a para quem estiver disposto a cuidar da natureza\" \/>\n<meta property=\"og:description\" content=\"Voc\u00ea j\u00e1 sonhou em ter seu pr\u00f3prio terreno? E se esse terreno for uma ilha inteira e estiver fora do Brasil? Isso agora \u00e9 poss\u00edvel devido a uma nova campanha na Su\u00e9cia que est\u00e1 &#8220;doando&#8221; ilhas gratuitamente a pessoas do mundo todo. Intitulada &#8220;Your Swedish Island&#8221; (Sua Ilha Sueca, em portugu\u00eas), a iniciativa destacou quatro [&hellip;]\" \/>\n<meta property=\"og:url\" content=\"https:\/\/crusoe.audiencelabs.com.br\/governo-deste-pais-vai-doar-ilhas-de-graca-para-quem-estiver-disposto-a-cuidar-da-natureza\/\" \/>\n<meta property=\"og:site_name\" content=\"Variedades - Cruso\u00e9\" \/>\n<meta property=\"article:published_time\" content=\"2026-04-02T13:04:57+00:00\" \/>\n<meta property=\"og:image\" content=\"https:\/\/cdn.crusoe.com.br\/uploads\/2026\/04\/patrick-federi-iIfnMHyUOhE-unsplash.jpg\" \/>\n\t<meta property=\"og:image:width\" content=\"640\" \/>\n\t<meta property=\"og:image:height\" content=\"426\" \/>\n\t<meta property=\"og:image:type\" content=\"image\/jpeg\" \/>\n<meta name=\"author\" content=\"J\u00falio Nesi\" \/>\n<meta name=\"twitter:card\" content=\"summary_large_image\" \/>\n<meta name=\"twitter:label1\" content=\"Escrito por\" \/>\n\t<meta name=\"twitter:data1\" content=\"J\u00falio Nesi\" \/>\n\t<meta name=\"twitter:label2\" content=\"Est. tempo de leitura\" \/>\n\t<meta name=\"twitter:data2\" content=\"3 minutos\" \/>\n<script type=\"application\/ld+json\" class=\"yoast-schema-graph\">{\"@context\":\"https:\/\/schema.org\",\"@graph\":[{\"@type\":\"WebPage\",\"@id\":\"https:\/\/crusoe.audiencelabs.com.br\/governo-deste-pais-vai-doar-ilhas-de-graca-para-quem-estiver-disposto-a-cuidar-da-natureza\/\",\"url\":\"https:\/\/crusoe.audiencelabs.com.br\/governo-deste-pais-vai-doar-ilhas-de-graca-para-quem-estiver-disposto-a-cuidar-da-natureza\/\",\"name\":\"Governo deste pa\u00eds vai doar ilhas de gra\u00e7a para quem estiver disposto a cuidar da natureza\",\"isPartOf\":{\"@id\":\"https:\/\/crusoe.audiencelabs.com.br\/#website\"},\"primaryImageOfPage\":{\"@id\":\"https:\/\/crusoe.audiencelabs.com.br\/governo-deste-pais-vai-doar-ilhas-de-graca-para-quem-estiver-disposto-a-cuidar-da-natureza\/#primaryimage\"},\"image\":{\"@id\":\"https:\/\/crusoe.audiencelabs.com.br\/governo-deste-pais-vai-doar-ilhas-de-graca-para-quem-estiver-disposto-a-cuidar-da-natureza\/#primaryimage\"},\"thumbnailUrl\":\"https:\/\/cdn.crusoe.com.br\/uploads\/2026\/04\/patrick-federi-iIfnMHyUOhE-unsplash.jpg\",\"datePublished\":\"2026-04-02T13:04:57+00:00\",\"author\":{\"@id\":\"https:\/\/crusoe.audiencelabs.com.br\/#\/schema\/person\/0cca5874eda7d72cef71e77a9a9c2143\"},\"breadcrumb\":{\"@id\":\"https:\/\/crusoe.audiencelabs.com.br\/governo-deste-pais-vai-doar-ilhas-de-graca-para-quem-estiver-disposto-a-cuidar-da-natureza\/#breadcrumb\"},\"inLanguage\":\"pt-BR\",\"potentialAction\":[{\"@type\":\"ReadAction\",\"target\":[\"https:\/\/crusoe.audiencelabs.com.br\/governo-deste-pais-vai-doar-ilhas-de-graca-para-quem-estiver-disposto-a-cuidar-da-natureza\/\"]}]},{\"@type\":\"ImageObject\",\"inLanguage\":\"pt-BR\",\"@id\":\"https:\/\/crusoe.audiencelabs.com.br\/governo-deste-pais-vai-doar-ilhas-de-graca-para-quem-estiver-disposto-a-cuidar-da-natureza\/#primaryimage\",\"url\":\"https:\/\/cdn.crusoe.com.br\/uploads\/2026\/04\/patrick-federi-iIfnMHyUOhE-unsplash.jpg\",\"contentUrl\":\"https:\/\/cdn.crusoe.com.br\/uploads\/2026\/04\/patrick-federi-iIfnMHyUOhE-unsplash.jpg\",\"width\":640,\"height\":426,\"caption\":\"Reprodu\u00e7\u00e3o: Unsplash \/ Patrick Federi\"},{\"@type\":\"BreadcrumbList\",\"@id\":\"https:\/\/crusoe.audiencelabs.com.br\/governo-deste-pais-vai-doar-ilhas-de-graca-para-quem-estiver-disposto-a-cuidar-da-natureza\/#breadcrumb\",\"itemListElement\":[{\"@type\":\"ListItem\",\"position\":1,\"name\":\"Home\",\"item\":\"https:\/\/crusoe.audiencelabs.com.br\/\"},{\"@type\":\"ListItem\",\"position\":2,\"name\":\"Governo deste pa\u00eds vai doar ilhas de gra\u00e7a para quem estiver disposto a cuidar da natureza\"}]},{\"@type\":\"WebSite\",\"@id\":\"https:\/\/crusoe.audiencelabs.com.br\/#website\",\"url\":\"https:\/\/crusoe.audiencelabs.com.br\/\",\"name\":\"Variedades - Cruso\u00e9\",\"description\":\"\",\"potentialAction\":[{\"@type\":\"SearchAction\",\"target\":{\"@type\":\"EntryPoint\",\"urlTemplate\":\"https:\/\/crusoe.audiencelabs.com.br\/?s={search_term_string}\"},\"query-input\":{\"@type\":\"PropertyValueSpecification\",\"valueRequired\":true,\"valueName\":\"search_term_string\"}}],\"inLanguage\":\"pt-BR\"},{\"@type\":\"Person\",\"@id\":\"https:\/\/crusoe.audiencelabs.com.br\/#\/schema\/person\/0cca5874eda7d72cef71e77a9a9c2143\",\"name\":\"J\u00falio Nesi\",\"image\":{\"@type\":\"ImageObject\",\"inLanguage\":\"pt-BR\",\"@id\":\"https:\/\/crusoe.audiencelabs.com.br\/#\/schema\/person\/image\/\",\"url\":\"https:\/\/secure.gravatar.com\/avatar\/c22eb47c3e2320e71637346b980e09f63de9f75742d3335f94a26b83dff70473?s=96&d=mm&r=g\",\"contentUrl\":\"https:\/\/secure.gravatar.com\/avatar\/c22eb47c3e2320e71637346b980e09f63de9f75742d3335f94a26b83dff70473?s=96&d=mm&r=g\",\"caption\":\"J\u00falio Nesi\"},\"description\":\"Jornalista alagoano formado pela UFAL, j\u00e1 atuei em produ\u00e7\u00e3o de conte\u00fado digital para portais, r\u00e1dio e redes sociais.\",\"sameAs\":[\"www.linkedin.com\/in\/j\u00falio-nesi\"],\"url\":\"https:\/\/crusoe.audiencelabs.com.br\/author\/julionesi\/\"}]}<\/script>\n<!-- \/ Yoast SEO plugin. -->","yoast_head_json":{"title":"Governo deste pa\u00eds vai doar ilhas de gra\u00e7a para quem estiver disposto a cuidar da natureza","robots":{"index":"index","follow":"follow","max-snippet":"max-snippet:-1","max-image-preview":"max-image-preview:large","max-video-preview":"max-video-preview:-1"},"canonical":"https:\/\/crusoe.audiencelabs.com.br\/governo-deste-pais-vai-doar-ilhas-de-graca-para-quem-estiver-disposto-a-cuidar-da-natureza\/","og_locale":"pt_BR","og_type":"article","og_title":"Governo deste pa\u00eds vai doar ilhas de gra\u00e7a para quem estiver disposto a cuidar da natureza","og_description":"Voc\u00ea j\u00e1 sonhou em ter seu pr\u00f3prio terreno? E se esse terreno for uma ilha inteira e estiver fora do Brasil? Isso agora \u00e9 poss\u00edvel devido a uma nova campanha na Su\u00e9cia que est\u00e1 &#8220;doando&#8221; ilhas gratuitamente a pessoas do mundo todo. Intitulada &#8220;Your Swedish Island&#8221; (Sua Ilha Sueca, em portugu\u00eas), a iniciativa destacou quatro [&hellip;]","og_url":"https:\/\/crusoe.audiencelabs.com.br\/governo-deste-pais-vai-doar-ilhas-de-graca-para-quem-estiver-disposto-a-cuidar-da-natureza\/","og_site_name":"Variedades - Cruso\u00e9","article_published_time":"2026-04-02T13:04:57+00:00","og_image":[{"width":640,"height":426,"url":"https:\/\/cdn.crusoe.com.br\/uploads\/2026\/04\/patrick-federi-iIfnMHyUOhE-unsplash.jpg","type":"image\/jpeg"}],"author":"J\u00falio Nesi","twitter_card":"summary_large_image","twitter_misc":{"Escrito por":"J\u00falio Nesi","Est. tempo de leitura":"3 minutos"},"schema":{"@context":"https:\/\/schema.org","@graph":[{"@type":"WebPage","@id":"https:\/\/crusoe.audiencelabs.com.br\/governo-deste-pais-vai-doar-ilhas-de-graca-para-quem-estiver-disposto-a-cuidar-da-natureza\/","url":"https:\/\/crusoe.audiencelabs.com.br\/governo-deste-pais-vai-doar-ilhas-de-graca-para-quem-estiver-disposto-a-cuidar-da-natureza\/","name":"Governo deste pa\u00eds vai doar ilhas de gra\u00e7a para quem estiver disposto a cuidar da natureza","isPartOf":{"@id":"https:\/\/crusoe.audiencelabs.com.br\/#website"},"primaryImageOfPage":{"@id":"https:\/\/crusoe.audiencelabs.com.br\/governo-deste-pais-vai-doar-ilhas-de-graca-para-quem-estiver-disposto-a-cuidar-da-natureza\/#primaryimage"},"image":{"@id":"https:\/\/crusoe.audiencelabs.com.br\/governo-deste-pais-vai-doar-ilhas-de-graca-para-quem-estiver-disposto-a-cuidar-da-natureza\/#primaryimage"},"thumbnailUrl":"https:\/\/cdn.crusoe.com.br\/uploads\/2026\/04\/patrick-federi-iIfnMHyUOhE-unsplash.jpg","datePublished":"2026-04-02T13:04:57+00:00","author":{"@id":"https:\/\/crusoe.audiencelabs.com.br\/#\/schema\/person\/0cca5874eda7d72cef71e77a9a9c2143"},"breadcrumb":{"@id":"https:\/\/crusoe.audiencelabs.com.br\/governo-deste-pais-vai-doar-ilhas-de-graca-para-quem-estiver-disposto-a-cuidar-da-natureza\/#breadcrumb"},"inLanguage":"pt-BR","potentialAction":[{"@type":"ReadAction","target":["https:\/\/crusoe.audiencelabs.com.br\/governo-deste-pais-vai-doar-ilhas-de-graca-para-quem-estiver-disposto-a-cuidar-da-natureza\/"]}]},{"@type":"ImageObject","inLanguage":"pt-BR","@id":"https:\/\/crusoe.audiencelabs.com.br\/governo-deste-pais-vai-doar-ilhas-de-graca-para-quem-estiver-disposto-a-cuidar-da-natureza\/#primaryimage","url":"https:\/\/cdn.crusoe.com.br\/uploads\/2026\/04\/patrick-federi-iIfnMHyUOhE-unsplash.jpg","contentUrl":"https:\/\/cdn.crusoe.com.br\/uploads\/2026\/04\/patrick-federi-iIfnMHyUOhE-unsplash.jpg","width":640,"height":426,"caption":"Reprodu\u00e7\u00e3o: Unsplash \/ Patrick Federi"},{"@type":"BreadcrumbList","@id":"https:\/\/crusoe.audiencelabs.com.br\/governo-deste-pais-vai-doar-ilhas-de-graca-para-quem-estiver-disposto-a-cuidar-da-natureza\/#breadcrumb","itemListElement":[{"@type":"ListItem","position":1,"name":"Home","item":"https:\/\/crusoe.audiencelabs.com.br\/"},{"@type":"ListItem","position":2,"name":"Governo deste pa\u00eds vai doar ilhas de gra\u00e7a para quem estiver disposto a cuidar da natureza"}]},{"@type":"WebSite","@id":"https:\/\/crusoe.audiencelabs.com.br\/#website","url":"https:\/\/crusoe.audiencelabs.com.br\/","name":"Variedades - Cruso\u00e9","description":"","potentialAction":[{"@type":"SearchAction","target":{"@type":"EntryPoint","urlTemplate":"https:\/\/crusoe.audiencelabs.com.br\/?s={search_term_string}"},"query-input":{"@type":"PropertyValueSpecification","valueRequired":true,"valueName":"search_term_string"}}],"inLanguage":"pt-BR"},{"@type":"Person","@id":"https:\/\/crusoe.audiencelabs.com.br\/#\/schema\/person\/0cca5874eda7d72cef71e77a9a9c2143","name":"J\u00falio Nesi","image":{"@type":"ImageObject","inLanguage":"pt-BR","@id":"https:\/\/crusoe.audiencelabs.com.br\/#\/schema\/person\/image\/","url":"https:\/\/secure.gravatar.com\/avatar\/c22eb47c3e2320e71637346b980e09f63de9f75742d3335f94a26b83dff70473?s=96&d=mm&r=g","contentUrl":"https:\/\/secure.gravatar.com\/avatar\/c22eb47c3e2320e71637346b980e09f63de9f75742d3335f94a26b83dff70473?s=96&d=mm&r=g","caption":"J\u00falio Nesi"},"description":"Jornalista alagoano formado pela UFAL, j\u00e1 atuei em produ\u00e7\u00e3o de conte\u00fado digital para portais, r\u00e1dio e redes sociais.","sameAs":["www.linkedin.com\/in\/j\u00falio-nesi"],"url":"https:\/\/crusoe.audiencelabs.com.br\/author\/julionesi\/"}]}},"_links":{"self":[{"href":"https:\/\/crusoe.audiencelabs.com.br\/wp-json\/wp\/v2\/posts\/36171","targetHints":{"allow":["GET"]}}],"collection":[{"href":"https:\/\/crusoe.audiencelabs.com.br\/wp-json\/wp\/v2\/posts"}],"about":[{"href":"https:\/\/crusoe.audiencelabs.com.br\/wp-json\/wp\/v2\/types\/post"}],"author":[{"embeddable":true,"href":"https:\/\/crusoe.audiencelabs.com.br\/wp-json\/wp\/v2\/users\/15"}],"replies":[{"embeddable":true,"href":"https:\/\/crusoe.audiencelabs.com.br\/wp-json\/wp\/v2\/comments?post=36171"}],"version-history":[{"count":1,"href":"https:\/\/crusoe.audiencelabs.com.br\/wp-json\/wp\/v2\/posts\/36171\/revisions"}],"predecessor-version":[{"id":36197,"href":"https:\/\/crusoe.audiencelabs.com.br\/wp-json\/wp\/v2\/posts\/36171\/revisions\/36197"}],"wp:featuredmedia":[{"embeddable":true,"href":"https:\/\/crusoe.audiencelabs.com.br\/wp-json\/wp\/v2\/media\/36172"}],"wp:attachment":[{"href":"https:\/\/crusoe.audiencelabs.com.br\/wp-json\/wp\/v2\/media?parent=36171"}],"wp:term":[{"taxonomy":"category","embeddable":true,"href":"https:\/\/crusoe.audiencelabs.com.br\/wp-json\/wp\/v2\/categories?post=36171"},{"taxonomy":"post_tag","embeddable":true,"href":"https:\/\/crusoe.audiencelabs.com.br\/wp-json\/wp\/v2\/tags?post=36171"}],"curies":[{"name":"wp","href":"https:\/\/api.w.org\/{rel}","templated":true}]}}